{"id":14973,"date":"2024-07-10T22:27:55","date_gmt":"2024-07-11T01:27:55","guid":{"rendered":"https:\/\/brasilnoticias.org\/site\/?p=14973"},"modified":"2024-07-10T22:27:55","modified_gmt":"2024-07-11T01:27:55","slug":"votacao-da-pec-que-muda-regime-juridico-do-banco-central-e-adiada-novamente","status":"publish","type":"post","link":"https:\/\/brasilnoticias.org\/site\/votacao-da-pec-que-muda-regime-juridico-do-banco-central-e-adiada-novamente\/","title":{"rendered":"Vota\u00e7\u00e3o da PEC que muda regime jur\u00eddico do Banco Central \u00e9 adiada novamente"},"content":{"rendered":"<p>Presidente da comiss\u00e3o, o senador Davi Alcolumbre (Uni\u00e3o-AP) anuncia acordo para adiamento da vota\u00e7\u00e3o da PEC do BC<\/p>\n<p>A vota\u00e7\u00e3o da Proposta de Emenda \u00e0 Constitui\u00e7\u00e3o (PEC) que muda o regime jur\u00eddico do Banco Central (BC) foi novamente adiada. O texto da PEC 65\/2023 deve voltar \u00e0 pauta do colegiado na pr\u00f3xima semana. O acordo para adiamento foi anunciado, nesta quarta-feira (10), pelo presidente da comiss\u00e3o, senador Davi Alcolumbre (Uni\u00e3o-AP), que se comprometeu a pautar o assunto primeiro, em uma reuni\u00e3o semipresencial com apenas dois itens, na pr\u00f3xima quarta-feira (17).<\/p>\n<p>A proposta \u00e9 de autoria do senador Vanderlan Cardoso (PSD-GO), e teve parecer favor\u00e1vel do senador Pl\u00ednio Val\u00e9rio (PSDB-AM) apresentado na semana passada (3). Caso seja aprovado, o texto seguir\u00e1 para o plen\u00e1rio da Casa. O l\u00edder do governo no Senado, Jaques Wagner (PT-BA), disse que junto a oposi\u00e7\u00e3o concordam com a autonomia do BC, mas discordam de como seria feito. O senador esteve nesta quarta-feira com o ministro da Fazenda, Fernando Haddad.<\/p>\n<p>Wagner pediu prazo para se reunir com o autor da proposta e com o relator antes da vota\u00e7\u00e3o. O encontro seria para pacificar pontos em discuss\u00e3o, como o surgimento do funcion\u00e1rio \u201cceletista est\u00e1vel\u201d, uma \u201cfigura ex\u00f3tica\u201d, segundo o senador. A ideia seria construir um texto \u201cque atenda ao central da proposta da autonomia financeira e administrativa, mas n\u00e3o com a transforma\u00e7\u00e3o do BC em empresa\u201d, afirmou ainda.<\/p>\n<p>O principal ponto da PEC 65 \u00e9 a desvincula\u00e7\u00e3o do or\u00e7amento do BC dos repasses da Uni\u00e3o, o que transformaria a autarquia em uma empresa p\u00fablica. Dessa forma, o BC passaria a utilizar as pr\u00f3prias receitas para seu funcionamento, com capacidade para elaborar, aprovar e executar seu pr\u00f3prio or\u00e7amento, sem v\u00ednculo com o governo. O parecer aprovado na CCJ tamb\u00e9m prop\u00f5e limites para despesas or\u00e7ament\u00e1rias \u2013 incluindo gastos com servidores, que ter\u00e3o reajustes salariais limitados \u00e0 infla\u00e7\u00e3o. Para que um reajuste acima da infla\u00e7\u00e3o seja autorizado, ser\u00e1 necess\u00e1ria autoriza\u00e7\u00e3o do Senado.<\/p>\n<p>Foto: Edilson Rodrigues\/Ag\u00eancia Senado<br \/>\nPor: Metro1 <\/p>\n","protected":false},"excerpt":{"rendered":"<p>Presidente da comiss\u00e3o, o senador Davi Alcolumbre (Uni\u00e3o-AP) anuncia acordo para adiamento da vota\u00e7\u00e3o da PEC do BC A vota\u00e7\u00e3o<\/p>\n","protected":false},"author":4,"featured_media":14974,"comment_status":"open","ping_status":"open","sticky":false,"template":"","format":"standard","meta":{"colormag_page_container_layout":"default_layout","colormag_page_sidebar_layout":"default_layout","_FSMCFIC_featured_image_caption":"","_FSMCFIC_featured_image_nocaption":"","_FSMCFIC_featured_image_hide":"","footnotes":""},"categories":[5,1],"tags":[],"class_list":["post-14973","post","type-post","status-publish","format-standard","has-post-thumbnail","hentry","category-politica","category-ultimas"],"yoast_head":"<!-- This site is optimized with the Yoast SEO plugin v27.1.1 - https:\/\/yoast.com\/product\/yoast-seo-wordpress\/ -->\n<title>Vota\u00e7\u00e3o da PEC que muda regime jur\u00eddico do Banco Central \u00e9 adiada novamente - Brasil not\u00edcias<\/title>\n<meta name=\"robots\" content=\"index, follow, max-snippet:-1, max-image-preview:large, max-video-preview:-1\" \/>\n<link rel=\"canonical\" href=\"https:\/\/brasilnoticias.org\/site\/votacao-da-pec-que-muda-regime-juridico-do-banco-central-e-adiada-novamente\/\" \/>\n<meta property=\"og:locale\" content=\"pt_PT\" \/>\n<meta property=\"og:type\" content=\"article\" \/>\n<meta property=\"og:title\" content=\"Vota\u00e7\u00e3o da PEC que muda regime jur\u00eddico do Banco Central \u00e9 adiada novamente - Brasil not\u00edcias\" \/>\n<meta property=\"og:description\" content=\"Presidente da comiss\u00e3o, o senador Davi Alcolumbre (Uni\u00e3o-AP) anuncia acordo para adiamento da vota\u00e7\u00e3o da PEC do BC A vota\u00e7\u00e3o\" \/>\n<meta property=\"og:url\" content=\"https:\/\/brasilnoticias.org\/site\/votacao-da-pec-que-muda-regime-juridico-do-banco-central-e-adiada-novamente\/\" \/>\n<meta property=\"og:site_name\" content=\"Brasil not\u00edcias\" \/>\n<meta property=\"article:published_time\" content=\"2024-07-11T01:27:55+00:00\" \/>\n<meta property=\"og:image\" content=\"https:\/\/brasilnoticias.org\/site\/wp-content\/uploads\/2024\/07\/152644votacao-da-pec-que-muda-regime-juridico-do-banco-central-e-adiada-novamente-3.jpg\" \/>\n\t<meta property=\"og:image:width\" content=\"1600\" \/>\n\t<meta property=\"og:image:height\" content=\"752\" \/>\n\t<meta property=\"og:image:type\" content=\"image\/jpeg\" \/>\n<meta name=\"author\" content=\"Reda\u00e7\u00e3o\" \/>\n<meta name=\"twitter:card\" content=\"summary_large_image\" \/>\n<meta name=\"twitter:label1\" content=\"Escrito por\" \/>\n\t<meta name=\"twitter:data1\" content=\"Reda\u00e7\u00e3o\" \/>\n<script type=\"application\/ld+json\" class=\"yoast-schema-graph\">{\"@context\":\"https:\/\/schema.org\",\"@graph\":[{\"@type\":\"Article\",\"@id\":\"https:\/\/brasilnoticias.org\/site\/votacao-da-pec-que-muda-regime-juridico-do-banco-central-e-adiada-novamente\/#article\",\"isPartOf\":{\"@id\":\"https:\/\/brasilnoticias.org\/site\/votacao-da-pec-que-muda-regime-juridico-do-banco-central-e-adiada-novamente\/\"},\"author\":{\"name\":\"Reda\u00e7\u00e3o\",\"@id\":\"https:\/\/brasilnoticias.org\/site\/#\/schema\/person\/03bbbfe6c7634ad18c26444ea39049fa\"},\"headline\":\"Vota\u00e7\u00e3o da PEC que muda regime jur\u00eddico do Banco Central \u00e9 adiada novamente\",\"datePublished\":\"2024-07-11T01:27:55+00:00\",\"mainEntityOfPage\":{\"@id\":\"https:\/\/brasilnoticias.org\/site\/votacao-da-pec-que-muda-regime-juridico-do-banco-central-e-adiada-novamente\/\"},\"wordCount\":373,\"commentCount\":0,\"publisher\":{\"@id\":\"https:\/\/brasilnoticias.org\/site\/#organization\"},\"image\":{\"@id\":\"https:\/\/brasilnoticias.org\/site\/votacao-da-pec-que-muda-regime-juridico-do-banco-central-e-adiada-novamente\/#primaryimage\"},\"thumbnailUrl\":\"https:\/\/brasilnoticias.org\/site\/wp-content\/uploads\/2024\/07\/152644votacao-da-pec-que-muda-regime-juridico-do-banco-central-e-adiada-novamente-3.jpg\",\"articleSection\":[\"Pol\u00edtica\",\"\u00daltimas\"],\"inLanguage\":\"pt-PT\",\"potentialAction\":[{\"@type\":\"CommentAction\",\"name\":\"Comment\",\"target\":[\"https:\/\/brasilnoticias.org\/site\/votacao-da-pec-que-muda-regime-juridico-do-banco-central-e-adiada-novamente\/#respond\"]}]},{\"@type\":\"WebPage\",\"@id\":\"https:\/\/brasilnoticias.org\/site\/votacao-da-pec-que-muda-regime-juridico-do-banco-central-e-adiada-novamente\/\",\"url\":\"https:\/\/brasilnoticias.org\/site\/votacao-da-pec-que-muda-regime-juridico-do-banco-central-e-adiada-novamente\/\",\"name\":\"Vota\u00e7\u00e3o da PEC que muda regime jur\u00eddico do Banco Central \u00e9 adiada novamente - Brasil not\u00edcias\",\"isPartOf\":{\"@id\":\"https:\/\/brasilnoticias.org\/site\/#website\"},\"primaryImageOfPage\":{\"@id\":\"https:\/\/brasilnoticias.org\/site\/votacao-da-pec-que-muda-regime-juridico-do-banco-central-e-adiada-novamente\/#primaryimage\"},\"image\":{\"@id\":\"https:\/\/brasilnoticias.org\/site\/votacao-da-pec-que-muda-regime-juridico-do-banco-central-e-adiada-novamente\/#primaryimage\"},\"thumbnailUrl\":\"https:\/\/brasilnoticias.org\/site\/wp-content\/uploads\/2024\/07\/152644votacao-da-pec-que-muda-regime-juridico-do-banco-central-e-adiada-novamente-3.jpg\",\"datePublished\":\"2024-07-11T01:27:55+00:00\",\"breadcrumb\":{\"@id\":\"https:\/\/brasilnoticias.org\/site\/votacao-da-pec-que-muda-regime-juridico-do-banco-central-e-adiada-novamente\/#breadcrumb\"},\"inLanguage\":\"pt-PT\",\"potentialAction\":[{\"@type\":\"ReadAction\",\"target\":[\"https:\/\/brasilnoticias.org\/site\/votacao-da-pec-que-muda-regime-juridico-do-banco-central-e-adiada-novamente\/\"]}]},{\"@type\":\"ImageObject\",\"inLanguage\":\"pt-PT\",\"@id\":\"https:\/\/brasilnoticias.org\/site\/votacao-da-pec-que-muda-regime-juridico-do-banco-central-e-adiada-novamente\/#primaryimage\",\"url\":\"https:\/\/brasilnoticias.org\/site\/wp-content\/uploads\/2024\/07\/152644votacao-da-pec-que-muda-regime-juridico-do-banco-central-e-adiada-novamente-3.jpg\",\"contentUrl\":\"https:\/\/brasilnoticias.org\/site\/wp-content\/uploads\/2024\/07\/152644votacao-da-pec-que-muda-regime-juridico-do-banco-central-e-adiada-novamente-3.jpg\",\"width\":1600,\"height\":752},{\"@type\":\"BreadcrumbList\",\"@id\":\"https:\/\/brasilnoticias.org\/site\/votacao-da-pec-que-muda-regime-juridico-do-banco-central-e-adiada-novamente\/#breadcrumb\",\"itemListElement\":[{\"@type\":\"ListItem\",\"position\":1,\"name\":\"In\u00edcio\",\"item\":\"https:\/\/brasilnoticias.org\/site\/\"},{\"@type\":\"ListItem\",\"position\":2,\"name\":\"Vota\u00e7\u00e3o da PEC que muda regime jur\u00eddico do Banco Central \u00e9 adiada novamente\"}]},{\"@type\":\"WebSite\",\"@id\":\"https:\/\/brasilnoticias.org\/site\/#website\",\"url\":\"https:\/\/brasilnoticias.org\/site\/\",\"name\":\"Brasil not\u00edcias\",\"description\":\"Brasil not\u00edcias\",\"publisher\":{\"@id\":\"https:\/\/brasilnoticias.org\/site\/#organization\"},\"potentialAction\":[{\"@type\":\"SearchAction\",\"target\":{\"@type\":\"EntryPoint\",\"urlTemplate\":\"https:\/\/brasilnoticias.org\/site\/?s={search_term_string}\"},\"query-input\":{\"@type\":\"PropertyValueSpecification\",\"valueRequired\":true,\"valueName\":\"search_term_string\"}}],\"inLanguage\":\"pt-PT\"},{\"@type\":\"Organization\",\"@id\":\"https:\/\/brasilnoticias.org\/site\/#organization\",\"name\":\"Brasil not\u00edcias\",\"url\":\"https:\/\/brasilnoticias.org\/site\/\",\"logo\":{\"@type\":\"ImageObject\",\"inLanguage\":\"pt-PT\",\"@id\":\"https:\/\/brasilnoticias.org\/site\/#\/schema\/logo\/image\/\",\"url\":\"https:\/\/brasilnoticias.org\/site\/wp-content\/uploads\/2022\/05\/cropped-brasilnoticias-mini.jpg\",\"contentUrl\":\"https:\/\/brasilnoticias.org\/site\/wp-content\/uploads\/2022\/05\/cropped-brasilnoticias-mini.jpg\",\"width\":314,\"height\":86,\"caption\":\"Brasil not\u00edcias\"},\"image\":{\"@id\":\"https:\/\/brasilnoticias.org\/site\/#\/schema\/logo\/image\/\"}},{\"@type\":\"Person\",\"@id\":\"https:\/\/brasilnoticias.org\/site\/#\/schema\/person\/03bbbfe6c7634ad18c26444ea39049fa\",\"name\":\"Reda\u00e7\u00e3o\",\"image\":{\"@type\":\"ImageObject\",\"inLanguage\":\"pt-PT\",\"@id\":\"https:\/\/brasilnoticias.org\/site\/#\/schema\/person\/image\/\",\"url\":\"https:\/\/secure.gravatar.com\/avatar\/9ecaf7327a696cb23ad926fedded5f1f04d7049de9e445375d55b48c001a6e42?s=96&d=mm&r=g\",\"contentUrl\":\"https:\/\/secure.gravatar.com\/avatar\/9ecaf7327a696cb23ad926fedded5f1f04d7049de9e445375d55b48c001a6e42?s=96&d=mm&r=g\",\"caption\":\"Reda\u00e7\u00e3o\"},\"url\":\"https:\/\/brasilnoticias.org\/site\/author\/henrique\/\"}]}<\/script>\n<!-- \/ Yoast SEO plugin. -->","yoast_head_json":{"title":"Vota\u00e7\u00e3o da PEC que muda regime jur\u00eddico do Banco Central \u00e9 adiada novamente - Brasil not\u00edcias","robots":{"index":"index","follow":"follow","max-snippet":"max-snippet:-1","max-image-preview":"max-image-preview:large","max-video-preview":"max-video-preview:-1"},"canonical":"https:\/\/brasilnoticias.org\/site\/votacao-da-pec-que-muda-regime-juridico-do-banco-central-e-adiada-novamente\/","og_locale":"pt_PT","og_type":"article","og_title":"Vota\u00e7\u00e3o da PEC que muda regime jur\u00eddico do Banco Central \u00e9 adiada novamente - Brasil not\u00edcias","og_description":"Presidente da comiss\u00e3o, o senador Davi Alcolumbre (Uni\u00e3o-AP) anuncia acordo para adiamento da vota\u00e7\u00e3o da PEC do BC A vota\u00e7\u00e3o","og_url":"https:\/\/brasilnoticias.org\/site\/votacao-da-pec-que-muda-regime-juridico-do-banco-central-e-adiada-novamente\/","og_site_name":"Brasil not\u00edcias","article_published_time":"2024-07-11T01:27:55+00:00","og_image":[{"width":1600,"height":752,"url":"https:\/\/brasilnoticias.org\/site\/wp-content\/uploads\/2024\/07\/152644votacao-da-pec-que-muda-regime-juridico-do-banco-central-e-adiada-novamente-3.jpg","type":"image\/jpeg"}],"author":"Reda\u00e7\u00e3o","twitter_card":"summary_large_image","twitter_misc":{"Escrito por":"Reda\u00e7\u00e3o"},"schema":{"@context":"https:\/\/schema.org","@graph":[{"@type":"Article","@id":"https:\/\/brasilnoticias.org\/site\/votacao-da-pec-que-muda-regime-juridico-do-banco-central-e-adiada-novamente\/#article","isPartOf":{"@id":"https:\/\/brasilnoticias.org\/site\/votacao-da-pec-que-muda-regime-juridico-do-banco-central-e-adiada-novamente\/"},"author":{"name":"Reda\u00e7\u00e3o","@id":"https:\/\/brasilnoticias.org\/site\/#\/schema\/person\/03bbbfe6c7634ad18c26444ea39049fa"},"headline":"Vota\u00e7\u00e3o da PEC que muda regime jur\u00eddico do Banco Central \u00e9 adiada novamente","datePublished":"2024-07-11T01:27:55+00:00","mainEntityOfPage":{"@id":"https:\/\/brasilnoticias.org\/site\/votacao-da-pec-que-muda-regime-juridico-do-banco-central-e-adiada-novamente\/"},"wordCount":373,"commentCount":0,"publisher":{"@id":"https:\/\/brasilnoticias.org\/site\/#organization"},"image":{"@id":"https:\/\/brasilnoticias.org\/site\/votacao-da-pec-que-muda-regime-juridico-do-banco-central-e-adiada-novamente\/#primaryimage"},"thumbnailUrl":"https:\/\/brasilnoticias.org\/site\/wp-content\/uploads\/2024\/07\/152644votacao-da-pec-que-muda-regime-juridico-do-banco-central-e-adiada-novamente-3.jpg","articleSection":["Pol\u00edtica","\u00daltimas"],"inLanguage":"pt-PT","potentialAction":[{"@type":"CommentAction","name":"Comment","target":["https:\/\/brasilnoticias.org\/site\/votacao-da-pec-que-muda-regime-juridico-do-banco-central-e-adiada-novamente\/#respond"]}]},{"@type":"WebPage","@id":"https:\/\/brasilnoticias.org\/site\/votacao-da-pec-que-muda-regime-juridico-do-banco-central-e-adiada-novamente\/","url":"https:\/\/brasilnoticias.org\/site\/votacao-da-pec-que-muda-regime-juridico-do-banco-central-e-adiada-novamente\/","name":"Vota\u00e7\u00e3o da PEC que muda regime jur\u00eddico do Banco Central \u00e9 adiada novamente - Brasil not\u00edcias","isPartOf":{"@id":"https:\/\/brasilnoticias.org\/site\/#website"},"primaryImageOfPage":{"@id":"https:\/\/brasilnoticias.org\/site\/votacao-da-pec-que-muda-regime-juridico-do-banco-central-e-adiada-novamente\/#primaryimage"},"image":{"@id":"https:\/\/brasilnoticias.org\/site\/votacao-da-pec-que-muda-regime-juridico-do-banco-central-e-adiada-novamente\/#primaryimage"},"thumbnailUrl":"https:\/\/brasilnoticias.org\/site\/wp-content\/uploads\/2024\/07\/152644votacao-da-pec-que-muda-regime-juridico-do-banco-central-e-adiada-novamente-3.jpg","datePublished":"2024-07-11T01:27:55+00:00","breadcrumb":{"@id":"https:\/\/brasilnoticias.org\/site\/votacao-da-pec-que-muda-regime-juridico-do-banco-central-e-adiada-novamente\/#breadcrumb"},"inLanguage":"pt-PT","potentialAction":[{"@type":"ReadAction","target":["https:\/\/brasilnoticias.org\/site\/votacao-da-pec-que-muda-regime-juridico-do-banco-central-e-adiada-novamente\/"]}]},{"@type":"ImageObject","inLanguage":"pt-PT","@id":"https:\/\/brasilnoticias.org\/site\/votacao-da-pec-que-muda-regime-juridico-do-banco-central-e-adiada-novamente\/#primaryimage","url":"https:\/\/brasilnoticias.org\/site\/wp-content\/uploads\/2024\/07\/152644votacao-da-pec-que-muda-regime-juridico-do-banco-central-e-adiada-novamente-3.jpg","contentUrl":"https:\/\/brasilnoticias.org\/site\/wp-content\/uploads\/2024\/07\/152644votacao-da-pec-que-muda-regime-juridico-do-banco-central-e-adiada-novamente-3.jpg","width":1600,"height":752},{"@type":"BreadcrumbList","@id":"https:\/\/brasilnoticias.org\/site\/votacao-da-pec-que-muda-regime-juridico-do-banco-central-e-adiada-novamente\/#breadcrumb","itemListElement":[{"@type":"ListItem","position":1,"name":"In\u00edcio","item":"https:\/\/brasilnoticias.org\/site\/"},{"@type":"ListItem","position":2,"name":"Vota\u00e7\u00e3o da PEC que muda regime jur\u00eddico do Banco Central \u00e9 adiada novamente"}]},{"@type":"WebSite","@id":"https:\/\/brasilnoticias.org\/site\/#website","url":"https:\/\/brasilnoticias.org\/site\/","name":"Brasil not\u00edcias","description":"Brasil not\u00edcias","publisher":{"@id":"https:\/\/brasilnoticias.org\/site\/#organization"},"potentialAction":[{"@type":"SearchAction","target":{"@type":"EntryPoint","urlTemplate":"https:\/\/brasilnoticias.org\/site\/?s={search_term_string}"},"query-input":{"@type":"PropertyValueSpecification","valueRequired":true,"valueName":"search_term_string"}}],"inLanguage":"pt-PT"},{"@type":"Organization","@id":"https:\/\/brasilnoticias.org\/site\/#organization","name":"Brasil not\u00edcias","url":"https:\/\/brasilnoticias.org\/site\/","logo":{"@type":"ImageObject","inLanguage":"pt-PT","@id":"https:\/\/brasilnoticias.org\/site\/#\/schema\/logo\/image\/","url":"https:\/\/brasilnoticias.org\/site\/wp-content\/uploads\/2022\/05\/cropped-brasilnoticias-mini.jpg","contentUrl":"https:\/\/brasilnoticias.org\/site\/wp-content\/uploads\/2022\/05\/cropped-brasilnoticias-mini.jpg","width":314,"height":86,"caption":"Brasil not\u00edcias"},"image":{"@id":"https:\/\/brasilnoticias.org\/site\/#\/schema\/logo\/image\/"}},{"@type":"Person","@id":"https:\/\/brasilnoticias.org\/site\/#\/schema\/person\/03bbbfe6c7634ad18c26444ea39049fa","name":"Reda\u00e7\u00e3o","image":{"@type":"ImageObject","inLanguage":"pt-PT","@id":"https:\/\/brasilnoticias.org\/site\/#\/schema\/person\/image\/","url":"https:\/\/secure.gravatar.com\/avatar\/9ecaf7327a696cb23ad926fedded5f1f04d7049de9e445375d55b48c001a6e42?s=96&d=mm&r=g","contentUrl":"https:\/\/secure.gravatar.com\/avatar\/9ecaf7327a696cb23ad926fedded5f1f04d7049de9e445375d55b48c001a6e42?s=96&d=mm&r=g","caption":"Reda\u00e7\u00e3o"},"url":"https:\/\/brasilnoticias.org\/site\/author\/henrique\/"}]}},"_links":{"self":[{"href":"https:\/\/brasilnoticias.org\/site\/wp-json\/wp\/v2\/posts\/14973","targetHints":{"allow":["GET"]}}],"collection":[{"href":"https:\/\/brasilnoticias.org\/site\/wp-json\/wp\/v2\/posts"}],"about":[{"href":"https:\/\/brasilnoticias.org\/site\/wp-json\/wp\/v2\/types\/post"}],"author":[{"embeddable":true,"href":"https:\/\/brasilnoticias.org\/site\/wp-json\/wp\/v2\/users\/4"}],"replies":[{"embeddable":true,"href":"https:\/\/brasilnoticias.org\/site\/wp-json\/wp\/v2\/comments?post=14973"}],"version-history":[{"count":1,"href":"https:\/\/brasilnoticias.org\/site\/wp-json\/wp\/v2\/posts\/14973\/revisions"}],"predecessor-version":[{"id":14975,"href":"https:\/\/brasilnoticias.org\/site\/wp-json\/wp\/v2\/posts\/14973\/revisions\/14975"}],"wp:featuredmedia":[{"embeddable":true,"href":"https:\/\/brasilnoticias.org\/site\/wp-json\/wp\/v2\/media\/14974"}],"wp:attachment":[{"href":"https:\/\/brasilnoticias.org\/site\/wp-json\/wp\/v2\/media?parent=14973"}],"wp:term":[{"taxonomy":"category","embeddable":true,"href":"https:\/\/brasilnoticias.org\/site\/wp-json\/wp\/v2\/categories?post=14973"},{"taxonomy":"post_tag","embeddable":true,"href":"https:\/\/brasilnoticias.org\/site\/wp-json\/wp\/v2\/tags?post=14973"}],"curies":[{"name":"wp","href":"https:\/\/api.w.org\/{rel}","templated":true}]}}