{"id":14992,"date":"2024-07-13T22:02:23","date_gmt":"2024-07-14T01:02:23","guid":{"rendered":"https:\/\/brasilnoticias.org\/site\/?p=14992"},"modified":"2024-07-13T22:02:23","modified_gmt":"2024-07-14T01:02:23","slug":"ex-capitao-da-selecao-brasileira-dunga-sofre-acidente-de-carro-com-esposa","status":"publish","type":"post","link":"https:\/\/brasilnoticias.org\/site\/ex-capitao-da-selecao-brasileira-dunga-sofre-acidente-de-carro-com-esposa\/","title":{"rendered":"Ex-capit\u00e3o da Sele\u00e7\u00e3o Brasileira, Dunga, sofre acidente de carro com esposa"},"content":{"rendered":"<p>O resultado do teste do etil\u00f4metro deu negativo em ambas v\u00edtimas e as poss\u00edveis causas do acidente ainda n\u00e3o foram informadas<\/p>\n<p>O ex-t\u00e9cnico da Sele\u00e7\u00e3o Brasileira e capit\u00e3o do tetracampeonato mundial, Dunga, sofreu um grave acidente neste s\u00e1bado (13) na BR-116, em Campina Grande do Sul, Regi\u00e3o Metropolitana de Curitiba. Ele estava com a esposa no carro que capotou, e ambos ficaram com ferimentos leves. <\/p>\n<p>Segundo a Pol\u00edcia Rodovi\u00e1ria Federal (PRF), o acidente aconteceu no km 39 da rodovia, pouco ap\u00f3s \u00e0s 12h. O casal ficou consciente durante o atendimento m\u00e9dico no local e foram encaminhados ao Hospital Angelina Caron, em Campina Grande do Sul. <\/p>\n<p>O resultado do teste do etil\u00f4metro deu negativo em ambas v\u00edtimas. As causas do acidente n\u00e3o foram informadas.<\/p>\n<p>Dunga iniciou a carreira como jogador no Internacional na d\u00e9cada de 1980. O ex-jogador tamb\u00e9m defendeu clubes como Corinthians e Vasco, al\u00e9m de ter passado pelo futebol da It\u00e1lia, Alemanha e Jap\u00e3o.<\/p>\n<p>Pela Sele\u00e7\u00e3o Brasileira, ele foi capit\u00e3o do tetracampeonato mundial de 1994 nos Estados Unidos e dono da bra\u00e7adeira tamb\u00e9m no vice de 1998, al\u00e9m de ter participado do elenco no mundial de 1990.<\/p>\n<p>Al\u00e9m disso, Dunga foi t\u00e9cnico do Brasil na Copa do Mundo de 2010, na \u00c1frica do Sul, e retornou em 2014, ap\u00f3s o mundial do Brasil, mas deixou o cargo em 2016.<\/p>\n<p>Foto: Duvulga\u00e7\u00e3o\/PRF<br \/>\nPor: Metro1<\/p>\n","protected":false},"excerpt":{"rendered":"<p>O resultado do teste do etil\u00f4metro deu negativo em ambas v\u00edtimas e as poss\u00edveis causas do acidente ainda n\u00e3o foram<\/p>\n","protected":false},"author":4,"featured_media":14993,"comment_status":"open","ping_status":"open","sticky":false,"template":"","format":"standard","meta":{"colormag_page_container_layout":"default_layout","colormag_page_sidebar_layout":"default_layout","_FSMCFIC_featured_image_caption":"","_FSMCFIC_featured_image_nocaption":"","_FSMCFIC_featured_image_hide":"","footnotes":""},"categories":[2,1],"tags":[],"class_list":["post-14992","post","type-post","status-publish","format-standard","has-post-thumbnail","hentry","category-noticias","category-ultimas"],"yoast_head":"<!-- This site is optimized with the Yoast SEO plugin v27.1.1 - https:\/\/yoast.com\/product\/yoast-seo-wordpress\/ -->\n<title>Ex-capit\u00e3o da Sele\u00e7\u00e3o Brasileira, Dunga, sofre acidente de carro com esposa - Brasil not\u00edcias<\/title>\n<meta name=\"robots\" content=\"index, follow, max-snippet:-1, max-image-preview:large, max-video-preview:-1\" \/>\n<link rel=\"canonical\" href=\"https:\/\/brasilnoticias.org\/site\/ex-capitao-da-selecao-brasileira-dunga-sofre-acidente-de-carro-com-esposa\/\" \/>\n<meta property=\"og:locale\" content=\"pt_PT\" \/>\n<meta property=\"og:type\" content=\"article\" \/>\n<meta property=\"og:title\" content=\"Ex-capit\u00e3o da Sele\u00e7\u00e3o Brasileira, Dunga, sofre acidente de carro com esposa - Brasil not\u00edcias\" \/>\n<meta property=\"og:description\" content=\"O resultado do teste do etil\u00f4metro deu negativo em ambas v\u00edtimas e as poss\u00edveis causas do acidente ainda n\u00e3o foram\" \/>\n<meta property=\"og:url\" content=\"https:\/\/brasilnoticias.org\/site\/ex-capitao-da-selecao-brasileira-dunga-sofre-acidente-de-carro-com-esposa\/\" \/>\n<meta property=\"og:site_name\" content=\"Brasil not\u00edcias\" \/>\n<meta property=\"article:published_time\" content=\"2024-07-14T01:02:23+00:00\" \/>\n<meta property=\"og:image\" content=\"https:\/\/brasilnoticias.org\/site\/wp-content\/uploads\/2024\/07\/152769ex-capitao-da-selecao-brasileira-dunga-sofre-acidente-de-carro-com-esposa-3.jpg\" \/>\n\t<meta property=\"og:image:width\" content=\"1600\" \/>\n\t<meta property=\"og:image:height\" content=\"752\" \/>\n\t<meta property=\"og:image:type\" content=\"image\/jpeg\" \/>\n<meta name=\"author\" content=\"Reda\u00e7\u00e3o\" \/>\n<meta name=\"twitter:card\" content=\"summary_large_image\" \/>\n<meta name=\"twitter:label1\" content=\"Escrito por\" \/>\n\t<meta name=\"twitter:data1\" content=\"Reda\u00e7\u00e3o\" \/>\n\t<meta name=\"twitter:label2\" content=\"Tempo estimado de leitura\" \/>\n\t<meta name=\"twitter:data2\" content=\"1 minuto\" \/>\n<script type=\"application\/ld+json\" class=\"yoast-schema-graph\">{\"@context\":\"https:\/\/schema.org\",\"@graph\":[{\"@type\":\"Article\",\"@id\":\"https:\/\/brasilnoticias.org\/site\/ex-capitao-da-selecao-brasileira-dunga-sofre-acidente-de-carro-com-esposa\/#article\",\"isPartOf\":{\"@id\":\"https:\/\/brasilnoticias.org\/site\/ex-capitao-da-selecao-brasileira-dunga-sofre-acidente-de-carro-com-esposa\/\"},\"author\":{\"name\":\"Reda\u00e7\u00e3o\",\"@id\":\"https:\/\/brasilnoticias.org\/site\/#\/schema\/person\/03bbbfe6c7634ad18c26444ea39049fa\"},\"headline\":\"Ex-capit\u00e3o da Sele\u00e7\u00e3o Brasileira, Dunga, sofre acidente de carro com esposa\",\"datePublished\":\"2024-07-14T01:02:23+00:00\",\"mainEntityOfPage\":{\"@id\":\"https:\/\/brasilnoticias.org\/site\/ex-capitao-da-selecao-brasileira-dunga-sofre-acidente-de-carro-com-esposa\/\"},\"wordCount\":259,\"commentCount\":0,\"publisher\":{\"@id\":\"https:\/\/brasilnoticias.org\/site\/#organization\"},\"image\":{\"@id\":\"https:\/\/brasilnoticias.org\/site\/ex-capitao-da-selecao-brasileira-dunga-sofre-acidente-de-carro-com-esposa\/#primaryimage\"},\"thumbnailUrl\":\"https:\/\/brasilnoticias.org\/site\/wp-content\/uploads\/2024\/07\/152769ex-capitao-da-selecao-brasileira-dunga-sofre-acidente-de-carro-com-esposa-3.jpg\",\"articleSection\":[\"Not\u00edcias\",\"\u00daltimas\"],\"inLanguage\":\"pt-PT\",\"potentialAction\":[{\"@type\":\"CommentAction\",\"name\":\"Comment\",\"target\":[\"https:\/\/brasilnoticias.org\/site\/ex-capitao-da-selecao-brasileira-dunga-sofre-acidente-de-carro-com-esposa\/#respond\"]}]},{\"@type\":\"WebPage\",\"@id\":\"https:\/\/brasilnoticias.org\/site\/ex-capitao-da-selecao-brasileira-dunga-sofre-acidente-de-carro-com-esposa\/\",\"url\":\"https:\/\/brasilnoticias.org\/site\/ex-capitao-da-selecao-brasileira-dunga-sofre-acidente-de-carro-com-esposa\/\",\"name\":\"Ex-capit\u00e3o da Sele\u00e7\u00e3o Brasileira, Dunga, sofre acidente de carro com esposa - Brasil not\u00edcias\",\"isPartOf\":{\"@id\":\"https:\/\/brasilnoticias.org\/site\/#website\"},\"primaryImageOfPage\":{\"@id\":\"https:\/\/brasilnoticias.org\/site\/ex-capitao-da-selecao-brasileira-dunga-sofre-acidente-de-carro-com-esposa\/#primaryimage\"},\"image\":{\"@id\":\"https:\/\/brasilnoticias.org\/site\/ex-capitao-da-selecao-brasileira-dunga-sofre-acidente-de-carro-com-esposa\/#primaryimage\"},\"thumbnailUrl\":\"https:\/\/brasilnoticias.org\/site\/wp-content\/uploads\/2024\/07\/152769ex-capitao-da-selecao-brasileira-dunga-sofre-acidente-de-carro-com-esposa-3.jpg\",\"datePublished\":\"2024-07-14T01:02:23+00:00\",\"breadcrumb\":{\"@id\":\"https:\/\/brasilnoticias.org\/site\/ex-capitao-da-selecao-brasileira-dunga-sofre-acidente-de-carro-com-esposa\/#breadcrumb\"},\"inLanguage\":\"pt-PT\",\"potentialAction\":[{\"@type\":\"ReadAction\",\"target\":[\"https:\/\/brasilnoticias.org\/site\/ex-capitao-da-selecao-brasileira-dunga-sofre-acidente-de-carro-com-esposa\/\"]}]},{\"@type\":\"ImageObject\",\"inLanguage\":\"pt-PT\",\"@id\":\"https:\/\/brasilnoticias.org\/site\/ex-capitao-da-selecao-brasileira-dunga-sofre-acidente-de-carro-com-esposa\/#primaryimage\",\"url\":\"https:\/\/brasilnoticias.org\/site\/wp-content\/uploads\/2024\/07\/152769ex-capitao-da-selecao-brasileira-dunga-sofre-acidente-de-carro-com-esposa-3.jpg\",\"contentUrl\":\"https:\/\/brasilnoticias.org\/site\/wp-content\/uploads\/2024\/07\/152769ex-capitao-da-selecao-brasileira-dunga-sofre-acidente-de-carro-com-esposa-3.jpg\",\"width\":1600,\"height\":752},{\"@type\":\"BreadcrumbList\",\"@id\":\"https:\/\/brasilnoticias.org\/site\/ex-capitao-da-selecao-brasileira-dunga-sofre-acidente-de-carro-com-esposa\/#breadcrumb\",\"itemListElement\":[{\"@type\":\"ListItem\",\"position\":1,\"name\":\"In\u00edcio\",\"item\":\"https:\/\/brasilnoticias.org\/site\/\"},{\"@type\":\"ListItem\",\"position\":2,\"name\":\"Ex-capit\u00e3o da Sele\u00e7\u00e3o Brasileira, Dunga, sofre acidente de carro com esposa\"}]},{\"@type\":\"WebSite\",\"@id\":\"https:\/\/brasilnoticias.org\/site\/#website\",\"url\":\"https:\/\/brasilnoticias.org\/site\/\",\"name\":\"Brasil not\u00edcias\",\"description\":\"Brasil not\u00edcias\",\"publisher\":{\"@id\":\"https:\/\/brasilnoticias.org\/site\/#organization\"},\"potentialAction\":[{\"@type\":\"SearchAction\",\"target\":{\"@type\":\"EntryPoint\",\"urlTemplate\":\"https:\/\/brasilnoticias.org\/site\/?s={search_term_string}\"},\"query-input\":{\"@type\":\"PropertyValueSpecification\",\"valueRequired\":true,\"valueName\":\"search_term_string\"}}],\"inLanguage\":\"pt-PT\"},{\"@type\":\"Organization\",\"@id\":\"https:\/\/brasilnoticias.org\/site\/#organization\",\"name\":\"Brasil not\u00edcias\",\"url\":\"https:\/\/brasilnoticias.org\/site\/\",\"logo\":{\"@type\":\"ImageObject\",\"inLanguage\":\"pt-PT\",\"@id\":\"https:\/\/brasilnoticias.org\/site\/#\/schema\/logo\/image\/\",\"url\":\"https:\/\/brasilnoticias.org\/site\/wp-content\/uploads\/2022\/05\/cropped-brasilnoticias-mini.jpg\",\"contentUrl\":\"https:\/\/brasilnoticias.org\/site\/wp-content\/uploads\/2022\/05\/cropped-brasilnoticias-mini.jpg\",\"width\":314,\"height\":86,\"caption\":\"Brasil not\u00edcias\"},\"image\":{\"@id\":\"https:\/\/brasilnoticias.org\/site\/#\/schema\/logo\/image\/\"}},{\"@type\":\"Person\",\"@id\":\"https:\/\/brasilnoticias.org\/site\/#\/schema\/person\/03bbbfe6c7634ad18c26444ea39049fa\",\"name\":\"Reda\u00e7\u00e3o\",\"image\":{\"@type\":\"ImageObject\",\"inLanguage\":\"pt-PT\",\"@id\":\"https:\/\/brasilnoticias.org\/site\/#\/schema\/person\/image\/\",\"url\":\"https:\/\/secure.gravatar.com\/avatar\/9ecaf7327a696cb23ad926fedded5f1f04d7049de9e445375d55b48c001a6e42?s=96&d=mm&r=g\",\"contentUrl\":\"https:\/\/secure.gravatar.com\/avatar\/9ecaf7327a696cb23ad926fedded5f1f04d7049de9e445375d55b48c001a6e42?s=96&d=mm&r=g\",\"caption\":\"Reda\u00e7\u00e3o\"},\"url\":\"https:\/\/brasilnoticias.org\/site\/author\/henrique\/\"}]}<\/script>\n<!-- \/ Yoast SEO plugin. -->","yoast_head_json":{"title":"Ex-capit\u00e3o da Sele\u00e7\u00e3o Brasileira, Dunga, sofre acidente de carro com esposa - Brasil not\u00edcias","robots":{"index":"index","follow":"follow","max-snippet":"max-snippet:-1","max-image-preview":"max-image-preview:large","max-video-preview":"max-video-preview:-1"},"canonical":"https:\/\/brasilnoticias.org\/site\/ex-capitao-da-selecao-brasileira-dunga-sofre-acidente-de-carro-com-esposa\/","og_locale":"pt_PT","og_type":"article","og_title":"Ex-capit\u00e3o da Sele\u00e7\u00e3o Brasileira, Dunga, sofre acidente de carro com esposa - Brasil not\u00edcias","og_description":"O resultado do teste do etil\u00f4metro deu negativo em ambas v\u00edtimas e as poss\u00edveis causas do acidente ainda n\u00e3o foram","og_url":"https:\/\/brasilnoticias.org\/site\/ex-capitao-da-selecao-brasileira-dunga-sofre-acidente-de-carro-com-esposa\/","og_site_name":"Brasil not\u00edcias","article_published_time":"2024-07-14T01:02:23+00:00","og_image":[{"width":1600,"height":752,"url":"https:\/\/brasilnoticias.org\/site\/wp-content\/uploads\/2024\/07\/152769ex-capitao-da-selecao-brasileira-dunga-sofre-acidente-de-carro-com-esposa-3.jpg","type":"image\/jpeg"}],"author":"Reda\u00e7\u00e3o","twitter_card":"summary_large_image","twitter_misc":{"Escrito por":"Reda\u00e7\u00e3o","Tempo estimado de leitura":"1 minuto"},"schema":{"@context":"https:\/\/schema.org","@graph":[{"@type":"Article","@id":"https:\/\/brasilnoticias.org\/site\/ex-capitao-da-selecao-brasileira-dunga-sofre-acidente-de-carro-com-esposa\/#article","isPartOf":{"@id":"https:\/\/brasilnoticias.org\/site\/ex-capitao-da-selecao-brasileira-dunga-sofre-acidente-de-carro-com-esposa\/"},"author":{"name":"Reda\u00e7\u00e3o","@id":"https:\/\/brasilnoticias.org\/site\/#\/schema\/person\/03bbbfe6c7634ad18c26444ea39049fa"},"headline":"Ex-capit\u00e3o da Sele\u00e7\u00e3o Brasileira, Dunga, sofre acidente de carro com esposa","datePublished":"2024-07-14T01:02:23+00:00","mainEntityOfPage":{"@id":"https:\/\/brasilnoticias.org\/site\/ex-capitao-da-selecao-brasileira-dunga-sofre-acidente-de-carro-com-esposa\/"},"wordCount":259,"commentCount":0,"publisher":{"@id":"https:\/\/brasilnoticias.org\/site\/#organization"},"image":{"@id":"https:\/\/brasilnoticias.org\/site\/ex-capitao-da-selecao-brasileira-dunga-sofre-acidente-de-carro-com-esposa\/#primaryimage"},"thumbnailUrl":"https:\/\/brasilnoticias.org\/site\/wp-content\/uploads\/2024\/07\/152769ex-capitao-da-selecao-brasileira-dunga-sofre-acidente-de-carro-com-esposa-3.jpg","articleSection":["Not\u00edcias","\u00daltimas"],"inLanguage":"pt-PT","potentialAction":[{"@type":"CommentAction","name":"Comment","target":["https:\/\/brasilnoticias.org\/site\/ex-capitao-da-selecao-brasileira-dunga-sofre-acidente-de-carro-com-esposa\/#respond"]}]},{"@type":"WebPage","@id":"https:\/\/brasilnoticias.org\/site\/ex-capitao-da-selecao-brasileira-dunga-sofre-acidente-de-carro-com-esposa\/","url":"https:\/\/brasilnoticias.org\/site\/ex-capitao-da-selecao-brasileira-dunga-sofre-acidente-de-carro-com-esposa\/","name":"Ex-capit\u00e3o da Sele\u00e7\u00e3o Brasileira, Dunga, sofre acidente de carro com esposa - Brasil not\u00edcias","isPartOf":{"@id":"https:\/\/brasilnoticias.org\/site\/#website"},"primaryImageOfPage":{"@id":"https:\/\/brasilnoticias.org\/site\/ex-capitao-da-selecao-brasileira-dunga-sofre-acidente-de-carro-com-esposa\/#primaryimage"},"image":{"@id":"https:\/\/brasilnoticias.org\/site\/ex-capitao-da-selecao-brasileira-dunga-sofre-acidente-de-carro-com-esposa\/#primaryimage"},"thumbnailUrl":"https:\/\/brasilnoticias.org\/site\/wp-content\/uploads\/2024\/07\/152769ex-capitao-da-selecao-brasileira-dunga-sofre-acidente-de-carro-com-esposa-3.jpg","datePublished":"2024-07-14T01:02:23+00:00","breadcrumb":{"@id":"https:\/\/brasilnoticias.org\/site\/ex-capitao-da-selecao-brasileira-dunga-sofre-acidente-de-carro-com-esposa\/#breadcrumb"},"inLanguage":"pt-PT","potentialAction":[{"@type":"ReadAction","target":["https:\/\/brasilnoticias.org\/site\/ex-capitao-da-selecao-brasileira-dunga-sofre-acidente-de-carro-com-esposa\/"]}]},{"@type":"ImageObject","inLanguage":"pt-PT","@id":"https:\/\/brasilnoticias.org\/site\/ex-capitao-da-selecao-brasileira-dunga-sofre-acidente-de-carro-com-esposa\/#primaryimage","url":"https:\/\/brasilnoticias.org\/site\/wp-content\/uploads\/2024\/07\/152769ex-capitao-da-selecao-brasileira-dunga-sofre-acidente-de-carro-com-esposa-3.jpg","contentUrl":"https:\/\/brasilnoticias.org\/site\/wp-content\/uploads\/2024\/07\/152769ex-capitao-da-selecao-brasileira-dunga-sofre-acidente-de-carro-com-esposa-3.jpg","width":1600,"height":752},{"@type":"BreadcrumbList","@id":"https:\/\/brasilnoticias.org\/site\/ex-capitao-da-selecao-brasileira-dunga-sofre-acidente-de-carro-com-esposa\/#breadcrumb","itemListElement":[{"@type":"ListItem","position":1,"name":"In\u00edcio","item":"https:\/\/brasilnoticias.org\/site\/"},{"@type":"ListItem","position":2,"name":"Ex-capit\u00e3o da Sele\u00e7\u00e3o Brasileira, Dunga, sofre acidente de carro com esposa"}]},{"@type":"WebSite","@id":"https:\/\/brasilnoticias.org\/site\/#website","url":"https:\/\/brasilnoticias.org\/site\/","name":"Brasil not\u00edcias","description":"Brasil not\u00edcias","publisher":{"@id":"https:\/\/brasilnoticias.org\/site\/#organization"},"potentialAction":[{"@type":"SearchAction","target":{"@type":"EntryPoint","urlTemplate":"https:\/\/brasilnoticias.org\/site\/?s={search_term_string}"},"query-input":{"@type":"PropertyValueSpecification","valueRequired":true,"valueName":"search_term_string"}}],"inLanguage":"pt-PT"},{"@type":"Organization","@id":"https:\/\/brasilnoticias.org\/site\/#organization","name":"Brasil not\u00edcias","url":"https:\/\/brasilnoticias.org\/site\/","logo":{"@type":"ImageObject","inLanguage":"pt-PT","@id":"https:\/\/brasilnoticias.org\/site\/#\/schema\/logo\/image\/","url":"https:\/\/brasilnoticias.org\/site\/wp-content\/uploads\/2022\/05\/cropped-brasilnoticias-mini.jpg","contentUrl":"https:\/\/brasilnoticias.org\/site\/wp-content\/uploads\/2022\/05\/cropped-brasilnoticias-mini.jpg","width":314,"height":86,"caption":"Brasil not\u00edcias"},"image":{"@id":"https:\/\/brasilnoticias.org\/site\/#\/schema\/logo\/image\/"}},{"@type":"Person","@id":"https:\/\/brasilnoticias.org\/site\/#\/schema\/person\/03bbbfe6c7634ad18c26444ea39049fa","name":"Reda\u00e7\u00e3o","image":{"@type":"ImageObject","inLanguage":"pt-PT","@id":"https:\/\/brasilnoticias.org\/site\/#\/schema\/person\/image\/","url":"https:\/\/secure.gravatar.com\/avatar\/9ecaf7327a696cb23ad926fedded5f1f04d7049de9e445375d55b48c001a6e42?s=96&d=mm&r=g","contentUrl":"https:\/\/secure.gravatar.com\/avatar\/9ecaf7327a696cb23ad926fedded5f1f04d7049de9e445375d55b48c001a6e42?s=96&d=mm&r=g","caption":"Reda\u00e7\u00e3o"},"url":"https:\/\/brasilnoticias.org\/site\/author\/henrique\/"}]}},"_links":{"self":[{"href":"https:\/\/brasilnoticias.org\/site\/wp-json\/wp\/v2\/posts\/14992","targetHints":{"allow":["GET"]}}],"collection":[{"href":"https:\/\/brasilnoticias.org\/site\/wp-json\/wp\/v2\/posts"}],"about":[{"href":"https:\/\/brasilnoticias.org\/site\/wp-json\/wp\/v2\/types\/post"}],"author":[{"embeddable":true,"href":"https:\/\/brasilnoticias.org\/site\/wp-json\/wp\/v2\/users\/4"}],"replies":[{"embeddable":true,"href":"https:\/\/brasilnoticias.org\/site\/wp-json\/wp\/v2\/comments?post=14992"}],"version-history":[{"count":1,"href":"https:\/\/brasilnoticias.org\/site\/wp-json\/wp\/v2\/posts\/14992\/revisions"}],"predecessor-version":[{"id":14994,"href":"https:\/\/brasilnoticias.org\/site\/wp-json\/wp\/v2\/posts\/14992\/revisions\/14994"}],"wp:featuredmedia":[{"embeddable":true,"href":"https:\/\/brasilnoticias.org\/site\/wp-json\/wp\/v2\/media\/14993"}],"wp:attachment":[{"href":"https:\/\/brasilnoticias.org\/site\/wp-json\/wp\/v2\/media?parent=14992"}],"wp:term":[{"taxonomy":"category","embeddable":true,"href":"https:\/\/brasilnoticias.org\/site\/wp-json\/wp\/v2\/categories?post=14992"},{"taxonomy":"post_tag","embeddable":true,"href":"https:\/\/brasilnoticias.org\/site\/wp-json\/wp\/v2\/tags?post=14992"}],"curies":[{"name":"wp","href":"https:\/\/api.w.org\/{rel}","templated":true}]}}