{"id":15008,"date":"2024-07-14T17:04:49","date_gmt":"2024-07-14T20:04:49","guid":{"rendered":"https:\/\/brasilnoticias.org\/site\/?p=15008"},"modified":"2024-07-14T17:04:49","modified_gmt":"2024-07-14T20:04:49","slug":"prefeitura-inaugura-56o-campo-com-grama-sintetica-de-salvador-na-estrada-das-barreiras","status":"publish","type":"post","link":"https:\/\/brasilnoticias.org\/site\/prefeitura-inaugura-56o-campo-com-grama-sintetica-de-salvador-na-estrada-das-barreiras\/","title":{"rendered":"Prefeitura inaugura 56\u00ba campo com grama sint\u00e9tica de Salvador na Estrada das Barreiras"},"content":{"rendered":"<p>Moradores da Estrada das Barreiras foram beneficiados com um novo equipamento para realiza\u00e7\u00e3o de competi\u00e7\u00f5es locais de futebol e atividades esportivas. A Prefeitura de Salvador entregou na manh\u00e3 deste domingo (14) o campo com grama sint\u00e9tica da Vila Mois\u00e9s, que passou por uma requalifica\u00e7\u00e3o completa, ganhando diversas melhorias estruturais para uso da comunidade.<\/p>\n<p>O secret\u00e1rio de Promo\u00e7\u00e3o Social, Combate \u00e0 Pobreza, Esportes e Lazer (Sempre), J\u00fanior Magalh\u00e3es, lembrou que este \u00e9 o 56\u00ba espa\u00e7o esportivo com grama sint\u00e9tica inaugurado na capital baiana desde 2021. &#8220;N\u00e3o tenho d\u00favida da transforma\u00e7\u00e3o que um campo como este traz, sendo muito mais do que apenas um espa\u00e7o de lazer, mas tamb\u00e9m um espa\u00e7o de sa\u00fade, confraterniza\u00e7\u00e3o, conviv\u00eancia comunit\u00e1ria e revela\u00e7\u00e3o de talentos&#8221;, frisou.<\/p>\n<p>O gestor refor\u00e7ou os investimentos municipais para fortalecer as pol\u00edticas p\u00fablicas na cidade, estrat\u00e9gia que envolve parcerias com grandes clubes de futebol do estado. Ele lembrou que 11 campos p\u00fablicos do munic\u00edpio, por exemplo, est\u00e3o integrados ao projeto Bora Bah\u00eaa Meu Bairro.<\/p>\n<p>&#8220;Por meio dessa iniciativa j\u00e1 temos 1,3 mil crian\u00e7as atendidas e tendo a possibilidade de aprimorar seus talentos, al\u00e9m de estarem longe de tudo que \u00e9 ruim e podendo ter sa\u00fade, qualidade de vida e, quem sabe, de serem reveladas pelo esporte do Bahia. Estamos tamb\u00e9m em parceria com o Vit\u00f3ria discutindo alguns campos&#8221;, afirmou o titular da Sempre.<\/p>\n<p>&#8220;Queremos replicar esse projeto com outros times. Estamos abertos e \u00e0 disposi\u00e7\u00e3o da comunidade e do empresariado para fazer essas parcerias, que s\u00e3o importantes para democratizar e beneficiar a popula\u00e7\u00e3o soteropolitana&#8221;, acrescentou o secret\u00e1rio.<\/p>\n<p>A meta da pasta \u00e9 chegar ao final de 2024 com 100 campos de grama sint\u00e9tica implantados em Salvador.<\/p>\n<p>Melhorias \u2013 As obras para a novo campo da Vila Mois\u00e9s contaram com mais de R$160 mil em investimento. As interven\u00e7\u00f5es envolveram n\u00e3o apenas coloca\u00e7\u00e3o de grama sint\u00e9tica como implanta\u00e7\u00e3o de drenagem, troca de alambrados, rede de cobertura, traves, entre outros itens, para que o espa\u00e7o ofertasse para a comunidade do bairro e entorno total infraestrutura.<\/p>\n<p>Al\u00e9m da reforma do campo, foram instalados quatro projetores de LED, o que vai permitir que atividades esportivas aconte\u00e7am \u00e0 noite.<\/p>\n<p>Morador da regi\u00e3o, o aposentado Jo\u00e3o Silva, 67 anos, comparou as condi\u00e7\u00f5es da estrutura anterior com a atual. &#8220;Antes esse local era s\u00f3 de areia, n\u00e3o tinha a prote\u00e7\u00e3o que tem agora. Ficou uma maravilha, muito diferente do que era antes. \u00c9 um espa\u00e7o muito utilizado pelas crian\u00e7as aqui da Vila Mois\u00e9s. Ficamos muito felizes de ter esse campo reformado e agora com a grama sint\u00e9tica&#8221;, celebrou.<\/p>\n<p>Foto: Jefferson Peixoto\/ Secom PMS<\/p>\n","protected":false},"excerpt":{"rendered":"<p>Moradores da Estrada das Barreiras foram beneficiados com um novo equipamento para realiza\u00e7\u00e3o de competi\u00e7\u00f5es locais de futebol e atividades<\/p>\n","protected":false},"author":4,"featured_media":15009,"comment_status":"open","ping_status":"open","sticky":false,"template":"","format":"standard","meta":{"colormag_page_container_layout":"default_layout","colormag_page_sidebar_layout":"default_layout","_FSMCFIC_featured_image_caption":"","_FSMCFIC_featured_image_nocaption":"","_FSMCFIC_featured_image_hide":"","footnotes":""},"categories":[5,1],"tags":[],"class_list":["post-15008","post","type-post","status-publish","format-standard","has-post-thumbnail","hentry","category-politica","category-ultimas"],"yoast_head":"<!-- This site is optimized with the Yoast SEO plugin v27.1.1 - https:\/\/yoast.com\/product\/yoast-seo-wordpress\/ -->\n<title>Prefeitura inaugura 56\u00ba campo com grama sint\u00e9tica de Salvador na Estrada das Barreiras - Brasil not\u00edcias<\/title>\n<meta name=\"robots\" content=\"index, follow, max-snippet:-1, max-image-preview:large, max-video-preview:-1\" \/>\n<link rel=\"canonical\" href=\"https:\/\/brasilnoticias.org\/site\/prefeitura-inaugura-56o-campo-com-grama-sintetica-de-salvador-na-estrada-das-barreiras\/\" \/>\n<meta property=\"og:locale\" content=\"pt_PT\" \/>\n<meta property=\"og:type\" content=\"article\" \/>\n<meta property=\"og:title\" content=\"Prefeitura inaugura 56\u00ba campo com grama sint\u00e9tica de Salvador na Estrada das Barreiras - Brasil not\u00edcias\" \/>\n<meta property=\"og:description\" content=\"Moradores da Estrada das Barreiras foram beneficiados com um novo equipamento para realiza\u00e7\u00e3o de competi\u00e7\u00f5es locais de futebol e atividades\" \/>\n<meta property=\"og:url\" content=\"https:\/\/brasilnoticias.org\/site\/prefeitura-inaugura-56o-campo-com-grama-sintetica-de-salvador-na-estrada-das-barreiras\/\" \/>\n<meta property=\"og:site_name\" content=\"Brasil not\u00edcias\" \/>\n<meta property=\"article:published_time\" content=\"2024-07-14T20:04:49+00:00\" \/>\n<meta property=\"og:image\" content=\"https:\/\/brasilnoticias.org\/site\/wp-content\/uploads\/2024\/07\/IMAGEM_NOTICIA_1-2.jpg\" \/>\n\t<meta property=\"og:image:width\" content=\"600\" \/>\n\t<meta property=\"og:image:height\" content=\"430\" \/>\n\t<meta property=\"og:image:type\" content=\"image\/jpeg\" \/>\n<meta name=\"author\" content=\"Reda\u00e7\u00e3o\" \/>\n<meta name=\"twitter:card\" content=\"summary_large_image\" \/>\n<meta name=\"twitter:label1\" content=\"Escrito por\" \/>\n\t<meta name=\"twitter:data1\" content=\"Reda\u00e7\u00e3o\" \/>\n\t<meta name=\"twitter:label2\" content=\"Tempo estimado de leitura\" \/>\n\t<meta name=\"twitter:data2\" content=\"1 minuto\" \/>\n<script type=\"application\/ld+json\" class=\"yoast-schema-graph\">{\"@context\":\"https:\/\/schema.org\",\"@graph\":[{\"@type\":\"Article\",\"@id\":\"https:\/\/brasilnoticias.org\/site\/prefeitura-inaugura-56o-campo-com-grama-sintetica-de-salvador-na-estrada-das-barreiras\/#article\",\"isPartOf\":{\"@id\":\"https:\/\/brasilnoticias.org\/site\/prefeitura-inaugura-56o-campo-com-grama-sintetica-de-salvador-na-estrada-das-barreiras\/\"},\"author\":{\"name\":\"Reda\u00e7\u00e3o\",\"@id\":\"https:\/\/brasilnoticias.org\/site\/#\/schema\/person\/03bbbfe6c7634ad18c26444ea39049fa\"},\"headline\":\"Prefeitura inaugura 56\u00ba campo com grama sint\u00e9tica de Salvador na Estrada das Barreiras\",\"datePublished\":\"2024-07-14T20:04:49+00:00\",\"mainEntityOfPage\":{\"@id\":\"https:\/\/brasilnoticias.org\/site\/prefeitura-inaugura-56o-campo-com-grama-sintetica-de-salvador-na-estrada-das-barreiras\/\"},\"wordCount\":477,\"commentCount\":0,\"publisher\":{\"@id\":\"https:\/\/brasilnoticias.org\/site\/#organization\"},\"image\":{\"@id\":\"https:\/\/brasilnoticias.org\/site\/prefeitura-inaugura-56o-campo-com-grama-sintetica-de-salvador-na-estrada-das-barreiras\/#primaryimage\"},\"thumbnailUrl\":\"https:\/\/brasilnoticias.org\/site\/wp-content\/uploads\/2024\/07\/IMAGEM_NOTICIA_1-2.jpg\",\"articleSection\":[\"Pol\u00edtica\",\"\u00daltimas\"],\"inLanguage\":\"pt-PT\",\"potentialAction\":[{\"@type\":\"CommentAction\",\"name\":\"Comment\",\"target\":[\"https:\/\/brasilnoticias.org\/site\/prefeitura-inaugura-56o-campo-com-grama-sintetica-de-salvador-na-estrada-das-barreiras\/#respond\"]}]},{\"@type\":\"WebPage\",\"@id\":\"https:\/\/brasilnoticias.org\/site\/prefeitura-inaugura-56o-campo-com-grama-sintetica-de-salvador-na-estrada-das-barreiras\/\",\"url\":\"https:\/\/brasilnoticias.org\/site\/prefeitura-inaugura-56o-campo-com-grama-sintetica-de-salvador-na-estrada-das-barreiras\/\",\"name\":\"Prefeitura inaugura 56\u00ba campo com grama sint\u00e9tica de Salvador na Estrada das Barreiras - Brasil not\u00edcias\",\"isPartOf\":{\"@id\":\"https:\/\/brasilnoticias.org\/site\/#website\"},\"primaryImageOfPage\":{\"@id\":\"https:\/\/brasilnoticias.org\/site\/prefeitura-inaugura-56o-campo-com-grama-sintetica-de-salvador-na-estrada-das-barreiras\/#primaryimage\"},\"image\":{\"@id\":\"https:\/\/brasilnoticias.org\/site\/prefeitura-inaugura-56o-campo-com-grama-sintetica-de-salvador-na-estrada-das-barreiras\/#primaryimage\"},\"thumbnailUrl\":\"https:\/\/brasilnoticias.org\/site\/wp-content\/uploads\/2024\/07\/IMAGEM_NOTICIA_1-2.jpg\",\"datePublished\":\"2024-07-14T20:04:49+00:00\",\"breadcrumb\":{\"@id\":\"https:\/\/brasilnoticias.org\/site\/prefeitura-inaugura-56o-campo-com-grama-sintetica-de-salvador-na-estrada-das-barreiras\/#breadcrumb\"},\"inLanguage\":\"pt-PT\",\"potentialAction\":[{\"@type\":\"ReadAction\",\"target\":[\"https:\/\/brasilnoticias.org\/site\/prefeitura-inaugura-56o-campo-com-grama-sintetica-de-salvador-na-estrada-das-barreiras\/\"]}]},{\"@type\":\"ImageObject\",\"inLanguage\":\"pt-PT\",\"@id\":\"https:\/\/brasilnoticias.org\/site\/prefeitura-inaugura-56o-campo-com-grama-sintetica-de-salvador-na-estrada-das-barreiras\/#primaryimage\",\"url\":\"https:\/\/brasilnoticias.org\/site\/wp-content\/uploads\/2024\/07\/IMAGEM_NOTICIA_1-2.jpg\",\"contentUrl\":\"https:\/\/brasilnoticias.org\/site\/wp-content\/uploads\/2024\/07\/IMAGEM_NOTICIA_1-2.jpg\",\"width\":600,\"height\":430},{\"@type\":\"BreadcrumbList\",\"@id\":\"https:\/\/brasilnoticias.org\/site\/prefeitura-inaugura-56o-campo-com-grama-sintetica-de-salvador-na-estrada-das-barreiras\/#breadcrumb\",\"itemListElement\":[{\"@type\":\"ListItem\",\"position\":1,\"name\":\"In\u00edcio\",\"item\":\"https:\/\/brasilnoticias.org\/site\/\"},{\"@type\":\"ListItem\",\"position\":2,\"name\":\"Prefeitura inaugura 56\u00ba campo com grama sint\u00e9tica de Salvador na Estrada das Barreiras\"}]},{\"@type\":\"WebSite\",\"@id\":\"https:\/\/brasilnoticias.org\/site\/#website\",\"url\":\"https:\/\/brasilnoticias.org\/site\/\",\"name\":\"Brasil not\u00edcias\",\"description\":\"Brasil not\u00edcias\",\"publisher\":{\"@id\":\"https:\/\/brasilnoticias.org\/site\/#organization\"},\"potentialAction\":[{\"@type\":\"SearchAction\",\"target\":{\"@type\":\"EntryPoint\",\"urlTemplate\":\"https:\/\/brasilnoticias.org\/site\/?s={search_term_string}\"},\"query-input\":{\"@type\":\"PropertyValueSpecification\",\"valueRequired\":true,\"valueName\":\"search_term_string\"}}],\"inLanguage\":\"pt-PT\"},{\"@type\":\"Organization\",\"@id\":\"https:\/\/brasilnoticias.org\/site\/#organization\",\"name\":\"Brasil not\u00edcias\",\"url\":\"https:\/\/brasilnoticias.org\/site\/\",\"logo\":{\"@type\":\"ImageObject\",\"inLanguage\":\"pt-PT\",\"@id\":\"https:\/\/brasilnoticias.org\/site\/#\/schema\/logo\/image\/\",\"url\":\"https:\/\/brasilnoticias.org\/site\/wp-content\/uploads\/2022\/05\/cropped-brasilnoticias-mini.jpg\",\"contentUrl\":\"https:\/\/brasilnoticias.org\/site\/wp-content\/uploads\/2022\/05\/cropped-brasilnoticias-mini.jpg\",\"width\":314,\"height\":86,\"caption\":\"Brasil not\u00edcias\"},\"image\":{\"@id\":\"https:\/\/brasilnoticias.org\/site\/#\/schema\/logo\/image\/\"}},{\"@type\":\"Person\",\"@id\":\"https:\/\/brasilnoticias.org\/site\/#\/schema\/person\/03bbbfe6c7634ad18c26444ea39049fa\",\"name\":\"Reda\u00e7\u00e3o\",\"image\":{\"@type\":\"ImageObject\",\"inLanguage\":\"pt-PT\",\"@id\":\"https:\/\/brasilnoticias.org\/site\/#\/schema\/person\/image\/\",\"url\":\"https:\/\/secure.gravatar.com\/avatar\/9ecaf7327a696cb23ad926fedded5f1f04d7049de9e445375d55b48c001a6e42?s=96&d=mm&r=g\",\"contentUrl\":\"https:\/\/secure.gravatar.com\/avatar\/9ecaf7327a696cb23ad926fedded5f1f04d7049de9e445375d55b48c001a6e42?s=96&d=mm&r=g\",\"caption\":\"Reda\u00e7\u00e3o\"},\"url\":\"https:\/\/brasilnoticias.org\/site\/author\/henrique\/\"}]}<\/script>\n<!-- \/ Yoast SEO plugin. -->","yoast_head_json":{"title":"Prefeitura inaugura 56\u00ba campo com grama sint\u00e9tica de Salvador na Estrada das Barreiras - Brasil not\u00edcias","robots":{"index":"index","follow":"follow","max-snippet":"max-snippet:-1","max-image-preview":"max-image-preview:large","max-video-preview":"max-video-preview:-1"},"canonical":"https:\/\/brasilnoticias.org\/site\/prefeitura-inaugura-56o-campo-com-grama-sintetica-de-salvador-na-estrada-das-barreiras\/","og_locale":"pt_PT","og_type":"article","og_title":"Prefeitura inaugura 56\u00ba campo com grama sint\u00e9tica de Salvador na Estrada das Barreiras - Brasil not\u00edcias","og_description":"Moradores da Estrada das Barreiras foram beneficiados com um novo equipamento para realiza\u00e7\u00e3o de competi\u00e7\u00f5es locais de futebol e atividades","og_url":"https:\/\/brasilnoticias.org\/site\/prefeitura-inaugura-56o-campo-com-grama-sintetica-de-salvador-na-estrada-das-barreiras\/","og_site_name":"Brasil not\u00edcias","article_published_time":"2024-07-14T20:04:49+00:00","og_image":[{"width":600,"height":430,"url":"https:\/\/brasilnoticias.org\/site\/wp-content\/uploads\/2024\/07\/IMAGEM_NOTICIA_1-2.jpg","type":"image\/jpeg"}],"author":"Reda\u00e7\u00e3o","twitter_card":"summary_large_image","twitter_misc":{"Escrito por":"Reda\u00e7\u00e3o","Tempo estimado de leitura":"1 minuto"},"schema":{"@context":"https:\/\/schema.org","@graph":[{"@type":"Article","@id":"https:\/\/brasilnoticias.org\/site\/prefeitura-inaugura-56o-campo-com-grama-sintetica-de-salvador-na-estrada-das-barreiras\/#article","isPartOf":{"@id":"https:\/\/brasilnoticias.org\/site\/prefeitura-inaugura-56o-campo-com-grama-sintetica-de-salvador-na-estrada-das-barreiras\/"},"author":{"name":"Reda\u00e7\u00e3o","@id":"https:\/\/brasilnoticias.org\/site\/#\/schema\/person\/03bbbfe6c7634ad18c26444ea39049fa"},"headline":"Prefeitura inaugura 56\u00ba campo com grama sint\u00e9tica de Salvador na Estrada das Barreiras","datePublished":"2024-07-14T20:04:49+00:00","mainEntityOfPage":{"@id":"https:\/\/brasilnoticias.org\/site\/prefeitura-inaugura-56o-campo-com-grama-sintetica-de-salvador-na-estrada-das-barreiras\/"},"wordCount":477,"commentCount":0,"publisher":{"@id":"https:\/\/brasilnoticias.org\/site\/#organization"},"image":{"@id":"https:\/\/brasilnoticias.org\/site\/prefeitura-inaugura-56o-campo-com-grama-sintetica-de-salvador-na-estrada-das-barreiras\/#primaryimage"},"thumbnailUrl":"https:\/\/brasilnoticias.org\/site\/wp-content\/uploads\/2024\/07\/IMAGEM_NOTICIA_1-2.jpg","articleSection":["Pol\u00edtica","\u00daltimas"],"inLanguage":"pt-PT","potentialAction":[{"@type":"CommentAction","name":"Comment","target":["https:\/\/brasilnoticias.org\/site\/prefeitura-inaugura-56o-campo-com-grama-sintetica-de-salvador-na-estrada-das-barreiras\/#respond"]}]},{"@type":"WebPage","@id":"https:\/\/brasilnoticias.org\/site\/prefeitura-inaugura-56o-campo-com-grama-sintetica-de-salvador-na-estrada-das-barreiras\/","url":"https:\/\/brasilnoticias.org\/site\/prefeitura-inaugura-56o-campo-com-grama-sintetica-de-salvador-na-estrada-das-barreiras\/","name":"Prefeitura inaugura 56\u00ba campo com grama sint\u00e9tica de Salvador na Estrada das Barreiras - Brasil not\u00edcias","isPartOf":{"@id":"https:\/\/brasilnoticias.org\/site\/#website"},"primaryImageOfPage":{"@id":"https:\/\/brasilnoticias.org\/site\/prefeitura-inaugura-56o-campo-com-grama-sintetica-de-salvador-na-estrada-das-barreiras\/#primaryimage"},"image":{"@id":"https:\/\/brasilnoticias.org\/site\/prefeitura-inaugura-56o-campo-com-grama-sintetica-de-salvador-na-estrada-das-barreiras\/#primaryimage"},"thumbnailUrl":"https:\/\/brasilnoticias.org\/site\/wp-content\/uploads\/2024\/07\/IMAGEM_NOTICIA_1-2.jpg","datePublished":"2024-07-14T20:04:49+00:00","breadcrumb":{"@id":"https:\/\/brasilnoticias.org\/site\/prefeitura-inaugura-56o-campo-com-grama-sintetica-de-salvador-na-estrada-das-barreiras\/#breadcrumb"},"inLanguage":"pt-PT","potentialAction":[{"@type":"ReadAction","target":["https:\/\/brasilnoticias.org\/site\/prefeitura-inaugura-56o-campo-com-grama-sintetica-de-salvador-na-estrada-das-barreiras\/"]}]},{"@type":"ImageObject","inLanguage":"pt-PT","@id":"https:\/\/brasilnoticias.org\/site\/prefeitura-inaugura-56o-campo-com-grama-sintetica-de-salvador-na-estrada-das-barreiras\/#primaryimage","url":"https:\/\/brasilnoticias.org\/site\/wp-content\/uploads\/2024\/07\/IMAGEM_NOTICIA_1-2.jpg","contentUrl":"https:\/\/brasilnoticias.org\/site\/wp-content\/uploads\/2024\/07\/IMAGEM_NOTICIA_1-2.jpg","width":600,"height":430},{"@type":"BreadcrumbList","@id":"https:\/\/brasilnoticias.org\/site\/prefeitura-inaugura-56o-campo-com-grama-sintetica-de-salvador-na-estrada-das-barreiras\/#breadcrumb","itemListElement":[{"@type":"ListItem","position":1,"name":"In\u00edcio","item":"https:\/\/brasilnoticias.org\/site\/"},{"@type":"ListItem","position":2,"name":"Prefeitura inaugura 56\u00ba campo com grama sint\u00e9tica de Salvador na Estrada das Barreiras"}]},{"@type":"WebSite","@id":"https:\/\/brasilnoticias.org\/site\/#website","url":"https:\/\/brasilnoticias.org\/site\/","name":"Brasil not\u00edcias","description":"Brasil not\u00edcias","publisher":{"@id":"https:\/\/brasilnoticias.org\/site\/#organization"},"potentialAction":[{"@type":"SearchAction","target":{"@type":"EntryPoint","urlTemplate":"https:\/\/brasilnoticias.org\/site\/?s={search_term_string}"},"query-input":{"@type":"PropertyValueSpecification","valueRequired":true,"valueName":"search_term_string"}}],"inLanguage":"pt-PT"},{"@type":"Organization","@id":"https:\/\/brasilnoticias.org\/site\/#organization","name":"Brasil not\u00edcias","url":"https:\/\/brasilnoticias.org\/site\/","logo":{"@type":"ImageObject","inLanguage":"pt-PT","@id":"https:\/\/brasilnoticias.org\/site\/#\/schema\/logo\/image\/","url":"https:\/\/brasilnoticias.org\/site\/wp-content\/uploads\/2022\/05\/cropped-brasilnoticias-mini.jpg","contentUrl":"https:\/\/brasilnoticias.org\/site\/wp-content\/uploads\/2022\/05\/cropped-brasilnoticias-mini.jpg","width":314,"height":86,"caption":"Brasil not\u00edcias"},"image":{"@id":"https:\/\/brasilnoticias.org\/site\/#\/schema\/logo\/image\/"}},{"@type":"Person","@id":"https:\/\/brasilnoticias.org\/site\/#\/schema\/person\/03bbbfe6c7634ad18c26444ea39049fa","name":"Reda\u00e7\u00e3o","image":{"@type":"ImageObject","inLanguage":"pt-PT","@id":"https:\/\/brasilnoticias.org\/site\/#\/schema\/person\/image\/","url":"https:\/\/secure.gravatar.com\/avatar\/9ecaf7327a696cb23ad926fedded5f1f04d7049de9e445375d55b48c001a6e42?s=96&d=mm&r=g","contentUrl":"https:\/\/secure.gravatar.com\/avatar\/9ecaf7327a696cb23ad926fedded5f1f04d7049de9e445375d55b48c001a6e42?s=96&d=mm&r=g","caption":"Reda\u00e7\u00e3o"},"url":"https:\/\/brasilnoticias.org\/site\/author\/henrique\/"}]}},"_links":{"self":[{"href":"https:\/\/brasilnoticias.org\/site\/wp-json\/wp\/v2\/posts\/15008","targetHints":{"allow":["GET"]}}],"collection":[{"href":"https:\/\/brasilnoticias.org\/site\/wp-json\/wp\/v2\/posts"}],"about":[{"href":"https:\/\/brasilnoticias.org\/site\/wp-json\/wp\/v2\/types\/post"}],"author":[{"embeddable":true,"href":"https:\/\/brasilnoticias.org\/site\/wp-json\/wp\/v2\/users\/4"}],"replies":[{"embeddable":true,"href":"https:\/\/brasilnoticias.org\/site\/wp-json\/wp\/v2\/comments?post=15008"}],"version-history":[{"count":1,"href":"https:\/\/brasilnoticias.org\/site\/wp-json\/wp\/v2\/posts\/15008\/revisions"}],"predecessor-version":[{"id":15010,"href":"https:\/\/brasilnoticias.org\/site\/wp-json\/wp\/v2\/posts\/15008\/revisions\/15010"}],"wp:featuredmedia":[{"embeddable":true,"href":"https:\/\/brasilnoticias.org\/site\/wp-json\/wp\/v2\/media\/15009"}],"wp:attachment":[{"href":"https:\/\/brasilnoticias.org\/site\/wp-json\/wp\/v2\/media?parent=15008"}],"wp:term":[{"taxonomy":"category","embeddable":true,"href":"https:\/\/brasilnoticias.org\/site\/wp-json\/wp\/v2\/categories?post=15008"},{"taxonomy":"post_tag","embeddable":true,"href":"https:\/\/brasilnoticias.org\/site\/wp-json\/wp\/v2\/tags?post=15008"}],"curies":[{"name":"wp","href":"https:\/\/api.w.org\/{rel}","templated":true}]}}