{"id":15011,"date":"2024-07-14T17:05:39","date_gmt":"2024-07-14T20:05:39","guid":{"rendered":"https:\/\/brasilnoticias.org\/site\/?p=15011"},"modified":"2024-07-14T17:05:39","modified_gmt":"2024-07-14T20:05:39","slug":"deputados-acham-que-atentado-a-trump-lembra-facada-de-2018","status":"publish","type":"post","link":"https:\/\/brasilnoticias.org\/site\/deputados-acham-que-atentado-a-trump-lembra-facada-de-2018\/","title":{"rendered":"Deputados acham que atentado a Trump lembra facada de 2018"},"content":{"rendered":"<p>Deputados como Sargento Gon\u00e7alves (PL-RN) lembrou da facada ao ex-presidene. Jair Bolsonaro, ao tomar conhecimento do atentado a tiros contra o ex-presidente republicano Donald Trump, na Pensilv\u00e2nia. \u201cAssim como vimos com Bolsonaro em 2018, quando ele foi esfaqueado durante um com\u00edcio, esse ataque contra Trump \u00e9 uma tentativa de calar vozes e intimidar l\u00edderes que representam milh\u00f5es de pessoas. N\u00e3o podemos tolerar esse tipo de viol\u00eancia em nossas democracias.\u201d, afirmou Gon\u00e7alves.<\/p>\n<p>O deputado Rodrigo Valadares (Uni\u00e3o-SE) destacou a necessidade de uni\u00e3o contra a viol\u00eancia pol\u00edtica: \u201cIndependente de posi\u00e7\u00f5es ideol\u00f3gicas, ataques como esses s\u00e3o inaceit\u00e1veis. Precisamos nos unir para garantir a seguran\u00e7a e a integridade de nossos representantes. Lamentavelmente, j\u00e1 vivenciamos isso no Brasil com o presidente Bolsonaro, e n\u00e3o aceitamos que isso ocorra em lugar nenhum isso.\u201d, declarou Valadares.<\/p>\n<p>Rodolfo Nogueira (PL-MS) concluiu enfatizando a que \u00e9 uma tentativa de silenciar a direita: \u201cA tentativa de assassinato de Donald Trump, assim como a facada em Jair Bolsonaro, \u00e9 um ataque vil \u00e0 democracia. A direita s\u00f3 est\u00e1 crescendo no mundo inteiro e a \u00fanica forma que acham de nos frear \u00e9 assim. Triste.\u201d, disse Nogueira.<\/p>\n<p>Ouro deputado, Coronel Telhada (PP-SP), refor\u00e7ou a gravidade do atentado e a necessidade de medidas de seguran\u00e7a mais rigorosas para proteger l\u00edderes pol\u00edticos: \u201cO atentado deixa bem claro a maneira da esquerda agir. Se n\u00e3o podem vencer, vamos eliminar. Bolsonaro passou por isso tamb\u00e9m. Canalhas e criminosos costumam agir na covardia.\u201d, disse Telhada.<\/p>\n<p>J\u00e1 Silvia Wai\u00e3pi (PL-AP) ressaltou a import\u00e2ncia da estabilidade democr\u00e1tica: \u201cAgora eles querem parar a direita com tiros? Essa \u00e9 a forma democr\u00e1tica que a esquerda emprega? O modus operandi de fazer pol\u00edtica.\u201d afirmou Wai\u00e3pi.<\/p>\n<p>Informa\u00e7\u00f5es do Di\u00e1rio do Poder \/ Foto: Reprodu\u00e7\u00e3o<\/p>\n","protected":false},"excerpt":{"rendered":"<p>Deputados como Sargento Gon\u00e7alves (PL-RN) lembrou da facada ao ex-presidene. Jair Bolsonaro, ao tomar conhecimento do atentado a tiros contra<\/p>\n","protected":false},"author":4,"featured_media":15012,"comment_status":"open","ping_status":"open","sticky":false,"template":"","format":"standard","meta":{"colormag_page_container_layout":"default_layout","colormag_page_sidebar_layout":"default_layout","_FSMCFIC_featured_image_caption":"","_FSMCFIC_featured_image_nocaption":"","_FSMCFIC_featured_image_hide":"","footnotes":""},"categories":[5,1],"tags":[],"class_list":["post-15011","post","type-post","status-publish","format-standard","has-post-thumbnail","hentry","category-politica","category-ultimas"],"yoast_head":"<!-- This site is optimized with the Yoast SEO plugin v27.1.1 - https:\/\/yoast.com\/product\/yoast-seo-wordpress\/ -->\n<title>Deputados acham que atentado a Trump lembra facada de 2018 - Brasil not\u00edcias<\/title>\n<meta name=\"robots\" content=\"index, follow, max-snippet:-1, max-image-preview:large, max-video-preview:-1\" \/>\n<link rel=\"canonical\" href=\"https:\/\/brasilnoticias.org\/site\/deputados-acham-que-atentado-a-trump-lembra-facada-de-2018\/\" \/>\n<meta property=\"og:locale\" content=\"pt_PT\" \/>\n<meta property=\"og:type\" content=\"article\" \/>\n<meta property=\"og:title\" content=\"Deputados acham que atentado a Trump lembra facada de 2018 - Brasil not\u00edcias\" \/>\n<meta property=\"og:description\" content=\"Deputados como Sargento Gon\u00e7alves (PL-RN) lembrou da facada ao ex-presidene. Jair Bolsonaro, ao tomar conhecimento do atentado a tiros contra\" \/>\n<meta property=\"og:url\" content=\"https:\/\/brasilnoticias.org\/site\/deputados-acham-que-atentado-a-trump-lembra-facada-de-2018\/\" \/>\n<meta property=\"og:site_name\" content=\"Brasil not\u00edcias\" \/>\n<meta property=\"article:published_time\" content=\"2024-07-14T20:05:39+00:00\" \/>\n<meta property=\"og:image\" content=\"https:\/\/brasilnoticias.org\/site\/wp-content\/uploads\/2024\/07\/IMAGEM_NOTICIA_2-1.jpg\" \/>\n\t<meta property=\"og:image:width\" content=\"300\" \/>\n\t<meta property=\"og:image:height\" content=\"200\" \/>\n\t<meta property=\"og:image:type\" content=\"image\/jpeg\" \/>\n<meta name=\"author\" content=\"Reda\u00e7\u00e3o\" \/>\n<meta name=\"twitter:card\" content=\"summary_large_image\" \/>\n<meta name=\"twitter:label1\" content=\"Escrito por\" \/>\n\t<meta name=\"twitter:data1\" content=\"Reda\u00e7\u00e3o\" \/>\n<script type=\"application\/ld+json\" class=\"yoast-schema-graph\">{\"@context\":\"https:\/\/schema.org\",\"@graph\":[{\"@type\":\"Article\",\"@id\":\"https:\/\/brasilnoticias.org\/site\/deputados-acham-que-atentado-a-trump-lembra-facada-de-2018\/#article\",\"isPartOf\":{\"@id\":\"https:\/\/brasilnoticias.org\/site\/deputados-acham-que-atentado-a-trump-lembra-facada-de-2018\/\"},\"author\":{\"name\":\"Reda\u00e7\u00e3o\",\"@id\":\"https:\/\/brasilnoticias.org\/site\/#\/schema\/person\/03bbbfe6c7634ad18c26444ea39049fa\"},\"headline\":\"Deputados acham que atentado a Trump lembra facada de 2018\",\"datePublished\":\"2024-07-14T20:05:39+00:00\",\"mainEntityOfPage\":{\"@id\":\"https:\/\/brasilnoticias.org\/site\/deputados-acham-que-atentado-a-trump-lembra-facada-de-2018\/\"},\"wordCount\":315,\"commentCount\":0,\"publisher\":{\"@id\":\"https:\/\/brasilnoticias.org\/site\/#organization\"},\"image\":{\"@id\":\"https:\/\/brasilnoticias.org\/site\/deputados-acham-que-atentado-a-trump-lembra-facada-de-2018\/#primaryimage\"},\"thumbnailUrl\":\"https:\/\/brasilnoticias.org\/site\/wp-content\/uploads\/2024\/07\/IMAGEM_NOTICIA_2-1.jpg\",\"articleSection\":[\"Pol\u00edtica\",\"\u00daltimas\"],\"inLanguage\":\"pt-PT\",\"potentialAction\":[{\"@type\":\"CommentAction\",\"name\":\"Comment\",\"target\":[\"https:\/\/brasilnoticias.org\/site\/deputados-acham-que-atentado-a-trump-lembra-facada-de-2018\/#respond\"]}]},{\"@type\":\"WebPage\",\"@id\":\"https:\/\/brasilnoticias.org\/site\/deputados-acham-que-atentado-a-trump-lembra-facada-de-2018\/\",\"url\":\"https:\/\/brasilnoticias.org\/site\/deputados-acham-que-atentado-a-trump-lembra-facada-de-2018\/\",\"name\":\"Deputados acham que atentado a Trump lembra facada de 2018 - Brasil not\u00edcias\",\"isPartOf\":{\"@id\":\"https:\/\/brasilnoticias.org\/site\/#website\"},\"primaryImageOfPage\":{\"@id\":\"https:\/\/brasilnoticias.org\/site\/deputados-acham-que-atentado-a-trump-lembra-facada-de-2018\/#primaryimage\"},\"image\":{\"@id\":\"https:\/\/brasilnoticias.org\/site\/deputados-acham-que-atentado-a-trump-lembra-facada-de-2018\/#primaryimage\"},\"thumbnailUrl\":\"https:\/\/brasilnoticias.org\/site\/wp-content\/uploads\/2024\/07\/IMAGEM_NOTICIA_2-1.jpg\",\"datePublished\":\"2024-07-14T20:05:39+00:00\",\"breadcrumb\":{\"@id\":\"https:\/\/brasilnoticias.org\/site\/deputados-acham-que-atentado-a-trump-lembra-facada-de-2018\/#breadcrumb\"},\"inLanguage\":\"pt-PT\",\"potentialAction\":[{\"@type\":\"ReadAction\",\"target\":[\"https:\/\/brasilnoticias.org\/site\/deputados-acham-que-atentado-a-trump-lembra-facada-de-2018\/\"]}]},{\"@type\":\"ImageObject\",\"inLanguage\":\"pt-PT\",\"@id\":\"https:\/\/brasilnoticias.org\/site\/deputados-acham-que-atentado-a-trump-lembra-facada-de-2018\/#primaryimage\",\"url\":\"https:\/\/brasilnoticias.org\/site\/wp-content\/uploads\/2024\/07\/IMAGEM_NOTICIA_2-1.jpg\",\"contentUrl\":\"https:\/\/brasilnoticias.org\/site\/wp-content\/uploads\/2024\/07\/IMAGEM_NOTICIA_2-1.jpg\",\"width\":300,\"height\":200},{\"@type\":\"BreadcrumbList\",\"@id\":\"https:\/\/brasilnoticias.org\/site\/deputados-acham-que-atentado-a-trump-lembra-facada-de-2018\/#breadcrumb\",\"itemListElement\":[{\"@type\":\"ListItem\",\"position\":1,\"name\":\"In\u00edcio\",\"item\":\"https:\/\/brasilnoticias.org\/site\/\"},{\"@type\":\"ListItem\",\"position\":2,\"name\":\"Deputados acham que atentado a Trump lembra facada de 2018\"}]},{\"@type\":\"WebSite\",\"@id\":\"https:\/\/brasilnoticias.org\/site\/#website\",\"url\":\"https:\/\/brasilnoticias.org\/site\/\",\"name\":\"Brasil not\u00edcias\",\"description\":\"Brasil not\u00edcias\",\"publisher\":{\"@id\":\"https:\/\/brasilnoticias.org\/site\/#organization\"},\"potentialAction\":[{\"@type\":\"SearchAction\",\"target\":{\"@type\":\"EntryPoint\",\"urlTemplate\":\"https:\/\/brasilnoticias.org\/site\/?s={search_term_string}\"},\"query-input\":{\"@type\":\"PropertyValueSpecification\",\"valueRequired\":true,\"valueName\":\"search_term_string\"}}],\"inLanguage\":\"pt-PT\"},{\"@type\":\"Organization\",\"@id\":\"https:\/\/brasilnoticias.org\/site\/#organization\",\"name\":\"Brasil not\u00edcias\",\"url\":\"https:\/\/brasilnoticias.org\/site\/\",\"logo\":{\"@type\":\"ImageObject\",\"inLanguage\":\"pt-PT\",\"@id\":\"https:\/\/brasilnoticias.org\/site\/#\/schema\/logo\/image\/\",\"url\":\"https:\/\/brasilnoticias.org\/site\/wp-content\/uploads\/2022\/05\/cropped-brasilnoticias-mini.jpg\",\"contentUrl\":\"https:\/\/brasilnoticias.org\/site\/wp-content\/uploads\/2022\/05\/cropped-brasilnoticias-mini.jpg\",\"width\":314,\"height\":86,\"caption\":\"Brasil not\u00edcias\"},\"image\":{\"@id\":\"https:\/\/brasilnoticias.org\/site\/#\/schema\/logo\/image\/\"}},{\"@type\":\"Person\",\"@id\":\"https:\/\/brasilnoticias.org\/site\/#\/schema\/person\/03bbbfe6c7634ad18c26444ea39049fa\",\"name\":\"Reda\u00e7\u00e3o\",\"image\":{\"@type\":\"ImageObject\",\"inLanguage\":\"pt-PT\",\"@id\":\"https:\/\/brasilnoticias.org\/site\/#\/schema\/person\/image\/\",\"url\":\"https:\/\/secure.gravatar.com\/avatar\/9ecaf7327a696cb23ad926fedded5f1f04d7049de9e445375d55b48c001a6e42?s=96&d=mm&r=g\",\"contentUrl\":\"https:\/\/secure.gravatar.com\/avatar\/9ecaf7327a696cb23ad926fedded5f1f04d7049de9e445375d55b48c001a6e42?s=96&d=mm&r=g\",\"caption\":\"Reda\u00e7\u00e3o\"},\"url\":\"https:\/\/brasilnoticias.org\/site\/author\/henrique\/\"}]}<\/script>\n<!-- \/ Yoast SEO plugin. -->","yoast_head_json":{"title":"Deputados acham que atentado a Trump lembra facada de 2018 - Brasil not\u00edcias","robots":{"index":"index","follow":"follow","max-snippet":"max-snippet:-1","max-image-preview":"max-image-preview:large","max-video-preview":"max-video-preview:-1"},"canonical":"https:\/\/brasilnoticias.org\/site\/deputados-acham-que-atentado-a-trump-lembra-facada-de-2018\/","og_locale":"pt_PT","og_type":"article","og_title":"Deputados acham que atentado a Trump lembra facada de 2018 - Brasil not\u00edcias","og_description":"Deputados como Sargento Gon\u00e7alves (PL-RN) lembrou da facada ao ex-presidene. Jair Bolsonaro, ao tomar conhecimento do atentado a tiros contra","og_url":"https:\/\/brasilnoticias.org\/site\/deputados-acham-que-atentado-a-trump-lembra-facada-de-2018\/","og_site_name":"Brasil not\u00edcias","article_published_time":"2024-07-14T20:05:39+00:00","og_image":[{"width":300,"height":200,"url":"https:\/\/brasilnoticias.org\/site\/wp-content\/uploads\/2024\/07\/IMAGEM_NOTICIA_2-1.jpg","type":"image\/jpeg"}],"author":"Reda\u00e7\u00e3o","twitter_card":"summary_large_image","twitter_misc":{"Escrito por":"Reda\u00e7\u00e3o"},"schema":{"@context":"https:\/\/schema.org","@graph":[{"@type":"Article","@id":"https:\/\/brasilnoticias.org\/site\/deputados-acham-que-atentado-a-trump-lembra-facada-de-2018\/#article","isPartOf":{"@id":"https:\/\/brasilnoticias.org\/site\/deputados-acham-que-atentado-a-trump-lembra-facada-de-2018\/"},"author":{"name":"Reda\u00e7\u00e3o","@id":"https:\/\/brasilnoticias.org\/site\/#\/schema\/person\/03bbbfe6c7634ad18c26444ea39049fa"},"headline":"Deputados acham que atentado a Trump lembra facada de 2018","datePublished":"2024-07-14T20:05:39+00:00","mainEntityOfPage":{"@id":"https:\/\/brasilnoticias.org\/site\/deputados-acham-que-atentado-a-trump-lembra-facada-de-2018\/"},"wordCount":315,"commentCount":0,"publisher":{"@id":"https:\/\/brasilnoticias.org\/site\/#organization"},"image":{"@id":"https:\/\/brasilnoticias.org\/site\/deputados-acham-que-atentado-a-trump-lembra-facada-de-2018\/#primaryimage"},"thumbnailUrl":"https:\/\/brasilnoticias.org\/site\/wp-content\/uploads\/2024\/07\/IMAGEM_NOTICIA_2-1.jpg","articleSection":["Pol\u00edtica","\u00daltimas"],"inLanguage":"pt-PT","potentialAction":[{"@type":"CommentAction","name":"Comment","target":["https:\/\/brasilnoticias.org\/site\/deputados-acham-que-atentado-a-trump-lembra-facada-de-2018\/#respond"]}]},{"@type":"WebPage","@id":"https:\/\/brasilnoticias.org\/site\/deputados-acham-que-atentado-a-trump-lembra-facada-de-2018\/","url":"https:\/\/brasilnoticias.org\/site\/deputados-acham-que-atentado-a-trump-lembra-facada-de-2018\/","name":"Deputados acham que atentado a Trump lembra facada de 2018 - Brasil not\u00edcias","isPartOf":{"@id":"https:\/\/brasilnoticias.org\/site\/#website"},"primaryImageOfPage":{"@id":"https:\/\/brasilnoticias.org\/site\/deputados-acham-que-atentado-a-trump-lembra-facada-de-2018\/#primaryimage"},"image":{"@id":"https:\/\/brasilnoticias.org\/site\/deputados-acham-que-atentado-a-trump-lembra-facada-de-2018\/#primaryimage"},"thumbnailUrl":"https:\/\/brasilnoticias.org\/site\/wp-content\/uploads\/2024\/07\/IMAGEM_NOTICIA_2-1.jpg","datePublished":"2024-07-14T20:05:39+00:00","breadcrumb":{"@id":"https:\/\/brasilnoticias.org\/site\/deputados-acham-que-atentado-a-trump-lembra-facada-de-2018\/#breadcrumb"},"inLanguage":"pt-PT","potentialAction":[{"@type":"ReadAction","target":["https:\/\/brasilnoticias.org\/site\/deputados-acham-que-atentado-a-trump-lembra-facada-de-2018\/"]}]},{"@type":"ImageObject","inLanguage":"pt-PT","@id":"https:\/\/brasilnoticias.org\/site\/deputados-acham-que-atentado-a-trump-lembra-facada-de-2018\/#primaryimage","url":"https:\/\/brasilnoticias.org\/site\/wp-content\/uploads\/2024\/07\/IMAGEM_NOTICIA_2-1.jpg","contentUrl":"https:\/\/brasilnoticias.org\/site\/wp-content\/uploads\/2024\/07\/IMAGEM_NOTICIA_2-1.jpg","width":300,"height":200},{"@type":"BreadcrumbList","@id":"https:\/\/brasilnoticias.org\/site\/deputados-acham-que-atentado-a-trump-lembra-facada-de-2018\/#breadcrumb","itemListElement":[{"@type":"ListItem","position":1,"name":"In\u00edcio","item":"https:\/\/brasilnoticias.org\/site\/"},{"@type":"ListItem","position":2,"name":"Deputados acham que atentado a Trump lembra facada de 2018"}]},{"@type":"WebSite","@id":"https:\/\/brasilnoticias.org\/site\/#website","url":"https:\/\/brasilnoticias.org\/site\/","name":"Brasil not\u00edcias","description":"Brasil not\u00edcias","publisher":{"@id":"https:\/\/brasilnoticias.org\/site\/#organization"},"potentialAction":[{"@type":"SearchAction","target":{"@type":"EntryPoint","urlTemplate":"https:\/\/brasilnoticias.org\/site\/?s={search_term_string}"},"query-input":{"@type":"PropertyValueSpecification","valueRequired":true,"valueName":"search_term_string"}}],"inLanguage":"pt-PT"},{"@type":"Organization","@id":"https:\/\/brasilnoticias.org\/site\/#organization","name":"Brasil not\u00edcias","url":"https:\/\/brasilnoticias.org\/site\/","logo":{"@type":"ImageObject","inLanguage":"pt-PT","@id":"https:\/\/brasilnoticias.org\/site\/#\/schema\/logo\/image\/","url":"https:\/\/brasilnoticias.org\/site\/wp-content\/uploads\/2022\/05\/cropped-brasilnoticias-mini.jpg","contentUrl":"https:\/\/brasilnoticias.org\/site\/wp-content\/uploads\/2022\/05\/cropped-brasilnoticias-mini.jpg","width":314,"height":86,"caption":"Brasil not\u00edcias"},"image":{"@id":"https:\/\/brasilnoticias.org\/site\/#\/schema\/logo\/image\/"}},{"@type":"Person","@id":"https:\/\/brasilnoticias.org\/site\/#\/schema\/person\/03bbbfe6c7634ad18c26444ea39049fa","name":"Reda\u00e7\u00e3o","image":{"@type":"ImageObject","inLanguage":"pt-PT","@id":"https:\/\/brasilnoticias.org\/site\/#\/schema\/person\/image\/","url":"https:\/\/secure.gravatar.com\/avatar\/9ecaf7327a696cb23ad926fedded5f1f04d7049de9e445375d55b48c001a6e42?s=96&d=mm&r=g","contentUrl":"https:\/\/secure.gravatar.com\/avatar\/9ecaf7327a696cb23ad926fedded5f1f04d7049de9e445375d55b48c001a6e42?s=96&d=mm&r=g","caption":"Reda\u00e7\u00e3o"},"url":"https:\/\/brasilnoticias.org\/site\/author\/henrique\/"}]}},"_links":{"self":[{"href":"https:\/\/brasilnoticias.org\/site\/wp-json\/wp\/v2\/posts\/15011","targetHints":{"allow":["GET"]}}],"collection":[{"href":"https:\/\/brasilnoticias.org\/site\/wp-json\/wp\/v2\/posts"}],"about":[{"href":"https:\/\/brasilnoticias.org\/site\/wp-json\/wp\/v2\/types\/post"}],"author":[{"embeddable":true,"href":"https:\/\/brasilnoticias.org\/site\/wp-json\/wp\/v2\/users\/4"}],"replies":[{"embeddable":true,"href":"https:\/\/brasilnoticias.org\/site\/wp-json\/wp\/v2\/comments?post=15011"}],"version-history":[{"count":1,"href":"https:\/\/brasilnoticias.org\/site\/wp-json\/wp\/v2\/posts\/15011\/revisions"}],"predecessor-version":[{"id":15013,"href":"https:\/\/brasilnoticias.org\/site\/wp-json\/wp\/v2\/posts\/15011\/revisions\/15013"}],"wp:featuredmedia":[{"embeddable":true,"href":"https:\/\/brasilnoticias.org\/site\/wp-json\/wp\/v2\/media\/15012"}],"wp:attachment":[{"href":"https:\/\/brasilnoticias.org\/site\/wp-json\/wp\/v2\/media?parent=15011"}],"wp:term":[{"taxonomy":"category","embeddable":true,"href":"https:\/\/brasilnoticias.org\/site\/wp-json\/wp\/v2\/categories?post=15011"},{"taxonomy":"post_tag","embeddable":true,"href":"https:\/\/brasilnoticias.org\/site\/wp-json\/wp\/v2\/tags?post=15011"}],"curies":[{"name":"wp","href":"https:\/\/api.w.org\/{rel}","templated":true}]}}