{"id":15017,"date":"2024-07-14T17:08:48","date_gmt":"2024-07-14T20:08:48","guid":{"rendered":"https:\/\/brasilnoticias.org\/site\/?p=15017"},"modified":"2024-07-14T17:08:48","modified_gmt":"2024-07-14T20:08:48","slug":"homem-que-morreu-durante-atentado-a-trump-e-identificado-como-ex-chefe-dos-bombeiros-voluntarios","status":"publish","type":"post","link":"https:\/\/brasilnoticias.org\/site\/homem-que-morreu-durante-atentado-a-trump-e-identificado-como-ex-chefe-dos-bombeiros-voluntarios\/","title":{"rendered":"Homem que morreu durante atentado a Trump \u00e9 identificado como ex-chefe dos Bombeiros Volunt\u00e1rios"},"content":{"rendered":"<p>Atentado contra ex-presidente Donald Trump deixa um morto e dois feridos<\/p>\n<p>O homem que morreu durante o atentado contra o ex-presidente Donald Trump, neste s\u00e1bado (13), na cidade de Butler, estado da Pensilv\u00e2nia, foi identificado como Corey Comperatore, de 50 anos. Comperatore atuou anteriormente como chefe do Corpo de Bombeiros Volunt\u00e1rios de Buffalo Township. A fam\u00edlia dele fez uma postagem no Facebook lamentando a perda.<\/p>\n<p>No ataque, al\u00e9m da morte de Comperatore, outras duas pessoas ficaram gravemente feridas. O autor dos disparos, que foi morto pelo Servi\u00e7o Secreto dos Estados Unidos, abriu fogo contra o palco onde Trump discursava. O FBI est\u00e1 investigando o caso como uma tentativa de assassinato.<\/p>\n<p>De acordo com o Servi\u00e7o Secreto dos EUA, o atirador disparou v\u00e1rias vezes de um ponto elevado fora do local do com\u00edcio, atingindo Trump na orelha. A r\u00e1pida resposta do Servi\u00e7o Secreto impediu que a situa\u00e7\u00e3o fosse ainda mais tr\u00e1gica.<\/p>\n<p>Ap\u00f3s o atentado, Donald Trump se pronunciou enviando &#8220;condol\u00eancias para a fam\u00edlia da pessoa que foi morta no com\u00edcio e tamb\u00e9m \u00e0 fam\u00edlia da outra pessoa que ficou gravemente ferida&#8221;. O ex-presidente agradeceu o apoio e as ora\u00e7\u00f5es recebidas e destacou a import\u00e2ncia da uni\u00e3o do povo americano diante de atos de viol\u00eancia.<\/p>\n<p>Foto: Reprodu\u00e7\u00e3o\/Redes sociais<br \/>\nPor: Metro1<\/p>\n","protected":false},"excerpt":{"rendered":"<p>Atentado contra ex-presidente Donald Trump deixa um morto e dois feridos O homem que morreu durante o atentado contra o<\/p>\n","protected":false},"author":4,"featured_media":15018,"comment_status":"open","ping_status":"open","sticky":false,"template":"","format":"standard","meta":{"colormag_page_container_layout":"default_layout","colormag_page_sidebar_layout":"default_layout","_FSMCFIC_featured_image_caption":"","_FSMCFIC_featured_image_nocaption":"","_FSMCFIC_featured_image_hide":"","footnotes":""},"categories":[6,1],"tags":[],"class_list":["post-15017","post","type-post","status-publish","format-standard","has-post-thumbnail","hentry","category-mundo","category-ultimas"],"yoast_head":"<!-- This site is optimized with the Yoast SEO plugin v27.1.1 - https:\/\/yoast.com\/product\/yoast-seo-wordpress\/ -->\n<title>Homem que morreu durante atentado a Trump \u00e9 identificado como ex-chefe dos Bombeiros Volunt\u00e1rios - Brasil not\u00edcias<\/title>\n<meta name=\"robots\" content=\"index, follow, max-snippet:-1, max-image-preview:large, max-video-preview:-1\" \/>\n<link rel=\"canonical\" href=\"https:\/\/brasilnoticias.org\/site\/homem-que-morreu-durante-atentado-a-trump-e-identificado-como-ex-chefe-dos-bombeiros-voluntarios\/\" \/>\n<meta property=\"og:locale\" content=\"pt_PT\" \/>\n<meta property=\"og:type\" content=\"article\" \/>\n<meta property=\"og:title\" content=\"Homem que morreu durante atentado a Trump \u00e9 identificado como ex-chefe dos Bombeiros Volunt\u00e1rios - Brasil not\u00edcias\" \/>\n<meta property=\"og:description\" content=\"Atentado contra ex-presidente Donald Trump deixa um morto e dois feridos O homem que morreu durante o atentado contra o\" \/>\n<meta property=\"og:url\" content=\"https:\/\/brasilnoticias.org\/site\/homem-que-morreu-durante-atentado-a-trump-e-identificado-como-ex-chefe-dos-bombeiros-voluntarios\/\" \/>\n<meta property=\"og:site_name\" content=\"Brasil not\u00edcias\" \/>\n<meta property=\"article:published_time\" content=\"2024-07-14T20:08:48+00:00\" \/>\n<meta property=\"og:image\" content=\"https:\/\/brasilnoticias.org\/site\/wp-content\/uploads\/2024\/07\/152795homem-que-morreu-durante-atentado-a-trump-e-identificado-como-ex-chefe-dos-bombeiros-voluntarios-3.jpg\" \/>\n\t<meta property=\"og:image:width\" content=\"1600\" \/>\n\t<meta property=\"og:image:height\" content=\"752\" \/>\n\t<meta property=\"og:image:type\" content=\"image\/jpeg\" \/>\n<meta name=\"author\" content=\"Reda\u00e7\u00e3o\" \/>\n<meta name=\"twitter:card\" content=\"summary_large_image\" \/>\n<meta name=\"twitter:label1\" content=\"Escrito por\" \/>\n\t<meta name=\"twitter:data1\" content=\"Reda\u00e7\u00e3o\" \/>\n<script type=\"application\/ld+json\" class=\"yoast-schema-graph\">{\"@context\":\"https:\/\/schema.org\",\"@graph\":[{\"@type\":\"Article\",\"@id\":\"https:\/\/brasilnoticias.org\/site\/homem-que-morreu-durante-atentado-a-trump-e-identificado-como-ex-chefe-dos-bombeiros-voluntarios\/#article\",\"isPartOf\":{\"@id\":\"https:\/\/brasilnoticias.org\/site\/homem-que-morreu-durante-atentado-a-trump-e-identificado-como-ex-chefe-dos-bombeiros-voluntarios\/\"},\"author\":{\"name\":\"Reda\u00e7\u00e3o\",\"@id\":\"https:\/\/brasilnoticias.org\/site\/#\/schema\/person\/03bbbfe6c7634ad18c26444ea39049fa\"},\"headline\":\"Homem que morreu durante atentado a Trump \u00e9 identificado como ex-chefe dos Bombeiros Volunt\u00e1rios\",\"datePublished\":\"2024-07-14T20:08:48+00:00\",\"mainEntityOfPage\":{\"@id\":\"https:\/\/brasilnoticias.org\/site\/homem-que-morreu-durante-atentado-a-trump-e-identificado-como-ex-chefe-dos-bombeiros-voluntarios\/\"},\"wordCount\":244,\"commentCount\":0,\"publisher\":{\"@id\":\"https:\/\/brasilnoticias.org\/site\/#organization\"},\"image\":{\"@id\":\"https:\/\/brasilnoticias.org\/site\/homem-que-morreu-durante-atentado-a-trump-e-identificado-como-ex-chefe-dos-bombeiros-voluntarios\/#primaryimage\"},\"thumbnailUrl\":\"https:\/\/brasilnoticias.org\/site\/wp-content\/uploads\/2024\/07\/152795homem-que-morreu-durante-atentado-a-trump-e-identificado-como-ex-chefe-dos-bombeiros-voluntarios-3.jpg\",\"articleSection\":[\"Mundo\",\"\u00daltimas\"],\"inLanguage\":\"pt-PT\",\"potentialAction\":[{\"@type\":\"CommentAction\",\"name\":\"Comment\",\"target\":[\"https:\/\/brasilnoticias.org\/site\/homem-que-morreu-durante-atentado-a-trump-e-identificado-como-ex-chefe-dos-bombeiros-voluntarios\/#respond\"]}]},{\"@type\":\"WebPage\",\"@id\":\"https:\/\/brasilnoticias.org\/site\/homem-que-morreu-durante-atentado-a-trump-e-identificado-como-ex-chefe-dos-bombeiros-voluntarios\/\",\"url\":\"https:\/\/brasilnoticias.org\/site\/homem-que-morreu-durante-atentado-a-trump-e-identificado-como-ex-chefe-dos-bombeiros-voluntarios\/\",\"name\":\"Homem que morreu durante atentado a Trump \u00e9 identificado como ex-chefe dos Bombeiros Volunt\u00e1rios - Brasil not\u00edcias\",\"isPartOf\":{\"@id\":\"https:\/\/brasilnoticias.org\/site\/#website\"},\"primaryImageOfPage\":{\"@id\":\"https:\/\/brasilnoticias.org\/site\/homem-que-morreu-durante-atentado-a-trump-e-identificado-como-ex-chefe-dos-bombeiros-voluntarios\/#primaryimage\"},\"image\":{\"@id\":\"https:\/\/brasilnoticias.org\/site\/homem-que-morreu-durante-atentado-a-trump-e-identificado-como-ex-chefe-dos-bombeiros-voluntarios\/#primaryimage\"},\"thumbnailUrl\":\"https:\/\/brasilnoticias.org\/site\/wp-content\/uploads\/2024\/07\/152795homem-que-morreu-durante-atentado-a-trump-e-identificado-como-ex-chefe-dos-bombeiros-voluntarios-3.jpg\",\"datePublished\":\"2024-07-14T20:08:48+00:00\",\"breadcrumb\":{\"@id\":\"https:\/\/brasilnoticias.org\/site\/homem-que-morreu-durante-atentado-a-trump-e-identificado-como-ex-chefe-dos-bombeiros-voluntarios\/#breadcrumb\"},\"inLanguage\":\"pt-PT\",\"potentialAction\":[{\"@type\":\"ReadAction\",\"target\":[\"https:\/\/brasilnoticias.org\/site\/homem-que-morreu-durante-atentado-a-trump-e-identificado-como-ex-chefe-dos-bombeiros-voluntarios\/\"]}]},{\"@type\":\"ImageObject\",\"inLanguage\":\"pt-PT\",\"@id\":\"https:\/\/brasilnoticias.org\/site\/homem-que-morreu-durante-atentado-a-trump-e-identificado-como-ex-chefe-dos-bombeiros-voluntarios\/#primaryimage\",\"url\":\"https:\/\/brasilnoticias.org\/site\/wp-content\/uploads\/2024\/07\/152795homem-que-morreu-durante-atentado-a-trump-e-identificado-como-ex-chefe-dos-bombeiros-voluntarios-3.jpg\",\"contentUrl\":\"https:\/\/brasilnoticias.org\/site\/wp-content\/uploads\/2024\/07\/152795homem-que-morreu-durante-atentado-a-trump-e-identificado-como-ex-chefe-dos-bombeiros-voluntarios-3.jpg\",\"width\":1600,\"height\":752},{\"@type\":\"BreadcrumbList\",\"@id\":\"https:\/\/brasilnoticias.org\/site\/homem-que-morreu-durante-atentado-a-trump-e-identificado-como-ex-chefe-dos-bombeiros-voluntarios\/#breadcrumb\",\"itemListElement\":[{\"@type\":\"ListItem\",\"position\":1,\"name\":\"In\u00edcio\",\"item\":\"https:\/\/brasilnoticias.org\/site\/\"},{\"@type\":\"ListItem\",\"position\":2,\"name\":\"Homem que morreu durante atentado a Trump \u00e9 identificado como ex-chefe dos Bombeiros Volunt\u00e1rios\"}]},{\"@type\":\"WebSite\",\"@id\":\"https:\/\/brasilnoticias.org\/site\/#website\",\"url\":\"https:\/\/brasilnoticias.org\/site\/\",\"name\":\"Brasil not\u00edcias\",\"description\":\"Brasil not\u00edcias\",\"publisher\":{\"@id\":\"https:\/\/brasilnoticias.org\/site\/#organization\"},\"potentialAction\":[{\"@type\":\"SearchAction\",\"target\":{\"@type\":\"EntryPoint\",\"urlTemplate\":\"https:\/\/brasilnoticias.org\/site\/?s={search_term_string}\"},\"query-input\":{\"@type\":\"PropertyValueSpecification\",\"valueRequired\":true,\"valueName\":\"search_term_string\"}}],\"inLanguage\":\"pt-PT\"},{\"@type\":\"Organization\",\"@id\":\"https:\/\/brasilnoticias.org\/site\/#organization\",\"name\":\"Brasil not\u00edcias\",\"url\":\"https:\/\/brasilnoticias.org\/site\/\",\"logo\":{\"@type\":\"ImageObject\",\"inLanguage\":\"pt-PT\",\"@id\":\"https:\/\/brasilnoticias.org\/site\/#\/schema\/logo\/image\/\",\"url\":\"https:\/\/brasilnoticias.org\/site\/wp-content\/uploads\/2022\/05\/cropped-brasilnoticias-mini.jpg\",\"contentUrl\":\"https:\/\/brasilnoticias.org\/site\/wp-content\/uploads\/2022\/05\/cropped-brasilnoticias-mini.jpg\",\"width\":314,\"height\":86,\"caption\":\"Brasil not\u00edcias\"},\"image\":{\"@id\":\"https:\/\/brasilnoticias.org\/site\/#\/schema\/logo\/image\/\"}},{\"@type\":\"Person\",\"@id\":\"https:\/\/brasilnoticias.org\/site\/#\/schema\/person\/03bbbfe6c7634ad18c26444ea39049fa\",\"name\":\"Reda\u00e7\u00e3o\",\"image\":{\"@type\":\"ImageObject\",\"inLanguage\":\"pt-PT\",\"@id\":\"https:\/\/brasilnoticias.org\/site\/#\/schema\/person\/image\/\",\"url\":\"https:\/\/secure.gravatar.com\/avatar\/9ecaf7327a696cb23ad926fedded5f1f04d7049de9e445375d55b48c001a6e42?s=96&d=mm&r=g\",\"contentUrl\":\"https:\/\/secure.gravatar.com\/avatar\/9ecaf7327a696cb23ad926fedded5f1f04d7049de9e445375d55b48c001a6e42?s=96&d=mm&r=g\",\"caption\":\"Reda\u00e7\u00e3o\"},\"url\":\"https:\/\/brasilnoticias.org\/site\/author\/henrique\/\"}]}<\/script>\n<!-- \/ Yoast SEO plugin. -->","yoast_head_json":{"title":"Homem que morreu durante atentado a Trump \u00e9 identificado como ex-chefe dos Bombeiros Volunt\u00e1rios - Brasil not\u00edcias","robots":{"index":"index","follow":"follow","max-snippet":"max-snippet:-1","max-image-preview":"max-image-preview:large","max-video-preview":"max-video-preview:-1"},"canonical":"https:\/\/brasilnoticias.org\/site\/homem-que-morreu-durante-atentado-a-trump-e-identificado-como-ex-chefe-dos-bombeiros-voluntarios\/","og_locale":"pt_PT","og_type":"article","og_title":"Homem que morreu durante atentado a Trump \u00e9 identificado como ex-chefe dos Bombeiros Volunt\u00e1rios - Brasil not\u00edcias","og_description":"Atentado contra ex-presidente Donald Trump deixa um morto e dois feridos O homem que morreu durante o atentado contra o","og_url":"https:\/\/brasilnoticias.org\/site\/homem-que-morreu-durante-atentado-a-trump-e-identificado-como-ex-chefe-dos-bombeiros-voluntarios\/","og_site_name":"Brasil not\u00edcias","article_published_time":"2024-07-14T20:08:48+00:00","og_image":[{"width":1600,"height":752,"url":"https:\/\/brasilnoticias.org\/site\/wp-content\/uploads\/2024\/07\/152795homem-que-morreu-durante-atentado-a-trump-e-identificado-como-ex-chefe-dos-bombeiros-voluntarios-3.jpg","type":"image\/jpeg"}],"author":"Reda\u00e7\u00e3o","twitter_card":"summary_large_image","twitter_misc":{"Escrito por":"Reda\u00e7\u00e3o"},"schema":{"@context":"https:\/\/schema.org","@graph":[{"@type":"Article","@id":"https:\/\/brasilnoticias.org\/site\/homem-que-morreu-durante-atentado-a-trump-e-identificado-como-ex-chefe-dos-bombeiros-voluntarios\/#article","isPartOf":{"@id":"https:\/\/brasilnoticias.org\/site\/homem-que-morreu-durante-atentado-a-trump-e-identificado-como-ex-chefe-dos-bombeiros-voluntarios\/"},"author":{"name":"Reda\u00e7\u00e3o","@id":"https:\/\/brasilnoticias.org\/site\/#\/schema\/person\/03bbbfe6c7634ad18c26444ea39049fa"},"headline":"Homem que morreu durante atentado a Trump \u00e9 identificado como ex-chefe dos Bombeiros Volunt\u00e1rios","datePublished":"2024-07-14T20:08:48+00:00","mainEntityOfPage":{"@id":"https:\/\/brasilnoticias.org\/site\/homem-que-morreu-durante-atentado-a-trump-e-identificado-como-ex-chefe-dos-bombeiros-voluntarios\/"},"wordCount":244,"commentCount":0,"publisher":{"@id":"https:\/\/brasilnoticias.org\/site\/#organization"},"image":{"@id":"https:\/\/brasilnoticias.org\/site\/homem-que-morreu-durante-atentado-a-trump-e-identificado-como-ex-chefe-dos-bombeiros-voluntarios\/#primaryimage"},"thumbnailUrl":"https:\/\/brasilnoticias.org\/site\/wp-content\/uploads\/2024\/07\/152795homem-que-morreu-durante-atentado-a-trump-e-identificado-como-ex-chefe-dos-bombeiros-voluntarios-3.jpg","articleSection":["Mundo","\u00daltimas"],"inLanguage":"pt-PT","potentialAction":[{"@type":"CommentAction","name":"Comment","target":["https:\/\/brasilnoticias.org\/site\/homem-que-morreu-durante-atentado-a-trump-e-identificado-como-ex-chefe-dos-bombeiros-voluntarios\/#respond"]}]},{"@type":"WebPage","@id":"https:\/\/brasilnoticias.org\/site\/homem-que-morreu-durante-atentado-a-trump-e-identificado-como-ex-chefe-dos-bombeiros-voluntarios\/","url":"https:\/\/brasilnoticias.org\/site\/homem-que-morreu-durante-atentado-a-trump-e-identificado-como-ex-chefe-dos-bombeiros-voluntarios\/","name":"Homem que morreu durante atentado a Trump \u00e9 identificado como ex-chefe dos Bombeiros Volunt\u00e1rios - Brasil not\u00edcias","isPartOf":{"@id":"https:\/\/brasilnoticias.org\/site\/#website"},"primaryImageOfPage":{"@id":"https:\/\/brasilnoticias.org\/site\/homem-que-morreu-durante-atentado-a-trump-e-identificado-como-ex-chefe-dos-bombeiros-voluntarios\/#primaryimage"},"image":{"@id":"https:\/\/brasilnoticias.org\/site\/homem-que-morreu-durante-atentado-a-trump-e-identificado-como-ex-chefe-dos-bombeiros-voluntarios\/#primaryimage"},"thumbnailUrl":"https:\/\/brasilnoticias.org\/site\/wp-content\/uploads\/2024\/07\/152795homem-que-morreu-durante-atentado-a-trump-e-identificado-como-ex-chefe-dos-bombeiros-voluntarios-3.jpg","datePublished":"2024-07-14T20:08:48+00:00","breadcrumb":{"@id":"https:\/\/brasilnoticias.org\/site\/homem-que-morreu-durante-atentado-a-trump-e-identificado-como-ex-chefe-dos-bombeiros-voluntarios\/#breadcrumb"},"inLanguage":"pt-PT","potentialAction":[{"@type":"ReadAction","target":["https:\/\/brasilnoticias.org\/site\/homem-que-morreu-durante-atentado-a-trump-e-identificado-como-ex-chefe-dos-bombeiros-voluntarios\/"]}]},{"@type":"ImageObject","inLanguage":"pt-PT","@id":"https:\/\/brasilnoticias.org\/site\/homem-que-morreu-durante-atentado-a-trump-e-identificado-como-ex-chefe-dos-bombeiros-voluntarios\/#primaryimage","url":"https:\/\/brasilnoticias.org\/site\/wp-content\/uploads\/2024\/07\/152795homem-que-morreu-durante-atentado-a-trump-e-identificado-como-ex-chefe-dos-bombeiros-voluntarios-3.jpg","contentUrl":"https:\/\/brasilnoticias.org\/site\/wp-content\/uploads\/2024\/07\/152795homem-que-morreu-durante-atentado-a-trump-e-identificado-como-ex-chefe-dos-bombeiros-voluntarios-3.jpg","width":1600,"height":752},{"@type":"BreadcrumbList","@id":"https:\/\/brasilnoticias.org\/site\/homem-que-morreu-durante-atentado-a-trump-e-identificado-como-ex-chefe-dos-bombeiros-voluntarios\/#breadcrumb","itemListElement":[{"@type":"ListItem","position":1,"name":"In\u00edcio","item":"https:\/\/brasilnoticias.org\/site\/"},{"@type":"ListItem","position":2,"name":"Homem que morreu durante atentado a Trump \u00e9 identificado como ex-chefe dos Bombeiros Volunt\u00e1rios"}]},{"@type":"WebSite","@id":"https:\/\/brasilnoticias.org\/site\/#website","url":"https:\/\/brasilnoticias.org\/site\/","name":"Brasil not\u00edcias","description":"Brasil not\u00edcias","publisher":{"@id":"https:\/\/brasilnoticias.org\/site\/#organization"},"potentialAction":[{"@type":"SearchAction","target":{"@type":"EntryPoint","urlTemplate":"https:\/\/brasilnoticias.org\/site\/?s={search_term_string}"},"query-input":{"@type":"PropertyValueSpecification","valueRequired":true,"valueName":"search_term_string"}}],"inLanguage":"pt-PT"},{"@type":"Organization","@id":"https:\/\/brasilnoticias.org\/site\/#organization","name":"Brasil not\u00edcias","url":"https:\/\/brasilnoticias.org\/site\/","logo":{"@type":"ImageObject","inLanguage":"pt-PT","@id":"https:\/\/brasilnoticias.org\/site\/#\/schema\/logo\/image\/","url":"https:\/\/brasilnoticias.org\/site\/wp-content\/uploads\/2022\/05\/cropped-brasilnoticias-mini.jpg","contentUrl":"https:\/\/brasilnoticias.org\/site\/wp-content\/uploads\/2022\/05\/cropped-brasilnoticias-mini.jpg","width":314,"height":86,"caption":"Brasil not\u00edcias"},"image":{"@id":"https:\/\/brasilnoticias.org\/site\/#\/schema\/logo\/image\/"}},{"@type":"Person","@id":"https:\/\/brasilnoticias.org\/site\/#\/schema\/person\/03bbbfe6c7634ad18c26444ea39049fa","name":"Reda\u00e7\u00e3o","image":{"@type":"ImageObject","inLanguage":"pt-PT","@id":"https:\/\/brasilnoticias.org\/site\/#\/schema\/person\/image\/","url":"https:\/\/secure.gravatar.com\/avatar\/9ecaf7327a696cb23ad926fedded5f1f04d7049de9e445375d55b48c001a6e42?s=96&d=mm&r=g","contentUrl":"https:\/\/secure.gravatar.com\/avatar\/9ecaf7327a696cb23ad926fedded5f1f04d7049de9e445375d55b48c001a6e42?s=96&d=mm&r=g","caption":"Reda\u00e7\u00e3o"},"url":"https:\/\/brasilnoticias.org\/site\/author\/henrique\/"}]}},"_links":{"self":[{"href":"https:\/\/brasilnoticias.org\/site\/wp-json\/wp\/v2\/posts\/15017","targetHints":{"allow":["GET"]}}],"collection":[{"href":"https:\/\/brasilnoticias.org\/site\/wp-json\/wp\/v2\/posts"}],"about":[{"href":"https:\/\/brasilnoticias.org\/site\/wp-json\/wp\/v2\/types\/post"}],"author":[{"embeddable":true,"href":"https:\/\/brasilnoticias.org\/site\/wp-json\/wp\/v2\/users\/4"}],"replies":[{"embeddable":true,"href":"https:\/\/brasilnoticias.org\/site\/wp-json\/wp\/v2\/comments?post=15017"}],"version-history":[{"count":1,"href":"https:\/\/brasilnoticias.org\/site\/wp-json\/wp\/v2\/posts\/15017\/revisions"}],"predecessor-version":[{"id":15019,"href":"https:\/\/brasilnoticias.org\/site\/wp-json\/wp\/v2\/posts\/15017\/revisions\/15019"}],"wp:featuredmedia":[{"embeddable":true,"href":"https:\/\/brasilnoticias.org\/site\/wp-json\/wp\/v2\/media\/15018"}],"wp:attachment":[{"href":"https:\/\/brasilnoticias.org\/site\/wp-json\/wp\/v2\/media?parent=15017"}],"wp:term":[{"taxonomy":"category","embeddable":true,"href":"https:\/\/brasilnoticias.org\/site\/wp-json\/wp\/v2\/categories?post=15017"},{"taxonomy":"post_tag","embeddable":true,"href":"https:\/\/brasilnoticias.org\/site\/wp-json\/wp\/v2\/tags?post=15017"}],"curies":[{"name":"wp","href":"https:\/\/api.w.org\/{rel}","templated":true}]}}