{"id":15020,"date":"2024-07-14T17:09:55","date_gmt":"2024-07-14T20:09:55","guid":{"rendered":"https:\/\/brasilnoticias.org\/site\/?p=15020"},"modified":"2024-07-14T17:09:55","modified_gmt":"2024-07-14T20:09:55","slug":"israel-diz-que-matou-alto-comandante-do-hamas-em-bombardeio-na-faixa-de-gaza","status":"publish","type":"post","link":"https:\/\/brasilnoticias.org\/site\/israel-diz-que-matou-alto-comandante-do-hamas-em-bombardeio-na-faixa-de-gaza\/","title":{"rendered":"Israel diz que matou alto comandante do Hamas em bombardeio na Faixa de Gaza"},"content":{"rendered":"<p>Ataque levanta d\u00favidas sobre negocia\u00e7\u00f5es de cessar-fogo e intensifica conflito na regi\u00e3o<\/p>\n<p>O Ex\u00e9rcito de Israel anunciou neste domingo (14) que matou Rafa Salama, um alto comandante do Hamas, em um bombardeio no sul da Faixa de Gaza no s\u00e1bado (13). O ataque, que tamb\u00e9m visava Mohamed Deif, deixou pelo menos 90 palestinos mortos na \u00e1rea de Khan Younis, segundo autoridades de sa\u00fade locais. <\/p>\n<p>O ataque ocorreu em uma zona controlada pelo Hamas e resultou na morte de Salama, descrito pelo Ex\u00e9rcito israelense como c\u00famplice pr\u00f3ximo de Deif e mentor do massacre de 7 de outubro. Embora Deif n\u00e3o tenha sido confirmado como morto, o primeiro-ministro israelense, Benjamin Netanyahu, declarou n\u00e3o haver certeza sobre o destino dos dois l\u00edderes do Hamas.<\/p>\n<p>Apesar da intensifica\u00e7\u00e3o dos ataques, uma autoridade s\u00eanior do Hamas afirmou que o grupo n\u00e3o se retirou das negocia\u00e7\u00f5es de cessar-fogo com Israel. No entanto, o membro do gabinete pol\u00edtico do Hamas, Izzat El-Reshiq, acusou Israel de dificultar os esfor\u00e7os dos mediadores \u00e1rabes e dos Estados Unidos para alcan\u00e7ar um acordo, ao intensificar os ataques.<\/p>\n<p>Os bombardeios israelenses continuaram no domingo, atingindo v\u00e1rias \u00e1reas da Faixa de Gaza. Um ataque a uma escola administrada pela ONU no campo de Nuseirat matou 15 palestinos e feriu dezenas, enquanto ataques a\u00e9reos em quatro casas na Cidade de Gaza resultaram em pelo menos 16 mortos. Desde o in\u00edcio da guerra em outubro, mais de 38.000 palestinos morreram e quase 89.000 ficaram feridos, segundo o Minist\u00e9rio da Sa\u00fade de Gaza.<\/p>\n<p>Foto: divulga\u00e7\u00e3o|IDF<br \/>\nPor: Metro1<\/p>\n","protected":false},"excerpt":{"rendered":"<p>Ataque levanta d\u00favidas sobre negocia\u00e7\u00f5es de cessar-fogo e intensifica conflito na regi\u00e3o O Ex\u00e9rcito de Israel anunciou neste domingo (14)<\/p>\n","protected":false},"author":4,"featured_media":15021,"comment_status":"open","ping_status":"open","sticky":false,"template":"","format":"standard","meta":{"colormag_page_container_layout":"default_layout","colormag_page_sidebar_layout":"default_layout","_FSMCFIC_featured_image_caption":"","_FSMCFIC_featured_image_nocaption":"","_FSMCFIC_featured_image_hide":"","footnotes":""},"categories":[6,1],"tags":[],"class_list":["post-15020","post","type-post","status-publish","format-standard","has-post-thumbnail","hentry","category-mundo","category-ultimas"],"yoast_head":"<!-- This site is optimized with the Yoast SEO plugin v27.1.1 - https:\/\/yoast.com\/product\/yoast-seo-wordpress\/ -->\n<title>Israel diz que matou alto comandante do Hamas em bombardeio na Faixa de Gaza - Brasil not\u00edcias<\/title>\n<meta name=\"robots\" content=\"index, follow, max-snippet:-1, max-image-preview:large, max-video-preview:-1\" \/>\n<link rel=\"canonical\" href=\"https:\/\/brasilnoticias.org\/site\/israel-diz-que-matou-alto-comandante-do-hamas-em-bombardeio-na-faixa-de-gaza\/\" \/>\n<meta property=\"og:locale\" content=\"pt_PT\" \/>\n<meta property=\"og:type\" content=\"article\" \/>\n<meta property=\"og:title\" content=\"Israel diz que matou alto comandante do Hamas em bombardeio na Faixa de Gaza - Brasil not\u00edcias\" \/>\n<meta property=\"og:description\" content=\"Ataque levanta d\u00favidas sobre negocia\u00e7\u00f5es de cessar-fogo e intensifica conflito na regi\u00e3o O Ex\u00e9rcito de Israel anunciou neste domingo (14)\" \/>\n<meta property=\"og:url\" content=\"https:\/\/brasilnoticias.org\/site\/israel-diz-que-matou-alto-comandante-do-hamas-em-bombardeio-na-faixa-de-gaza\/\" \/>\n<meta property=\"og:site_name\" content=\"Brasil not\u00edcias\" \/>\n<meta property=\"article:published_time\" content=\"2024-07-14T20:09:55+00:00\" \/>\n<meta property=\"og:image\" content=\"https:\/\/brasilnoticias.org\/site\/wp-content\/uploads\/2024\/07\/152794israel-diz-que-matou-alto-comandante-do-hamas-em-bombardeio-na-faixa-de-gaza-3.jpg\" \/>\n\t<meta property=\"og:image:width\" content=\"1600\" \/>\n\t<meta property=\"og:image:height\" content=\"752\" \/>\n\t<meta property=\"og:image:type\" content=\"image\/jpeg\" \/>\n<meta name=\"author\" content=\"Reda\u00e7\u00e3o\" \/>\n<meta name=\"twitter:card\" content=\"summary_large_image\" \/>\n<meta name=\"twitter:label1\" content=\"Escrito por\" \/>\n\t<meta name=\"twitter:data1\" content=\"Reda\u00e7\u00e3o\" \/>\n\t<meta name=\"twitter:label2\" content=\"Tempo estimado de leitura\" \/>\n\t<meta name=\"twitter:data2\" content=\"1 minuto\" \/>\n<script type=\"application\/ld+json\" class=\"yoast-schema-graph\">{\"@context\":\"https:\/\/schema.org\",\"@graph\":[{\"@type\":\"Article\",\"@id\":\"https:\/\/brasilnoticias.org\/site\/israel-diz-que-matou-alto-comandante-do-hamas-em-bombardeio-na-faixa-de-gaza\/#article\",\"isPartOf\":{\"@id\":\"https:\/\/brasilnoticias.org\/site\/israel-diz-que-matou-alto-comandante-do-hamas-em-bombardeio-na-faixa-de-gaza\/\"},\"author\":{\"name\":\"Reda\u00e7\u00e3o\",\"@id\":\"https:\/\/brasilnoticias.org\/site\/#\/schema\/person\/03bbbfe6c7634ad18c26444ea39049fa\"},\"headline\":\"Israel diz que matou alto comandante do Hamas em bombardeio na Faixa de Gaza\",\"datePublished\":\"2024-07-14T20:09:55+00:00\",\"mainEntityOfPage\":{\"@id\":\"https:\/\/brasilnoticias.org\/site\/israel-diz-que-matou-alto-comandante-do-hamas-em-bombardeio-na-faixa-de-gaza\/\"},\"wordCount\":284,\"commentCount\":0,\"publisher\":{\"@id\":\"https:\/\/brasilnoticias.org\/site\/#organization\"},\"image\":{\"@id\":\"https:\/\/brasilnoticias.org\/site\/israel-diz-que-matou-alto-comandante-do-hamas-em-bombardeio-na-faixa-de-gaza\/#primaryimage\"},\"thumbnailUrl\":\"https:\/\/brasilnoticias.org\/site\/wp-content\/uploads\/2024\/07\/152794israel-diz-que-matou-alto-comandante-do-hamas-em-bombardeio-na-faixa-de-gaza-3.jpg\",\"articleSection\":[\"Mundo\",\"\u00daltimas\"],\"inLanguage\":\"pt-PT\",\"potentialAction\":[{\"@type\":\"CommentAction\",\"name\":\"Comment\",\"target\":[\"https:\/\/brasilnoticias.org\/site\/israel-diz-que-matou-alto-comandante-do-hamas-em-bombardeio-na-faixa-de-gaza\/#respond\"]}]},{\"@type\":\"WebPage\",\"@id\":\"https:\/\/brasilnoticias.org\/site\/israel-diz-que-matou-alto-comandante-do-hamas-em-bombardeio-na-faixa-de-gaza\/\",\"url\":\"https:\/\/brasilnoticias.org\/site\/israel-diz-que-matou-alto-comandante-do-hamas-em-bombardeio-na-faixa-de-gaza\/\",\"name\":\"Israel diz que matou alto comandante do Hamas em bombardeio na Faixa de Gaza - Brasil not\u00edcias\",\"isPartOf\":{\"@id\":\"https:\/\/brasilnoticias.org\/site\/#website\"},\"primaryImageOfPage\":{\"@id\":\"https:\/\/brasilnoticias.org\/site\/israel-diz-que-matou-alto-comandante-do-hamas-em-bombardeio-na-faixa-de-gaza\/#primaryimage\"},\"image\":{\"@id\":\"https:\/\/brasilnoticias.org\/site\/israel-diz-que-matou-alto-comandante-do-hamas-em-bombardeio-na-faixa-de-gaza\/#primaryimage\"},\"thumbnailUrl\":\"https:\/\/brasilnoticias.org\/site\/wp-content\/uploads\/2024\/07\/152794israel-diz-que-matou-alto-comandante-do-hamas-em-bombardeio-na-faixa-de-gaza-3.jpg\",\"datePublished\":\"2024-07-14T20:09:55+00:00\",\"breadcrumb\":{\"@id\":\"https:\/\/brasilnoticias.org\/site\/israel-diz-que-matou-alto-comandante-do-hamas-em-bombardeio-na-faixa-de-gaza\/#breadcrumb\"},\"inLanguage\":\"pt-PT\",\"potentialAction\":[{\"@type\":\"ReadAction\",\"target\":[\"https:\/\/brasilnoticias.org\/site\/israel-diz-que-matou-alto-comandante-do-hamas-em-bombardeio-na-faixa-de-gaza\/\"]}]},{\"@type\":\"ImageObject\",\"inLanguage\":\"pt-PT\",\"@id\":\"https:\/\/brasilnoticias.org\/site\/israel-diz-que-matou-alto-comandante-do-hamas-em-bombardeio-na-faixa-de-gaza\/#primaryimage\",\"url\":\"https:\/\/brasilnoticias.org\/site\/wp-content\/uploads\/2024\/07\/152794israel-diz-que-matou-alto-comandante-do-hamas-em-bombardeio-na-faixa-de-gaza-3.jpg\",\"contentUrl\":\"https:\/\/brasilnoticias.org\/site\/wp-content\/uploads\/2024\/07\/152794israel-diz-que-matou-alto-comandante-do-hamas-em-bombardeio-na-faixa-de-gaza-3.jpg\",\"width\":1600,\"height\":752},{\"@type\":\"BreadcrumbList\",\"@id\":\"https:\/\/brasilnoticias.org\/site\/israel-diz-que-matou-alto-comandante-do-hamas-em-bombardeio-na-faixa-de-gaza\/#breadcrumb\",\"itemListElement\":[{\"@type\":\"ListItem\",\"position\":1,\"name\":\"In\u00edcio\",\"item\":\"https:\/\/brasilnoticias.org\/site\/\"},{\"@type\":\"ListItem\",\"position\":2,\"name\":\"Israel diz que matou alto comandante do Hamas em bombardeio na Faixa de Gaza\"}]},{\"@type\":\"WebSite\",\"@id\":\"https:\/\/brasilnoticias.org\/site\/#website\",\"url\":\"https:\/\/brasilnoticias.org\/site\/\",\"name\":\"Brasil not\u00edcias\",\"description\":\"Brasil not\u00edcias\",\"publisher\":{\"@id\":\"https:\/\/brasilnoticias.org\/site\/#organization\"},\"potentialAction\":[{\"@type\":\"SearchAction\",\"target\":{\"@type\":\"EntryPoint\",\"urlTemplate\":\"https:\/\/brasilnoticias.org\/site\/?s={search_term_string}\"},\"query-input\":{\"@type\":\"PropertyValueSpecification\",\"valueRequired\":true,\"valueName\":\"search_term_string\"}}],\"inLanguage\":\"pt-PT\"},{\"@type\":\"Organization\",\"@id\":\"https:\/\/brasilnoticias.org\/site\/#organization\",\"name\":\"Brasil not\u00edcias\",\"url\":\"https:\/\/brasilnoticias.org\/site\/\",\"logo\":{\"@type\":\"ImageObject\",\"inLanguage\":\"pt-PT\",\"@id\":\"https:\/\/brasilnoticias.org\/site\/#\/schema\/logo\/image\/\",\"url\":\"https:\/\/brasilnoticias.org\/site\/wp-content\/uploads\/2022\/05\/cropped-brasilnoticias-mini.jpg\",\"contentUrl\":\"https:\/\/brasilnoticias.org\/site\/wp-content\/uploads\/2022\/05\/cropped-brasilnoticias-mini.jpg\",\"width\":314,\"height\":86,\"caption\":\"Brasil not\u00edcias\"},\"image\":{\"@id\":\"https:\/\/brasilnoticias.org\/site\/#\/schema\/logo\/image\/\"}},{\"@type\":\"Person\",\"@id\":\"https:\/\/brasilnoticias.org\/site\/#\/schema\/person\/03bbbfe6c7634ad18c26444ea39049fa\",\"name\":\"Reda\u00e7\u00e3o\",\"image\":{\"@type\":\"ImageObject\",\"inLanguage\":\"pt-PT\",\"@id\":\"https:\/\/brasilnoticias.org\/site\/#\/schema\/person\/image\/\",\"url\":\"https:\/\/secure.gravatar.com\/avatar\/9ecaf7327a696cb23ad926fedded5f1f04d7049de9e445375d55b48c001a6e42?s=96&d=mm&r=g\",\"contentUrl\":\"https:\/\/secure.gravatar.com\/avatar\/9ecaf7327a696cb23ad926fedded5f1f04d7049de9e445375d55b48c001a6e42?s=96&d=mm&r=g\",\"caption\":\"Reda\u00e7\u00e3o\"},\"url\":\"https:\/\/brasilnoticias.org\/site\/author\/henrique\/\"}]}<\/script>\n<!-- \/ Yoast SEO plugin. -->","yoast_head_json":{"title":"Israel diz que matou alto comandante do Hamas em bombardeio na Faixa de Gaza - Brasil not\u00edcias","robots":{"index":"index","follow":"follow","max-snippet":"max-snippet:-1","max-image-preview":"max-image-preview:large","max-video-preview":"max-video-preview:-1"},"canonical":"https:\/\/brasilnoticias.org\/site\/israel-diz-que-matou-alto-comandante-do-hamas-em-bombardeio-na-faixa-de-gaza\/","og_locale":"pt_PT","og_type":"article","og_title":"Israel diz que matou alto comandante do Hamas em bombardeio na Faixa de Gaza - Brasil not\u00edcias","og_description":"Ataque levanta d\u00favidas sobre negocia\u00e7\u00f5es de cessar-fogo e intensifica conflito na regi\u00e3o O Ex\u00e9rcito de Israel anunciou neste domingo (14)","og_url":"https:\/\/brasilnoticias.org\/site\/israel-diz-que-matou-alto-comandante-do-hamas-em-bombardeio-na-faixa-de-gaza\/","og_site_name":"Brasil not\u00edcias","article_published_time":"2024-07-14T20:09:55+00:00","og_image":[{"width":1600,"height":752,"url":"https:\/\/brasilnoticias.org\/site\/wp-content\/uploads\/2024\/07\/152794israel-diz-que-matou-alto-comandante-do-hamas-em-bombardeio-na-faixa-de-gaza-3.jpg","type":"image\/jpeg"}],"author":"Reda\u00e7\u00e3o","twitter_card":"summary_large_image","twitter_misc":{"Escrito por":"Reda\u00e7\u00e3o","Tempo estimado de leitura":"1 minuto"},"schema":{"@context":"https:\/\/schema.org","@graph":[{"@type":"Article","@id":"https:\/\/brasilnoticias.org\/site\/israel-diz-que-matou-alto-comandante-do-hamas-em-bombardeio-na-faixa-de-gaza\/#article","isPartOf":{"@id":"https:\/\/brasilnoticias.org\/site\/israel-diz-que-matou-alto-comandante-do-hamas-em-bombardeio-na-faixa-de-gaza\/"},"author":{"name":"Reda\u00e7\u00e3o","@id":"https:\/\/brasilnoticias.org\/site\/#\/schema\/person\/03bbbfe6c7634ad18c26444ea39049fa"},"headline":"Israel diz que matou alto comandante do Hamas em bombardeio na Faixa de Gaza","datePublished":"2024-07-14T20:09:55+00:00","mainEntityOfPage":{"@id":"https:\/\/brasilnoticias.org\/site\/israel-diz-que-matou-alto-comandante-do-hamas-em-bombardeio-na-faixa-de-gaza\/"},"wordCount":284,"commentCount":0,"publisher":{"@id":"https:\/\/brasilnoticias.org\/site\/#organization"},"image":{"@id":"https:\/\/brasilnoticias.org\/site\/israel-diz-que-matou-alto-comandante-do-hamas-em-bombardeio-na-faixa-de-gaza\/#primaryimage"},"thumbnailUrl":"https:\/\/brasilnoticias.org\/site\/wp-content\/uploads\/2024\/07\/152794israel-diz-que-matou-alto-comandante-do-hamas-em-bombardeio-na-faixa-de-gaza-3.jpg","articleSection":["Mundo","\u00daltimas"],"inLanguage":"pt-PT","potentialAction":[{"@type":"CommentAction","name":"Comment","target":["https:\/\/brasilnoticias.org\/site\/israel-diz-que-matou-alto-comandante-do-hamas-em-bombardeio-na-faixa-de-gaza\/#respond"]}]},{"@type":"WebPage","@id":"https:\/\/brasilnoticias.org\/site\/israel-diz-que-matou-alto-comandante-do-hamas-em-bombardeio-na-faixa-de-gaza\/","url":"https:\/\/brasilnoticias.org\/site\/israel-diz-que-matou-alto-comandante-do-hamas-em-bombardeio-na-faixa-de-gaza\/","name":"Israel diz que matou alto comandante do Hamas em bombardeio na Faixa de Gaza - Brasil not\u00edcias","isPartOf":{"@id":"https:\/\/brasilnoticias.org\/site\/#website"},"primaryImageOfPage":{"@id":"https:\/\/brasilnoticias.org\/site\/israel-diz-que-matou-alto-comandante-do-hamas-em-bombardeio-na-faixa-de-gaza\/#primaryimage"},"image":{"@id":"https:\/\/brasilnoticias.org\/site\/israel-diz-que-matou-alto-comandante-do-hamas-em-bombardeio-na-faixa-de-gaza\/#primaryimage"},"thumbnailUrl":"https:\/\/brasilnoticias.org\/site\/wp-content\/uploads\/2024\/07\/152794israel-diz-que-matou-alto-comandante-do-hamas-em-bombardeio-na-faixa-de-gaza-3.jpg","datePublished":"2024-07-14T20:09:55+00:00","breadcrumb":{"@id":"https:\/\/brasilnoticias.org\/site\/israel-diz-que-matou-alto-comandante-do-hamas-em-bombardeio-na-faixa-de-gaza\/#breadcrumb"},"inLanguage":"pt-PT","potentialAction":[{"@type":"ReadAction","target":["https:\/\/brasilnoticias.org\/site\/israel-diz-que-matou-alto-comandante-do-hamas-em-bombardeio-na-faixa-de-gaza\/"]}]},{"@type":"ImageObject","inLanguage":"pt-PT","@id":"https:\/\/brasilnoticias.org\/site\/israel-diz-que-matou-alto-comandante-do-hamas-em-bombardeio-na-faixa-de-gaza\/#primaryimage","url":"https:\/\/brasilnoticias.org\/site\/wp-content\/uploads\/2024\/07\/152794israel-diz-que-matou-alto-comandante-do-hamas-em-bombardeio-na-faixa-de-gaza-3.jpg","contentUrl":"https:\/\/brasilnoticias.org\/site\/wp-content\/uploads\/2024\/07\/152794israel-diz-que-matou-alto-comandante-do-hamas-em-bombardeio-na-faixa-de-gaza-3.jpg","width":1600,"height":752},{"@type":"BreadcrumbList","@id":"https:\/\/brasilnoticias.org\/site\/israel-diz-que-matou-alto-comandante-do-hamas-em-bombardeio-na-faixa-de-gaza\/#breadcrumb","itemListElement":[{"@type":"ListItem","position":1,"name":"In\u00edcio","item":"https:\/\/brasilnoticias.org\/site\/"},{"@type":"ListItem","position":2,"name":"Israel diz que matou alto comandante do Hamas em bombardeio na Faixa de Gaza"}]},{"@type":"WebSite","@id":"https:\/\/brasilnoticias.org\/site\/#website","url":"https:\/\/brasilnoticias.org\/site\/","name":"Brasil not\u00edcias","description":"Brasil not\u00edcias","publisher":{"@id":"https:\/\/brasilnoticias.org\/site\/#organization"},"potentialAction":[{"@type":"SearchAction","target":{"@type":"EntryPoint","urlTemplate":"https:\/\/brasilnoticias.org\/site\/?s={search_term_string}"},"query-input":{"@type":"PropertyValueSpecification","valueRequired":true,"valueName":"search_term_string"}}],"inLanguage":"pt-PT"},{"@type":"Organization","@id":"https:\/\/brasilnoticias.org\/site\/#organization","name":"Brasil not\u00edcias","url":"https:\/\/brasilnoticias.org\/site\/","logo":{"@type":"ImageObject","inLanguage":"pt-PT","@id":"https:\/\/brasilnoticias.org\/site\/#\/schema\/logo\/image\/","url":"https:\/\/brasilnoticias.org\/site\/wp-content\/uploads\/2022\/05\/cropped-brasilnoticias-mini.jpg","contentUrl":"https:\/\/brasilnoticias.org\/site\/wp-content\/uploads\/2022\/05\/cropped-brasilnoticias-mini.jpg","width":314,"height":86,"caption":"Brasil not\u00edcias"},"image":{"@id":"https:\/\/brasilnoticias.org\/site\/#\/schema\/logo\/image\/"}},{"@type":"Person","@id":"https:\/\/brasilnoticias.org\/site\/#\/schema\/person\/03bbbfe6c7634ad18c26444ea39049fa","name":"Reda\u00e7\u00e3o","image":{"@type":"ImageObject","inLanguage":"pt-PT","@id":"https:\/\/brasilnoticias.org\/site\/#\/schema\/person\/image\/","url":"https:\/\/secure.gravatar.com\/avatar\/9ecaf7327a696cb23ad926fedded5f1f04d7049de9e445375d55b48c001a6e42?s=96&d=mm&r=g","contentUrl":"https:\/\/secure.gravatar.com\/avatar\/9ecaf7327a696cb23ad926fedded5f1f04d7049de9e445375d55b48c001a6e42?s=96&d=mm&r=g","caption":"Reda\u00e7\u00e3o"},"url":"https:\/\/brasilnoticias.org\/site\/author\/henrique\/"}]}},"_links":{"self":[{"href":"https:\/\/brasilnoticias.org\/site\/wp-json\/wp\/v2\/posts\/15020","targetHints":{"allow":["GET"]}}],"collection":[{"href":"https:\/\/brasilnoticias.org\/site\/wp-json\/wp\/v2\/posts"}],"about":[{"href":"https:\/\/brasilnoticias.org\/site\/wp-json\/wp\/v2\/types\/post"}],"author":[{"embeddable":true,"href":"https:\/\/brasilnoticias.org\/site\/wp-json\/wp\/v2\/users\/4"}],"replies":[{"embeddable":true,"href":"https:\/\/brasilnoticias.org\/site\/wp-json\/wp\/v2\/comments?post=15020"}],"version-history":[{"count":1,"href":"https:\/\/brasilnoticias.org\/site\/wp-json\/wp\/v2\/posts\/15020\/revisions"}],"predecessor-version":[{"id":15022,"href":"https:\/\/brasilnoticias.org\/site\/wp-json\/wp\/v2\/posts\/15020\/revisions\/15022"}],"wp:featuredmedia":[{"embeddable":true,"href":"https:\/\/brasilnoticias.org\/site\/wp-json\/wp\/v2\/media\/15021"}],"wp:attachment":[{"href":"https:\/\/brasilnoticias.org\/site\/wp-json\/wp\/v2\/media?parent=15020"}],"wp:term":[{"taxonomy":"category","embeddable":true,"href":"https:\/\/brasilnoticias.org\/site\/wp-json\/wp\/v2\/categories?post=15020"},{"taxonomy":"post_tag","embeddable":true,"href":"https:\/\/brasilnoticias.org\/site\/wp-json\/wp\/v2\/tags?post=15020"}],"curies":[{"name":"wp","href":"https:\/\/api.w.org\/{rel}","templated":true}]}}