{"id":15038,"date":"2024-07-16T15:17:09","date_gmt":"2024-07-16T18:17:09","guid":{"rendered":"https:\/\/brasilnoticias.org\/site\/?p=15038"},"modified":"2024-07-16T15:17:09","modified_gmt":"2024-07-16T18:17:09","slug":"bracell-bahia-investe-na-formacao-de-nova-geracao-de-profissionais","status":"publish","type":"post","link":"https:\/\/brasilnoticias.org\/site\/bracell-bahia-investe-na-formacao-de-nova-geracao-de-profissionais\/","title":{"rendered":"Bracell Bahia investe na forma\u00e7\u00e3o de nova gera\u00e7\u00e3o de profissionais"},"content":{"rendered":"<p>Com o objetivo contribuir para a forma\u00e7\u00e3o de uma nova gera\u00e7\u00e3o de profissionais, por meio do programa Jovem Aprendiz, a Bracell Bahia iniciou a chamada fase concomitante da edi\u00e7\u00e3o 2024, em que os 28 participantes passam a desenvolver as atividades na sede administrativa florestal da empresa, durante quatro dias, e um dia por semana na unidade do Servi\u00e7o Nacional de Aprendizagem Industrial (Senai), parceiro da companhia no programa. <\/p>\n<p>A forma\u00e7\u00e3o ter\u00e1 12 meses de dura\u00e7\u00e3o e ocorre tamb\u00e9m na sede administrativa da empresa, em Alagoinhas. Com isso, os participantes iniciam a experi\u00eancia no mercado de trabalho com suporte de mentores com expertise que ir\u00e3o orientar e compartilhar experi\u00eancias, tempo e energia, criando condi\u00e7\u00f5es favor\u00e1veis para o desenvolvimento dos aprendizes.<\/p>\n<p>A partir de agora, os jovens t\u00eam acesso \u00e0 trilha de desenvolvimento disponibilizada para todos os colaboradores das \u00e1reas florestais e industriais da empresa com foco em criatividade, originalidade e iniciativa; resolu\u00e7\u00e3o de problemas complexos; resili\u00eancia, toler\u00e2ncia ao estresse e flexibilidade; persuas\u00e3o e negocia\u00e7\u00e3o. Ao final do ciclo, cada um apresentar\u00e1 as atividades que desenvolveu no per\u00edodo, as melhorias propostas e abordar sobre seus principais desafios na empresa.<\/p>\n<p>Maria Clara Santos de Santana, 21 anos, \u00e9 uma das aprendizas e atua na \u00e1rea de Log\u00edstica. \u201cVale muito ter essa experi\u00eancia, porque a Bracell \u00e9 um divisor de \u00e1gua quando se fala na atividade florestal e \u00e9 muito valorizada no curr\u00edculo. E pensando no meu plano de carreira futuro, acredito que \u00e9 essencial ter esse aprendizado na empresa\u201d, afirma ela.<\/p>\n<p>Gustavo de Alc\u00e2ntara, 18 anos, n\u00e3o pensou duas vezes em participar do processo seletivo. \u201cEstou muito animado porque, desde que soube da sele\u00e7\u00e3o, eu me dediquei bastante para entrar. Espero poder continuar. Minha m\u00e3e, que \u00e9 t\u00e9cnica de enfermagem na Bracell, sempre fala bem da empresa e disse que devo me esfor\u00e7ar para aproveitar a oportunidade, agora que ingressei&#8221;, salienta ele, que atua na \u00e1rea de Meio Ambiente e Certifica\u00e7\u00f5es Florestais.<\/p>\n<p>Carolina Linhares, gerente de Desenvolvimento Humano e Organizacional (DHO) da Bracell, destaca que, al\u00e9m dos ganhos de experi\u00eancia para os participantes, ele traz vantagens para a empresa. \u201cO programa \u2018Jovem Aprendiz\u2019 promove a melhoria cont\u00ednua do processo de aprendizagem, melhorando o time e o neg\u00f3cio. Al\u00e9m disso, permite incluir pessoas de diferentes contextos, viv\u00eancias, percep\u00e7\u00f5es e ideias, tornando a empresa mais plural, e prepara pessoas compat\u00edveis com a expectativa do neg\u00f3cio, que aderem melhor \u00e0 cultura organizacional e mant\u00e9m a empresa atualizada sobre tend\u00eancias, conhecimentos e novas tecnologias\u201d, afirma. <\/p>\n<p>Ainda segundo a gerente, os aprendizes recebem sal\u00e1rio, vale-transporte e vale refei\u00e7\u00e3o, planos de sa\u00fade e odontol\u00f3gico e outros benef\u00edcios comuns aos colaboradores da Bracell.<\/p>\n<p>Foto: Acervo\/Sabin<\/p>\n","protected":false},"excerpt":{"rendered":"<p>Com o objetivo contribuir para a forma\u00e7\u00e3o de uma nova gera\u00e7\u00e3o de profissionais, por meio do programa Jovem Aprendiz, a<\/p>\n","protected":false},"author":4,"featured_media":15039,"comment_status":"open","ping_status":"open","sticky":false,"template":"","format":"standard","meta":{"colormag_page_container_layout":"default_layout","colormag_page_sidebar_layout":"default_layout","_FSMCFIC_featured_image_caption":"","_FSMCFIC_featured_image_nocaption":"","_FSMCFIC_featured_image_hide":"","footnotes":""},"categories":[2,1],"tags":[],"class_list":["post-15038","post","type-post","status-publish","format-standard","has-post-thumbnail","hentry","category-noticias","category-ultimas"],"yoast_head":"<!-- This site is optimized with the Yoast SEO plugin v27.1.1 - https:\/\/yoast.com\/product\/yoast-seo-wordpress\/ -->\n<title>Bracell Bahia investe na forma\u00e7\u00e3o de nova gera\u00e7\u00e3o de profissionais - Brasil not\u00edcias<\/title>\n<meta name=\"robots\" content=\"index, follow, max-snippet:-1, max-image-preview:large, max-video-preview:-1\" \/>\n<link rel=\"canonical\" href=\"https:\/\/brasilnoticias.org\/site\/bracell-bahia-investe-na-formacao-de-nova-geracao-de-profissionais\/\" \/>\n<meta property=\"og:locale\" content=\"pt_PT\" \/>\n<meta property=\"og:type\" content=\"article\" \/>\n<meta property=\"og:title\" content=\"Bracell Bahia investe na forma\u00e7\u00e3o de nova gera\u00e7\u00e3o de profissionais - Brasil not\u00edcias\" \/>\n<meta property=\"og:description\" content=\"Com o objetivo contribuir para a forma\u00e7\u00e3o de uma nova gera\u00e7\u00e3o de profissionais, por meio do programa Jovem Aprendiz, a\" \/>\n<meta property=\"og:url\" content=\"https:\/\/brasilnoticias.org\/site\/bracell-bahia-investe-na-formacao-de-nova-geracao-de-profissionais\/\" \/>\n<meta property=\"og:site_name\" content=\"Brasil not\u00edcias\" \/>\n<meta property=\"article:published_time\" content=\"2024-07-16T18:17:09+00:00\" \/>\n<meta property=\"og:image\" content=\"https:\/\/brasilnoticias.org\/site\/wp-content\/uploads\/2024\/07\/IMAGEM_NOTICIA_0-2.jpg\" \/>\n\t<meta property=\"og:image:width\" content=\"850\" \/>\n\t<meta property=\"og:image:height\" content=\"400\" \/>\n\t<meta property=\"og:image:type\" content=\"image\/jpeg\" \/>\n<meta name=\"author\" content=\"Reda\u00e7\u00e3o\" \/>\n<meta name=\"twitter:card\" content=\"summary_large_image\" \/>\n<meta name=\"twitter:label1\" content=\"Escrito por\" \/>\n\t<meta name=\"twitter:data1\" content=\"Reda\u00e7\u00e3o\" \/>\n\t<meta name=\"twitter:label2\" content=\"Tempo estimado de leitura\" \/>\n\t<meta name=\"twitter:data2\" content=\"1 minuto\" \/>\n<script type=\"application\/ld+json\" class=\"yoast-schema-graph\">{\"@context\":\"https:\/\/schema.org\",\"@graph\":[{\"@type\":\"Article\",\"@id\":\"https:\/\/brasilnoticias.org\/site\/bracell-bahia-investe-na-formacao-de-nova-geracao-de-profissionais\/#article\",\"isPartOf\":{\"@id\":\"https:\/\/brasilnoticias.org\/site\/bracell-bahia-investe-na-formacao-de-nova-geracao-de-profissionais\/\"},\"author\":{\"name\":\"Reda\u00e7\u00e3o\",\"@id\":\"https:\/\/brasilnoticias.org\/site\/#\/schema\/person\/03bbbfe6c7634ad18c26444ea39049fa\"},\"headline\":\"Bracell Bahia investe na forma\u00e7\u00e3o de nova gera\u00e7\u00e3o de profissionais\",\"datePublished\":\"2024-07-16T18:17:09+00:00\",\"mainEntityOfPage\":{\"@id\":\"https:\/\/brasilnoticias.org\/site\/bracell-bahia-investe-na-formacao-de-nova-geracao-de-profissionais\/\"},\"wordCount\":481,\"commentCount\":0,\"publisher\":{\"@id\":\"https:\/\/brasilnoticias.org\/site\/#organization\"},\"image\":{\"@id\":\"https:\/\/brasilnoticias.org\/site\/bracell-bahia-investe-na-formacao-de-nova-geracao-de-profissionais\/#primaryimage\"},\"thumbnailUrl\":\"https:\/\/brasilnoticias.org\/site\/wp-content\/uploads\/2024\/07\/IMAGEM_NOTICIA_0-2.jpg\",\"articleSection\":[\"Not\u00edcias\",\"\u00daltimas\"],\"inLanguage\":\"pt-PT\",\"potentialAction\":[{\"@type\":\"CommentAction\",\"name\":\"Comment\",\"target\":[\"https:\/\/brasilnoticias.org\/site\/bracell-bahia-investe-na-formacao-de-nova-geracao-de-profissionais\/#respond\"]}]},{\"@type\":\"WebPage\",\"@id\":\"https:\/\/brasilnoticias.org\/site\/bracell-bahia-investe-na-formacao-de-nova-geracao-de-profissionais\/\",\"url\":\"https:\/\/brasilnoticias.org\/site\/bracell-bahia-investe-na-formacao-de-nova-geracao-de-profissionais\/\",\"name\":\"Bracell Bahia investe na forma\u00e7\u00e3o de nova gera\u00e7\u00e3o de profissionais - Brasil not\u00edcias\",\"isPartOf\":{\"@id\":\"https:\/\/brasilnoticias.org\/site\/#website\"},\"primaryImageOfPage\":{\"@id\":\"https:\/\/brasilnoticias.org\/site\/bracell-bahia-investe-na-formacao-de-nova-geracao-de-profissionais\/#primaryimage\"},\"image\":{\"@id\":\"https:\/\/brasilnoticias.org\/site\/bracell-bahia-investe-na-formacao-de-nova-geracao-de-profissionais\/#primaryimage\"},\"thumbnailUrl\":\"https:\/\/brasilnoticias.org\/site\/wp-content\/uploads\/2024\/07\/IMAGEM_NOTICIA_0-2.jpg\",\"datePublished\":\"2024-07-16T18:17:09+00:00\",\"breadcrumb\":{\"@id\":\"https:\/\/brasilnoticias.org\/site\/bracell-bahia-investe-na-formacao-de-nova-geracao-de-profissionais\/#breadcrumb\"},\"inLanguage\":\"pt-PT\",\"potentialAction\":[{\"@type\":\"ReadAction\",\"target\":[\"https:\/\/brasilnoticias.org\/site\/bracell-bahia-investe-na-formacao-de-nova-geracao-de-profissionais\/\"]}]},{\"@type\":\"ImageObject\",\"inLanguage\":\"pt-PT\",\"@id\":\"https:\/\/brasilnoticias.org\/site\/bracell-bahia-investe-na-formacao-de-nova-geracao-de-profissionais\/#primaryimage\",\"url\":\"https:\/\/brasilnoticias.org\/site\/wp-content\/uploads\/2024\/07\/IMAGEM_NOTICIA_0-2.jpg\",\"contentUrl\":\"https:\/\/brasilnoticias.org\/site\/wp-content\/uploads\/2024\/07\/IMAGEM_NOTICIA_0-2.jpg\",\"width\":850,\"height\":400},{\"@type\":\"BreadcrumbList\",\"@id\":\"https:\/\/brasilnoticias.org\/site\/bracell-bahia-investe-na-formacao-de-nova-geracao-de-profissionais\/#breadcrumb\",\"itemListElement\":[{\"@type\":\"ListItem\",\"position\":1,\"name\":\"In\u00edcio\",\"item\":\"https:\/\/brasilnoticias.org\/site\/\"},{\"@type\":\"ListItem\",\"position\":2,\"name\":\"Bracell Bahia investe na forma\u00e7\u00e3o de nova gera\u00e7\u00e3o de profissionais\"}]},{\"@type\":\"WebSite\",\"@id\":\"https:\/\/brasilnoticias.org\/site\/#website\",\"url\":\"https:\/\/brasilnoticias.org\/site\/\",\"name\":\"Brasil not\u00edcias\",\"description\":\"Brasil not\u00edcias\",\"publisher\":{\"@id\":\"https:\/\/brasilnoticias.org\/site\/#organization\"},\"potentialAction\":[{\"@type\":\"SearchAction\",\"target\":{\"@type\":\"EntryPoint\",\"urlTemplate\":\"https:\/\/brasilnoticias.org\/site\/?s={search_term_string}\"},\"query-input\":{\"@type\":\"PropertyValueSpecification\",\"valueRequired\":true,\"valueName\":\"search_term_string\"}}],\"inLanguage\":\"pt-PT\"},{\"@type\":\"Organization\",\"@id\":\"https:\/\/brasilnoticias.org\/site\/#organization\",\"name\":\"Brasil not\u00edcias\",\"url\":\"https:\/\/brasilnoticias.org\/site\/\",\"logo\":{\"@type\":\"ImageObject\",\"inLanguage\":\"pt-PT\",\"@id\":\"https:\/\/brasilnoticias.org\/site\/#\/schema\/logo\/image\/\",\"url\":\"https:\/\/brasilnoticias.org\/site\/wp-content\/uploads\/2022\/05\/cropped-brasilnoticias-mini.jpg\",\"contentUrl\":\"https:\/\/brasilnoticias.org\/site\/wp-content\/uploads\/2022\/05\/cropped-brasilnoticias-mini.jpg\",\"width\":314,\"height\":86,\"caption\":\"Brasil not\u00edcias\"},\"image\":{\"@id\":\"https:\/\/brasilnoticias.org\/site\/#\/schema\/logo\/image\/\"}},{\"@type\":\"Person\",\"@id\":\"https:\/\/brasilnoticias.org\/site\/#\/schema\/person\/03bbbfe6c7634ad18c26444ea39049fa\",\"name\":\"Reda\u00e7\u00e3o\",\"image\":{\"@type\":\"ImageObject\",\"inLanguage\":\"pt-PT\",\"@id\":\"https:\/\/brasilnoticias.org\/site\/#\/schema\/person\/image\/\",\"url\":\"https:\/\/secure.gravatar.com\/avatar\/9ecaf7327a696cb23ad926fedded5f1f04d7049de9e445375d55b48c001a6e42?s=96&d=mm&r=g\",\"contentUrl\":\"https:\/\/secure.gravatar.com\/avatar\/9ecaf7327a696cb23ad926fedded5f1f04d7049de9e445375d55b48c001a6e42?s=96&d=mm&r=g\",\"caption\":\"Reda\u00e7\u00e3o\"},\"url\":\"https:\/\/brasilnoticias.org\/site\/author\/henrique\/\"}]}<\/script>\n<!-- \/ Yoast SEO plugin. -->","yoast_head_json":{"title":"Bracell Bahia investe na forma\u00e7\u00e3o de nova gera\u00e7\u00e3o de profissionais - Brasil not\u00edcias","robots":{"index":"index","follow":"follow","max-snippet":"max-snippet:-1","max-image-preview":"max-image-preview:large","max-video-preview":"max-video-preview:-1"},"canonical":"https:\/\/brasilnoticias.org\/site\/bracell-bahia-investe-na-formacao-de-nova-geracao-de-profissionais\/","og_locale":"pt_PT","og_type":"article","og_title":"Bracell Bahia investe na forma\u00e7\u00e3o de nova gera\u00e7\u00e3o de profissionais - Brasil not\u00edcias","og_description":"Com o objetivo contribuir para a forma\u00e7\u00e3o de uma nova gera\u00e7\u00e3o de profissionais, por meio do programa Jovem Aprendiz, a","og_url":"https:\/\/brasilnoticias.org\/site\/bracell-bahia-investe-na-formacao-de-nova-geracao-de-profissionais\/","og_site_name":"Brasil not\u00edcias","article_published_time":"2024-07-16T18:17:09+00:00","og_image":[{"width":850,"height":400,"url":"https:\/\/brasilnoticias.org\/site\/wp-content\/uploads\/2024\/07\/IMAGEM_NOTICIA_0-2.jpg","type":"image\/jpeg"}],"author":"Reda\u00e7\u00e3o","twitter_card":"summary_large_image","twitter_misc":{"Escrito por":"Reda\u00e7\u00e3o","Tempo estimado de leitura":"1 minuto"},"schema":{"@context":"https:\/\/schema.org","@graph":[{"@type":"Article","@id":"https:\/\/brasilnoticias.org\/site\/bracell-bahia-investe-na-formacao-de-nova-geracao-de-profissionais\/#article","isPartOf":{"@id":"https:\/\/brasilnoticias.org\/site\/bracell-bahia-investe-na-formacao-de-nova-geracao-de-profissionais\/"},"author":{"name":"Reda\u00e7\u00e3o","@id":"https:\/\/brasilnoticias.org\/site\/#\/schema\/person\/03bbbfe6c7634ad18c26444ea39049fa"},"headline":"Bracell Bahia investe na forma\u00e7\u00e3o de nova gera\u00e7\u00e3o de profissionais","datePublished":"2024-07-16T18:17:09+00:00","mainEntityOfPage":{"@id":"https:\/\/brasilnoticias.org\/site\/bracell-bahia-investe-na-formacao-de-nova-geracao-de-profissionais\/"},"wordCount":481,"commentCount":0,"publisher":{"@id":"https:\/\/brasilnoticias.org\/site\/#organization"},"image":{"@id":"https:\/\/brasilnoticias.org\/site\/bracell-bahia-investe-na-formacao-de-nova-geracao-de-profissionais\/#primaryimage"},"thumbnailUrl":"https:\/\/brasilnoticias.org\/site\/wp-content\/uploads\/2024\/07\/IMAGEM_NOTICIA_0-2.jpg","articleSection":["Not\u00edcias","\u00daltimas"],"inLanguage":"pt-PT","potentialAction":[{"@type":"CommentAction","name":"Comment","target":["https:\/\/brasilnoticias.org\/site\/bracell-bahia-investe-na-formacao-de-nova-geracao-de-profissionais\/#respond"]}]},{"@type":"WebPage","@id":"https:\/\/brasilnoticias.org\/site\/bracell-bahia-investe-na-formacao-de-nova-geracao-de-profissionais\/","url":"https:\/\/brasilnoticias.org\/site\/bracell-bahia-investe-na-formacao-de-nova-geracao-de-profissionais\/","name":"Bracell Bahia investe na forma\u00e7\u00e3o de nova gera\u00e7\u00e3o de profissionais - Brasil not\u00edcias","isPartOf":{"@id":"https:\/\/brasilnoticias.org\/site\/#website"},"primaryImageOfPage":{"@id":"https:\/\/brasilnoticias.org\/site\/bracell-bahia-investe-na-formacao-de-nova-geracao-de-profissionais\/#primaryimage"},"image":{"@id":"https:\/\/brasilnoticias.org\/site\/bracell-bahia-investe-na-formacao-de-nova-geracao-de-profissionais\/#primaryimage"},"thumbnailUrl":"https:\/\/brasilnoticias.org\/site\/wp-content\/uploads\/2024\/07\/IMAGEM_NOTICIA_0-2.jpg","datePublished":"2024-07-16T18:17:09+00:00","breadcrumb":{"@id":"https:\/\/brasilnoticias.org\/site\/bracell-bahia-investe-na-formacao-de-nova-geracao-de-profissionais\/#breadcrumb"},"inLanguage":"pt-PT","potentialAction":[{"@type":"ReadAction","target":["https:\/\/brasilnoticias.org\/site\/bracell-bahia-investe-na-formacao-de-nova-geracao-de-profissionais\/"]}]},{"@type":"ImageObject","inLanguage":"pt-PT","@id":"https:\/\/brasilnoticias.org\/site\/bracell-bahia-investe-na-formacao-de-nova-geracao-de-profissionais\/#primaryimage","url":"https:\/\/brasilnoticias.org\/site\/wp-content\/uploads\/2024\/07\/IMAGEM_NOTICIA_0-2.jpg","contentUrl":"https:\/\/brasilnoticias.org\/site\/wp-content\/uploads\/2024\/07\/IMAGEM_NOTICIA_0-2.jpg","width":850,"height":400},{"@type":"BreadcrumbList","@id":"https:\/\/brasilnoticias.org\/site\/bracell-bahia-investe-na-formacao-de-nova-geracao-de-profissionais\/#breadcrumb","itemListElement":[{"@type":"ListItem","position":1,"name":"In\u00edcio","item":"https:\/\/brasilnoticias.org\/site\/"},{"@type":"ListItem","position":2,"name":"Bracell Bahia investe na forma\u00e7\u00e3o de nova gera\u00e7\u00e3o de profissionais"}]},{"@type":"WebSite","@id":"https:\/\/brasilnoticias.org\/site\/#website","url":"https:\/\/brasilnoticias.org\/site\/","name":"Brasil not\u00edcias","description":"Brasil not\u00edcias","publisher":{"@id":"https:\/\/brasilnoticias.org\/site\/#organization"},"potentialAction":[{"@type":"SearchAction","target":{"@type":"EntryPoint","urlTemplate":"https:\/\/brasilnoticias.org\/site\/?s={search_term_string}"},"query-input":{"@type":"PropertyValueSpecification","valueRequired":true,"valueName":"search_term_string"}}],"inLanguage":"pt-PT"},{"@type":"Organization","@id":"https:\/\/brasilnoticias.org\/site\/#organization","name":"Brasil not\u00edcias","url":"https:\/\/brasilnoticias.org\/site\/","logo":{"@type":"ImageObject","inLanguage":"pt-PT","@id":"https:\/\/brasilnoticias.org\/site\/#\/schema\/logo\/image\/","url":"https:\/\/brasilnoticias.org\/site\/wp-content\/uploads\/2022\/05\/cropped-brasilnoticias-mini.jpg","contentUrl":"https:\/\/brasilnoticias.org\/site\/wp-content\/uploads\/2022\/05\/cropped-brasilnoticias-mini.jpg","width":314,"height":86,"caption":"Brasil not\u00edcias"},"image":{"@id":"https:\/\/brasilnoticias.org\/site\/#\/schema\/logo\/image\/"}},{"@type":"Person","@id":"https:\/\/brasilnoticias.org\/site\/#\/schema\/person\/03bbbfe6c7634ad18c26444ea39049fa","name":"Reda\u00e7\u00e3o","image":{"@type":"ImageObject","inLanguage":"pt-PT","@id":"https:\/\/brasilnoticias.org\/site\/#\/schema\/person\/image\/","url":"https:\/\/secure.gravatar.com\/avatar\/9ecaf7327a696cb23ad926fedded5f1f04d7049de9e445375d55b48c001a6e42?s=96&d=mm&r=g","contentUrl":"https:\/\/secure.gravatar.com\/avatar\/9ecaf7327a696cb23ad926fedded5f1f04d7049de9e445375d55b48c001a6e42?s=96&d=mm&r=g","caption":"Reda\u00e7\u00e3o"},"url":"https:\/\/brasilnoticias.org\/site\/author\/henrique\/"}]}},"_links":{"self":[{"href":"https:\/\/brasilnoticias.org\/site\/wp-json\/wp\/v2\/posts\/15038","targetHints":{"allow":["GET"]}}],"collection":[{"href":"https:\/\/brasilnoticias.org\/site\/wp-json\/wp\/v2\/posts"}],"about":[{"href":"https:\/\/brasilnoticias.org\/site\/wp-json\/wp\/v2\/types\/post"}],"author":[{"embeddable":true,"href":"https:\/\/brasilnoticias.org\/site\/wp-json\/wp\/v2\/users\/4"}],"replies":[{"embeddable":true,"href":"https:\/\/brasilnoticias.org\/site\/wp-json\/wp\/v2\/comments?post=15038"}],"version-history":[{"count":1,"href":"https:\/\/brasilnoticias.org\/site\/wp-json\/wp\/v2\/posts\/15038\/revisions"}],"predecessor-version":[{"id":15040,"href":"https:\/\/brasilnoticias.org\/site\/wp-json\/wp\/v2\/posts\/15038\/revisions\/15040"}],"wp:featuredmedia":[{"embeddable":true,"href":"https:\/\/brasilnoticias.org\/site\/wp-json\/wp\/v2\/media\/15039"}],"wp:attachment":[{"href":"https:\/\/brasilnoticias.org\/site\/wp-json\/wp\/v2\/media?parent=15038"}],"wp:term":[{"taxonomy":"category","embeddable":true,"href":"https:\/\/brasilnoticias.org\/site\/wp-json\/wp\/v2\/categories?post=15038"},{"taxonomy":"post_tag","embeddable":true,"href":"https:\/\/brasilnoticias.org\/site\/wp-json\/wp\/v2\/tags?post=15038"}],"curies":[{"name":"wp","href":"https:\/\/api.w.org\/{rel}","templated":true}]}}