{"id":15045,"date":"2024-07-16T15:20:18","date_gmt":"2024-07-16T18:20:18","guid":{"rendered":"https:\/\/brasilnoticias.org\/site\/?p=15045"},"modified":"2024-07-16T15:20:18","modified_gmt":"2024-07-16T18:20:18","slug":"homem-e-preso-por-transportar-maconha-dentro-de-caixas-de-sabao-em-po-em-onibus-na-bahia","status":"publish","type":"post","link":"https:\/\/brasilnoticias.org\/site\/homem-e-preso-por-transportar-maconha-dentro-de-caixas-de-sabao-em-po-em-onibus-na-bahia\/","title":{"rendered":"Homem \u00e9 preso por transportar maconha dentro de caixas de sab\u00e3o em p\u00f3 em \u00f4nibus na Bahia"},"content":{"rendered":"<p>Caso seja condenado, a pena prevista \u00e9 de 5 a 15 anos de pris\u00e3o<\/p>\n<p>Um homem de 25 anos foi preso por transportar 5,5 kg de maconha em caixas de sab\u00e3o em p\u00f3 dentro de uma mala, em um \u00f4nibus, na BR-242, na regi\u00e3o de Barreiras, no oeste da Bahia. O caso aconteceu na segunda-feira (15\/7).<\/p>\n<p>Segundo informa\u00e7\u00f5es da Pol\u00edcia Rodovi\u00e1ria Federal, uma equipe fiscalizava na altura do quil\u00f4metro 800 da BR 242 quando deu ordem de parada a um \u00f4nibus de turismo que saiu de S\u00e3o Paulo com destino a Euclides da Cunha.<\/p>\n<p>Ap\u00f3s a vistoria, os agentes encontraram, dentro de uma mala, caixas de sab\u00e3o em p\u00f3 cheias de tabletes de maconha, pesando 5,55 kg.<\/p>\n<p>O respons\u00e1vel pelo transporte da droga foi identificado, e disse, em depoimento, que estava na rodovia Anhanguera quando foi interpelado por duas senhoras que ofereceram o valor de R$ 150 para que ele levasse uma mala at\u00e9 o interior da Bahia. O homem relatou tamb\u00e9m que, segundo elas, havia celulares na mala, e n\u00e3o drogas.<\/p>\n<p>O homem foi preso em flagrante e encaminhado para a Delegacia de Pol\u00edcia Judici\u00e1ria. Caso seja condenado, a pena prevista \u00e9 de 5 a 15 anos de pris\u00e3o.<\/p>\n<p>Foto: Divulga\u00e7\u00e3o\/PRF<br \/>\nAratu On<\/p>\n","protected":false},"excerpt":{"rendered":"<p>Caso seja condenado, a pena prevista \u00e9 de 5 a 15 anos de pris\u00e3o Um homem de 25 anos foi<\/p>\n","protected":false},"author":4,"featured_media":15046,"comment_status":"open","ping_status":"open","sticky":false,"template":"","format":"standard","meta":{"colormag_page_container_layout":"default_layout","colormag_page_sidebar_layout":"default_layout","_FSMCFIC_featured_image_caption":"","_FSMCFIC_featured_image_nocaption":"","_FSMCFIC_featured_image_hide":"","footnotes":""},"categories":[3,1],"tags":[],"class_list":["post-15045","post","type-post","status-publish","format-standard","has-post-thumbnail","hentry","category-policia","category-ultimas"],"yoast_head":"<!-- This site is optimized with the Yoast SEO plugin v27.1.1 - https:\/\/yoast.com\/product\/yoast-seo-wordpress\/ -->\n<title>Homem \u00e9 preso por transportar maconha dentro de caixas de sab\u00e3o em p\u00f3 em \u00f4nibus na Bahia - Brasil not\u00edcias<\/title>\n<meta name=\"robots\" content=\"index, follow, max-snippet:-1, max-image-preview:large, max-video-preview:-1\" \/>\n<link rel=\"canonical\" href=\"https:\/\/brasilnoticias.org\/site\/homem-e-preso-por-transportar-maconha-dentro-de-caixas-de-sabao-em-po-em-onibus-na-bahia\/\" \/>\n<meta property=\"og:locale\" content=\"pt_PT\" \/>\n<meta property=\"og:type\" content=\"article\" \/>\n<meta property=\"og:title\" content=\"Homem \u00e9 preso por transportar maconha dentro de caixas de sab\u00e3o em p\u00f3 em \u00f4nibus na Bahia - Brasil not\u00edcias\" \/>\n<meta property=\"og:description\" content=\"Caso seja condenado, a pena prevista \u00e9 de 5 a 15 anos de pris\u00e3o Um homem de 25 anos foi\" \/>\n<meta property=\"og:url\" content=\"https:\/\/brasilnoticias.org\/site\/homem-e-preso-por-transportar-maconha-dentro-de-caixas-de-sabao-em-po-em-onibus-na-bahia\/\" \/>\n<meta property=\"og:site_name\" content=\"Brasil not\u00edcias\" \/>\n<meta property=\"article:published_time\" content=\"2024-07-16T18:20:18+00:00\" \/>\n<meta property=\"og:image\" content=\"https:\/\/brasilnoticias.org\/site\/wp-content\/uploads\/2024\/07\/a3af620c-6610-4a3f-9c7c-1d5484fdb84a.jpeg\" \/>\n\t<meta property=\"og:image:width\" content=\"768\" \/>\n\t<meta property=\"og:image:height\" content=\"511\" \/>\n\t<meta property=\"og:image:type\" content=\"image\/jpeg\" \/>\n<meta name=\"author\" content=\"Reda\u00e7\u00e3o\" \/>\n<meta name=\"twitter:card\" content=\"summary_large_image\" \/>\n<meta name=\"twitter:label1\" content=\"Escrito por\" \/>\n\t<meta name=\"twitter:data1\" content=\"Reda\u00e7\u00e3o\" \/>\n\t<meta name=\"twitter:label2\" content=\"Tempo estimado de leitura\" \/>\n\t<meta name=\"twitter:data2\" content=\"1 minuto\" \/>\n<script type=\"application\/ld+json\" class=\"yoast-schema-graph\">{\"@context\":\"https:\/\/schema.org\",\"@graph\":[{\"@type\":\"Article\",\"@id\":\"https:\/\/brasilnoticias.org\/site\/homem-e-preso-por-transportar-maconha-dentro-de-caixas-de-sabao-em-po-em-onibus-na-bahia\/#article\",\"isPartOf\":{\"@id\":\"https:\/\/brasilnoticias.org\/site\/homem-e-preso-por-transportar-maconha-dentro-de-caixas-de-sabao-em-po-em-onibus-na-bahia\/\"},\"author\":{\"name\":\"Reda\u00e7\u00e3o\",\"@id\":\"https:\/\/brasilnoticias.org\/site\/#\/schema\/person\/03bbbfe6c7634ad18c26444ea39049fa\"},\"headline\":\"Homem \u00e9 preso por transportar maconha dentro de caixas de sab\u00e3o em p\u00f3 em \u00f4nibus na Bahia\",\"datePublished\":\"2024-07-16T18:20:18+00:00\",\"mainEntityOfPage\":{\"@id\":\"https:\/\/brasilnoticias.org\/site\/homem-e-preso-por-transportar-maconha-dentro-de-caixas-de-sabao-em-po-em-onibus-na-bahia\/\"},\"wordCount\":226,\"commentCount\":0,\"publisher\":{\"@id\":\"https:\/\/brasilnoticias.org\/site\/#organization\"},\"image\":{\"@id\":\"https:\/\/brasilnoticias.org\/site\/homem-e-preso-por-transportar-maconha-dentro-de-caixas-de-sabao-em-po-em-onibus-na-bahia\/#primaryimage\"},\"thumbnailUrl\":\"https:\/\/brasilnoticias.org\/site\/wp-content\/uploads\/2024\/07\/a3af620c-6610-4a3f-9c7c-1d5484fdb84a.jpeg\",\"articleSection\":[\"Pol\u00edcia\",\"\u00daltimas\"],\"inLanguage\":\"pt-PT\",\"potentialAction\":[{\"@type\":\"CommentAction\",\"name\":\"Comment\",\"target\":[\"https:\/\/brasilnoticias.org\/site\/homem-e-preso-por-transportar-maconha-dentro-de-caixas-de-sabao-em-po-em-onibus-na-bahia\/#respond\"]}]},{\"@type\":\"WebPage\",\"@id\":\"https:\/\/brasilnoticias.org\/site\/homem-e-preso-por-transportar-maconha-dentro-de-caixas-de-sabao-em-po-em-onibus-na-bahia\/\",\"url\":\"https:\/\/brasilnoticias.org\/site\/homem-e-preso-por-transportar-maconha-dentro-de-caixas-de-sabao-em-po-em-onibus-na-bahia\/\",\"name\":\"Homem \u00e9 preso por transportar maconha dentro de caixas de sab\u00e3o em p\u00f3 em \u00f4nibus na Bahia - Brasil not\u00edcias\",\"isPartOf\":{\"@id\":\"https:\/\/brasilnoticias.org\/site\/#website\"},\"primaryImageOfPage\":{\"@id\":\"https:\/\/brasilnoticias.org\/site\/homem-e-preso-por-transportar-maconha-dentro-de-caixas-de-sabao-em-po-em-onibus-na-bahia\/#primaryimage\"},\"image\":{\"@id\":\"https:\/\/brasilnoticias.org\/site\/homem-e-preso-por-transportar-maconha-dentro-de-caixas-de-sabao-em-po-em-onibus-na-bahia\/#primaryimage\"},\"thumbnailUrl\":\"https:\/\/brasilnoticias.org\/site\/wp-content\/uploads\/2024\/07\/a3af620c-6610-4a3f-9c7c-1d5484fdb84a.jpeg\",\"datePublished\":\"2024-07-16T18:20:18+00:00\",\"breadcrumb\":{\"@id\":\"https:\/\/brasilnoticias.org\/site\/homem-e-preso-por-transportar-maconha-dentro-de-caixas-de-sabao-em-po-em-onibus-na-bahia\/#breadcrumb\"},\"inLanguage\":\"pt-PT\",\"potentialAction\":[{\"@type\":\"ReadAction\",\"target\":[\"https:\/\/brasilnoticias.org\/site\/homem-e-preso-por-transportar-maconha-dentro-de-caixas-de-sabao-em-po-em-onibus-na-bahia\/\"]}]},{\"@type\":\"ImageObject\",\"inLanguage\":\"pt-PT\",\"@id\":\"https:\/\/brasilnoticias.org\/site\/homem-e-preso-por-transportar-maconha-dentro-de-caixas-de-sabao-em-po-em-onibus-na-bahia\/#primaryimage\",\"url\":\"https:\/\/brasilnoticias.org\/site\/wp-content\/uploads\/2024\/07\/a3af620c-6610-4a3f-9c7c-1d5484fdb84a.jpeg\",\"contentUrl\":\"https:\/\/brasilnoticias.org\/site\/wp-content\/uploads\/2024\/07\/a3af620c-6610-4a3f-9c7c-1d5484fdb84a.jpeg\",\"width\":768,\"height\":511},{\"@type\":\"BreadcrumbList\",\"@id\":\"https:\/\/brasilnoticias.org\/site\/homem-e-preso-por-transportar-maconha-dentro-de-caixas-de-sabao-em-po-em-onibus-na-bahia\/#breadcrumb\",\"itemListElement\":[{\"@type\":\"ListItem\",\"position\":1,\"name\":\"In\u00edcio\",\"item\":\"https:\/\/brasilnoticias.org\/site\/\"},{\"@type\":\"ListItem\",\"position\":2,\"name\":\"Homem \u00e9 preso por transportar maconha dentro de caixas de sab\u00e3o em p\u00f3 em \u00f4nibus na Bahia\"}]},{\"@type\":\"WebSite\",\"@id\":\"https:\/\/brasilnoticias.org\/site\/#website\",\"url\":\"https:\/\/brasilnoticias.org\/site\/\",\"name\":\"Brasil not\u00edcias\",\"description\":\"Brasil not\u00edcias\",\"publisher\":{\"@id\":\"https:\/\/brasilnoticias.org\/site\/#organization\"},\"potentialAction\":[{\"@type\":\"SearchAction\",\"target\":{\"@type\":\"EntryPoint\",\"urlTemplate\":\"https:\/\/brasilnoticias.org\/site\/?s={search_term_string}\"},\"query-input\":{\"@type\":\"PropertyValueSpecification\",\"valueRequired\":true,\"valueName\":\"search_term_string\"}}],\"inLanguage\":\"pt-PT\"},{\"@type\":\"Organization\",\"@id\":\"https:\/\/brasilnoticias.org\/site\/#organization\",\"name\":\"Brasil not\u00edcias\",\"url\":\"https:\/\/brasilnoticias.org\/site\/\",\"logo\":{\"@type\":\"ImageObject\",\"inLanguage\":\"pt-PT\",\"@id\":\"https:\/\/brasilnoticias.org\/site\/#\/schema\/logo\/image\/\",\"url\":\"https:\/\/brasilnoticias.org\/site\/wp-content\/uploads\/2022\/05\/cropped-brasilnoticias-mini.jpg\",\"contentUrl\":\"https:\/\/brasilnoticias.org\/site\/wp-content\/uploads\/2022\/05\/cropped-brasilnoticias-mini.jpg\",\"width\":314,\"height\":86,\"caption\":\"Brasil not\u00edcias\"},\"image\":{\"@id\":\"https:\/\/brasilnoticias.org\/site\/#\/schema\/logo\/image\/\"}},{\"@type\":\"Person\",\"@id\":\"https:\/\/brasilnoticias.org\/site\/#\/schema\/person\/03bbbfe6c7634ad18c26444ea39049fa\",\"name\":\"Reda\u00e7\u00e3o\",\"image\":{\"@type\":\"ImageObject\",\"inLanguage\":\"pt-PT\",\"@id\":\"https:\/\/brasilnoticias.org\/site\/#\/schema\/person\/image\/\",\"url\":\"https:\/\/secure.gravatar.com\/avatar\/9ecaf7327a696cb23ad926fedded5f1f04d7049de9e445375d55b48c001a6e42?s=96&d=mm&r=g\",\"contentUrl\":\"https:\/\/secure.gravatar.com\/avatar\/9ecaf7327a696cb23ad926fedded5f1f04d7049de9e445375d55b48c001a6e42?s=96&d=mm&r=g\",\"caption\":\"Reda\u00e7\u00e3o\"},\"url\":\"https:\/\/brasilnoticias.org\/site\/author\/henrique\/\"}]}<\/script>\n<!-- \/ Yoast SEO plugin. -->","yoast_head_json":{"title":"Homem \u00e9 preso por transportar maconha dentro de caixas de sab\u00e3o em p\u00f3 em \u00f4nibus na Bahia - Brasil not\u00edcias","robots":{"index":"index","follow":"follow","max-snippet":"max-snippet:-1","max-image-preview":"max-image-preview:large","max-video-preview":"max-video-preview:-1"},"canonical":"https:\/\/brasilnoticias.org\/site\/homem-e-preso-por-transportar-maconha-dentro-de-caixas-de-sabao-em-po-em-onibus-na-bahia\/","og_locale":"pt_PT","og_type":"article","og_title":"Homem \u00e9 preso por transportar maconha dentro de caixas de sab\u00e3o em p\u00f3 em \u00f4nibus na Bahia - Brasil not\u00edcias","og_description":"Caso seja condenado, a pena prevista \u00e9 de 5 a 15 anos de pris\u00e3o Um homem de 25 anos foi","og_url":"https:\/\/brasilnoticias.org\/site\/homem-e-preso-por-transportar-maconha-dentro-de-caixas-de-sabao-em-po-em-onibus-na-bahia\/","og_site_name":"Brasil not\u00edcias","article_published_time":"2024-07-16T18:20:18+00:00","og_image":[{"width":768,"height":511,"url":"https:\/\/brasilnoticias.org\/site\/wp-content\/uploads\/2024\/07\/a3af620c-6610-4a3f-9c7c-1d5484fdb84a.jpeg","type":"image\/jpeg"}],"author":"Reda\u00e7\u00e3o","twitter_card":"summary_large_image","twitter_misc":{"Escrito por":"Reda\u00e7\u00e3o","Tempo estimado de leitura":"1 minuto"},"schema":{"@context":"https:\/\/schema.org","@graph":[{"@type":"Article","@id":"https:\/\/brasilnoticias.org\/site\/homem-e-preso-por-transportar-maconha-dentro-de-caixas-de-sabao-em-po-em-onibus-na-bahia\/#article","isPartOf":{"@id":"https:\/\/brasilnoticias.org\/site\/homem-e-preso-por-transportar-maconha-dentro-de-caixas-de-sabao-em-po-em-onibus-na-bahia\/"},"author":{"name":"Reda\u00e7\u00e3o","@id":"https:\/\/brasilnoticias.org\/site\/#\/schema\/person\/03bbbfe6c7634ad18c26444ea39049fa"},"headline":"Homem \u00e9 preso por transportar maconha dentro de caixas de sab\u00e3o em p\u00f3 em \u00f4nibus na Bahia","datePublished":"2024-07-16T18:20:18+00:00","mainEntityOfPage":{"@id":"https:\/\/brasilnoticias.org\/site\/homem-e-preso-por-transportar-maconha-dentro-de-caixas-de-sabao-em-po-em-onibus-na-bahia\/"},"wordCount":226,"commentCount":0,"publisher":{"@id":"https:\/\/brasilnoticias.org\/site\/#organization"},"image":{"@id":"https:\/\/brasilnoticias.org\/site\/homem-e-preso-por-transportar-maconha-dentro-de-caixas-de-sabao-em-po-em-onibus-na-bahia\/#primaryimage"},"thumbnailUrl":"https:\/\/brasilnoticias.org\/site\/wp-content\/uploads\/2024\/07\/a3af620c-6610-4a3f-9c7c-1d5484fdb84a.jpeg","articleSection":["Pol\u00edcia","\u00daltimas"],"inLanguage":"pt-PT","potentialAction":[{"@type":"CommentAction","name":"Comment","target":["https:\/\/brasilnoticias.org\/site\/homem-e-preso-por-transportar-maconha-dentro-de-caixas-de-sabao-em-po-em-onibus-na-bahia\/#respond"]}]},{"@type":"WebPage","@id":"https:\/\/brasilnoticias.org\/site\/homem-e-preso-por-transportar-maconha-dentro-de-caixas-de-sabao-em-po-em-onibus-na-bahia\/","url":"https:\/\/brasilnoticias.org\/site\/homem-e-preso-por-transportar-maconha-dentro-de-caixas-de-sabao-em-po-em-onibus-na-bahia\/","name":"Homem \u00e9 preso por transportar maconha dentro de caixas de sab\u00e3o em p\u00f3 em \u00f4nibus na Bahia - Brasil not\u00edcias","isPartOf":{"@id":"https:\/\/brasilnoticias.org\/site\/#website"},"primaryImageOfPage":{"@id":"https:\/\/brasilnoticias.org\/site\/homem-e-preso-por-transportar-maconha-dentro-de-caixas-de-sabao-em-po-em-onibus-na-bahia\/#primaryimage"},"image":{"@id":"https:\/\/brasilnoticias.org\/site\/homem-e-preso-por-transportar-maconha-dentro-de-caixas-de-sabao-em-po-em-onibus-na-bahia\/#primaryimage"},"thumbnailUrl":"https:\/\/brasilnoticias.org\/site\/wp-content\/uploads\/2024\/07\/a3af620c-6610-4a3f-9c7c-1d5484fdb84a.jpeg","datePublished":"2024-07-16T18:20:18+00:00","breadcrumb":{"@id":"https:\/\/brasilnoticias.org\/site\/homem-e-preso-por-transportar-maconha-dentro-de-caixas-de-sabao-em-po-em-onibus-na-bahia\/#breadcrumb"},"inLanguage":"pt-PT","potentialAction":[{"@type":"ReadAction","target":["https:\/\/brasilnoticias.org\/site\/homem-e-preso-por-transportar-maconha-dentro-de-caixas-de-sabao-em-po-em-onibus-na-bahia\/"]}]},{"@type":"ImageObject","inLanguage":"pt-PT","@id":"https:\/\/brasilnoticias.org\/site\/homem-e-preso-por-transportar-maconha-dentro-de-caixas-de-sabao-em-po-em-onibus-na-bahia\/#primaryimage","url":"https:\/\/brasilnoticias.org\/site\/wp-content\/uploads\/2024\/07\/a3af620c-6610-4a3f-9c7c-1d5484fdb84a.jpeg","contentUrl":"https:\/\/brasilnoticias.org\/site\/wp-content\/uploads\/2024\/07\/a3af620c-6610-4a3f-9c7c-1d5484fdb84a.jpeg","width":768,"height":511},{"@type":"BreadcrumbList","@id":"https:\/\/brasilnoticias.org\/site\/homem-e-preso-por-transportar-maconha-dentro-de-caixas-de-sabao-em-po-em-onibus-na-bahia\/#breadcrumb","itemListElement":[{"@type":"ListItem","position":1,"name":"In\u00edcio","item":"https:\/\/brasilnoticias.org\/site\/"},{"@type":"ListItem","position":2,"name":"Homem \u00e9 preso por transportar maconha dentro de caixas de sab\u00e3o em p\u00f3 em \u00f4nibus na Bahia"}]},{"@type":"WebSite","@id":"https:\/\/brasilnoticias.org\/site\/#website","url":"https:\/\/brasilnoticias.org\/site\/","name":"Brasil not\u00edcias","description":"Brasil not\u00edcias","publisher":{"@id":"https:\/\/brasilnoticias.org\/site\/#organization"},"potentialAction":[{"@type":"SearchAction","target":{"@type":"EntryPoint","urlTemplate":"https:\/\/brasilnoticias.org\/site\/?s={search_term_string}"},"query-input":{"@type":"PropertyValueSpecification","valueRequired":true,"valueName":"search_term_string"}}],"inLanguage":"pt-PT"},{"@type":"Organization","@id":"https:\/\/brasilnoticias.org\/site\/#organization","name":"Brasil not\u00edcias","url":"https:\/\/brasilnoticias.org\/site\/","logo":{"@type":"ImageObject","inLanguage":"pt-PT","@id":"https:\/\/brasilnoticias.org\/site\/#\/schema\/logo\/image\/","url":"https:\/\/brasilnoticias.org\/site\/wp-content\/uploads\/2022\/05\/cropped-brasilnoticias-mini.jpg","contentUrl":"https:\/\/brasilnoticias.org\/site\/wp-content\/uploads\/2022\/05\/cropped-brasilnoticias-mini.jpg","width":314,"height":86,"caption":"Brasil not\u00edcias"},"image":{"@id":"https:\/\/brasilnoticias.org\/site\/#\/schema\/logo\/image\/"}},{"@type":"Person","@id":"https:\/\/brasilnoticias.org\/site\/#\/schema\/person\/03bbbfe6c7634ad18c26444ea39049fa","name":"Reda\u00e7\u00e3o","image":{"@type":"ImageObject","inLanguage":"pt-PT","@id":"https:\/\/brasilnoticias.org\/site\/#\/schema\/person\/image\/","url":"https:\/\/secure.gravatar.com\/avatar\/9ecaf7327a696cb23ad926fedded5f1f04d7049de9e445375d55b48c001a6e42?s=96&d=mm&r=g","contentUrl":"https:\/\/secure.gravatar.com\/avatar\/9ecaf7327a696cb23ad926fedded5f1f04d7049de9e445375d55b48c001a6e42?s=96&d=mm&r=g","caption":"Reda\u00e7\u00e3o"},"url":"https:\/\/brasilnoticias.org\/site\/author\/henrique\/"}]}},"_links":{"self":[{"href":"https:\/\/brasilnoticias.org\/site\/wp-json\/wp\/v2\/posts\/15045","targetHints":{"allow":["GET"]}}],"collection":[{"href":"https:\/\/brasilnoticias.org\/site\/wp-json\/wp\/v2\/posts"}],"about":[{"href":"https:\/\/brasilnoticias.org\/site\/wp-json\/wp\/v2\/types\/post"}],"author":[{"embeddable":true,"href":"https:\/\/brasilnoticias.org\/site\/wp-json\/wp\/v2\/users\/4"}],"replies":[{"embeddable":true,"href":"https:\/\/brasilnoticias.org\/site\/wp-json\/wp\/v2\/comments?post=15045"}],"version-history":[{"count":1,"href":"https:\/\/brasilnoticias.org\/site\/wp-json\/wp\/v2\/posts\/15045\/revisions"}],"predecessor-version":[{"id":15047,"href":"https:\/\/brasilnoticias.org\/site\/wp-json\/wp\/v2\/posts\/15045\/revisions\/15047"}],"wp:featuredmedia":[{"embeddable":true,"href":"https:\/\/brasilnoticias.org\/site\/wp-json\/wp\/v2\/media\/15046"}],"wp:attachment":[{"href":"https:\/\/brasilnoticias.org\/site\/wp-json\/wp\/v2\/media?parent=15045"}],"wp:term":[{"taxonomy":"category","embeddable":true,"href":"https:\/\/brasilnoticias.org\/site\/wp-json\/wp\/v2\/categories?post=15045"},{"taxonomy":"post_tag","embeddable":true,"href":"https:\/\/brasilnoticias.org\/site\/wp-json\/wp\/v2\/tags?post=15045"}],"curies":[{"name":"wp","href":"https:\/\/api.w.org\/{rel}","templated":true}]}}