{"id":15055,"date":"2024-07-16T15:24:18","date_gmt":"2024-07-16T18:24:18","guid":{"rendered":"https:\/\/brasilnoticias.org\/site\/?p=15055"},"modified":"2024-07-16T15:24:18","modified_gmt":"2024-07-16T18:24:18","slug":"tribunal-de-justica-de-goias-nega-aborto-legal-a-adolescente-de-13-anos-apos-intervencao-do-pai","status":"publish","type":"post","link":"https:\/\/brasilnoticias.org\/site\/tribunal-de-justica-de-goias-nega-aborto-legal-a-adolescente-de-13-anos-apos-intervencao-do-pai\/","title":{"rendered":"Tribunal de Justi\u00e7a de Goi\u00e1s nega aborto legal a adolescente de 13 anos ap\u00f3s interven\u00e7\u00e3o do pai"},"content":{"rendered":"<p>Adolescente de Goi\u00e1s amea\u00e7a realizar aborto por conta pr\u00f3pria ap\u00f3s decis\u00e3o judicial<\/p>\n<p>O Tribunal de Justi\u00e7a de Goi\u00e1s (TJ-GO) negou o aborto legal de uma adolescente de 13 anos ap\u00f3s o pai da jovem entrar na Justi\u00e7a solicitando a proibi\u00e7\u00e3o do procedimento. O caso foi revelado pelo jornal O Popular e o site Intercept Brasil. Segundo informa\u00e7\u00f5es da Folha de S. Paulo, que teve acesso ao documento do processo, a jovem j\u00e1 completou 28 semanas de gravidez e procedimento se dificulta nessas condi\u00e7\u00f5es.<\/p>\n<p>A jovem afirmou em depoimento que gostaria de interromper a gesta\u00e7\u00e3o quando estava na 18\u00aa semana. Em mensagem ao Conselho Tutelar de Goi\u00e1s, onde vive, a menina afirmou que se n\u00e3o tiver acesso ao procedimento, iria procurar uma forma de realiz\u00e1-lo por conta pr\u00f3pria.<\/p>\n<p>O suspeito do abuso, de 24 anos, afirmou ao Conselho que n\u00e3o sabia da idade da adolescente e caso soubesse n\u00e3o teria mantido rela\u00e7\u00e3o com ela. J\u00e1 o pai da adolescente, teria pedido para conversar com o suspeito para ele assumir o beb\u00ea. Apesar do pedido da adolescente para interrup\u00e7\u00e3o da gravidez, o pai dela entrou na Justi\u00e7a pedindo a proibi\u00e7\u00e3o do procedimento.<\/p>\n<p>A ministra das Mulheres, Aparecida Gon\u00e7alves, afirmou que est\u00e1 acompanhando o caso.  &#8220;O corregedor da Justi\u00e7a, Luis Felipe Salom\u00e3o, j\u00e1 disse que &#8216;\u00e9 inequ\u00edvoca a urg\u00eancia e a gravidade do caso. \u00c9 preciso refor\u00e7ar que casos como este sequer deveriam ter que passar pelo crivo da Justi\u00e7a.&#8221;, escreveu a ministra nas redes sociais.<\/p>\n<p>Foto: Reprodu\u00e7\u00e3o\/Junior Lima @xuniorl<br \/>\nPor: Metro1<\/p>\n","protected":false},"excerpt":{"rendered":"<p>Adolescente de Goi\u00e1s amea\u00e7a realizar aborto por conta pr\u00f3pria ap\u00f3s decis\u00e3o judicial O Tribunal de Justi\u00e7a de Goi\u00e1s (TJ-GO) negou<\/p>\n","protected":false},"author":4,"featured_media":15057,"comment_status":"open","ping_status":"open","sticky":false,"template":"","format":"standard","meta":{"colormag_page_container_layout":"default_layout","colormag_page_sidebar_layout":"default_layout","_FSMCFIC_featured_image_caption":"","_FSMCFIC_featured_image_nocaption":"","_FSMCFIC_featured_image_hide":"","footnotes":""},"categories":[7,1],"tags":[],"class_list":["post-15055","post","type-post","status-publish","format-standard","has-post-thumbnail","hentry","category-justica","category-ultimas"],"yoast_head":"<!-- This site is optimized with the Yoast SEO plugin v27.1.1 - https:\/\/yoast.com\/product\/yoast-seo-wordpress\/ -->\n<title>Tribunal de Justi\u00e7a de Goi\u00e1s nega aborto legal a adolescente de 13 anos ap\u00f3s interven\u00e7\u00e3o do pai - Brasil not\u00edcias<\/title>\n<meta name=\"robots\" content=\"index, follow, max-snippet:-1, max-image-preview:large, max-video-preview:-1\" \/>\n<link rel=\"canonical\" href=\"https:\/\/brasilnoticias.org\/site\/tribunal-de-justica-de-goias-nega-aborto-legal-a-adolescente-de-13-anos-apos-intervencao-do-pai\/\" \/>\n<meta property=\"og:locale\" content=\"pt_PT\" \/>\n<meta property=\"og:type\" content=\"article\" \/>\n<meta property=\"og:title\" content=\"Tribunal de Justi\u00e7a de Goi\u00e1s nega aborto legal a adolescente de 13 anos ap\u00f3s interven\u00e7\u00e3o do pai - Brasil not\u00edcias\" \/>\n<meta property=\"og:description\" content=\"Adolescente de Goi\u00e1s amea\u00e7a realizar aborto por conta pr\u00f3pria ap\u00f3s decis\u00e3o judicial O Tribunal de Justi\u00e7a de Goi\u00e1s (TJ-GO) negou\" \/>\n<meta property=\"og:url\" content=\"https:\/\/brasilnoticias.org\/site\/tribunal-de-justica-de-goias-nega-aborto-legal-a-adolescente-de-13-anos-apos-intervencao-do-pai\/\" \/>\n<meta property=\"og:site_name\" content=\"Brasil not\u00edcias\" \/>\n<meta property=\"article:published_time\" content=\"2024-07-16T18:24:18+00:00\" \/>\n<meta property=\"og:image\" content=\"https:\/\/brasilnoticias.org\/site\/wp-content\/uploads\/2024\/07\/152872tribunal-de-justica-de-goias-nega-aborto-legal-a-adolescente-de-13-anos-apos-intervencao-do-pai-3.jpg\" \/>\n\t<meta property=\"og:image:width\" content=\"1600\" \/>\n\t<meta property=\"og:image:height\" content=\"752\" \/>\n\t<meta property=\"og:image:type\" content=\"image\/jpeg\" \/>\n<meta name=\"author\" content=\"Reda\u00e7\u00e3o\" \/>\n<meta name=\"twitter:card\" content=\"summary_large_image\" \/>\n<meta name=\"twitter:label1\" content=\"Escrito por\" \/>\n\t<meta name=\"twitter:data1\" content=\"Reda\u00e7\u00e3o\" \/>\n<script type=\"application\/ld+json\" class=\"yoast-schema-graph\">{\"@context\":\"https:\/\/schema.org\",\"@graph\":[{\"@type\":\"Article\",\"@id\":\"https:\/\/brasilnoticias.org\/site\/tribunal-de-justica-de-goias-nega-aborto-legal-a-adolescente-de-13-anos-apos-intervencao-do-pai\/#article\",\"isPartOf\":{\"@id\":\"https:\/\/brasilnoticias.org\/site\/tribunal-de-justica-de-goias-nega-aborto-legal-a-adolescente-de-13-anos-apos-intervencao-do-pai\/\"},\"author\":{\"name\":\"Reda\u00e7\u00e3o\",\"@id\":\"https:\/\/brasilnoticias.org\/site\/#\/schema\/person\/03bbbfe6c7634ad18c26444ea39049fa\"},\"headline\":\"Tribunal de Justi\u00e7a de Goi\u00e1s nega aborto legal a adolescente de 13 anos ap\u00f3s interven\u00e7\u00e3o do pai\",\"datePublished\":\"2024-07-16T18:24:18+00:00\",\"mainEntityOfPage\":{\"@id\":\"https:\/\/brasilnoticias.org\/site\/tribunal-de-justica-de-goias-nega-aborto-legal-a-adolescente-de-13-anos-apos-intervencao-do-pai\/\"},\"wordCount\":296,\"commentCount\":0,\"publisher\":{\"@id\":\"https:\/\/brasilnoticias.org\/site\/#organization\"},\"image\":{\"@id\":\"https:\/\/brasilnoticias.org\/site\/tribunal-de-justica-de-goias-nega-aborto-legal-a-adolescente-de-13-anos-apos-intervencao-do-pai\/#primaryimage\"},\"thumbnailUrl\":\"https:\/\/brasilnoticias.org\/site\/wp-content\/uploads\/2024\/07\/152872tribunal-de-justica-de-goias-nega-aborto-legal-a-adolescente-de-13-anos-apos-intervencao-do-pai-3.jpg\",\"articleSection\":[\"Justi\u00e7a\",\"\u00daltimas\"],\"inLanguage\":\"pt-PT\",\"potentialAction\":[{\"@type\":\"CommentAction\",\"name\":\"Comment\",\"target\":[\"https:\/\/brasilnoticias.org\/site\/tribunal-de-justica-de-goias-nega-aborto-legal-a-adolescente-de-13-anos-apos-intervencao-do-pai\/#respond\"]}]},{\"@type\":\"WebPage\",\"@id\":\"https:\/\/brasilnoticias.org\/site\/tribunal-de-justica-de-goias-nega-aborto-legal-a-adolescente-de-13-anos-apos-intervencao-do-pai\/\",\"url\":\"https:\/\/brasilnoticias.org\/site\/tribunal-de-justica-de-goias-nega-aborto-legal-a-adolescente-de-13-anos-apos-intervencao-do-pai\/\",\"name\":\"Tribunal de Justi\u00e7a de Goi\u00e1s nega aborto legal a adolescente de 13 anos ap\u00f3s interven\u00e7\u00e3o do pai - Brasil not\u00edcias\",\"isPartOf\":{\"@id\":\"https:\/\/brasilnoticias.org\/site\/#website\"},\"primaryImageOfPage\":{\"@id\":\"https:\/\/brasilnoticias.org\/site\/tribunal-de-justica-de-goias-nega-aborto-legal-a-adolescente-de-13-anos-apos-intervencao-do-pai\/#primaryimage\"},\"image\":{\"@id\":\"https:\/\/brasilnoticias.org\/site\/tribunal-de-justica-de-goias-nega-aborto-legal-a-adolescente-de-13-anos-apos-intervencao-do-pai\/#primaryimage\"},\"thumbnailUrl\":\"https:\/\/brasilnoticias.org\/site\/wp-content\/uploads\/2024\/07\/152872tribunal-de-justica-de-goias-nega-aborto-legal-a-adolescente-de-13-anos-apos-intervencao-do-pai-3.jpg\",\"datePublished\":\"2024-07-16T18:24:18+00:00\",\"breadcrumb\":{\"@id\":\"https:\/\/brasilnoticias.org\/site\/tribunal-de-justica-de-goias-nega-aborto-legal-a-adolescente-de-13-anos-apos-intervencao-do-pai\/#breadcrumb\"},\"inLanguage\":\"pt-PT\",\"potentialAction\":[{\"@type\":\"ReadAction\",\"target\":[\"https:\/\/brasilnoticias.org\/site\/tribunal-de-justica-de-goias-nega-aborto-legal-a-adolescente-de-13-anos-apos-intervencao-do-pai\/\"]}]},{\"@type\":\"ImageObject\",\"inLanguage\":\"pt-PT\",\"@id\":\"https:\/\/brasilnoticias.org\/site\/tribunal-de-justica-de-goias-nega-aborto-legal-a-adolescente-de-13-anos-apos-intervencao-do-pai\/#primaryimage\",\"url\":\"https:\/\/brasilnoticias.org\/site\/wp-content\/uploads\/2024\/07\/152872tribunal-de-justica-de-goias-nega-aborto-legal-a-adolescente-de-13-anos-apos-intervencao-do-pai-3.jpg\",\"contentUrl\":\"https:\/\/brasilnoticias.org\/site\/wp-content\/uploads\/2024\/07\/152872tribunal-de-justica-de-goias-nega-aborto-legal-a-adolescente-de-13-anos-apos-intervencao-do-pai-3.jpg\",\"width\":1600,\"height\":752},{\"@type\":\"BreadcrumbList\",\"@id\":\"https:\/\/brasilnoticias.org\/site\/tribunal-de-justica-de-goias-nega-aborto-legal-a-adolescente-de-13-anos-apos-intervencao-do-pai\/#breadcrumb\",\"itemListElement\":[{\"@type\":\"ListItem\",\"position\":1,\"name\":\"In\u00edcio\",\"item\":\"https:\/\/brasilnoticias.org\/site\/\"},{\"@type\":\"ListItem\",\"position\":2,\"name\":\"Tribunal de Justi\u00e7a de Goi\u00e1s nega aborto legal a adolescente de 13 anos ap\u00f3s interven\u00e7\u00e3o do pai\"}]},{\"@type\":\"WebSite\",\"@id\":\"https:\/\/brasilnoticias.org\/site\/#website\",\"url\":\"https:\/\/brasilnoticias.org\/site\/\",\"name\":\"Brasil not\u00edcias\",\"description\":\"Brasil not\u00edcias\",\"publisher\":{\"@id\":\"https:\/\/brasilnoticias.org\/site\/#organization\"},\"potentialAction\":[{\"@type\":\"SearchAction\",\"target\":{\"@type\":\"EntryPoint\",\"urlTemplate\":\"https:\/\/brasilnoticias.org\/site\/?s={search_term_string}\"},\"query-input\":{\"@type\":\"PropertyValueSpecification\",\"valueRequired\":true,\"valueName\":\"search_term_string\"}}],\"inLanguage\":\"pt-PT\"},{\"@type\":\"Organization\",\"@id\":\"https:\/\/brasilnoticias.org\/site\/#organization\",\"name\":\"Brasil not\u00edcias\",\"url\":\"https:\/\/brasilnoticias.org\/site\/\",\"logo\":{\"@type\":\"ImageObject\",\"inLanguage\":\"pt-PT\",\"@id\":\"https:\/\/brasilnoticias.org\/site\/#\/schema\/logo\/image\/\",\"url\":\"https:\/\/brasilnoticias.org\/site\/wp-content\/uploads\/2022\/05\/cropped-brasilnoticias-mini.jpg\",\"contentUrl\":\"https:\/\/brasilnoticias.org\/site\/wp-content\/uploads\/2022\/05\/cropped-brasilnoticias-mini.jpg\",\"width\":314,\"height\":86,\"caption\":\"Brasil not\u00edcias\"},\"image\":{\"@id\":\"https:\/\/brasilnoticias.org\/site\/#\/schema\/logo\/image\/\"}},{\"@type\":\"Person\",\"@id\":\"https:\/\/brasilnoticias.org\/site\/#\/schema\/person\/03bbbfe6c7634ad18c26444ea39049fa\",\"name\":\"Reda\u00e7\u00e3o\",\"image\":{\"@type\":\"ImageObject\",\"inLanguage\":\"pt-PT\",\"@id\":\"https:\/\/brasilnoticias.org\/site\/#\/schema\/person\/image\/\",\"url\":\"https:\/\/secure.gravatar.com\/avatar\/9ecaf7327a696cb23ad926fedded5f1f04d7049de9e445375d55b48c001a6e42?s=96&d=mm&r=g\",\"contentUrl\":\"https:\/\/secure.gravatar.com\/avatar\/9ecaf7327a696cb23ad926fedded5f1f04d7049de9e445375d55b48c001a6e42?s=96&d=mm&r=g\",\"caption\":\"Reda\u00e7\u00e3o\"},\"url\":\"https:\/\/brasilnoticias.org\/site\/author\/henrique\/\"}]}<\/script>\n<!-- \/ Yoast SEO plugin. -->","yoast_head_json":{"title":"Tribunal de Justi\u00e7a de Goi\u00e1s nega aborto legal a adolescente de 13 anos ap\u00f3s interven\u00e7\u00e3o do pai - Brasil not\u00edcias","robots":{"index":"index","follow":"follow","max-snippet":"max-snippet:-1","max-image-preview":"max-image-preview:large","max-video-preview":"max-video-preview:-1"},"canonical":"https:\/\/brasilnoticias.org\/site\/tribunal-de-justica-de-goias-nega-aborto-legal-a-adolescente-de-13-anos-apos-intervencao-do-pai\/","og_locale":"pt_PT","og_type":"article","og_title":"Tribunal de Justi\u00e7a de Goi\u00e1s nega aborto legal a adolescente de 13 anos ap\u00f3s interven\u00e7\u00e3o do pai - Brasil not\u00edcias","og_description":"Adolescente de Goi\u00e1s amea\u00e7a realizar aborto por conta pr\u00f3pria ap\u00f3s decis\u00e3o judicial O Tribunal de Justi\u00e7a de Goi\u00e1s (TJ-GO) negou","og_url":"https:\/\/brasilnoticias.org\/site\/tribunal-de-justica-de-goias-nega-aborto-legal-a-adolescente-de-13-anos-apos-intervencao-do-pai\/","og_site_name":"Brasil not\u00edcias","article_published_time":"2024-07-16T18:24:18+00:00","og_image":[{"width":1600,"height":752,"url":"https:\/\/brasilnoticias.org\/site\/wp-content\/uploads\/2024\/07\/152872tribunal-de-justica-de-goias-nega-aborto-legal-a-adolescente-de-13-anos-apos-intervencao-do-pai-3.jpg","type":"image\/jpeg"}],"author":"Reda\u00e7\u00e3o","twitter_card":"summary_large_image","twitter_misc":{"Escrito por":"Reda\u00e7\u00e3o"},"schema":{"@context":"https:\/\/schema.org","@graph":[{"@type":"Article","@id":"https:\/\/brasilnoticias.org\/site\/tribunal-de-justica-de-goias-nega-aborto-legal-a-adolescente-de-13-anos-apos-intervencao-do-pai\/#article","isPartOf":{"@id":"https:\/\/brasilnoticias.org\/site\/tribunal-de-justica-de-goias-nega-aborto-legal-a-adolescente-de-13-anos-apos-intervencao-do-pai\/"},"author":{"name":"Reda\u00e7\u00e3o","@id":"https:\/\/brasilnoticias.org\/site\/#\/schema\/person\/03bbbfe6c7634ad18c26444ea39049fa"},"headline":"Tribunal de Justi\u00e7a de Goi\u00e1s nega aborto legal a adolescente de 13 anos ap\u00f3s interven\u00e7\u00e3o do pai","datePublished":"2024-07-16T18:24:18+00:00","mainEntityOfPage":{"@id":"https:\/\/brasilnoticias.org\/site\/tribunal-de-justica-de-goias-nega-aborto-legal-a-adolescente-de-13-anos-apos-intervencao-do-pai\/"},"wordCount":296,"commentCount":0,"publisher":{"@id":"https:\/\/brasilnoticias.org\/site\/#organization"},"image":{"@id":"https:\/\/brasilnoticias.org\/site\/tribunal-de-justica-de-goias-nega-aborto-legal-a-adolescente-de-13-anos-apos-intervencao-do-pai\/#primaryimage"},"thumbnailUrl":"https:\/\/brasilnoticias.org\/site\/wp-content\/uploads\/2024\/07\/152872tribunal-de-justica-de-goias-nega-aborto-legal-a-adolescente-de-13-anos-apos-intervencao-do-pai-3.jpg","articleSection":["Justi\u00e7a","\u00daltimas"],"inLanguage":"pt-PT","potentialAction":[{"@type":"CommentAction","name":"Comment","target":["https:\/\/brasilnoticias.org\/site\/tribunal-de-justica-de-goias-nega-aborto-legal-a-adolescente-de-13-anos-apos-intervencao-do-pai\/#respond"]}]},{"@type":"WebPage","@id":"https:\/\/brasilnoticias.org\/site\/tribunal-de-justica-de-goias-nega-aborto-legal-a-adolescente-de-13-anos-apos-intervencao-do-pai\/","url":"https:\/\/brasilnoticias.org\/site\/tribunal-de-justica-de-goias-nega-aborto-legal-a-adolescente-de-13-anos-apos-intervencao-do-pai\/","name":"Tribunal de Justi\u00e7a de Goi\u00e1s nega aborto legal a adolescente de 13 anos ap\u00f3s interven\u00e7\u00e3o do pai - Brasil not\u00edcias","isPartOf":{"@id":"https:\/\/brasilnoticias.org\/site\/#website"},"primaryImageOfPage":{"@id":"https:\/\/brasilnoticias.org\/site\/tribunal-de-justica-de-goias-nega-aborto-legal-a-adolescente-de-13-anos-apos-intervencao-do-pai\/#primaryimage"},"image":{"@id":"https:\/\/brasilnoticias.org\/site\/tribunal-de-justica-de-goias-nega-aborto-legal-a-adolescente-de-13-anos-apos-intervencao-do-pai\/#primaryimage"},"thumbnailUrl":"https:\/\/brasilnoticias.org\/site\/wp-content\/uploads\/2024\/07\/152872tribunal-de-justica-de-goias-nega-aborto-legal-a-adolescente-de-13-anos-apos-intervencao-do-pai-3.jpg","datePublished":"2024-07-16T18:24:18+00:00","breadcrumb":{"@id":"https:\/\/brasilnoticias.org\/site\/tribunal-de-justica-de-goias-nega-aborto-legal-a-adolescente-de-13-anos-apos-intervencao-do-pai\/#breadcrumb"},"inLanguage":"pt-PT","potentialAction":[{"@type":"ReadAction","target":["https:\/\/brasilnoticias.org\/site\/tribunal-de-justica-de-goias-nega-aborto-legal-a-adolescente-de-13-anos-apos-intervencao-do-pai\/"]}]},{"@type":"ImageObject","inLanguage":"pt-PT","@id":"https:\/\/brasilnoticias.org\/site\/tribunal-de-justica-de-goias-nega-aborto-legal-a-adolescente-de-13-anos-apos-intervencao-do-pai\/#primaryimage","url":"https:\/\/brasilnoticias.org\/site\/wp-content\/uploads\/2024\/07\/152872tribunal-de-justica-de-goias-nega-aborto-legal-a-adolescente-de-13-anos-apos-intervencao-do-pai-3.jpg","contentUrl":"https:\/\/brasilnoticias.org\/site\/wp-content\/uploads\/2024\/07\/152872tribunal-de-justica-de-goias-nega-aborto-legal-a-adolescente-de-13-anos-apos-intervencao-do-pai-3.jpg","width":1600,"height":752},{"@type":"BreadcrumbList","@id":"https:\/\/brasilnoticias.org\/site\/tribunal-de-justica-de-goias-nega-aborto-legal-a-adolescente-de-13-anos-apos-intervencao-do-pai\/#breadcrumb","itemListElement":[{"@type":"ListItem","position":1,"name":"In\u00edcio","item":"https:\/\/brasilnoticias.org\/site\/"},{"@type":"ListItem","position":2,"name":"Tribunal de Justi\u00e7a de Goi\u00e1s nega aborto legal a adolescente de 13 anos ap\u00f3s interven\u00e7\u00e3o do pai"}]},{"@type":"WebSite","@id":"https:\/\/brasilnoticias.org\/site\/#website","url":"https:\/\/brasilnoticias.org\/site\/","name":"Brasil not\u00edcias","description":"Brasil not\u00edcias","publisher":{"@id":"https:\/\/brasilnoticias.org\/site\/#organization"},"potentialAction":[{"@type":"SearchAction","target":{"@type":"EntryPoint","urlTemplate":"https:\/\/brasilnoticias.org\/site\/?s={search_term_string}"},"query-input":{"@type":"PropertyValueSpecification","valueRequired":true,"valueName":"search_term_string"}}],"inLanguage":"pt-PT"},{"@type":"Organization","@id":"https:\/\/brasilnoticias.org\/site\/#organization","name":"Brasil not\u00edcias","url":"https:\/\/brasilnoticias.org\/site\/","logo":{"@type":"ImageObject","inLanguage":"pt-PT","@id":"https:\/\/brasilnoticias.org\/site\/#\/schema\/logo\/image\/","url":"https:\/\/brasilnoticias.org\/site\/wp-content\/uploads\/2022\/05\/cropped-brasilnoticias-mini.jpg","contentUrl":"https:\/\/brasilnoticias.org\/site\/wp-content\/uploads\/2022\/05\/cropped-brasilnoticias-mini.jpg","width":314,"height":86,"caption":"Brasil not\u00edcias"},"image":{"@id":"https:\/\/brasilnoticias.org\/site\/#\/schema\/logo\/image\/"}},{"@type":"Person","@id":"https:\/\/brasilnoticias.org\/site\/#\/schema\/person\/03bbbfe6c7634ad18c26444ea39049fa","name":"Reda\u00e7\u00e3o","image":{"@type":"ImageObject","inLanguage":"pt-PT","@id":"https:\/\/brasilnoticias.org\/site\/#\/schema\/person\/image\/","url":"https:\/\/secure.gravatar.com\/avatar\/9ecaf7327a696cb23ad926fedded5f1f04d7049de9e445375d55b48c001a6e42?s=96&d=mm&r=g","contentUrl":"https:\/\/secure.gravatar.com\/avatar\/9ecaf7327a696cb23ad926fedded5f1f04d7049de9e445375d55b48c001a6e42?s=96&d=mm&r=g","caption":"Reda\u00e7\u00e3o"},"url":"https:\/\/brasilnoticias.org\/site\/author\/henrique\/"}]}},"_links":{"self":[{"href":"https:\/\/brasilnoticias.org\/site\/wp-json\/wp\/v2\/posts\/15055","targetHints":{"allow":["GET"]}}],"collection":[{"href":"https:\/\/brasilnoticias.org\/site\/wp-json\/wp\/v2\/posts"}],"about":[{"href":"https:\/\/brasilnoticias.org\/site\/wp-json\/wp\/v2\/types\/post"}],"author":[{"embeddable":true,"href":"https:\/\/brasilnoticias.org\/site\/wp-json\/wp\/v2\/users\/4"}],"replies":[{"embeddable":true,"href":"https:\/\/brasilnoticias.org\/site\/wp-json\/wp\/v2\/comments?post=15055"}],"version-history":[{"count":1,"href":"https:\/\/brasilnoticias.org\/site\/wp-json\/wp\/v2\/posts\/15055\/revisions"}],"predecessor-version":[{"id":15058,"href":"https:\/\/brasilnoticias.org\/site\/wp-json\/wp\/v2\/posts\/15055\/revisions\/15058"}],"wp:featuredmedia":[{"embeddable":true,"href":"https:\/\/brasilnoticias.org\/site\/wp-json\/wp\/v2\/media\/15057"}],"wp:attachment":[{"href":"https:\/\/brasilnoticias.org\/site\/wp-json\/wp\/v2\/media?parent=15055"}],"wp:term":[{"taxonomy":"category","embeddable":true,"href":"https:\/\/brasilnoticias.org\/site\/wp-json\/wp\/v2\/categories?post=15055"},{"taxonomy":"post_tag","embeddable":true,"href":"https:\/\/brasilnoticias.org\/site\/wp-json\/wp\/v2\/tags?post=15055"}],"curies":[{"name":"wp","href":"https:\/\/api.w.org\/{rel}","templated":true}]}}