{"id":15062,"date":"2024-07-16T21:30:51","date_gmt":"2024-07-17T00:30:51","guid":{"rendered":"https:\/\/brasilnoticias.org\/site\/?p=15062"},"modified":"2024-07-16T21:30:51","modified_gmt":"2024-07-17T00:30:51","slug":"advogado-se-nega-a-usar-beca-fornecida-pela-oab-odor-desagradavel","status":"publish","type":"post","link":"https:\/\/brasilnoticias.org\/site\/advogado-se-nega-a-usar-beca-fornecida-pela-oab-odor-desagradavel\/","title":{"rendered":"Advogado se nega a usar beca fornecida pela OAB: &#8220;Odor desagrad\u00e1vel&#8221;"},"content":{"rendered":"<p>Come\u00e7ou a circular nas redes sociais imagens que mostram um momento inusitado que aconteceu durante uma sess\u00e3o na C\u00e2mara Criminal do Tribunal de Justi\u00e7a, em Salvador, nesta ter\u00e7a-feira (16). O advogado criminalista Domingo Arjones interrompeu sua sustenta\u00e7\u00e3o oral para pedir \u00e0 presidente da 1\u00b0 sess\u00e3o criminal, Daniela Borges, que dispensasse o uso de sua beca, pois segundo ele, a pe\u00e7a apresentava um &#8220;fedor f\u00e9tido&#8221;<\/p>\n<p>&#8220;Eu queria fazer um registro aqui. Pe\u00e7o dispensa aqui na tribuna do uso da beca, porque ela est\u00e1 com um mau cheiro. Gostaria de colocar-me \u00e0 disposi\u00e7\u00e3o para levar, lavar e devolver aqui ao tribunal, para que os colegas possam usar ela de forma melhor, porque est\u00e1 com um odor bem desagrad\u00e1vel. Queria pedir autoriza\u00e7\u00e3o para Vossa Excel\u00eancia para lavar e devolver&#8221;, pediu o advogado. A solicita\u00e7\u00e3o foi atendida pela presidente.<\/p>\n<p>Tamb\u00e9m chamada de &#8220;Veste Talar&#8221;, a Beca \u00e9 uma pe\u00e7a extremamente importante no tribunal. \u00c9 com ela que o advogado pode fazer a sua sustenta\u00e7\u00e3o perante o juiz. <\/p>\n<p>Fica de responsabilidade da OAB fazer a distribui\u00e7\u00e3o da pe\u00e7a, entretanto, pelo coment\u00e1rio do Advogado Domingos, a organiza\u00e7\u00e3o n\u00e3o faz a higieniza\u00e7\u00e3o correta da vestimenta. <\/p>\n<p>Foto: Reprodu\u00e7\u00e3o\/JusBrasil<br \/>\nFonte: Varelanet<\/p>\n","protected":false},"excerpt":{"rendered":"<p>Come\u00e7ou a circular nas redes sociais imagens que mostram um momento inusitado que aconteceu durante uma sess\u00e3o na C\u00e2mara Criminal<\/p>\n","protected":false},"author":4,"featured_media":15063,"comment_status":"open","ping_status":"open","sticky":false,"template":"","format":"standard","meta":{"colormag_page_container_layout":"default_layout","colormag_page_sidebar_layout":"default_layout","_FSMCFIC_featured_image_caption":"","_FSMCFIC_featured_image_nocaption":"","_FSMCFIC_featured_image_hide":"","footnotes":""},"categories":[2,1],"tags":[],"class_list":["post-15062","post","type-post","status-publish","format-standard","has-post-thumbnail","hentry","category-noticias","category-ultimas"],"yoast_head":"<!-- This site is optimized with the Yoast SEO plugin v27.1.1 - https:\/\/yoast.com\/product\/yoast-seo-wordpress\/ -->\n<title>Advogado se nega a usar beca fornecida pela OAB: &quot;Odor desagrad\u00e1vel&quot; - Brasil not\u00edcias<\/title>\n<meta name=\"robots\" content=\"index, follow, max-snippet:-1, max-image-preview:large, max-video-preview:-1\" \/>\n<link rel=\"canonical\" href=\"https:\/\/brasilnoticias.org\/site\/advogado-se-nega-a-usar-beca-fornecida-pela-oab-odor-desagradavel\/\" \/>\n<meta property=\"og:locale\" content=\"pt_PT\" \/>\n<meta property=\"og:type\" content=\"article\" \/>\n<meta property=\"og:title\" content=\"Advogado se nega a usar beca fornecida pela OAB: &quot;Odor desagrad\u00e1vel&quot; - Brasil not\u00edcias\" \/>\n<meta property=\"og:description\" content=\"Come\u00e7ou a circular nas redes sociais imagens que mostram um momento inusitado que aconteceu durante uma sess\u00e3o na C\u00e2mara Criminal\" \/>\n<meta property=\"og:url\" content=\"https:\/\/brasilnoticias.org\/site\/advogado-se-nega-a-usar-beca-fornecida-pela-oab-odor-desagradavel\/\" \/>\n<meta property=\"og:site_name\" content=\"Brasil not\u00edcias\" \/>\n<meta property=\"article:published_time\" content=\"2024-07-17T00:30:51+00:00\" \/>\n<meta property=\"og:image\" content=\"https:\/\/brasilnoticias.org\/site\/wp-content\/uploads\/2024\/07\/FOTO_NOTICIA_2.jpg\" \/>\n\t<meta property=\"og:image:width\" content=\"1200\" \/>\n\t<meta property=\"og:image:height\" content=\"600\" \/>\n\t<meta property=\"og:image:type\" content=\"image\/jpeg\" \/>\n<meta name=\"author\" content=\"Reda\u00e7\u00e3o\" \/>\n<meta name=\"twitter:card\" content=\"summary_large_image\" \/>\n<meta name=\"twitter:label1\" content=\"Escrito por\" \/>\n\t<meta name=\"twitter:data1\" content=\"Reda\u00e7\u00e3o\" \/>\n<script type=\"application\/ld+json\" class=\"yoast-schema-graph\">{\"@context\":\"https:\/\/schema.org\",\"@graph\":[{\"@type\":\"Article\",\"@id\":\"https:\/\/brasilnoticias.org\/site\/advogado-se-nega-a-usar-beca-fornecida-pela-oab-odor-desagradavel\/#article\",\"isPartOf\":{\"@id\":\"https:\/\/brasilnoticias.org\/site\/advogado-se-nega-a-usar-beca-fornecida-pela-oab-odor-desagradavel\/\"},\"author\":{\"name\":\"Reda\u00e7\u00e3o\",\"@id\":\"https:\/\/brasilnoticias.org\/site\/#\/schema\/person\/03bbbfe6c7634ad18c26444ea39049fa\"},\"headline\":\"Advogado se nega a usar beca fornecida pela OAB: &#8220;Odor desagrad\u00e1vel&#8221;\",\"datePublished\":\"2024-07-17T00:30:51+00:00\",\"mainEntityOfPage\":{\"@id\":\"https:\/\/brasilnoticias.org\/site\/advogado-se-nega-a-usar-beca-fornecida-pela-oab-odor-desagradavel\/\"},\"wordCount\":224,\"commentCount\":0,\"publisher\":{\"@id\":\"https:\/\/brasilnoticias.org\/site\/#organization\"},\"image\":{\"@id\":\"https:\/\/brasilnoticias.org\/site\/advogado-se-nega-a-usar-beca-fornecida-pela-oab-odor-desagradavel\/#primaryimage\"},\"thumbnailUrl\":\"https:\/\/brasilnoticias.org\/site\/wp-content\/uploads\/2024\/07\/FOTO_NOTICIA_2.jpg\",\"articleSection\":[\"Not\u00edcias\",\"\u00daltimas\"],\"inLanguage\":\"pt-PT\",\"potentialAction\":[{\"@type\":\"CommentAction\",\"name\":\"Comment\",\"target\":[\"https:\/\/brasilnoticias.org\/site\/advogado-se-nega-a-usar-beca-fornecida-pela-oab-odor-desagradavel\/#respond\"]}]},{\"@type\":\"WebPage\",\"@id\":\"https:\/\/brasilnoticias.org\/site\/advogado-se-nega-a-usar-beca-fornecida-pela-oab-odor-desagradavel\/\",\"url\":\"https:\/\/brasilnoticias.org\/site\/advogado-se-nega-a-usar-beca-fornecida-pela-oab-odor-desagradavel\/\",\"name\":\"Advogado se nega a usar beca fornecida pela OAB: \\\"Odor desagrad\u00e1vel\\\" - Brasil not\u00edcias\",\"isPartOf\":{\"@id\":\"https:\/\/brasilnoticias.org\/site\/#website\"},\"primaryImageOfPage\":{\"@id\":\"https:\/\/brasilnoticias.org\/site\/advogado-se-nega-a-usar-beca-fornecida-pela-oab-odor-desagradavel\/#primaryimage\"},\"image\":{\"@id\":\"https:\/\/brasilnoticias.org\/site\/advogado-se-nega-a-usar-beca-fornecida-pela-oab-odor-desagradavel\/#primaryimage\"},\"thumbnailUrl\":\"https:\/\/brasilnoticias.org\/site\/wp-content\/uploads\/2024\/07\/FOTO_NOTICIA_2.jpg\",\"datePublished\":\"2024-07-17T00:30:51+00:00\",\"breadcrumb\":{\"@id\":\"https:\/\/brasilnoticias.org\/site\/advogado-se-nega-a-usar-beca-fornecida-pela-oab-odor-desagradavel\/#breadcrumb\"},\"inLanguage\":\"pt-PT\",\"potentialAction\":[{\"@type\":\"ReadAction\",\"target\":[\"https:\/\/brasilnoticias.org\/site\/advogado-se-nega-a-usar-beca-fornecida-pela-oab-odor-desagradavel\/\"]}]},{\"@type\":\"ImageObject\",\"inLanguage\":\"pt-PT\",\"@id\":\"https:\/\/brasilnoticias.org\/site\/advogado-se-nega-a-usar-beca-fornecida-pela-oab-odor-desagradavel\/#primaryimage\",\"url\":\"https:\/\/brasilnoticias.org\/site\/wp-content\/uploads\/2024\/07\/FOTO_NOTICIA_2.jpg\",\"contentUrl\":\"https:\/\/brasilnoticias.org\/site\/wp-content\/uploads\/2024\/07\/FOTO_NOTICIA_2.jpg\",\"width\":1200,\"height\":600},{\"@type\":\"BreadcrumbList\",\"@id\":\"https:\/\/brasilnoticias.org\/site\/advogado-se-nega-a-usar-beca-fornecida-pela-oab-odor-desagradavel\/#breadcrumb\",\"itemListElement\":[{\"@type\":\"ListItem\",\"position\":1,\"name\":\"In\u00edcio\",\"item\":\"https:\/\/brasilnoticias.org\/site\/\"},{\"@type\":\"ListItem\",\"position\":2,\"name\":\"Advogado se nega a usar beca fornecida pela OAB: &#8220;Odor desagrad\u00e1vel&#8221;\"}]},{\"@type\":\"WebSite\",\"@id\":\"https:\/\/brasilnoticias.org\/site\/#website\",\"url\":\"https:\/\/brasilnoticias.org\/site\/\",\"name\":\"Brasil not\u00edcias\",\"description\":\"Brasil not\u00edcias\",\"publisher\":{\"@id\":\"https:\/\/brasilnoticias.org\/site\/#organization\"},\"potentialAction\":[{\"@type\":\"SearchAction\",\"target\":{\"@type\":\"EntryPoint\",\"urlTemplate\":\"https:\/\/brasilnoticias.org\/site\/?s={search_term_string}\"},\"query-input\":{\"@type\":\"PropertyValueSpecification\",\"valueRequired\":true,\"valueName\":\"search_term_string\"}}],\"inLanguage\":\"pt-PT\"},{\"@type\":\"Organization\",\"@id\":\"https:\/\/brasilnoticias.org\/site\/#organization\",\"name\":\"Brasil not\u00edcias\",\"url\":\"https:\/\/brasilnoticias.org\/site\/\",\"logo\":{\"@type\":\"ImageObject\",\"inLanguage\":\"pt-PT\",\"@id\":\"https:\/\/brasilnoticias.org\/site\/#\/schema\/logo\/image\/\",\"url\":\"https:\/\/brasilnoticias.org\/site\/wp-content\/uploads\/2022\/05\/cropped-brasilnoticias-mini.jpg\",\"contentUrl\":\"https:\/\/brasilnoticias.org\/site\/wp-content\/uploads\/2022\/05\/cropped-brasilnoticias-mini.jpg\",\"width\":314,\"height\":86,\"caption\":\"Brasil not\u00edcias\"},\"image\":{\"@id\":\"https:\/\/brasilnoticias.org\/site\/#\/schema\/logo\/image\/\"}},{\"@type\":\"Person\",\"@id\":\"https:\/\/brasilnoticias.org\/site\/#\/schema\/person\/03bbbfe6c7634ad18c26444ea39049fa\",\"name\":\"Reda\u00e7\u00e3o\",\"image\":{\"@type\":\"ImageObject\",\"inLanguage\":\"pt-PT\",\"@id\":\"https:\/\/brasilnoticias.org\/site\/#\/schema\/person\/image\/\",\"url\":\"https:\/\/secure.gravatar.com\/avatar\/9ecaf7327a696cb23ad926fedded5f1f04d7049de9e445375d55b48c001a6e42?s=96&d=mm&r=g\",\"contentUrl\":\"https:\/\/secure.gravatar.com\/avatar\/9ecaf7327a696cb23ad926fedded5f1f04d7049de9e445375d55b48c001a6e42?s=96&d=mm&r=g\",\"caption\":\"Reda\u00e7\u00e3o\"},\"url\":\"https:\/\/brasilnoticias.org\/site\/author\/henrique\/\"}]}<\/script>\n<!-- \/ Yoast SEO plugin. -->","yoast_head_json":{"title":"Advogado se nega a usar beca fornecida pela OAB: \"Odor desagrad\u00e1vel\" - Brasil not\u00edcias","robots":{"index":"index","follow":"follow","max-snippet":"max-snippet:-1","max-image-preview":"max-image-preview:large","max-video-preview":"max-video-preview:-1"},"canonical":"https:\/\/brasilnoticias.org\/site\/advogado-se-nega-a-usar-beca-fornecida-pela-oab-odor-desagradavel\/","og_locale":"pt_PT","og_type":"article","og_title":"Advogado se nega a usar beca fornecida pela OAB: \"Odor desagrad\u00e1vel\" - Brasil not\u00edcias","og_description":"Come\u00e7ou a circular nas redes sociais imagens que mostram um momento inusitado que aconteceu durante uma sess\u00e3o na C\u00e2mara Criminal","og_url":"https:\/\/brasilnoticias.org\/site\/advogado-se-nega-a-usar-beca-fornecida-pela-oab-odor-desagradavel\/","og_site_name":"Brasil not\u00edcias","article_published_time":"2024-07-17T00:30:51+00:00","og_image":[{"width":1200,"height":600,"url":"https:\/\/brasilnoticias.org\/site\/wp-content\/uploads\/2024\/07\/FOTO_NOTICIA_2.jpg","type":"image\/jpeg"}],"author":"Reda\u00e7\u00e3o","twitter_card":"summary_large_image","twitter_misc":{"Escrito por":"Reda\u00e7\u00e3o"},"schema":{"@context":"https:\/\/schema.org","@graph":[{"@type":"Article","@id":"https:\/\/brasilnoticias.org\/site\/advogado-se-nega-a-usar-beca-fornecida-pela-oab-odor-desagradavel\/#article","isPartOf":{"@id":"https:\/\/brasilnoticias.org\/site\/advogado-se-nega-a-usar-beca-fornecida-pela-oab-odor-desagradavel\/"},"author":{"name":"Reda\u00e7\u00e3o","@id":"https:\/\/brasilnoticias.org\/site\/#\/schema\/person\/03bbbfe6c7634ad18c26444ea39049fa"},"headline":"Advogado se nega a usar beca fornecida pela OAB: &#8220;Odor desagrad\u00e1vel&#8221;","datePublished":"2024-07-17T00:30:51+00:00","mainEntityOfPage":{"@id":"https:\/\/brasilnoticias.org\/site\/advogado-se-nega-a-usar-beca-fornecida-pela-oab-odor-desagradavel\/"},"wordCount":224,"commentCount":0,"publisher":{"@id":"https:\/\/brasilnoticias.org\/site\/#organization"},"image":{"@id":"https:\/\/brasilnoticias.org\/site\/advogado-se-nega-a-usar-beca-fornecida-pela-oab-odor-desagradavel\/#primaryimage"},"thumbnailUrl":"https:\/\/brasilnoticias.org\/site\/wp-content\/uploads\/2024\/07\/FOTO_NOTICIA_2.jpg","articleSection":["Not\u00edcias","\u00daltimas"],"inLanguage":"pt-PT","potentialAction":[{"@type":"CommentAction","name":"Comment","target":["https:\/\/brasilnoticias.org\/site\/advogado-se-nega-a-usar-beca-fornecida-pela-oab-odor-desagradavel\/#respond"]}]},{"@type":"WebPage","@id":"https:\/\/brasilnoticias.org\/site\/advogado-se-nega-a-usar-beca-fornecida-pela-oab-odor-desagradavel\/","url":"https:\/\/brasilnoticias.org\/site\/advogado-se-nega-a-usar-beca-fornecida-pela-oab-odor-desagradavel\/","name":"Advogado se nega a usar beca fornecida pela OAB: \"Odor desagrad\u00e1vel\" - Brasil not\u00edcias","isPartOf":{"@id":"https:\/\/brasilnoticias.org\/site\/#website"},"primaryImageOfPage":{"@id":"https:\/\/brasilnoticias.org\/site\/advogado-se-nega-a-usar-beca-fornecida-pela-oab-odor-desagradavel\/#primaryimage"},"image":{"@id":"https:\/\/brasilnoticias.org\/site\/advogado-se-nega-a-usar-beca-fornecida-pela-oab-odor-desagradavel\/#primaryimage"},"thumbnailUrl":"https:\/\/brasilnoticias.org\/site\/wp-content\/uploads\/2024\/07\/FOTO_NOTICIA_2.jpg","datePublished":"2024-07-17T00:30:51+00:00","breadcrumb":{"@id":"https:\/\/brasilnoticias.org\/site\/advogado-se-nega-a-usar-beca-fornecida-pela-oab-odor-desagradavel\/#breadcrumb"},"inLanguage":"pt-PT","potentialAction":[{"@type":"ReadAction","target":["https:\/\/brasilnoticias.org\/site\/advogado-se-nega-a-usar-beca-fornecida-pela-oab-odor-desagradavel\/"]}]},{"@type":"ImageObject","inLanguage":"pt-PT","@id":"https:\/\/brasilnoticias.org\/site\/advogado-se-nega-a-usar-beca-fornecida-pela-oab-odor-desagradavel\/#primaryimage","url":"https:\/\/brasilnoticias.org\/site\/wp-content\/uploads\/2024\/07\/FOTO_NOTICIA_2.jpg","contentUrl":"https:\/\/brasilnoticias.org\/site\/wp-content\/uploads\/2024\/07\/FOTO_NOTICIA_2.jpg","width":1200,"height":600},{"@type":"BreadcrumbList","@id":"https:\/\/brasilnoticias.org\/site\/advogado-se-nega-a-usar-beca-fornecida-pela-oab-odor-desagradavel\/#breadcrumb","itemListElement":[{"@type":"ListItem","position":1,"name":"In\u00edcio","item":"https:\/\/brasilnoticias.org\/site\/"},{"@type":"ListItem","position":2,"name":"Advogado se nega a usar beca fornecida pela OAB: &#8220;Odor desagrad\u00e1vel&#8221;"}]},{"@type":"WebSite","@id":"https:\/\/brasilnoticias.org\/site\/#website","url":"https:\/\/brasilnoticias.org\/site\/","name":"Brasil not\u00edcias","description":"Brasil not\u00edcias","publisher":{"@id":"https:\/\/brasilnoticias.org\/site\/#organization"},"potentialAction":[{"@type":"SearchAction","target":{"@type":"EntryPoint","urlTemplate":"https:\/\/brasilnoticias.org\/site\/?s={search_term_string}"},"query-input":{"@type":"PropertyValueSpecification","valueRequired":true,"valueName":"search_term_string"}}],"inLanguage":"pt-PT"},{"@type":"Organization","@id":"https:\/\/brasilnoticias.org\/site\/#organization","name":"Brasil not\u00edcias","url":"https:\/\/brasilnoticias.org\/site\/","logo":{"@type":"ImageObject","inLanguage":"pt-PT","@id":"https:\/\/brasilnoticias.org\/site\/#\/schema\/logo\/image\/","url":"https:\/\/brasilnoticias.org\/site\/wp-content\/uploads\/2022\/05\/cropped-brasilnoticias-mini.jpg","contentUrl":"https:\/\/brasilnoticias.org\/site\/wp-content\/uploads\/2022\/05\/cropped-brasilnoticias-mini.jpg","width":314,"height":86,"caption":"Brasil not\u00edcias"},"image":{"@id":"https:\/\/brasilnoticias.org\/site\/#\/schema\/logo\/image\/"}},{"@type":"Person","@id":"https:\/\/brasilnoticias.org\/site\/#\/schema\/person\/03bbbfe6c7634ad18c26444ea39049fa","name":"Reda\u00e7\u00e3o","image":{"@type":"ImageObject","inLanguage":"pt-PT","@id":"https:\/\/brasilnoticias.org\/site\/#\/schema\/person\/image\/","url":"https:\/\/secure.gravatar.com\/avatar\/9ecaf7327a696cb23ad926fedded5f1f04d7049de9e445375d55b48c001a6e42?s=96&d=mm&r=g","contentUrl":"https:\/\/secure.gravatar.com\/avatar\/9ecaf7327a696cb23ad926fedded5f1f04d7049de9e445375d55b48c001a6e42?s=96&d=mm&r=g","caption":"Reda\u00e7\u00e3o"},"url":"https:\/\/brasilnoticias.org\/site\/author\/henrique\/"}]}},"_links":{"self":[{"href":"https:\/\/brasilnoticias.org\/site\/wp-json\/wp\/v2\/posts\/15062","targetHints":{"allow":["GET"]}}],"collection":[{"href":"https:\/\/brasilnoticias.org\/site\/wp-json\/wp\/v2\/posts"}],"about":[{"href":"https:\/\/brasilnoticias.org\/site\/wp-json\/wp\/v2\/types\/post"}],"author":[{"embeddable":true,"href":"https:\/\/brasilnoticias.org\/site\/wp-json\/wp\/v2\/users\/4"}],"replies":[{"embeddable":true,"href":"https:\/\/brasilnoticias.org\/site\/wp-json\/wp\/v2\/comments?post=15062"}],"version-history":[{"count":1,"href":"https:\/\/brasilnoticias.org\/site\/wp-json\/wp\/v2\/posts\/15062\/revisions"}],"predecessor-version":[{"id":15064,"href":"https:\/\/brasilnoticias.org\/site\/wp-json\/wp\/v2\/posts\/15062\/revisions\/15064"}],"wp:featuredmedia":[{"embeddable":true,"href":"https:\/\/brasilnoticias.org\/site\/wp-json\/wp\/v2\/media\/15063"}],"wp:attachment":[{"href":"https:\/\/brasilnoticias.org\/site\/wp-json\/wp\/v2\/media?parent=15062"}],"wp:term":[{"taxonomy":"category","embeddable":true,"href":"https:\/\/brasilnoticias.org\/site\/wp-json\/wp\/v2\/categories?post=15062"},{"taxonomy":"post_tag","embeddable":true,"href":"https:\/\/brasilnoticias.org\/site\/wp-json\/wp\/v2\/tags?post=15062"}],"curies":[{"name":"wp","href":"https:\/\/api.w.org\/{rel}","templated":true}]}}