{"id":15067,"date":"2024-07-17T19:36:13","date_gmt":"2024-07-17T22:36:13","guid":{"rendered":"https:\/\/brasilnoticias.org\/site\/?p=15067"},"modified":"2024-07-17T19:36:13","modified_gmt":"2024-07-17T22:36:13","slug":"salvador-tem-cinco-das-melhores-praias-do-brasil-segundo-ranking-internacional","status":"publish","type":"post","link":"https:\/\/brasilnoticias.org\/site\/salvador-tem-cinco-das-melhores-praias-do-brasil-segundo-ranking-internacional\/","title":{"rendered":"Salvador tem cinco das melhores praias do Brasil, segundo ranking internacional"},"content":{"rendered":"<p>A Ponta de Nossa Senhora de Guadalupe, localizada na Ilha dos Frades, em Salvador, foi classificada como a segunda melhor praia do Brasil, conforme um relat\u00f3rio divulgado pelo CIFPLAYAS (Centro Internacional de Forma\u00e7\u00e3o em Gest\u00e3o e Certifica\u00e7\u00e3o de Praias, em tradu\u00e7\u00e3o livre). O litoral de Salvador ainda aparece mais quatro vezes, com as praias do Farol de Itapu\u00e3 (15\u00ba), Placaford (20\u00ba), do Porto da Barra (23\u00ba) e da Ribeira (26\u00ba), no \u00e2mbito nacional. O Ranking de Melhores Praias integra a D\u00e9cada das Na\u00e7\u00f5es Unidas para a Restaura\u00e7\u00e3o dos Ecossistemas, lan\u00e7ado em 2021 e que visa reverter a degrada\u00e7\u00e3o dos ecossistemas no mundo.<\/p>\n<p>O CIFPLAYAS analisou 123 praias na Argentina, Brasil, Canad\u00e1, Col\u00f4mbia, Cuba, Equador, Guatemala, M\u00e9xico, Nova Zel\u00e2ndia, Peru, Porto Rico, Espanha e Venezuela. A publica\u00e7\u00e3o classifica as praias em: urbana, de vilarejo e rural. Considerando as praias de vilarejo, a Ponta de Nossa Senhora de Guadalupe ocupa o primeiro lugar no ranking e \u00e9 descrita como &#8220;uma bela praia de areia, com cerca de 500 metros de comprimento, banhada pelas \u00e1guas mornas da Ba\u00eda de Todos-os-Santos, delimitada por dois belos promont\u00f3rios rochosos e cercada por remanescentes da Mata Atl\u00e2ntica&#8221;.<\/p>\n<p>A Praia do Forte e da 2\u00aa Praia de Morro de S\u00e3o Paulo, ambas na Bahia, ocupam o 2\u00ba e 3\u00ba lugar na categoria, respectivamente. No ranking mundial, as praias do Farol de Itapu\u00e3, Placaford, do Porto da Barra e da Ribeira, que s\u00e3o classificadas como praias urbanas, ocupam a 36\u00aa, 67\u00aa, 80\u00aa e 90\u00aa posi\u00e7\u00e3o, respectivamente.<\/p>\n<p>Para M\u00e1rcio Franco, diretor de turismo da Secretaria Municipal de Cultura e Turismo (Secult), o trabalho em conjunto entre poder p\u00fablico e sociedade civil corrobora para boa classifica\u00e7\u00e3o do litoral soteropolitano no ranking. &#8220;\u00c9 um esfor\u00e7o conjunto entre as autoridades locais e a comunidade para preservar e valorizar nossas praias. Investimos em infraestrutura, seguran\u00e7a e na conscientiza\u00e7\u00e3o ambiental, o que resulta em praias mais limpas e seguras para moradores e turistas&#8221;, afirmou. <\/p>\n<p>Avalia\u00e7\u00e3o \u2013 Cerca de 46 avaliadores, dentre ocean\u00f3grafos, engenheiros, ge\u00f3grafos, qu\u00edmicos e educadores participaram da pesquisa. Conforme o relat\u00f3rio, a maioria dos rankings encontrados on-line s\u00e3o baseados em opini\u00f5es, com crit\u00e9rios subjetivos e sem &#8220;uma metodologia cient\u00edfica, anal\u00edtica ou objetiva para classificar as praias&#8221;. O Ranking de Melhores Praias utiliza uma metodologia composta por indicadores que reconhecem as fun\u00e7\u00f5es e os servi\u00e7os do ecossistema de uma praia, a &#8220;Estrutura de Prioriza\u00e7\u00e3o de Praias&#8221;, com um esquema de pontua\u00e7\u00e3o que permite compara\u00e7\u00f5es diretas.<\/p>\n<p>Dividida em quatro dom\u00ednios, recrea\u00e7\u00e3o, prote\u00e7\u00e3o, conserva\u00e7\u00e3o e sanit\u00e1ria, essa estrutura oferece uma vis\u00e3o global, com as principais lacunas de gerenciamento e destaca os pontos fortes e fracos de cada praia. Dentre elas est\u00e3o infraestrutura para divers\u00e3o e relaxamento, preserva\u00e7\u00e3o do meio ambiente, biodiversidade e a\u00e7\u00f5es de conserva\u00e7\u00e3o, e a presen\u00e7a e os impactos do lixo e da polui\u00e7\u00e3o.<\/p>\n<p>Foto: Igor Santos\/Secom PMS<\/p>\n","protected":false},"excerpt":{"rendered":"<p>A Ponta de Nossa Senhora de Guadalupe, localizada na Ilha dos Frades, em Salvador, foi classificada como a segunda melhor<\/p>\n","protected":false},"author":4,"featured_media":15068,"comment_status":"open","ping_status":"open","sticky":false,"template":"","format":"standard","meta":{"colormag_page_container_layout":"default_layout","colormag_page_sidebar_layout":"default_layout","_FSMCFIC_featured_image_caption":"","_FSMCFIC_featured_image_nocaption":"","_FSMCFIC_featured_image_hide":"","footnotes":""},"categories":[2,1],"tags":[],"class_list":["post-15067","post","type-post","status-publish","format-standard","has-post-thumbnail","hentry","category-noticias","category-ultimas"],"yoast_head":"<!-- This site is optimized with the Yoast SEO plugin v27.1.1 - https:\/\/yoast.com\/product\/yoast-seo-wordpress\/ -->\n<title>Salvador tem cinco das melhores praias do Brasil, segundo ranking internacional - Brasil not\u00edcias<\/title>\n<meta name=\"robots\" content=\"index, follow, max-snippet:-1, max-image-preview:large, max-video-preview:-1\" \/>\n<link rel=\"canonical\" href=\"https:\/\/brasilnoticias.org\/site\/salvador-tem-cinco-das-melhores-praias-do-brasil-segundo-ranking-internacional\/\" \/>\n<meta property=\"og:locale\" content=\"pt_PT\" \/>\n<meta property=\"og:type\" content=\"article\" \/>\n<meta property=\"og:title\" content=\"Salvador tem cinco das melhores praias do Brasil, segundo ranking internacional - Brasil not\u00edcias\" \/>\n<meta property=\"og:description\" content=\"A Ponta de Nossa Senhora de Guadalupe, localizada na Ilha dos Frades, em Salvador, foi classificada como a segunda melhor\" \/>\n<meta property=\"og:url\" content=\"https:\/\/brasilnoticias.org\/site\/salvador-tem-cinco-das-melhores-praias-do-brasil-segundo-ranking-internacional\/\" \/>\n<meta property=\"og:site_name\" content=\"Brasil not\u00edcias\" \/>\n<meta property=\"article:published_time\" content=\"2024-07-17T22:36:13+00:00\" \/>\n<meta property=\"og:image\" content=\"https:\/\/brasilnoticias.org\/site\/wp-content\/uploads\/2024\/07\/IMAGEM_NOTICIA_0-3.jpg\" \/>\n\t<meta property=\"og:image:width\" content=\"850\" \/>\n\t<meta property=\"og:image:height\" content=\"400\" \/>\n\t<meta property=\"og:image:type\" content=\"image\/jpeg\" \/>\n<meta name=\"author\" content=\"Reda\u00e7\u00e3o\" \/>\n<meta name=\"twitter:card\" content=\"summary_large_image\" \/>\n<meta name=\"twitter:label1\" content=\"Escrito por\" \/>\n\t<meta name=\"twitter:data1\" content=\"Reda\u00e7\u00e3o\" \/>\n\t<meta name=\"twitter:label2\" content=\"Tempo estimado de leitura\" \/>\n\t<meta name=\"twitter:data2\" content=\"1 minuto\" \/>\n<script type=\"application\/ld+json\" class=\"yoast-schema-graph\">{\"@context\":\"https:\/\/schema.org\",\"@graph\":[{\"@type\":\"Article\",\"@id\":\"https:\/\/brasilnoticias.org\/site\/salvador-tem-cinco-das-melhores-praias-do-brasil-segundo-ranking-internacional\/#article\",\"isPartOf\":{\"@id\":\"https:\/\/brasilnoticias.org\/site\/salvador-tem-cinco-das-melhores-praias-do-brasil-segundo-ranking-internacional\/\"},\"author\":{\"name\":\"Reda\u00e7\u00e3o\",\"@id\":\"https:\/\/brasilnoticias.org\/site\/#\/schema\/person\/03bbbfe6c7634ad18c26444ea39049fa\"},\"headline\":\"Salvador tem cinco das melhores praias do Brasil, segundo ranking internacional\",\"datePublished\":\"2024-07-17T22:36:13+00:00\",\"mainEntityOfPage\":{\"@id\":\"https:\/\/brasilnoticias.org\/site\/salvador-tem-cinco-das-melhores-praias-do-brasil-segundo-ranking-internacional\/\"},\"wordCount\":512,\"commentCount\":0,\"publisher\":{\"@id\":\"https:\/\/brasilnoticias.org\/site\/#organization\"},\"image\":{\"@id\":\"https:\/\/brasilnoticias.org\/site\/salvador-tem-cinco-das-melhores-praias-do-brasil-segundo-ranking-internacional\/#primaryimage\"},\"thumbnailUrl\":\"https:\/\/brasilnoticias.org\/site\/wp-content\/uploads\/2024\/07\/IMAGEM_NOTICIA_0-3.jpg\",\"articleSection\":[\"Not\u00edcias\",\"\u00daltimas\"],\"inLanguage\":\"pt-PT\",\"potentialAction\":[{\"@type\":\"CommentAction\",\"name\":\"Comment\",\"target\":[\"https:\/\/brasilnoticias.org\/site\/salvador-tem-cinco-das-melhores-praias-do-brasil-segundo-ranking-internacional\/#respond\"]}]},{\"@type\":\"WebPage\",\"@id\":\"https:\/\/brasilnoticias.org\/site\/salvador-tem-cinco-das-melhores-praias-do-brasil-segundo-ranking-internacional\/\",\"url\":\"https:\/\/brasilnoticias.org\/site\/salvador-tem-cinco-das-melhores-praias-do-brasil-segundo-ranking-internacional\/\",\"name\":\"Salvador tem cinco das melhores praias do Brasil, segundo ranking internacional - Brasil not\u00edcias\",\"isPartOf\":{\"@id\":\"https:\/\/brasilnoticias.org\/site\/#website\"},\"primaryImageOfPage\":{\"@id\":\"https:\/\/brasilnoticias.org\/site\/salvador-tem-cinco-das-melhores-praias-do-brasil-segundo-ranking-internacional\/#primaryimage\"},\"image\":{\"@id\":\"https:\/\/brasilnoticias.org\/site\/salvador-tem-cinco-das-melhores-praias-do-brasil-segundo-ranking-internacional\/#primaryimage\"},\"thumbnailUrl\":\"https:\/\/brasilnoticias.org\/site\/wp-content\/uploads\/2024\/07\/IMAGEM_NOTICIA_0-3.jpg\",\"datePublished\":\"2024-07-17T22:36:13+00:00\",\"breadcrumb\":{\"@id\":\"https:\/\/brasilnoticias.org\/site\/salvador-tem-cinco-das-melhores-praias-do-brasil-segundo-ranking-internacional\/#breadcrumb\"},\"inLanguage\":\"pt-PT\",\"potentialAction\":[{\"@type\":\"ReadAction\",\"target\":[\"https:\/\/brasilnoticias.org\/site\/salvador-tem-cinco-das-melhores-praias-do-brasil-segundo-ranking-internacional\/\"]}]},{\"@type\":\"ImageObject\",\"inLanguage\":\"pt-PT\",\"@id\":\"https:\/\/brasilnoticias.org\/site\/salvador-tem-cinco-das-melhores-praias-do-brasil-segundo-ranking-internacional\/#primaryimage\",\"url\":\"https:\/\/brasilnoticias.org\/site\/wp-content\/uploads\/2024\/07\/IMAGEM_NOTICIA_0-3.jpg\",\"contentUrl\":\"https:\/\/brasilnoticias.org\/site\/wp-content\/uploads\/2024\/07\/IMAGEM_NOTICIA_0-3.jpg\",\"width\":850,\"height\":400},{\"@type\":\"BreadcrumbList\",\"@id\":\"https:\/\/brasilnoticias.org\/site\/salvador-tem-cinco-das-melhores-praias-do-brasil-segundo-ranking-internacional\/#breadcrumb\",\"itemListElement\":[{\"@type\":\"ListItem\",\"position\":1,\"name\":\"In\u00edcio\",\"item\":\"https:\/\/brasilnoticias.org\/site\/\"},{\"@type\":\"ListItem\",\"position\":2,\"name\":\"Salvador tem cinco das melhores praias do Brasil, segundo ranking internacional\"}]},{\"@type\":\"WebSite\",\"@id\":\"https:\/\/brasilnoticias.org\/site\/#website\",\"url\":\"https:\/\/brasilnoticias.org\/site\/\",\"name\":\"Brasil not\u00edcias\",\"description\":\"Brasil not\u00edcias\",\"publisher\":{\"@id\":\"https:\/\/brasilnoticias.org\/site\/#organization\"},\"potentialAction\":[{\"@type\":\"SearchAction\",\"target\":{\"@type\":\"EntryPoint\",\"urlTemplate\":\"https:\/\/brasilnoticias.org\/site\/?s={search_term_string}\"},\"query-input\":{\"@type\":\"PropertyValueSpecification\",\"valueRequired\":true,\"valueName\":\"search_term_string\"}}],\"inLanguage\":\"pt-PT\"},{\"@type\":\"Organization\",\"@id\":\"https:\/\/brasilnoticias.org\/site\/#organization\",\"name\":\"Brasil not\u00edcias\",\"url\":\"https:\/\/brasilnoticias.org\/site\/\",\"logo\":{\"@type\":\"ImageObject\",\"inLanguage\":\"pt-PT\",\"@id\":\"https:\/\/brasilnoticias.org\/site\/#\/schema\/logo\/image\/\",\"url\":\"https:\/\/brasilnoticias.org\/site\/wp-content\/uploads\/2022\/05\/cropped-brasilnoticias-mini.jpg\",\"contentUrl\":\"https:\/\/brasilnoticias.org\/site\/wp-content\/uploads\/2022\/05\/cropped-brasilnoticias-mini.jpg\",\"width\":314,\"height\":86,\"caption\":\"Brasil not\u00edcias\"},\"image\":{\"@id\":\"https:\/\/brasilnoticias.org\/site\/#\/schema\/logo\/image\/\"}},{\"@type\":\"Person\",\"@id\":\"https:\/\/brasilnoticias.org\/site\/#\/schema\/person\/03bbbfe6c7634ad18c26444ea39049fa\",\"name\":\"Reda\u00e7\u00e3o\",\"image\":{\"@type\":\"ImageObject\",\"inLanguage\":\"pt-PT\",\"@id\":\"https:\/\/brasilnoticias.org\/site\/#\/schema\/person\/image\/\",\"url\":\"https:\/\/secure.gravatar.com\/avatar\/9ecaf7327a696cb23ad926fedded5f1f04d7049de9e445375d55b48c001a6e42?s=96&d=mm&r=g\",\"contentUrl\":\"https:\/\/secure.gravatar.com\/avatar\/9ecaf7327a696cb23ad926fedded5f1f04d7049de9e445375d55b48c001a6e42?s=96&d=mm&r=g\",\"caption\":\"Reda\u00e7\u00e3o\"},\"url\":\"https:\/\/brasilnoticias.org\/site\/author\/henrique\/\"}]}<\/script>\n<!-- \/ Yoast SEO plugin. -->","yoast_head_json":{"title":"Salvador tem cinco das melhores praias do Brasil, segundo ranking internacional - Brasil not\u00edcias","robots":{"index":"index","follow":"follow","max-snippet":"max-snippet:-1","max-image-preview":"max-image-preview:large","max-video-preview":"max-video-preview:-1"},"canonical":"https:\/\/brasilnoticias.org\/site\/salvador-tem-cinco-das-melhores-praias-do-brasil-segundo-ranking-internacional\/","og_locale":"pt_PT","og_type":"article","og_title":"Salvador tem cinco das melhores praias do Brasil, segundo ranking internacional - Brasil not\u00edcias","og_description":"A Ponta de Nossa Senhora de Guadalupe, localizada na Ilha dos Frades, em Salvador, foi classificada como a segunda melhor","og_url":"https:\/\/brasilnoticias.org\/site\/salvador-tem-cinco-das-melhores-praias-do-brasil-segundo-ranking-internacional\/","og_site_name":"Brasil not\u00edcias","article_published_time":"2024-07-17T22:36:13+00:00","og_image":[{"width":850,"height":400,"url":"https:\/\/brasilnoticias.org\/site\/wp-content\/uploads\/2024\/07\/IMAGEM_NOTICIA_0-3.jpg","type":"image\/jpeg"}],"author":"Reda\u00e7\u00e3o","twitter_card":"summary_large_image","twitter_misc":{"Escrito por":"Reda\u00e7\u00e3o","Tempo estimado de leitura":"1 minuto"},"schema":{"@context":"https:\/\/schema.org","@graph":[{"@type":"Article","@id":"https:\/\/brasilnoticias.org\/site\/salvador-tem-cinco-das-melhores-praias-do-brasil-segundo-ranking-internacional\/#article","isPartOf":{"@id":"https:\/\/brasilnoticias.org\/site\/salvador-tem-cinco-das-melhores-praias-do-brasil-segundo-ranking-internacional\/"},"author":{"name":"Reda\u00e7\u00e3o","@id":"https:\/\/brasilnoticias.org\/site\/#\/schema\/person\/03bbbfe6c7634ad18c26444ea39049fa"},"headline":"Salvador tem cinco das melhores praias do Brasil, segundo ranking internacional","datePublished":"2024-07-17T22:36:13+00:00","mainEntityOfPage":{"@id":"https:\/\/brasilnoticias.org\/site\/salvador-tem-cinco-das-melhores-praias-do-brasil-segundo-ranking-internacional\/"},"wordCount":512,"commentCount":0,"publisher":{"@id":"https:\/\/brasilnoticias.org\/site\/#organization"},"image":{"@id":"https:\/\/brasilnoticias.org\/site\/salvador-tem-cinco-das-melhores-praias-do-brasil-segundo-ranking-internacional\/#primaryimage"},"thumbnailUrl":"https:\/\/brasilnoticias.org\/site\/wp-content\/uploads\/2024\/07\/IMAGEM_NOTICIA_0-3.jpg","articleSection":["Not\u00edcias","\u00daltimas"],"inLanguage":"pt-PT","potentialAction":[{"@type":"CommentAction","name":"Comment","target":["https:\/\/brasilnoticias.org\/site\/salvador-tem-cinco-das-melhores-praias-do-brasil-segundo-ranking-internacional\/#respond"]}]},{"@type":"WebPage","@id":"https:\/\/brasilnoticias.org\/site\/salvador-tem-cinco-das-melhores-praias-do-brasil-segundo-ranking-internacional\/","url":"https:\/\/brasilnoticias.org\/site\/salvador-tem-cinco-das-melhores-praias-do-brasil-segundo-ranking-internacional\/","name":"Salvador tem cinco das melhores praias do Brasil, segundo ranking internacional - Brasil not\u00edcias","isPartOf":{"@id":"https:\/\/brasilnoticias.org\/site\/#website"},"primaryImageOfPage":{"@id":"https:\/\/brasilnoticias.org\/site\/salvador-tem-cinco-das-melhores-praias-do-brasil-segundo-ranking-internacional\/#primaryimage"},"image":{"@id":"https:\/\/brasilnoticias.org\/site\/salvador-tem-cinco-das-melhores-praias-do-brasil-segundo-ranking-internacional\/#primaryimage"},"thumbnailUrl":"https:\/\/brasilnoticias.org\/site\/wp-content\/uploads\/2024\/07\/IMAGEM_NOTICIA_0-3.jpg","datePublished":"2024-07-17T22:36:13+00:00","breadcrumb":{"@id":"https:\/\/brasilnoticias.org\/site\/salvador-tem-cinco-das-melhores-praias-do-brasil-segundo-ranking-internacional\/#breadcrumb"},"inLanguage":"pt-PT","potentialAction":[{"@type":"ReadAction","target":["https:\/\/brasilnoticias.org\/site\/salvador-tem-cinco-das-melhores-praias-do-brasil-segundo-ranking-internacional\/"]}]},{"@type":"ImageObject","inLanguage":"pt-PT","@id":"https:\/\/brasilnoticias.org\/site\/salvador-tem-cinco-das-melhores-praias-do-brasil-segundo-ranking-internacional\/#primaryimage","url":"https:\/\/brasilnoticias.org\/site\/wp-content\/uploads\/2024\/07\/IMAGEM_NOTICIA_0-3.jpg","contentUrl":"https:\/\/brasilnoticias.org\/site\/wp-content\/uploads\/2024\/07\/IMAGEM_NOTICIA_0-3.jpg","width":850,"height":400},{"@type":"BreadcrumbList","@id":"https:\/\/brasilnoticias.org\/site\/salvador-tem-cinco-das-melhores-praias-do-brasil-segundo-ranking-internacional\/#breadcrumb","itemListElement":[{"@type":"ListItem","position":1,"name":"In\u00edcio","item":"https:\/\/brasilnoticias.org\/site\/"},{"@type":"ListItem","position":2,"name":"Salvador tem cinco das melhores praias do Brasil, segundo ranking internacional"}]},{"@type":"WebSite","@id":"https:\/\/brasilnoticias.org\/site\/#website","url":"https:\/\/brasilnoticias.org\/site\/","name":"Brasil not\u00edcias","description":"Brasil not\u00edcias","publisher":{"@id":"https:\/\/brasilnoticias.org\/site\/#organization"},"potentialAction":[{"@type":"SearchAction","target":{"@type":"EntryPoint","urlTemplate":"https:\/\/brasilnoticias.org\/site\/?s={search_term_string}"},"query-input":{"@type":"PropertyValueSpecification","valueRequired":true,"valueName":"search_term_string"}}],"inLanguage":"pt-PT"},{"@type":"Organization","@id":"https:\/\/brasilnoticias.org\/site\/#organization","name":"Brasil not\u00edcias","url":"https:\/\/brasilnoticias.org\/site\/","logo":{"@type":"ImageObject","inLanguage":"pt-PT","@id":"https:\/\/brasilnoticias.org\/site\/#\/schema\/logo\/image\/","url":"https:\/\/brasilnoticias.org\/site\/wp-content\/uploads\/2022\/05\/cropped-brasilnoticias-mini.jpg","contentUrl":"https:\/\/brasilnoticias.org\/site\/wp-content\/uploads\/2022\/05\/cropped-brasilnoticias-mini.jpg","width":314,"height":86,"caption":"Brasil not\u00edcias"},"image":{"@id":"https:\/\/brasilnoticias.org\/site\/#\/schema\/logo\/image\/"}},{"@type":"Person","@id":"https:\/\/brasilnoticias.org\/site\/#\/schema\/person\/03bbbfe6c7634ad18c26444ea39049fa","name":"Reda\u00e7\u00e3o","image":{"@type":"ImageObject","inLanguage":"pt-PT","@id":"https:\/\/brasilnoticias.org\/site\/#\/schema\/person\/image\/","url":"https:\/\/secure.gravatar.com\/avatar\/9ecaf7327a696cb23ad926fedded5f1f04d7049de9e445375d55b48c001a6e42?s=96&d=mm&r=g","contentUrl":"https:\/\/secure.gravatar.com\/avatar\/9ecaf7327a696cb23ad926fedded5f1f04d7049de9e445375d55b48c001a6e42?s=96&d=mm&r=g","caption":"Reda\u00e7\u00e3o"},"url":"https:\/\/brasilnoticias.org\/site\/author\/henrique\/"}]}},"_links":{"self":[{"href":"https:\/\/brasilnoticias.org\/site\/wp-json\/wp\/v2\/posts\/15067","targetHints":{"allow":["GET"]}}],"collection":[{"href":"https:\/\/brasilnoticias.org\/site\/wp-json\/wp\/v2\/posts"}],"about":[{"href":"https:\/\/brasilnoticias.org\/site\/wp-json\/wp\/v2\/types\/post"}],"author":[{"embeddable":true,"href":"https:\/\/brasilnoticias.org\/site\/wp-json\/wp\/v2\/users\/4"}],"replies":[{"embeddable":true,"href":"https:\/\/brasilnoticias.org\/site\/wp-json\/wp\/v2\/comments?post=15067"}],"version-history":[{"count":1,"href":"https:\/\/brasilnoticias.org\/site\/wp-json\/wp\/v2\/posts\/15067\/revisions"}],"predecessor-version":[{"id":15069,"href":"https:\/\/brasilnoticias.org\/site\/wp-json\/wp\/v2\/posts\/15067\/revisions\/15069"}],"wp:featuredmedia":[{"embeddable":true,"href":"https:\/\/brasilnoticias.org\/site\/wp-json\/wp\/v2\/media\/15068"}],"wp:attachment":[{"href":"https:\/\/brasilnoticias.org\/site\/wp-json\/wp\/v2\/media?parent=15067"}],"wp:term":[{"taxonomy":"category","embeddable":true,"href":"https:\/\/brasilnoticias.org\/site\/wp-json\/wp\/v2\/categories?post=15067"},{"taxonomy":"post_tag","embeddable":true,"href":"https:\/\/brasilnoticias.org\/site\/wp-json\/wp\/v2\/tags?post=15067"}],"curies":[{"name":"wp","href":"https:\/\/api.w.org\/{rel}","templated":true}]}}