{"id":15095,"date":"2024-07-18T15:31:16","date_gmt":"2024-07-18T18:31:16","guid":{"rendered":"https:\/\/brasilnoticias.org\/site\/?p=15095"},"modified":"2024-07-18T15:31:16","modified_gmt":"2024-07-18T18:31:16","slug":"vitoria-perde-por-3x1-para-o-fortaleza-em-jogo-marcado-por-falhas","status":"publish","type":"post","link":"https:\/\/brasilnoticias.org\/site\/vitoria-perde-por-3x1-para-o-fortaleza-em-jogo-marcado-por-falhas\/","title":{"rendered":"Vit\u00f3ria perde por 3\u00d71 para o Fortaleza em jogo marcado por falhas"},"content":{"rendered":"<p>O Vit\u00f3ria voltou a trope\u00e7ar no Brasileir\u00e3o, ao perder por 3 a 1 para o Fortaleza em jogo disputado na noite desta quarta-feira (17), na Arena Castel\u00e3o.<\/p>\n<p>Apesar da derrota, o Le\u00e3o continua fora do Z-4, em 16\u00ba lugar, mas v\u00ea a aproxima\u00e7\u00e3o do Corinthians, 17\u00ba. Ambos t\u00eam 17 pontos ganhos.<\/p>\n<p>A pr\u00f3xima partida ser\u00e1 contra o Gr\u00eamio, em um duelo direto contra a zona de rebaixamento. O jogo est\u00e1 marcado para domingo (21), no est\u00e1dio Centen\u00e1rio, em Caxias do Sul.<\/p>\n<p>O JOGO<\/p>\n<p>A primeira etapa foi marcada por um in\u00edcio de jogo truncado no meio-campo, com as duas equipes encontrando dificuldades para organizar jogadas. Pelo lado do Vit\u00f3ria, foi esse o panorama dos 45 minutos iniciais, enquanto o Fortaleza, com o passar do tempo, encontrou espa\u00e7os e levou uma vantagem larga para o intervalo.<\/p>\n<p>O primeiro gol do jogo aconteceu aos 24 minutos, em uma jogada e bola parada. Bruno Lopes cobrou falta da ponta esquerda, a bola passou por todos na grande \u00e1rea e parou no fundo das redes.<\/p>\n<p>Aos 38 minutos, Breno Lopes recebeu passe em profundidade e acertou a trave. No rebote, o pr\u00f3prio atacante cruzou para a \u00e1rea e Pochettino apareceu livre para ampliar o placar.<\/p>\n<p>Depois da conversa de vesti\u00e1rio, o t\u00e9cnico Thiago Carpini tentou duas modifica\u00e7\u00f5es para o segundo tempo, que foram Daniel J\u00fanior e Osvaldo nos lugares de Jean Mota e Osvaldo. Mas o Fortaleza balan\u00e7ou as redes em poucos minutos.<\/p>\n<p>Em jogada ensaiada, aos nove minutos, a bola foi cruzada em cobran\u00e7a de escanteio, Felipe Jonatan desviou para a pequena \u00e1rea e Tinga, sem marca\u00e7\u00e3o, s\u00f3 teve o trabalho de cabecear para encaminhar o placar.<\/p>\n<p>O Vit\u00f3ria conseguiu diminuir o placar somente nos minutos finais do jogo. PL fez jogada individual pela esquerda e fez um cruzamento preciso para Z\u00e9 Hugo, tamb\u00e9m sozinho na grande \u00e1rea, finalizar e definir o placar em 3 a 1.<\/p>\n<p>Informa\u00e7\u00f5es do Arena Rubro-Negra \/ Foto: Thiago Gadelha\/ge<\/p>\n","protected":false},"excerpt":{"rendered":"<p>O Vit\u00f3ria voltou a trope\u00e7ar no Brasileir\u00e3o, ao perder por 3 a 1 para o Fortaleza em jogo disputado na<\/p>\n","protected":false},"author":4,"featured_media":15096,"comment_status":"open","ping_status":"open","sticky":false,"template":"","format":"standard","meta":{"colormag_page_container_layout":"default_layout","colormag_page_sidebar_layout":"default_layout","_FSMCFIC_featured_image_caption":"","_FSMCFIC_featured_image_nocaption":"","_FSMCFIC_featured_image_hide":"","footnotes":""},"categories":[4,1],"tags":[],"class_list":["post-15095","post","type-post","status-publish","format-standard","has-post-thumbnail","hentry","category-esporte","category-ultimas"],"yoast_head":"<!-- This site is optimized with the Yoast SEO plugin v27.1.1 - https:\/\/yoast.com\/product\/yoast-seo-wordpress\/ -->\n<title>Vit\u00f3ria perde por 3\u00d71 para o Fortaleza em jogo marcado por falhas - Brasil not\u00edcias<\/title>\n<meta name=\"robots\" content=\"index, follow, max-snippet:-1, max-image-preview:large, max-video-preview:-1\" \/>\n<link rel=\"canonical\" href=\"https:\/\/brasilnoticias.org\/site\/vitoria-perde-por-3x1-para-o-fortaleza-em-jogo-marcado-por-falhas\/\" \/>\n<meta property=\"og:locale\" content=\"pt_PT\" \/>\n<meta property=\"og:type\" content=\"article\" \/>\n<meta property=\"og:title\" content=\"Vit\u00f3ria perde por 3\u00d71 para o Fortaleza em jogo marcado por falhas - Brasil not\u00edcias\" \/>\n<meta property=\"og:description\" content=\"O Vit\u00f3ria voltou a trope\u00e7ar no Brasileir\u00e3o, ao perder por 3 a 1 para o Fortaleza em jogo disputado na\" \/>\n<meta property=\"og:url\" content=\"https:\/\/brasilnoticias.org\/site\/vitoria-perde-por-3x1-para-o-fortaleza-em-jogo-marcado-por-falhas\/\" \/>\n<meta property=\"og:site_name\" content=\"Brasil not\u00edcias\" \/>\n<meta property=\"article:published_time\" content=\"2024-07-18T18:31:16+00:00\" \/>\n<meta property=\"og:image\" content=\"https:\/\/brasilnoticias.org\/site\/wp-content\/uploads\/2024\/07\/IMAGEM_NOTICIA_2-1-2.jpg\" \/>\n\t<meta property=\"og:image:width\" content=\"300\" \/>\n\t<meta property=\"og:image:height\" content=\"200\" \/>\n\t<meta property=\"og:image:type\" content=\"image\/jpeg\" \/>\n<meta name=\"author\" content=\"Reda\u00e7\u00e3o\" \/>\n<meta name=\"twitter:card\" content=\"summary_large_image\" \/>\n<meta name=\"twitter:label1\" content=\"Escrito por\" \/>\n\t<meta name=\"twitter:data1\" content=\"Reda\u00e7\u00e3o\" \/>\n\t<meta name=\"twitter:label2\" content=\"Tempo estimado de leitura\" \/>\n\t<meta name=\"twitter:data2\" content=\"1 minuto\" \/>\n<script type=\"application\/ld+json\" class=\"yoast-schema-graph\">{\"@context\":\"https:\/\/schema.org\",\"@graph\":[{\"@type\":\"Article\",\"@id\":\"https:\/\/brasilnoticias.org\/site\/vitoria-perde-por-3x1-para-o-fortaleza-em-jogo-marcado-por-falhas\/#article\",\"isPartOf\":{\"@id\":\"https:\/\/brasilnoticias.org\/site\/vitoria-perde-por-3x1-para-o-fortaleza-em-jogo-marcado-por-falhas\/\"},\"author\":{\"name\":\"Reda\u00e7\u00e3o\",\"@id\":\"https:\/\/brasilnoticias.org\/site\/#\/schema\/person\/03bbbfe6c7634ad18c26444ea39049fa\"},\"headline\":\"Vit\u00f3ria perde por 3\u00d71 para o Fortaleza em jogo marcado por falhas\",\"datePublished\":\"2024-07-18T18:31:16+00:00\",\"mainEntityOfPage\":{\"@id\":\"https:\/\/brasilnoticias.org\/site\/vitoria-perde-por-3x1-para-o-fortaleza-em-jogo-marcado-por-falhas\/\"},\"wordCount\":347,\"commentCount\":0,\"publisher\":{\"@id\":\"https:\/\/brasilnoticias.org\/site\/#organization\"},\"image\":{\"@id\":\"https:\/\/brasilnoticias.org\/site\/vitoria-perde-por-3x1-para-o-fortaleza-em-jogo-marcado-por-falhas\/#primaryimage\"},\"thumbnailUrl\":\"https:\/\/brasilnoticias.org\/site\/wp-content\/uploads\/2024\/07\/IMAGEM_NOTICIA_2-1-2.jpg\",\"articleSection\":[\"Esporte\",\"\u00daltimas\"],\"inLanguage\":\"pt-PT\",\"potentialAction\":[{\"@type\":\"CommentAction\",\"name\":\"Comment\",\"target\":[\"https:\/\/brasilnoticias.org\/site\/vitoria-perde-por-3x1-para-o-fortaleza-em-jogo-marcado-por-falhas\/#respond\"]}]},{\"@type\":\"WebPage\",\"@id\":\"https:\/\/brasilnoticias.org\/site\/vitoria-perde-por-3x1-para-o-fortaleza-em-jogo-marcado-por-falhas\/\",\"url\":\"https:\/\/brasilnoticias.org\/site\/vitoria-perde-por-3x1-para-o-fortaleza-em-jogo-marcado-por-falhas\/\",\"name\":\"Vit\u00f3ria perde por 3\u00d71 para o Fortaleza em jogo marcado por falhas - Brasil not\u00edcias\",\"isPartOf\":{\"@id\":\"https:\/\/brasilnoticias.org\/site\/#website\"},\"primaryImageOfPage\":{\"@id\":\"https:\/\/brasilnoticias.org\/site\/vitoria-perde-por-3x1-para-o-fortaleza-em-jogo-marcado-por-falhas\/#primaryimage\"},\"image\":{\"@id\":\"https:\/\/brasilnoticias.org\/site\/vitoria-perde-por-3x1-para-o-fortaleza-em-jogo-marcado-por-falhas\/#primaryimage\"},\"thumbnailUrl\":\"https:\/\/brasilnoticias.org\/site\/wp-content\/uploads\/2024\/07\/IMAGEM_NOTICIA_2-1-2.jpg\",\"datePublished\":\"2024-07-18T18:31:16+00:00\",\"breadcrumb\":{\"@id\":\"https:\/\/brasilnoticias.org\/site\/vitoria-perde-por-3x1-para-o-fortaleza-em-jogo-marcado-por-falhas\/#breadcrumb\"},\"inLanguage\":\"pt-PT\",\"potentialAction\":[{\"@type\":\"ReadAction\",\"target\":[\"https:\/\/brasilnoticias.org\/site\/vitoria-perde-por-3x1-para-o-fortaleza-em-jogo-marcado-por-falhas\/\"]}]},{\"@type\":\"ImageObject\",\"inLanguage\":\"pt-PT\",\"@id\":\"https:\/\/brasilnoticias.org\/site\/vitoria-perde-por-3x1-para-o-fortaleza-em-jogo-marcado-por-falhas\/#primaryimage\",\"url\":\"https:\/\/brasilnoticias.org\/site\/wp-content\/uploads\/2024\/07\/IMAGEM_NOTICIA_2-1-2.jpg\",\"contentUrl\":\"https:\/\/brasilnoticias.org\/site\/wp-content\/uploads\/2024\/07\/IMAGEM_NOTICIA_2-1-2.jpg\",\"width\":300,\"height\":200},{\"@type\":\"BreadcrumbList\",\"@id\":\"https:\/\/brasilnoticias.org\/site\/vitoria-perde-por-3x1-para-o-fortaleza-em-jogo-marcado-por-falhas\/#breadcrumb\",\"itemListElement\":[{\"@type\":\"ListItem\",\"position\":1,\"name\":\"In\u00edcio\",\"item\":\"https:\/\/brasilnoticias.org\/site\/\"},{\"@type\":\"ListItem\",\"position\":2,\"name\":\"Vit\u00f3ria perde por 3\u00d71 para o Fortaleza em jogo marcado por falhas\"}]},{\"@type\":\"WebSite\",\"@id\":\"https:\/\/brasilnoticias.org\/site\/#website\",\"url\":\"https:\/\/brasilnoticias.org\/site\/\",\"name\":\"Brasil not\u00edcias\",\"description\":\"Brasil not\u00edcias\",\"publisher\":{\"@id\":\"https:\/\/brasilnoticias.org\/site\/#organization\"},\"potentialAction\":[{\"@type\":\"SearchAction\",\"target\":{\"@type\":\"EntryPoint\",\"urlTemplate\":\"https:\/\/brasilnoticias.org\/site\/?s={search_term_string}\"},\"query-input\":{\"@type\":\"PropertyValueSpecification\",\"valueRequired\":true,\"valueName\":\"search_term_string\"}}],\"inLanguage\":\"pt-PT\"},{\"@type\":\"Organization\",\"@id\":\"https:\/\/brasilnoticias.org\/site\/#organization\",\"name\":\"Brasil not\u00edcias\",\"url\":\"https:\/\/brasilnoticias.org\/site\/\",\"logo\":{\"@type\":\"ImageObject\",\"inLanguage\":\"pt-PT\",\"@id\":\"https:\/\/brasilnoticias.org\/site\/#\/schema\/logo\/image\/\",\"url\":\"https:\/\/brasilnoticias.org\/site\/wp-content\/uploads\/2022\/05\/cropped-brasilnoticias-mini.jpg\",\"contentUrl\":\"https:\/\/brasilnoticias.org\/site\/wp-content\/uploads\/2022\/05\/cropped-brasilnoticias-mini.jpg\",\"width\":314,\"height\":86,\"caption\":\"Brasil not\u00edcias\"},\"image\":{\"@id\":\"https:\/\/brasilnoticias.org\/site\/#\/schema\/logo\/image\/\"}},{\"@type\":\"Person\",\"@id\":\"https:\/\/brasilnoticias.org\/site\/#\/schema\/person\/03bbbfe6c7634ad18c26444ea39049fa\",\"name\":\"Reda\u00e7\u00e3o\",\"image\":{\"@type\":\"ImageObject\",\"inLanguage\":\"pt-PT\",\"@id\":\"https:\/\/brasilnoticias.org\/site\/#\/schema\/person\/image\/\",\"url\":\"https:\/\/secure.gravatar.com\/avatar\/9ecaf7327a696cb23ad926fedded5f1f04d7049de9e445375d55b48c001a6e42?s=96&d=mm&r=g\",\"contentUrl\":\"https:\/\/secure.gravatar.com\/avatar\/9ecaf7327a696cb23ad926fedded5f1f04d7049de9e445375d55b48c001a6e42?s=96&d=mm&r=g\",\"caption\":\"Reda\u00e7\u00e3o\"},\"url\":\"https:\/\/brasilnoticias.org\/site\/author\/henrique\/\"}]}<\/script>\n<!-- \/ Yoast SEO plugin. -->","yoast_head_json":{"title":"Vit\u00f3ria perde por 3\u00d71 para o Fortaleza em jogo marcado por falhas - Brasil not\u00edcias","robots":{"index":"index","follow":"follow","max-snippet":"max-snippet:-1","max-image-preview":"max-image-preview:large","max-video-preview":"max-video-preview:-1"},"canonical":"https:\/\/brasilnoticias.org\/site\/vitoria-perde-por-3x1-para-o-fortaleza-em-jogo-marcado-por-falhas\/","og_locale":"pt_PT","og_type":"article","og_title":"Vit\u00f3ria perde por 3\u00d71 para o Fortaleza em jogo marcado por falhas - Brasil not\u00edcias","og_description":"O Vit\u00f3ria voltou a trope\u00e7ar no Brasileir\u00e3o, ao perder por 3 a 1 para o Fortaleza em jogo disputado na","og_url":"https:\/\/brasilnoticias.org\/site\/vitoria-perde-por-3x1-para-o-fortaleza-em-jogo-marcado-por-falhas\/","og_site_name":"Brasil not\u00edcias","article_published_time":"2024-07-18T18:31:16+00:00","og_image":[{"width":300,"height":200,"url":"https:\/\/brasilnoticias.org\/site\/wp-content\/uploads\/2024\/07\/IMAGEM_NOTICIA_2-1-2.jpg","type":"image\/jpeg"}],"author":"Reda\u00e7\u00e3o","twitter_card":"summary_large_image","twitter_misc":{"Escrito por":"Reda\u00e7\u00e3o","Tempo estimado de leitura":"1 minuto"},"schema":{"@context":"https:\/\/schema.org","@graph":[{"@type":"Article","@id":"https:\/\/brasilnoticias.org\/site\/vitoria-perde-por-3x1-para-o-fortaleza-em-jogo-marcado-por-falhas\/#article","isPartOf":{"@id":"https:\/\/brasilnoticias.org\/site\/vitoria-perde-por-3x1-para-o-fortaleza-em-jogo-marcado-por-falhas\/"},"author":{"name":"Reda\u00e7\u00e3o","@id":"https:\/\/brasilnoticias.org\/site\/#\/schema\/person\/03bbbfe6c7634ad18c26444ea39049fa"},"headline":"Vit\u00f3ria perde por 3\u00d71 para o Fortaleza em jogo marcado por falhas","datePublished":"2024-07-18T18:31:16+00:00","mainEntityOfPage":{"@id":"https:\/\/brasilnoticias.org\/site\/vitoria-perde-por-3x1-para-o-fortaleza-em-jogo-marcado-por-falhas\/"},"wordCount":347,"commentCount":0,"publisher":{"@id":"https:\/\/brasilnoticias.org\/site\/#organization"},"image":{"@id":"https:\/\/brasilnoticias.org\/site\/vitoria-perde-por-3x1-para-o-fortaleza-em-jogo-marcado-por-falhas\/#primaryimage"},"thumbnailUrl":"https:\/\/brasilnoticias.org\/site\/wp-content\/uploads\/2024\/07\/IMAGEM_NOTICIA_2-1-2.jpg","articleSection":["Esporte","\u00daltimas"],"inLanguage":"pt-PT","potentialAction":[{"@type":"CommentAction","name":"Comment","target":["https:\/\/brasilnoticias.org\/site\/vitoria-perde-por-3x1-para-o-fortaleza-em-jogo-marcado-por-falhas\/#respond"]}]},{"@type":"WebPage","@id":"https:\/\/brasilnoticias.org\/site\/vitoria-perde-por-3x1-para-o-fortaleza-em-jogo-marcado-por-falhas\/","url":"https:\/\/brasilnoticias.org\/site\/vitoria-perde-por-3x1-para-o-fortaleza-em-jogo-marcado-por-falhas\/","name":"Vit\u00f3ria perde por 3\u00d71 para o Fortaleza em jogo marcado por falhas - Brasil not\u00edcias","isPartOf":{"@id":"https:\/\/brasilnoticias.org\/site\/#website"},"primaryImageOfPage":{"@id":"https:\/\/brasilnoticias.org\/site\/vitoria-perde-por-3x1-para-o-fortaleza-em-jogo-marcado-por-falhas\/#primaryimage"},"image":{"@id":"https:\/\/brasilnoticias.org\/site\/vitoria-perde-por-3x1-para-o-fortaleza-em-jogo-marcado-por-falhas\/#primaryimage"},"thumbnailUrl":"https:\/\/brasilnoticias.org\/site\/wp-content\/uploads\/2024\/07\/IMAGEM_NOTICIA_2-1-2.jpg","datePublished":"2024-07-18T18:31:16+00:00","breadcrumb":{"@id":"https:\/\/brasilnoticias.org\/site\/vitoria-perde-por-3x1-para-o-fortaleza-em-jogo-marcado-por-falhas\/#breadcrumb"},"inLanguage":"pt-PT","potentialAction":[{"@type":"ReadAction","target":["https:\/\/brasilnoticias.org\/site\/vitoria-perde-por-3x1-para-o-fortaleza-em-jogo-marcado-por-falhas\/"]}]},{"@type":"ImageObject","inLanguage":"pt-PT","@id":"https:\/\/brasilnoticias.org\/site\/vitoria-perde-por-3x1-para-o-fortaleza-em-jogo-marcado-por-falhas\/#primaryimage","url":"https:\/\/brasilnoticias.org\/site\/wp-content\/uploads\/2024\/07\/IMAGEM_NOTICIA_2-1-2.jpg","contentUrl":"https:\/\/brasilnoticias.org\/site\/wp-content\/uploads\/2024\/07\/IMAGEM_NOTICIA_2-1-2.jpg","width":300,"height":200},{"@type":"BreadcrumbList","@id":"https:\/\/brasilnoticias.org\/site\/vitoria-perde-por-3x1-para-o-fortaleza-em-jogo-marcado-por-falhas\/#breadcrumb","itemListElement":[{"@type":"ListItem","position":1,"name":"In\u00edcio","item":"https:\/\/brasilnoticias.org\/site\/"},{"@type":"ListItem","position":2,"name":"Vit\u00f3ria perde por 3\u00d71 para o Fortaleza em jogo marcado por falhas"}]},{"@type":"WebSite","@id":"https:\/\/brasilnoticias.org\/site\/#website","url":"https:\/\/brasilnoticias.org\/site\/","name":"Brasil not\u00edcias","description":"Brasil not\u00edcias","publisher":{"@id":"https:\/\/brasilnoticias.org\/site\/#organization"},"potentialAction":[{"@type":"SearchAction","target":{"@type":"EntryPoint","urlTemplate":"https:\/\/brasilnoticias.org\/site\/?s={search_term_string}"},"query-input":{"@type":"PropertyValueSpecification","valueRequired":true,"valueName":"search_term_string"}}],"inLanguage":"pt-PT"},{"@type":"Organization","@id":"https:\/\/brasilnoticias.org\/site\/#organization","name":"Brasil not\u00edcias","url":"https:\/\/brasilnoticias.org\/site\/","logo":{"@type":"ImageObject","inLanguage":"pt-PT","@id":"https:\/\/brasilnoticias.org\/site\/#\/schema\/logo\/image\/","url":"https:\/\/brasilnoticias.org\/site\/wp-content\/uploads\/2022\/05\/cropped-brasilnoticias-mini.jpg","contentUrl":"https:\/\/brasilnoticias.org\/site\/wp-content\/uploads\/2022\/05\/cropped-brasilnoticias-mini.jpg","width":314,"height":86,"caption":"Brasil not\u00edcias"},"image":{"@id":"https:\/\/brasilnoticias.org\/site\/#\/schema\/logo\/image\/"}},{"@type":"Person","@id":"https:\/\/brasilnoticias.org\/site\/#\/schema\/person\/03bbbfe6c7634ad18c26444ea39049fa","name":"Reda\u00e7\u00e3o","image":{"@type":"ImageObject","inLanguage":"pt-PT","@id":"https:\/\/brasilnoticias.org\/site\/#\/schema\/person\/image\/","url":"https:\/\/secure.gravatar.com\/avatar\/9ecaf7327a696cb23ad926fedded5f1f04d7049de9e445375d55b48c001a6e42?s=96&d=mm&r=g","contentUrl":"https:\/\/secure.gravatar.com\/avatar\/9ecaf7327a696cb23ad926fedded5f1f04d7049de9e445375d55b48c001a6e42?s=96&d=mm&r=g","caption":"Reda\u00e7\u00e3o"},"url":"https:\/\/brasilnoticias.org\/site\/author\/henrique\/"}]}},"_links":{"self":[{"href":"https:\/\/brasilnoticias.org\/site\/wp-json\/wp\/v2\/posts\/15095","targetHints":{"allow":["GET"]}}],"collection":[{"href":"https:\/\/brasilnoticias.org\/site\/wp-json\/wp\/v2\/posts"}],"about":[{"href":"https:\/\/brasilnoticias.org\/site\/wp-json\/wp\/v2\/types\/post"}],"author":[{"embeddable":true,"href":"https:\/\/brasilnoticias.org\/site\/wp-json\/wp\/v2\/users\/4"}],"replies":[{"embeddable":true,"href":"https:\/\/brasilnoticias.org\/site\/wp-json\/wp\/v2\/comments?post=15095"}],"version-history":[{"count":1,"href":"https:\/\/brasilnoticias.org\/site\/wp-json\/wp\/v2\/posts\/15095\/revisions"}],"predecessor-version":[{"id":15097,"href":"https:\/\/brasilnoticias.org\/site\/wp-json\/wp\/v2\/posts\/15095\/revisions\/15097"}],"wp:featuredmedia":[{"embeddable":true,"href":"https:\/\/brasilnoticias.org\/site\/wp-json\/wp\/v2\/media\/15096"}],"wp:attachment":[{"href":"https:\/\/brasilnoticias.org\/site\/wp-json\/wp\/v2\/media?parent=15095"}],"wp:term":[{"taxonomy":"category","embeddable":true,"href":"https:\/\/brasilnoticias.org\/site\/wp-json\/wp\/v2\/categories?post=15095"},{"taxonomy":"post_tag","embeddable":true,"href":"https:\/\/brasilnoticias.org\/site\/wp-json\/wp\/v2\/tags?post=15095"}],"curies":[{"name":"wp","href":"https:\/\/api.w.org\/{rel}","templated":true}]}}