{"id":1510,"date":"2022-09-20T12:46:35","date_gmt":"2022-09-20T15:46:35","guid":{"rendered":"https:\/\/brasilnoticias.org\/site\/?p=1510"},"modified":"2022-09-20T12:46:35","modified_gmt":"2022-09-20T15:46:35","slug":"stf-voltara-a-julgar-cobranca-de-imposto-de-renda-sobre-pensao-alimenticia","status":"publish","type":"post","link":"https:\/\/brasilnoticias.org\/site\/stf-voltara-a-julgar-cobranca-de-imposto-de-renda-sobre-pensao-alimenticia\/","title":{"rendered":"STF voltar\u00e1 a julgar cobran\u00e7a de Imposto de Renda sobre pens\u00e3o aliment\u00edcia"},"content":{"rendered":"<p>A incid\u00eancia do IR (Imposto de Renda) sobre a pens\u00e3o aliment\u00edcia voltar\u00e1 a ser julgada pelo\u00a0<a href=\"https:\/\/www.bnews.com.br\/noticias\/economia-e-mercado\/stf-faz-nova-audiencia-de-conciliacao-sobre-cobranca-do-icms.html\" target=\"_blank\" rel=\"noopener\">STF (Supremo Tribunal Federal)<\/a>\u00a0entre os dias 23 e 30 de setembro, no plen\u00e1rio virtual. Os ministros devem decidir se aceitam ou n\u00e3o os argumentos do governo contra julgamento da corte que derrubou a cobran\u00e7a do IR nas pens\u00f5es.<\/p>\n<p>Em 3 de junho, o STF determinou que a incid\u00eancia do imposto \u00e9 inconstitucional. Por 8 votos a 3, a corte seguiu entendimento do relator da ADI (A\u00e7\u00e3o Direta de Inconstitucionalidade), ministro Dias Toffoli. Para ele, pens\u00e3o aliment\u00edcia n\u00e3o \u00e9 aumento de patrim\u00f4nio e n\u00e3o deve ser tributada e a cobran\u00e7a, da forma como \u00e9 feita, configura bitributa\u00e7\u00e3o.<\/p>\n<p>A a\u00e7\u00e3o foi proposta pelo IBDFam (Instituto Brasileiro de Direito de Fam\u00edlia) em 2015. Procurada, a institui\u00e7\u00e3o n\u00e3o respondeu aos questionamentos da reportagem at\u00e9 a publica\u00e7\u00e3o deste texto.<\/p>\n<p>Nos embargos de declara\u00e7\u00e3o apresentados pela AGU (Advocacia-Geral da Uni\u00e3o), que representa o governo na Justi\u00e7a, h\u00e1 quatro pedidos. Dentre eles est\u00e1 a solicita\u00e7\u00e3o para que a corte module os efeitos da decis\u00e3o, ou seja, defina a partir de que momento o fim da cobran\u00e7a deve passar a valer.<\/p>\n<p>Para a AGU, \u00e9 preciso esperar o tr\u00e2nsito em julgado da a\u00e7\u00e3o, ou seja, que o processo chegue totalmente ao final. O temor \u00e9 que, se n\u00e3o houver essa modula\u00e7\u00e3o, a Uni\u00e3o seja obrigada a pagar valores retroativos aos cinco anos anteriores. O impacto fiscal est\u00e1 calculado em R$ 6,5 bilh\u00f5es.<\/p>\n<p>O governo tamb\u00e9m pede que apenas as pens\u00f5es judiciais fiquem sem a cobran\u00e7a do imposto e que as oficializadas por escritura p\u00fablica em cart\u00f3rio ainda tenham o desconto. O argumento \u00e9 que estas \u00faltimas est\u00e3o mais suscet\u00edveis ao que o governo chama de &#8220;dissimula\u00e7\u00e3o&#8221;, levando \u00e0 evas\u00e3o fiscal.<\/p>\n<p>Segundo a AGU, se o STF mantiver o alcance da decis\u00e3o, mais 95 mil pens\u00f5es reconhecidas por escrituras p\u00fablicas ser\u00e3o abrangidas, o que aumentar\u00e1 a ren\u00fancia fiscal federal. Se a decis\u00e3o ficar limitada a pens\u00f5es judiciais, 807 mil ser\u00e3o afetadas. O impacto financeiro anual \u00e9 de R$ 1,05 bilh\u00e3o.<\/p>\n<p>Um terceiro pedido \u00e9 para que os ministros acabem com a possibilidade de dedu\u00e7\u00e3o da pens\u00e3o por morte no Imposto de Renda. Hoje, quem paga pens\u00e3o a filho, ex-mulher ou ex-marido tem desconto anual ao fazer a declara\u00e7\u00e3o pelo modelo completo de tributa\u00e7\u00e3o, resultando em imposto menor a pagar ou valor maior a restituir.<\/p>\n<p>Os\u00a0<a href=\"https:\/\/www.bnews.com.br\/noticias\/politica\/324256-advogado-geral-da-uniao-bruno-bianco-testa-positivo-para-covid-19.html\" target=\"_blank\" rel=\"noopener\">advogados-gerais da Uni\u00e3o<\/a>\u00a0entendem que essa regra tamb\u00e9m dever\u00e1 ser julgada como inconstitucional, no que chamaram de omiss\u00e3o dos ministros ao analisar a quest\u00e3o.<\/p>\n<p>O quarto pedido \u00e9 para que apenas quem tenha rendimentos tribut\u00e1veis de at\u00e9 R$ 1.903,98 n\u00e3o tenha a cobran\u00e7a do Imposto de Renda, como \u00e9 feito na regra atual.<\/p>\n<p>Contribuinte deve pagar IR sobre a pens\u00e3o? Daniel de Paula, especialista em tributos da IOB, afirma que, embora o STF tenha julgado o tema como inconstitucional, a Receita Federal ainda n\u00e3o publicou portaria orientando sobre o pagamento ou n\u00e3o do Imposto de Renda sobre a pens\u00e3o aliment\u00edcia, e, com isso, o contribuinte \u00e9 quem decide se vai ou n\u00e3o pagar o imposto.<\/p>\n<p>&#8220;\u00c9 uma decis\u00e3o pessoal. O contribuinte assume o risco at\u00e9 que haja a modula\u00e7\u00e3o da quest\u00e3o&#8221;, diz.<br \/>\nA Receita Federal afirma que &#8220;n\u00e3o comenta sobre normas ou atos ainda n\u00e3o publicados&#8221;.<\/p>\n<p>Mariana Vito, s\u00f3cia do Trench Rossi Watanabe, afirma que um dos pontos questionados pelo governo seria inconstitucional, pois fere o princ\u00edpio da isonomia. &#8220;N\u00e3o faz nenhum sentido que as pessoas que discutem judicialmente suas pens\u00f5es tenham direito \u00e0 isen\u00e7\u00e3o e as outras pessoas que n\u00e3o discutem judicialmente n\u00e3o tenham direito&#8221;, diz.<\/p>\n<p>Mariana tamb\u00e9m critica o pedido do governo para acabar com a dedu\u00e7\u00e3o do IR. Segundo ela, esse ponto deve ser definido por lei aprovada pelo Legislativo.<\/p>\n<p>A a\u00e7\u00e3o foi proposta pelo\u00a0<a href=\"https:\/\/www.bnews.com.br\/noticias\/crime-e-justica-bahia\/306134-em-entrevista-ao-bnews-agora-advogado-fala-dos-principais-entraves-durante-um-divorcio.html\" target=\"_blank\" rel=\"noopener\">IBDFam (Instituto Brasileiro de Direito de Fam\u00edlia)<\/a>\u00a0em 2015. Procurada, a institui\u00e7\u00e3o n\u00e3o respondeu aos questionamentos da reportagem at\u00e9 a publica\u00e7\u00e3o deste texto.<\/p>\n<p>&nbsp;<\/p>\n<p>&nbsp;<\/p>\n<p>&nbsp;<\/p>\n<p>Bnews<\/p>\n","protected":false},"excerpt":{"rendered":"<p>A incid\u00eancia do IR (Imposto de Renda) sobre a pens\u00e3o aliment\u00edcia voltar\u00e1 a ser julgada pelo\u00a0STF (Supremo Tribunal Federal)\u00a0entre os<\/p>\n","protected":false},"author":2,"featured_media":1512,"comment_status":"open","ping_status":"open","sticky":false,"template":"","format":"standard","meta":{"colormag_page_container_layout":"default_layout","colormag_page_sidebar_layout":"default_layout","_FSMCFIC_featured_image_caption":"","_FSMCFIC_featured_image_nocaption":"","_FSMCFIC_featured_image_hide":"","footnotes":""},"categories":[7,1],"tags":[],"class_list":["post-1510","post","type-post","status-publish","format-standard","has-post-thumbnail","hentry","category-justica","category-ultimas"],"yoast_head":"<!-- This site is optimized with the Yoast SEO plugin v27.1.1 - https:\/\/yoast.com\/product\/yoast-seo-wordpress\/ -->\n<title>STF voltar\u00e1 a julgar cobran\u00e7a de Imposto de Renda sobre pens\u00e3o aliment\u00edcia - Brasil not\u00edcias<\/title>\n<meta name=\"robots\" content=\"index, follow, max-snippet:-1, max-image-preview:large, max-video-preview:-1\" \/>\n<link rel=\"canonical\" href=\"https:\/\/brasilnoticias.org\/site\/stf-voltara-a-julgar-cobranca-de-imposto-de-renda-sobre-pensao-alimenticia\/\" \/>\n<meta property=\"og:locale\" content=\"pt_PT\" \/>\n<meta property=\"og:type\" content=\"article\" \/>\n<meta property=\"og:title\" content=\"STF voltar\u00e1 a julgar cobran\u00e7a de Imposto de Renda sobre pens\u00e3o aliment\u00edcia - Brasil not\u00edcias\" \/>\n<meta property=\"og:description\" content=\"A incid\u00eancia do IR (Imposto de Renda) sobre a pens\u00e3o aliment\u00edcia voltar\u00e1 a ser julgada pelo\u00a0STF (Supremo Tribunal Federal)\u00a0entre os\" \/>\n<meta property=\"og:url\" content=\"https:\/\/brasilnoticias.org\/site\/stf-voltara-a-julgar-cobranca-de-imposto-de-renda-sobre-pensao-alimenticia\/\" \/>\n<meta property=\"og:site_name\" content=\"Brasil not\u00edcias\" \/>\n<meta property=\"article:published_time\" content=\"2022-09-20T15:46:35+00:00\" \/>\n<meta property=\"og:image\" content=\"https:\/\/brasilnoticias.org\/site\/wp-content\/uploads\/2022\/09\/supremotribunalfederal-stf-fachada05-1-768x516_widelg-1.jpg\" \/>\n\t<meta property=\"og:image:width\" content=\"800\" \/>\n\t<meta property=\"og:image:height\" content=\"450\" \/>\n\t<meta property=\"og:image:type\" content=\"image\/jpeg\" \/>\n<meta name=\"author\" content=\"Reda\u00e7\u00e3o\" \/>\n<meta name=\"twitter:card\" content=\"summary_large_image\" \/>\n<meta name=\"twitter:label1\" content=\"Escrito por\" \/>\n\t<meta name=\"twitter:data1\" content=\"Reda\u00e7\u00e3o\" \/>\n\t<meta name=\"twitter:label2\" content=\"Tempo estimado de leitura\" \/>\n\t<meta name=\"twitter:data2\" content=\"4 minutos\" \/>\n<script type=\"application\/ld+json\" class=\"yoast-schema-graph\">{\"@context\":\"https:\/\/schema.org\",\"@graph\":[{\"@type\":\"Article\",\"@id\":\"https:\/\/brasilnoticias.org\/site\/stf-voltara-a-julgar-cobranca-de-imposto-de-renda-sobre-pensao-alimenticia\/#article\",\"isPartOf\":{\"@id\":\"https:\/\/brasilnoticias.org\/site\/stf-voltara-a-julgar-cobranca-de-imposto-de-renda-sobre-pensao-alimenticia\/\"},\"author\":{\"name\":\"Reda\u00e7\u00e3o\",\"@id\":\"https:\/\/brasilnoticias.org\/site\/#\/schema\/person\/f609fa847b5314f1c8b983342f34c798\"},\"headline\":\"STF voltar\u00e1 a julgar cobran\u00e7a de Imposto de Renda sobre pens\u00e3o aliment\u00edcia\",\"datePublished\":\"2022-09-20T15:46:35+00:00\",\"mainEntityOfPage\":{\"@id\":\"https:\/\/brasilnoticias.org\/site\/stf-voltara-a-julgar-cobranca-de-imposto-de-renda-sobre-pensao-alimenticia\/\"},\"wordCount\":725,\"commentCount\":0,\"publisher\":{\"@id\":\"https:\/\/brasilnoticias.org\/site\/#organization\"},\"image\":{\"@id\":\"https:\/\/brasilnoticias.org\/site\/stf-voltara-a-julgar-cobranca-de-imposto-de-renda-sobre-pensao-alimenticia\/#primaryimage\"},\"thumbnailUrl\":\"https:\/\/brasilnoticias.org\/site\/wp-content\/uploads\/2022\/09\/supremotribunalfederal-stf-fachada05-1-768x516_widelg-1.jpg\",\"articleSection\":[\"Justi\u00e7a\",\"\u00daltimas\"],\"inLanguage\":\"pt-PT\",\"potentialAction\":[{\"@type\":\"CommentAction\",\"name\":\"Comment\",\"target\":[\"https:\/\/brasilnoticias.org\/site\/stf-voltara-a-julgar-cobranca-de-imposto-de-renda-sobre-pensao-alimenticia\/#respond\"]}]},{\"@type\":\"WebPage\",\"@id\":\"https:\/\/brasilnoticias.org\/site\/stf-voltara-a-julgar-cobranca-de-imposto-de-renda-sobre-pensao-alimenticia\/\",\"url\":\"https:\/\/brasilnoticias.org\/site\/stf-voltara-a-julgar-cobranca-de-imposto-de-renda-sobre-pensao-alimenticia\/\",\"name\":\"STF voltar\u00e1 a julgar cobran\u00e7a de Imposto de Renda sobre pens\u00e3o aliment\u00edcia - Brasil not\u00edcias\",\"isPartOf\":{\"@id\":\"https:\/\/brasilnoticias.org\/site\/#website\"},\"primaryImageOfPage\":{\"@id\":\"https:\/\/brasilnoticias.org\/site\/stf-voltara-a-julgar-cobranca-de-imposto-de-renda-sobre-pensao-alimenticia\/#primaryimage\"},\"image\":{\"@id\":\"https:\/\/brasilnoticias.org\/site\/stf-voltara-a-julgar-cobranca-de-imposto-de-renda-sobre-pensao-alimenticia\/#primaryimage\"},\"thumbnailUrl\":\"https:\/\/brasilnoticias.org\/site\/wp-content\/uploads\/2022\/09\/supremotribunalfederal-stf-fachada05-1-768x516_widelg-1.jpg\",\"datePublished\":\"2022-09-20T15:46:35+00:00\",\"breadcrumb\":{\"@id\":\"https:\/\/brasilnoticias.org\/site\/stf-voltara-a-julgar-cobranca-de-imposto-de-renda-sobre-pensao-alimenticia\/#breadcrumb\"},\"inLanguage\":\"pt-PT\",\"potentialAction\":[{\"@type\":\"ReadAction\",\"target\":[\"https:\/\/brasilnoticias.org\/site\/stf-voltara-a-julgar-cobranca-de-imposto-de-renda-sobre-pensao-alimenticia\/\"]}]},{\"@type\":\"ImageObject\",\"inLanguage\":\"pt-PT\",\"@id\":\"https:\/\/brasilnoticias.org\/site\/stf-voltara-a-julgar-cobranca-de-imposto-de-renda-sobre-pensao-alimenticia\/#primaryimage\",\"url\":\"https:\/\/brasilnoticias.org\/site\/wp-content\/uploads\/2022\/09\/supremotribunalfederal-stf-fachada05-1-768x516_widelg-1.jpg\",\"contentUrl\":\"https:\/\/brasilnoticias.org\/site\/wp-content\/uploads\/2022\/09\/supremotribunalfederal-stf-fachada05-1-768x516_widelg-1.jpg\",\"width\":800,\"height\":450},{\"@type\":\"BreadcrumbList\",\"@id\":\"https:\/\/brasilnoticias.org\/site\/stf-voltara-a-julgar-cobranca-de-imposto-de-renda-sobre-pensao-alimenticia\/#breadcrumb\",\"itemListElement\":[{\"@type\":\"ListItem\",\"position\":1,\"name\":\"In\u00edcio\",\"item\":\"https:\/\/brasilnoticias.org\/site\/\"},{\"@type\":\"ListItem\",\"position\":2,\"name\":\"STF voltar\u00e1 a julgar cobran\u00e7a de Imposto de Renda sobre pens\u00e3o aliment\u00edcia\"}]},{\"@type\":\"WebSite\",\"@id\":\"https:\/\/brasilnoticias.org\/site\/#website\",\"url\":\"https:\/\/brasilnoticias.org\/site\/\",\"name\":\"Brasil not\u00edcias\",\"description\":\"Brasil not\u00edcias\",\"publisher\":{\"@id\":\"https:\/\/brasilnoticias.org\/site\/#organization\"},\"potentialAction\":[{\"@type\":\"SearchAction\",\"target\":{\"@type\":\"EntryPoint\",\"urlTemplate\":\"https:\/\/brasilnoticias.org\/site\/?s={search_term_string}\"},\"query-input\":{\"@type\":\"PropertyValueSpecification\",\"valueRequired\":true,\"valueName\":\"search_term_string\"}}],\"inLanguage\":\"pt-PT\"},{\"@type\":\"Organization\",\"@id\":\"https:\/\/brasilnoticias.org\/site\/#organization\",\"name\":\"Brasil not\u00edcias\",\"url\":\"https:\/\/brasilnoticias.org\/site\/\",\"logo\":{\"@type\":\"ImageObject\",\"inLanguage\":\"pt-PT\",\"@id\":\"https:\/\/brasilnoticias.org\/site\/#\/schema\/logo\/image\/\",\"url\":\"https:\/\/brasilnoticias.org\/site\/wp-content\/uploads\/2022\/05\/cropped-brasilnoticias-mini.jpg\",\"contentUrl\":\"https:\/\/brasilnoticias.org\/site\/wp-content\/uploads\/2022\/05\/cropped-brasilnoticias-mini.jpg\",\"width\":314,\"height\":86,\"caption\":\"Brasil not\u00edcias\"},\"image\":{\"@id\":\"https:\/\/brasilnoticias.org\/site\/#\/schema\/logo\/image\/\"}},{\"@type\":\"Person\",\"@id\":\"https:\/\/brasilnoticias.org\/site\/#\/schema\/person\/f609fa847b5314f1c8b983342f34c798\",\"name\":\"Reda\u00e7\u00e3o\",\"image\":{\"@type\":\"ImageObject\",\"inLanguage\":\"pt-PT\",\"@id\":\"https:\/\/brasilnoticias.org\/site\/#\/schema\/person\/image\/\",\"url\":\"https:\/\/secure.gravatar.com\/avatar\/447284c06c1ad8b46465a36de9cd0d8326b73387a22799b8b1ffb1fbcff2ed0c?s=96&d=mm&r=g\",\"contentUrl\":\"https:\/\/secure.gravatar.com\/avatar\/447284c06c1ad8b46465a36de9cd0d8326b73387a22799b8b1ffb1fbcff2ed0c?s=96&d=mm&r=g\",\"caption\":\"Reda\u00e7\u00e3o\"},\"url\":\"https:\/\/brasilnoticias.org\/site\/author\/redacao\/\"}]}<\/script>\n<!-- \/ Yoast SEO plugin. -->","yoast_head_json":{"title":"STF voltar\u00e1 a julgar cobran\u00e7a de Imposto de Renda sobre pens\u00e3o aliment\u00edcia - Brasil not\u00edcias","robots":{"index":"index","follow":"follow","max-snippet":"max-snippet:-1","max-image-preview":"max-image-preview:large","max-video-preview":"max-video-preview:-1"},"canonical":"https:\/\/brasilnoticias.org\/site\/stf-voltara-a-julgar-cobranca-de-imposto-de-renda-sobre-pensao-alimenticia\/","og_locale":"pt_PT","og_type":"article","og_title":"STF voltar\u00e1 a julgar cobran\u00e7a de Imposto de Renda sobre pens\u00e3o aliment\u00edcia - Brasil not\u00edcias","og_description":"A incid\u00eancia do IR (Imposto de Renda) sobre a pens\u00e3o aliment\u00edcia voltar\u00e1 a ser julgada pelo\u00a0STF (Supremo Tribunal Federal)\u00a0entre os","og_url":"https:\/\/brasilnoticias.org\/site\/stf-voltara-a-julgar-cobranca-de-imposto-de-renda-sobre-pensao-alimenticia\/","og_site_name":"Brasil not\u00edcias","article_published_time":"2022-09-20T15:46:35+00:00","og_image":[{"width":800,"height":450,"url":"https:\/\/brasilnoticias.org\/site\/wp-content\/uploads\/2022\/09\/supremotribunalfederal-stf-fachada05-1-768x516_widelg-1.jpg","type":"image\/jpeg"}],"author":"Reda\u00e7\u00e3o","twitter_card":"summary_large_image","twitter_misc":{"Escrito por":"Reda\u00e7\u00e3o","Tempo estimado de leitura":"4 minutos"},"schema":{"@context":"https:\/\/schema.org","@graph":[{"@type":"Article","@id":"https:\/\/brasilnoticias.org\/site\/stf-voltara-a-julgar-cobranca-de-imposto-de-renda-sobre-pensao-alimenticia\/#article","isPartOf":{"@id":"https:\/\/brasilnoticias.org\/site\/stf-voltara-a-julgar-cobranca-de-imposto-de-renda-sobre-pensao-alimenticia\/"},"author":{"name":"Reda\u00e7\u00e3o","@id":"https:\/\/brasilnoticias.org\/site\/#\/schema\/person\/f609fa847b5314f1c8b983342f34c798"},"headline":"STF voltar\u00e1 a julgar cobran\u00e7a de Imposto de Renda sobre pens\u00e3o aliment\u00edcia","datePublished":"2022-09-20T15:46:35+00:00","mainEntityOfPage":{"@id":"https:\/\/brasilnoticias.org\/site\/stf-voltara-a-julgar-cobranca-de-imposto-de-renda-sobre-pensao-alimenticia\/"},"wordCount":725,"commentCount":0,"publisher":{"@id":"https:\/\/brasilnoticias.org\/site\/#organization"},"image":{"@id":"https:\/\/brasilnoticias.org\/site\/stf-voltara-a-julgar-cobranca-de-imposto-de-renda-sobre-pensao-alimenticia\/#primaryimage"},"thumbnailUrl":"https:\/\/brasilnoticias.org\/site\/wp-content\/uploads\/2022\/09\/supremotribunalfederal-stf-fachada05-1-768x516_widelg-1.jpg","articleSection":["Justi\u00e7a","\u00daltimas"],"inLanguage":"pt-PT","potentialAction":[{"@type":"CommentAction","name":"Comment","target":["https:\/\/brasilnoticias.org\/site\/stf-voltara-a-julgar-cobranca-de-imposto-de-renda-sobre-pensao-alimenticia\/#respond"]}]},{"@type":"WebPage","@id":"https:\/\/brasilnoticias.org\/site\/stf-voltara-a-julgar-cobranca-de-imposto-de-renda-sobre-pensao-alimenticia\/","url":"https:\/\/brasilnoticias.org\/site\/stf-voltara-a-julgar-cobranca-de-imposto-de-renda-sobre-pensao-alimenticia\/","name":"STF voltar\u00e1 a julgar cobran\u00e7a de Imposto de Renda sobre pens\u00e3o aliment\u00edcia - Brasil not\u00edcias","isPartOf":{"@id":"https:\/\/brasilnoticias.org\/site\/#website"},"primaryImageOfPage":{"@id":"https:\/\/brasilnoticias.org\/site\/stf-voltara-a-julgar-cobranca-de-imposto-de-renda-sobre-pensao-alimenticia\/#primaryimage"},"image":{"@id":"https:\/\/brasilnoticias.org\/site\/stf-voltara-a-julgar-cobranca-de-imposto-de-renda-sobre-pensao-alimenticia\/#primaryimage"},"thumbnailUrl":"https:\/\/brasilnoticias.org\/site\/wp-content\/uploads\/2022\/09\/supremotribunalfederal-stf-fachada05-1-768x516_widelg-1.jpg","datePublished":"2022-09-20T15:46:35+00:00","breadcrumb":{"@id":"https:\/\/brasilnoticias.org\/site\/stf-voltara-a-julgar-cobranca-de-imposto-de-renda-sobre-pensao-alimenticia\/#breadcrumb"},"inLanguage":"pt-PT","potentialAction":[{"@type":"ReadAction","target":["https:\/\/brasilnoticias.org\/site\/stf-voltara-a-julgar-cobranca-de-imposto-de-renda-sobre-pensao-alimenticia\/"]}]},{"@type":"ImageObject","inLanguage":"pt-PT","@id":"https:\/\/brasilnoticias.org\/site\/stf-voltara-a-julgar-cobranca-de-imposto-de-renda-sobre-pensao-alimenticia\/#primaryimage","url":"https:\/\/brasilnoticias.org\/site\/wp-content\/uploads\/2022\/09\/supremotribunalfederal-stf-fachada05-1-768x516_widelg-1.jpg","contentUrl":"https:\/\/brasilnoticias.org\/site\/wp-content\/uploads\/2022\/09\/supremotribunalfederal-stf-fachada05-1-768x516_widelg-1.jpg","width":800,"height":450},{"@type":"BreadcrumbList","@id":"https:\/\/brasilnoticias.org\/site\/stf-voltara-a-julgar-cobranca-de-imposto-de-renda-sobre-pensao-alimenticia\/#breadcrumb","itemListElement":[{"@type":"ListItem","position":1,"name":"In\u00edcio","item":"https:\/\/brasilnoticias.org\/site\/"},{"@type":"ListItem","position":2,"name":"STF voltar\u00e1 a julgar cobran\u00e7a de Imposto de Renda sobre pens\u00e3o aliment\u00edcia"}]},{"@type":"WebSite","@id":"https:\/\/brasilnoticias.org\/site\/#website","url":"https:\/\/brasilnoticias.org\/site\/","name":"Brasil not\u00edcias","description":"Brasil not\u00edcias","publisher":{"@id":"https:\/\/brasilnoticias.org\/site\/#organization"},"potentialAction":[{"@type":"SearchAction","target":{"@type":"EntryPoint","urlTemplate":"https:\/\/brasilnoticias.org\/site\/?s={search_term_string}"},"query-input":{"@type":"PropertyValueSpecification","valueRequired":true,"valueName":"search_term_string"}}],"inLanguage":"pt-PT"},{"@type":"Organization","@id":"https:\/\/brasilnoticias.org\/site\/#organization","name":"Brasil not\u00edcias","url":"https:\/\/brasilnoticias.org\/site\/","logo":{"@type":"ImageObject","inLanguage":"pt-PT","@id":"https:\/\/brasilnoticias.org\/site\/#\/schema\/logo\/image\/","url":"https:\/\/brasilnoticias.org\/site\/wp-content\/uploads\/2022\/05\/cropped-brasilnoticias-mini.jpg","contentUrl":"https:\/\/brasilnoticias.org\/site\/wp-content\/uploads\/2022\/05\/cropped-brasilnoticias-mini.jpg","width":314,"height":86,"caption":"Brasil not\u00edcias"},"image":{"@id":"https:\/\/brasilnoticias.org\/site\/#\/schema\/logo\/image\/"}},{"@type":"Person","@id":"https:\/\/brasilnoticias.org\/site\/#\/schema\/person\/f609fa847b5314f1c8b983342f34c798","name":"Reda\u00e7\u00e3o","image":{"@type":"ImageObject","inLanguage":"pt-PT","@id":"https:\/\/brasilnoticias.org\/site\/#\/schema\/person\/image\/","url":"https:\/\/secure.gravatar.com\/avatar\/447284c06c1ad8b46465a36de9cd0d8326b73387a22799b8b1ffb1fbcff2ed0c?s=96&d=mm&r=g","contentUrl":"https:\/\/secure.gravatar.com\/avatar\/447284c06c1ad8b46465a36de9cd0d8326b73387a22799b8b1ffb1fbcff2ed0c?s=96&d=mm&r=g","caption":"Reda\u00e7\u00e3o"},"url":"https:\/\/brasilnoticias.org\/site\/author\/redacao\/"}]}},"_links":{"self":[{"href":"https:\/\/brasilnoticias.org\/site\/wp-json\/wp\/v2\/posts\/1510","targetHints":{"allow":["GET"]}}],"collection":[{"href":"https:\/\/brasilnoticias.org\/site\/wp-json\/wp\/v2\/posts"}],"about":[{"href":"https:\/\/brasilnoticias.org\/site\/wp-json\/wp\/v2\/types\/post"}],"author":[{"embeddable":true,"href":"https:\/\/brasilnoticias.org\/site\/wp-json\/wp\/v2\/users\/2"}],"replies":[{"embeddable":true,"href":"https:\/\/brasilnoticias.org\/site\/wp-json\/wp\/v2\/comments?post=1510"}],"version-history":[{"count":1,"href":"https:\/\/brasilnoticias.org\/site\/wp-json\/wp\/v2\/posts\/1510\/revisions"}],"predecessor-version":[{"id":1513,"href":"https:\/\/brasilnoticias.org\/site\/wp-json\/wp\/v2\/posts\/1510\/revisions\/1513"}],"wp:featuredmedia":[{"embeddable":true,"href":"https:\/\/brasilnoticias.org\/site\/wp-json\/wp\/v2\/media\/1512"}],"wp:attachment":[{"href":"https:\/\/brasilnoticias.org\/site\/wp-json\/wp\/v2\/media?parent=1510"}],"wp:term":[{"taxonomy":"category","embeddable":true,"href":"https:\/\/brasilnoticias.org\/site\/wp-json\/wp\/v2\/categories?post=1510"},{"taxonomy":"post_tag","embeddable":true,"href":"https:\/\/brasilnoticias.org\/site\/wp-json\/wp\/v2\/tags?post=1510"}],"curies":[{"name":"wp","href":"https:\/\/api.w.org\/{rel}","templated":true}]}}