{"id":15101,"date":"2024-07-18T15:33:14","date_gmt":"2024-07-18T18:33:14","guid":{"rendered":"https:\/\/brasilnoticias.org\/site\/?p=15101"},"modified":"2024-07-18T15:33:14","modified_gmt":"2024-07-18T18:33:14","slug":"precos-dos-combustiveis-batem-recordes-e-pressionam-o-bolso-do-consumidor","status":"publish","type":"post","link":"https:\/\/brasilnoticias.org\/site\/precos-dos-combustiveis-batem-recordes-e-pressionam-o-bolso-do-consumidor\/","title":{"rendered":"Pre\u00e7os dos combust\u00edveis batem recordes e pressionam o bolso do consumidor"},"content":{"rendered":"<p>Na \u00faltima semana, os pre\u00e7os da gasolina e do diesel atingiram valores recordes nos postos brasileiros, conforme apontado pela pesquisa semanal da Ag\u00eancia Nacional do Petr\u00f3leo, G\u00e1s Natural e Biocombust\u00edveis (ANP). A gasolina foi vendida, em m\u00e9dia, a R$ 5,97 o litro, marcando um aumento de 2,05% em compara\u00e7\u00e3o com os R$ 5,85 registrados na semana anterior. O pre\u00e7o m\u00e1ximo encontrado chegou a R$ 7,99, segundo os dados da ANP.<\/p>\n<p>O diesel tamb\u00e9m apresentou alta significativa, alcan\u00e7ando uma m\u00e9dia de R$ 5,94 por litro. Especificamente, o diesel S10 foi comercializado a R$ 6,01, refletindo um aumento de 0,68% em rela\u00e7\u00e3o aos R$ 5,90 da semana anterior. O pre\u00e7o mais elevado registrado pela ANP para o diesel foi de R$ 7,82.<\/p>\n<p>Esses aumentos seguem o reajuste anunciado pela Petrobras no in\u00edcio de julho, que elevou o pre\u00e7o da gasolina em R$ 0,20 por litro. Com a adi\u00e7\u00e3o obrigat\u00f3ria de etanol na gasolina brasileira, o aumento real para o consumidor foi de aproximadamente R$ 0,15.<\/p>\n<p>O Estado do Acre registrou o pre\u00e7o mais alto para a gasolina, com uma m\u00e9dia de R$ 7,02 por litro, enquanto o Amap\u00e1 apresentou o valor mais baixo, vendendo o combust\u00edvel a R$ 5,69 o litro.<\/p>\n<p>Este levantamento da ANP revela ainda que o etanol teve seu pre\u00e7o m\u00e9dio aumentado para R$ 3,96 por litro, refletindo um aumento de 2,59% em rela\u00e7\u00e3o aos R$ 3,86 da semana anterior. O pre\u00e7o m\u00e1ximo identificado para o etanol foi de R$ 5,99.<\/p>\n","protected":false},"excerpt":{"rendered":"<p>Na \u00faltima semana, os pre\u00e7os da gasolina e do diesel atingiram valores recordes nos postos brasileiros, conforme apontado pela pesquisa<\/p>\n","protected":false},"author":4,"featured_media":15102,"comment_status":"open","ping_status":"open","sticky":false,"template":"","format":"standard","meta":{"colormag_page_container_layout":"default_layout","colormag_page_sidebar_layout":"default_layout","_FSMCFIC_featured_image_caption":"","_FSMCFIC_featured_image_nocaption":"","_FSMCFIC_featured_image_hide":"","footnotes":""},"categories":[2,1],"tags":[],"class_list":["post-15101","post","type-post","status-publish","format-standard","has-post-thumbnail","hentry","category-noticias","category-ultimas"],"yoast_head":"<!-- This site is optimized with the Yoast SEO plugin v27.1.1 - https:\/\/yoast.com\/product\/yoast-seo-wordpress\/ -->\n<title>Pre\u00e7os dos combust\u00edveis batem recordes e pressionam o bolso do consumidor - Brasil not\u00edcias<\/title>\n<meta name=\"robots\" content=\"index, follow, max-snippet:-1, max-image-preview:large, max-video-preview:-1\" \/>\n<link rel=\"canonical\" href=\"https:\/\/brasilnoticias.org\/site\/precos-dos-combustiveis-batem-recordes-e-pressionam-o-bolso-do-consumidor\/\" \/>\n<meta property=\"og:locale\" content=\"pt_PT\" \/>\n<meta property=\"og:type\" content=\"article\" \/>\n<meta property=\"og:title\" content=\"Pre\u00e7os dos combust\u00edveis batem recordes e pressionam o bolso do consumidor - Brasil not\u00edcias\" \/>\n<meta property=\"og:description\" content=\"Na \u00faltima semana, os pre\u00e7os da gasolina e do diesel atingiram valores recordes nos postos brasileiros, conforme apontado pela pesquisa\" \/>\n<meta property=\"og:url\" content=\"https:\/\/brasilnoticias.org\/site\/precos-dos-combustiveis-batem-recordes-e-pressionam-o-bolso-do-consumidor\/\" \/>\n<meta property=\"og:site_name\" content=\"Brasil not\u00edcias\" \/>\n<meta property=\"article:published_time\" content=\"2024-07-18T18:33:14+00:00\" \/>\n<meta property=\"og:image\" content=\"https:\/\/brasilnoticias.org\/site\/wp-content\/uploads\/2024\/07\/IMAGEM_NOTICIA_0-7.jpg\" \/>\n\t<meta property=\"og:image:width\" content=\"850\" \/>\n\t<meta property=\"og:image:height\" content=\"400\" \/>\n\t<meta property=\"og:image:type\" content=\"image\/jpeg\" \/>\n<meta name=\"author\" content=\"Reda\u00e7\u00e3o\" \/>\n<meta name=\"twitter:card\" content=\"summary_large_image\" \/>\n<meta name=\"twitter:label1\" content=\"Escrito por\" \/>\n\t<meta name=\"twitter:data1\" content=\"Reda\u00e7\u00e3o\" \/>\n\t<meta name=\"twitter:label2\" content=\"Tempo estimado de leitura\" \/>\n\t<meta name=\"twitter:data2\" content=\"1 minuto\" \/>\n<script type=\"application\/ld+json\" class=\"yoast-schema-graph\">{\"@context\":\"https:\/\/schema.org\",\"@graph\":[{\"@type\":\"Article\",\"@id\":\"https:\/\/brasilnoticias.org\/site\/precos-dos-combustiveis-batem-recordes-e-pressionam-o-bolso-do-consumidor\/#article\",\"isPartOf\":{\"@id\":\"https:\/\/brasilnoticias.org\/site\/precos-dos-combustiveis-batem-recordes-e-pressionam-o-bolso-do-consumidor\/\"},\"author\":{\"name\":\"Reda\u00e7\u00e3o\",\"@id\":\"https:\/\/brasilnoticias.org\/site\/#\/schema\/person\/03bbbfe6c7634ad18c26444ea39049fa\"},\"headline\":\"Pre\u00e7os dos combust\u00edveis batem recordes e pressionam o bolso do consumidor\",\"datePublished\":\"2024-07-18T18:33:14+00:00\",\"mainEntityOfPage\":{\"@id\":\"https:\/\/brasilnoticias.org\/site\/precos-dos-combustiveis-batem-recordes-e-pressionam-o-bolso-do-consumidor\/\"},\"wordCount\":264,\"commentCount\":0,\"publisher\":{\"@id\":\"https:\/\/brasilnoticias.org\/site\/#organization\"},\"image\":{\"@id\":\"https:\/\/brasilnoticias.org\/site\/precos-dos-combustiveis-batem-recordes-e-pressionam-o-bolso-do-consumidor\/#primaryimage\"},\"thumbnailUrl\":\"https:\/\/brasilnoticias.org\/site\/wp-content\/uploads\/2024\/07\/IMAGEM_NOTICIA_0-7.jpg\",\"articleSection\":[\"Not\u00edcias\",\"\u00daltimas\"],\"inLanguage\":\"pt-PT\",\"potentialAction\":[{\"@type\":\"CommentAction\",\"name\":\"Comment\",\"target\":[\"https:\/\/brasilnoticias.org\/site\/precos-dos-combustiveis-batem-recordes-e-pressionam-o-bolso-do-consumidor\/#respond\"]}]},{\"@type\":\"WebPage\",\"@id\":\"https:\/\/brasilnoticias.org\/site\/precos-dos-combustiveis-batem-recordes-e-pressionam-o-bolso-do-consumidor\/\",\"url\":\"https:\/\/brasilnoticias.org\/site\/precos-dos-combustiveis-batem-recordes-e-pressionam-o-bolso-do-consumidor\/\",\"name\":\"Pre\u00e7os dos combust\u00edveis batem recordes e pressionam o bolso do consumidor - Brasil not\u00edcias\",\"isPartOf\":{\"@id\":\"https:\/\/brasilnoticias.org\/site\/#website\"},\"primaryImageOfPage\":{\"@id\":\"https:\/\/brasilnoticias.org\/site\/precos-dos-combustiveis-batem-recordes-e-pressionam-o-bolso-do-consumidor\/#primaryimage\"},\"image\":{\"@id\":\"https:\/\/brasilnoticias.org\/site\/precos-dos-combustiveis-batem-recordes-e-pressionam-o-bolso-do-consumidor\/#primaryimage\"},\"thumbnailUrl\":\"https:\/\/brasilnoticias.org\/site\/wp-content\/uploads\/2024\/07\/IMAGEM_NOTICIA_0-7.jpg\",\"datePublished\":\"2024-07-18T18:33:14+00:00\",\"breadcrumb\":{\"@id\":\"https:\/\/brasilnoticias.org\/site\/precos-dos-combustiveis-batem-recordes-e-pressionam-o-bolso-do-consumidor\/#breadcrumb\"},\"inLanguage\":\"pt-PT\",\"potentialAction\":[{\"@type\":\"ReadAction\",\"target\":[\"https:\/\/brasilnoticias.org\/site\/precos-dos-combustiveis-batem-recordes-e-pressionam-o-bolso-do-consumidor\/\"]}]},{\"@type\":\"ImageObject\",\"inLanguage\":\"pt-PT\",\"@id\":\"https:\/\/brasilnoticias.org\/site\/precos-dos-combustiveis-batem-recordes-e-pressionam-o-bolso-do-consumidor\/#primaryimage\",\"url\":\"https:\/\/brasilnoticias.org\/site\/wp-content\/uploads\/2024\/07\/IMAGEM_NOTICIA_0-7.jpg\",\"contentUrl\":\"https:\/\/brasilnoticias.org\/site\/wp-content\/uploads\/2024\/07\/IMAGEM_NOTICIA_0-7.jpg\",\"width\":850,\"height\":400},{\"@type\":\"BreadcrumbList\",\"@id\":\"https:\/\/brasilnoticias.org\/site\/precos-dos-combustiveis-batem-recordes-e-pressionam-o-bolso-do-consumidor\/#breadcrumb\",\"itemListElement\":[{\"@type\":\"ListItem\",\"position\":1,\"name\":\"In\u00edcio\",\"item\":\"https:\/\/brasilnoticias.org\/site\/\"},{\"@type\":\"ListItem\",\"position\":2,\"name\":\"Pre\u00e7os dos combust\u00edveis batem recordes e pressionam o bolso do consumidor\"}]},{\"@type\":\"WebSite\",\"@id\":\"https:\/\/brasilnoticias.org\/site\/#website\",\"url\":\"https:\/\/brasilnoticias.org\/site\/\",\"name\":\"Brasil not\u00edcias\",\"description\":\"Brasil not\u00edcias\",\"publisher\":{\"@id\":\"https:\/\/brasilnoticias.org\/site\/#organization\"},\"potentialAction\":[{\"@type\":\"SearchAction\",\"target\":{\"@type\":\"EntryPoint\",\"urlTemplate\":\"https:\/\/brasilnoticias.org\/site\/?s={search_term_string}\"},\"query-input\":{\"@type\":\"PropertyValueSpecification\",\"valueRequired\":true,\"valueName\":\"search_term_string\"}}],\"inLanguage\":\"pt-PT\"},{\"@type\":\"Organization\",\"@id\":\"https:\/\/brasilnoticias.org\/site\/#organization\",\"name\":\"Brasil not\u00edcias\",\"url\":\"https:\/\/brasilnoticias.org\/site\/\",\"logo\":{\"@type\":\"ImageObject\",\"inLanguage\":\"pt-PT\",\"@id\":\"https:\/\/brasilnoticias.org\/site\/#\/schema\/logo\/image\/\",\"url\":\"https:\/\/brasilnoticias.org\/site\/wp-content\/uploads\/2022\/05\/cropped-brasilnoticias-mini.jpg\",\"contentUrl\":\"https:\/\/brasilnoticias.org\/site\/wp-content\/uploads\/2022\/05\/cropped-brasilnoticias-mini.jpg\",\"width\":314,\"height\":86,\"caption\":\"Brasil not\u00edcias\"},\"image\":{\"@id\":\"https:\/\/brasilnoticias.org\/site\/#\/schema\/logo\/image\/\"}},{\"@type\":\"Person\",\"@id\":\"https:\/\/brasilnoticias.org\/site\/#\/schema\/person\/03bbbfe6c7634ad18c26444ea39049fa\",\"name\":\"Reda\u00e7\u00e3o\",\"image\":{\"@type\":\"ImageObject\",\"inLanguage\":\"pt-PT\",\"@id\":\"https:\/\/brasilnoticias.org\/site\/#\/schema\/person\/image\/\",\"url\":\"https:\/\/secure.gravatar.com\/avatar\/9ecaf7327a696cb23ad926fedded5f1f04d7049de9e445375d55b48c001a6e42?s=96&d=mm&r=g\",\"contentUrl\":\"https:\/\/secure.gravatar.com\/avatar\/9ecaf7327a696cb23ad926fedded5f1f04d7049de9e445375d55b48c001a6e42?s=96&d=mm&r=g\",\"caption\":\"Reda\u00e7\u00e3o\"},\"url\":\"https:\/\/brasilnoticias.org\/site\/author\/henrique\/\"}]}<\/script>\n<!-- \/ Yoast SEO plugin. -->","yoast_head_json":{"title":"Pre\u00e7os dos combust\u00edveis batem recordes e pressionam o bolso do consumidor - Brasil not\u00edcias","robots":{"index":"index","follow":"follow","max-snippet":"max-snippet:-1","max-image-preview":"max-image-preview:large","max-video-preview":"max-video-preview:-1"},"canonical":"https:\/\/brasilnoticias.org\/site\/precos-dos-combustiveis-batem-recordes-e-pressionam-o-bolso-do-consumidor\/","og_locale":"pt_PT","og_type":"article","og_title":"Pre\u00e7os dos combust\u00edveis batem recordes e pressionam o bolso do consumidor - Brasil not\u00edcias","og_description":"Na \u00faltima semana, os pre\u00e7os da gasolina e do diesel atingiram valores recordes nos postos brasileiros, conforme apontado pela pesquisa","og_url":"https:\/\/brasilnoticias.org\/site\/precos-dos-combustiveis-batem-recordes-e-pressionam-o-bolso-do-consumidor\/","og_site_name":"Brasil not\u00edcias","article_published_time":"2024-07-18T18:33:14+00:00","og_image":[{"width":850,"height":400,"url":"https:\/\/brasilnoticias.org\/site\/wp-content\/uploads\/2024\/07\/IMAGEM_NOTICIA_0-7.jpg","type":"image\/jpeg"}],"author":"Reda\u00e7\u00e3o","twitter_card":"summary_large_image","twitter_misc":{"Escrito por":"Reda\u00e7\u00e3o","Tempo estimado de leitura":"1 minuto"},"schema":{"@context":"https:\/\/schema.org","@graph":[{"@type":"Article","@id":"https:\/\/brasilnoticias.org\/site\/precos-dos-combustiveis-batem-recordes-e-pressionam-o-bolso-do-consumidor\/#article","isPartOf":{"@id":"https:\/\/brasilnoticias.org\/site\/precos-dos-combustiveis-batem-recordes-e-pressionam-o-bolso-do-consumidor\/"},"author":{"name":"Reda\u00e7\u00e3o","@id":"https:\/\/brasilnoticias.org\/site\/#\/schema\/person\/03bbbfe6c7634ad18c26444ea39049fa"},"headline":"Pre\u00e7os dos combust\u00edveis batem recordes e pressionam o bolso do consumidor","datePublished":"2024-07-18T18:33:14+00:00","mainEntityOfPage":{"@id":"https:\/\/brasilnoticias.org\/site\/precos-dos-combustiveis-batem-recordes-e-pressionam-o-bolso-do-consumidor\/"},"wordCount":264,"commentCount":0,"publisher":{"@id":"https:\/\/brasilnoticias.org\/site\/#organization"},"image":{"@id":"https:\/\/brasilnoticias.org\/site\/precos-dos-combustiveis-batem-recordes-e-pressionam-o-bolso-do-consumidor\/#primaryimage"},"thumbnailUrl":"https:\/\/brasilnoticias.org\/site\/wp-content\/uploads\/2024\/07\/IMAGEM_NOTICIA_0-7.jpg","articleSection":["Not\u00edcias","\u00daltimas"],"inLanguage":"pt-PT","potentialAction":[{"@type":"CommentAction","name":"Comment","target":["https:\/\/brasilnoticias.org\/site\/precos-dos-combustiveis-batem-recordes-e-pressionam-o-bolso-do-consumidor\/#respond"]}]},{"@type":"WebPage","@id":"https:\/\/brasilnoticias.org\/site\/precos-dos-combustiveis-batem-recordes-e-pressionam-o-bolso-do-consumidor\/","url":"https:\/\/brasilnoticias.org\/site\/precos-dos-combustiveis-batem-recordes-e-pressionam-o-bolso-do-consumidor\/","name":"Pre\u00e7os dos combust\u00edveis batem recordes e pressionam o bolso do consumidor - Brasil not\u00edcias","isPartOf":{"@id":"https:\/\/brasilnoticias.org\/site\/#website"},"primaryImageOfPage":{"@id":"https:\/\/brasilnoticias.org\/site\/precos-dos-combustiveis-batem-recordes-e-pressionam-o-bolso-do-consumidor\/#primaryimage"},"image":{"@id":"https:\/\/brasilnoticias.org\/site\/precos-dos-combustiveis-batem-recordes-e-pressionam-o-bolso-do-consumidor\/#primaryimage"},"thumbnailUrl":"https:\/\/brasilnoticias.org\/site\/wp-content\/uploads\/2024\/07\/IMAGEM_NOTICIA_0-7.jpg","datePublished":"2024-07-18T18:33:14+00:00","breadcrumb":{"@id":"https:\/\/brasilnoticias.org\/site\/precos-dos-combustiveis-batem-recordes-e-pressionam-o-bolso-do-consumidor\/#breadcrumb"},"inLanguage":"pt-PT","potentialAction":[{"@type":"ReadAction","target":["https:\/\/brasilnoticias.org\/site\/precos-dos-combustiveis-batem-recordes-e-pressionam-o-bolso-do-consumidor\/"]}]},{"@type":"ImageObject","inLanguage":"pt-PT","@id":"https:\/\/brasilnoticias.org\/site\/precos-dos-combustiveis-batem-recordes-e-pressionam-o-bolso-do-consumidor\/#primaryimage","url":"https:\/\/brasilnoticias.org\/site\/wp-content\/uploads\/2024\/07\/IMAGEM_NOTICIA_0-7.jpg","contentUrl":"https:\/\/brasilnoticias.org\/site\/wp-content\/uploads\/2024\/07\/IMAGEM_NOTICIA_0-7.jpg","width":850,"height":400},{"@type":"BreadcrumbList","@id":"https:\/\/brasilnoticias.org\/site\/precos-dos-combustiveis-batem-recordes-e-pressionam-o-bolso-do-consumidor\/#breadcrumb","itemListElement":[{"@type":"ListItem","position":1,"name":"In\u00edcio","item":"https:\/\/brasilnoticias.org\/site\/"},{"@type":"ListItem","position":2,"name":"Pre\u00e7os dos combust\u00edveis batem recordes e pressionam o bolso do consumidor"}]},{"@type":"WebSite","@id":"https:\/\/brasilnoticias.org\/site\/#website","url":"https:\/\/brasilnoticias.org\/site\/","name":"Brasil not\u00edcias","description":"Brasil not\u00edcias","publisher":{"@id":"https:\/\/brasilnoticias.org\/site\/#organization"},"potentialAction":[{"@type":"SearchAction","target":{"@type":"EntryPoint","urlTemplate":"https:\/\/brasilnoticias.org\/site\/?s={search_term_string}"},"query-input":{"@type":"PropertyValueSpecification","valueRequired":true,"valueName":"search_term_string"}}],"inLanguage":"pt-PT"},{"@type":"Organization","@id":"https:\/\/brasilnoticias.org\/site\/#organization","name":"Brasil not\u00edcias","url":"https:\/\/brasilnoticias.org\/site\/","logo":{"@type":"ImageObject","inLanguage":"pt-PT","@id":"https:\/\/brasilnoticias.org\/site\/#\/schema\/logo\/image\/","url":"https:\/\/brasilnoticias.org\/site\/wp-content\/uploads\/2022\/05\/cropped-brasilnoticias-mini.jpg","contentUrl":"https:\/\/brasilnoticias.org\/site\/wp-content\/uploads\/2022\/05\/cropped-brasilnoticias-mini.jpg","width":314,"height":86,"caption":"Brasil not\u00edcias"},"image":{"@id":"https:\/\/brasilnoticias.org\/site\/#\/schema\/logo\/image\/"}},{"@type":"Person","@id":"https:\/\/brasilnoticias.org\/site\/#\/schema\/person\/03bbbfe6c7634ad18c26444ea39049fa","name":"Reda\u00e7\u00e3o","image":{"@type":"ImageObject","inLanguage":"pt-PT","@id":"https:\/\/brasilnoticias.org\/site\/#\/schema\/person\/image\/","url":"https:\/\/secure.gravatar.com\/avatar\/9ecaf7327a696cb23ad926fedded5f1f04d7049de9e445375d55b48c001a6e42?s=96&d=mm&r=g","contentUrl":"https:\/\/secure.gravatar.com\/avatar\/9ecaf7327a696cb23ad926fedded5f1f04d7049de9e445375d55b48c001a6e42?s=96&d=mm&r=g","caption":"Reda\u00e7\u00e3o"},"url":"https:\/\/brasilnoticias.org\/site\/author\/henrique\/"}]}},"_links":{"self":[{"href":"https:\/\/brasilnoticias.org\/site\/wp-json\/wp\/v2\/posts\/15101","targetHints":{"allow":["GET"]}}],"collection":[{"href":"https:\/\/brasilnoticias.org\/site\/wp-json\/wp\/v2\/posts"}],"about":[{"href":"https:\/\/brasilnoticias.org\/site\/wp-json\/wp\/v2\/types\/post"}],"author":[{"embeddable":true,"href":"https:\/\/brasilnoticias.org\/site\/wp-json\/wp\/v2\/users\/4"}],"replies":[{"embeddable":true,"href":"https:\/\/brasilnoticias.org\/site\/wp-json\/wp\/v2\/comments?post=15101"}],"version-history":[{"count":1,"href":"https:\/\/brasilnoticias.org\/site\/wp-json\/wp\/v2\/posts\/15101\/revisions"}],"predecessor-version":[{"id":15103,"href":"https:\/\/brasilnoticias.org\/site\/wp-json\/wp\/v2\/posts\/15101\/revisions\/15103"}],"wp:featuredmedia":[{"embeddable":true,"href":"https:\/\/brasilnoticias.org\/site\/wp-json\/wp\/v2\/media\/15102"}],"wp:attachment":[{"href":"https:\/\/brasilnoticias.org\/site\/wp-json\/wp\/v2\/media?parent=15101"}],"wp:term":[{"taxonomy":"category","embeddable":true,"href":"https:\/\/brasilnoticias.org\/site\/wp-json\/wp\/v2\/categories?post=15101"},{"taxonomy":"post_tag","embeddable":true,"href":"https:\/\/brasilnoticias.org\/site\/wp-json\/wp\/v2\/tags?post=15101"}],"curies":[{"name":"wp","href":"https:\/\/api.w.org\/{rel}","templated":true}]}}