{"id":15104,"date":"2024-07-18T15:34:29","date_gmt":"2024-07-18T18:34:29","guid":{"rendered":"https:\/\/brasilnoticias.org\/site\/?p=15104"},"modified":"2024-07-18T15:34:29","modified_gmt":"2024-07-18T18:34:29","slug":"maduro-diz-que-venezuela-pode-ter-banho-de-sangue-se-ele-nao-for-reeleito","status":"publish","type":"post","link":"https:\/\/brasilnoticias.org\/site\/maduro-diz-que-venezuela-pode-ter-banho-de-sangue-se-ele-nao-for-reeleito\/","title":{"rendered":"Maduro diz que Venezuela pode ter &#8220;banho de sangue&#8221; se ele n\u00e3o for reeleito"},"content":{"rendered":"<p>Vota\u00e7\u00e3o est\u00e1 marcada para 28 de julho. Regime chavista est\u00e1 sob press\u00e3o internacional para realizar elei\u00e7\u00f5es livres; candidaturas oposicionistas foram barradas no in\u00edcio do ano<\/p>\n<p>O presidente da Venezuela, Nicol\u00e1s Maduro, declarou em um com\u00edcio na \u00faltima quarta-feira (17) que o pa\u00eds pode enfrentar um &#8220;banho de sangue&#8221; e uma &#8220;guerra civil&#8221; caso ele n\u00e3o ven\u00e7a as elei\u00e7\u00f5es<\/p>\n<p>&#8220;O destino da Venezuela no s\u00e9culo 21 depende de nossa vit\u00f3ria em 28 de julho. Se n\u00e3o quiserem que a Venezuela caia em um banho de sangue, em uma guerra civil fratricida, produto dos fascistas, garantamos o maior \u00eaxito, a maior vit\u00f3ria da hist\u00f3ria eleitoral do nosso povo.&#8221;<\/p>\n<p>A declara\u00e7\u00e3o foi dada em um ato p\u00fablico em Parroquia de la Vega, um distrito popular na Zona Oeste de Caracas. &#8220;Quanto mais contundente for a vit\u00f3ria, mais garantias de paz vamos ter&#8221;, disse Maduro, no mesmo discurso. Mar\u00eda Corina Machado, a principal opositora de Maduro, denunciou nesta quinta-feira (18) um atentado contra ela e sua equipe. &#8220;Vandalizaram nossos carros e cortaram a mangueira dos freios&#8221;, disse Machado. Favorita nas pesquisas, ela foi impedida em janeiro de concorrer \u00e0 elei\u00e7\u00e3o.<\/p>\n<p>Foto: Ricardo Stuckert\/PR<br \/>\nPor: Metro1<\/p>\n","protected":false},"excerpt":{"rendered":"<p>Vota\u00e7\u00e3o est\u00e1 marcada para 28 de julho. Regime chavista est\u00e1 sob press\u00e3o internacional para realizar elei\u00e7\u00f5es livres; candidaturas oposicionistas foram<\/p>\n","protected":false},"author":4,"featured_media":15105,"comment_status":"open","ping_status":"open","sticky":false,"template":"","format":"standard","meta":{"colormag_page_container_layout":"default_layout","colormag_page_sidebar_layout":"default_layout","_FSMCFIC_featured_image_caption":"","_FSMCFIC_featured_image_nocaption":"","_FSMCFIC_featured_image_hide":"","footnotes":""},"categories":[6,1],"tags":[],"class_list":["post-15104","post","type-post","status-publish","format-standard","has-post-thumbnail","hentry","category-mundo","category-ultimas"],"yoast_head":"<!-- This site is optimized with the Yoast SEO plugin v27.1.1 - https:\/\/yoast.com\/product\/yoast-seo-wordpress\/ -->\n<title>Maduro diz que Venezuela pode ter &quot;banho de sangue&quot; se ele n\u00e3o for reeleito - Brasil not\u00edcias<\/title>\n<meta name=\"robots\" content=\"index, follow, max-snippet:-1, max-image-preview:large, max-video-preview:-1\" \/>\n<link rel=\"canonical\" href=\"https:\/\/brasilnoticias.org\/site\/maduro-diz-que-venezuela-pode-ter-banho-de-sangue-se-ele-nao-for-reeleito\/\" \/>\n<meta property=\"og:locale\" content=\"pt_PT\" \/>\n<meta property=\"og:type\" content=\"article\" \/>\n<meta property=\"og:title\" content=\"Maduro diz que Venezuela pode ter &quot;banho de sangue&quot; se ele n\u00e3o for reeleito - Brasil not\u00edcias\" \/>\n<meta property=\"og:description\" content=\"Vota\u00e7\u00e3o est\u00e1 marcada para 28 de julho. Regime chavista est\u00e1 sob press\u00e3o internacional para realizar elei\u00e7\u00f5es livres; candidaturas oposicionistas foram\" \/>\n<meta property=\"og:url\" content=\"https:\/\/brasilnoticias.org\/site\/maduro-diz-que-venezuela-pode-ter-banho-de-sangue-se-ele-nao-for-reeleito\/\" \/>\n<meta property=\"og:site_name\" content=\"Brasil not\u00edcias\" \/>\n<meta property=\"article:published_time\" content=\"2024-07-18T18:34:29+00:00\" \/>\n<meta property=\"og:image\" content=\"https:\/\/brasilnoticias.org\/site\/wp-content\/uploads\/2024\/07\/152971maduro-diz-que-venezuela-pode-ter-banho-de-sangue-se-ele-nao-for-reeleito-3.jpg\" \/>\n\t<meta property=\"og:image:width\" content=\"1600\" \/>\n\t<meta property=\"og:image:height\" content=\"752\" \/>\n\t<meta property=\"og:image:type\" content=\"image\/jpeg\" \/>\n<meta name=\"author\" content=\"Reda\u00e7\u00e3o\" \/>\n<meta name=\"twitter:card\" content=\"summary_large_image\" \/>\n<meta name=\"twitter:label1\" content=\"Escrito por\" \/>\n\t<meta name=\"twitter:data1\" content=\"Reda\u00e7\u00e3o\" \/>\n<script type=\"application\/ld+json\" class=\"yoast-schema-graph\">{\"@context\":\"https:\/\/schema.org\",\"@graph\":[{\"@type\":\"Article\",\"@id\":\"https:\/\/brasilnoticias.org\/site\/maduro-diz-que-venezuela-pode-ter-banho-de-sangue-se-ele-nao-for-reeleito\/#article\",\"isPartOf\":{\"@id\":\"https:\/\/brasilnoticias.org\/site\/maduro-diz-que-venezuela-pode-ter-banho-de-sangue-se-ele-nao-for-reeleito\/\"},\"author\":{\"name\":\"Reda\u00e7\u00e3o\",\"@id\":\"https:\/\/brasilnoticias.org\/site\/#\/schema\/person\/03bbbfe6c7634ad18c26444ea39049fa\"},\"headline\":\"Maduro diz que Venezuela pode ter &#8220;banho de sangue&#8221; se ele n\u00e3o for reeleito\",\"datePublished\":\"2024-07-18T18:34:29+00:00\",\"mainEntityOfPage\":{\"@id\":\"https:\/\/brasilnoticias.org\/site\/maduro-diz-que-venezuela-pode-ter-banho-de-sangue-se-ele-nao-for-reeleito\/\"},\"wordCount\":221,\"commentCount\":0,\"publisher\":{\"@id\":\"https:\/\/brasilnoticias.org\/site\/#organization\"},\"image\":{\"@id\":\"https:\/\/brasilnoticias.org\/site\/maduro-diz-que-venezuela-pode-ter-banho-de-sangue-se-ele-nao-for-reeleito\/#primaryimage\"},\"thumbnailUrl\":\"https:\/\/brasilnoticias.org\/site\/wp-content\/uploads\/2024\/07\/152971maduro-diz-que-venezuela-pode-ter-banho-de-sangue-se-ele-nao-for-reeleito-3.jpg\",\"articleSection\":[\"Mundo\",\"\u00daltimas\"],\"inLanguage\":\"pt-PT\",\"potentialAction\":[{\"@type\":\"CommentAction\",\"name\":\"Comment\",\"target\":[\"https:\/\/brasilnoticias.org\/site\/maduro-diz-que-venezuela-pode-ter-banho-de-sangue-se-ele-nao-for-reeleito\/#respond\"]}]},{\"@type\":\"WebPage\",\"@id\":\"https:\/\/brasilnoticias.org\/site\/maduro-diz-que-venezuela-pode-ter-banho-de-sangue-se-ele-nao-for-reeleito\/\",\"url\":\"https:\/\/brasilnoticias.org\/site\/maduro-diz-que-venezuela-pode-ter-banho-de-sangue-se-ele-nao-for-reeleito\/\",\"name\":\"Maduro diz que Venezuela pode ter \\\"banho de sangue\\\" se ele n\u00e3o for reeleito - Brasil not\u00edcias\",\"isPartOf\":{\"@id\":\"https:\/\/brasilnoticias.org\/site\/#website\"},\"primaryImageOfPage\":{\"@id\":\"https:\/\/brasilnoticias.org\/site\/maduro-diz-que-venezuela-pode-ter-banho-de-sangue-se-ele-nao-for-reeleito\/#primaryimage\"},\"image\":{\"@id\":\"https:\/\/brasilnoticias.org\/site\/maduro-diz-que-venezuela-pode-ter-banho-de-sangue-se-ele-nao-for-reeleito\/#primaryimage\"},\"thumbnailUrl\":\"https:\/\/brasilnoticias.org\/site\/wp-content\/uploads\/2024\/07\/152971maduro-diz-que-venezuela-pode-ter-banho-de-sangue-se-ele-nao-for-reeleito-3.jpg\",\"datePublished\":\"2024-07-18T18:34:29+00:00\",\"breadcrumb\":{\"@id\":\"https:\/\/brasilnoticias.org\/site\/maduro-diz-que-venezuela-pode-ter-banho-de-sangue-se-ele-nao-for-reeleito\/#breadcrumb\"},\"inLanguage\":\"pt-PT\",\"potentialAction\":[{\"@type\":\"ReadAction\",\"target\":[\"https:\/\/brasilnoticias.org\/site\/maduro-diz-que-venezuela-pode-ter-banho-de-sangue-se-ele-nao-for-reeleito\/\"]}]},{\"@type\":\"ImageObject\",\"inLanguage\":\"pt-PT\",\"@id\":\"https:\/\/brasilnoticias.org\/site\/maduro-diz-que-venezuela-pode-ter-banho-de-sangue-se-ele-nao-for-reeleito\/#primaryimage\",\"url\":\"https:\/\/brasilnoticias.org\/site\/wp-content\/uploads\/2024\/07\/152971maduro-diz-que-venezuela-pode-ter-banho-de-sangue-se-ele-nao-for-reeleito-3.jpg\",\"contentUrl\":\"https:\/\/brasilnoticias.org\/site\/wp-content\/uploads\/2024\/07\/152971maduro-diz-que-venezuela-pode-ter-banho-de-sangue-se-ele-nao-for-reeleito-3.jpg\",\"width\":1600,\"height\":752},{\"@type\":\"BreadcrumbList\",\"@id\":\"https:\/\/brasilnoticias.org\/site\/maduro-diz-que-venezuela-pode-ter-banho-de-sangue-se-ele-nao-for-reeleito\/#breadcrumb\",\"itemListElement\":[{\"@type\":\"ListItem\",\"position\":1,\"name\":\"In\u00edcio\",\"item\":\"https:\/\/brasilnoticias.org\/site\/\"},{\"@type\":\"ListItem\",\"position\":2,\"name\":\"Maduro diz que Venezuela pode ter &#8220;banho de sangue&#8221; se ele n\u00e3o for reeleito\"}]},{\"@type\":\"WebSite\",\"@id\":\"https:\/\/brasilnoticias.org\/site\/#website\",\"url\":\"https:\/\/brasilnoticias.org\/site\/\",\"name\":\"Brasil not\u00edcias\",\"description\":\"Brasil not\u00edcias\",\"publisher\":{\"@id\":\"https:\/\/brasilnoticias.org\/site\/#organization\"},\"potentialAction\":[{\"@type\":\"SearchAction\",\"target\":{\"@type\":\"EntryPoint\",\"urlTemplate\":\"https:\/\/brasilnoticias.org\/site\/?s={search_term_string}\"},\"query-input\":{\"@type\":\"PropertyValueSpecification\",\"valueRequired\":true,\"valueName\":\"search_term_string\"}}],\"inLanguage\":\"pt-PT\"},{\"@type\":\"Organization\",\"@id\":\"https:\/\/brasilnoticias.org\/site\/#organization\",\"name\":\"Brasil not\u00edcias\",\"url\":\"https:\/\/brasilnoticias.org\/site\/\",\"logo\":{\"@type\":\"ImageObject\",\"inLanguage\":\"pt-PT\",\"@id\":\"https:\/\/brasilnoticias.org\/site\/#\/schema\/logo\/image\/\",\"url\":\"https:\/\/brasilnoticias.org\/site\/wp-content\/uploads\/2022\/05\/cropped-brasilnoticias-mini.jpg\",\"contentUrl\":\"https:\/\/brasilnoticias.org\/site\/wp-content\/uploads\/2022\/05\/cropped-brasilnoticias-mini.jpg\",\"width\":314,\"height\":86,\"caption\":\"Brasil not\u00edcias\"},\"image\":{\"@id\":\"https:\/\/brasilnoticias.org\/site\/#\/schema\/logo\/image\/\"}},{\"@type\":\"Person\",\"@id\":\"https:\/\/brasilnoticias.org\/site\/#\/schema\/person\/03bbbfe6c7634ad18c26444ea39049fa\",\"name\":\"Reda\u00e7\u00e3o\",\"image\":{\"@type\":\"ImageObject\",\"inLanguage\":\"pt-PT\",\"@id\":\"https:\/\/brasilnoticias.org\/site\/#\/schema\/person\/image\/\",\"url\":\"https:\/\/secure.gravatar.com\/avatar\/9ecaf7327a696cb23ad926fedded5f1f04d7049de9e445375d55b48c001a6e42?s=96&d=mm&r=g\",\"contentUrl\":\"https:\/\/secure.gravatar.com\/avatar\/9ecaf7327a696cb23ad926fedded5f1f04d7049de9e445375d55b48c001a6e42?s=96&d=mm&r=g\",\"caption\":\"Reda\u00e7\u00e3o\"},\"url\":\"https:\/\/brasilnoticias.org\/site\/author\/henrique\/\"}]}<\/script>\n<!-- \/ Yoast SEO plugin. -->","yoast_head_json":{"title":"Maduro diz que Venezuela pode ter \"banho de sangue\" se ele n\u00e3o for reeleito - Brasil not\u00edcias","robots":{"index":"index","follow":"follow","max-snippet":"max-snippet:-1","max-image-preview":"max-image-preview:large","max-video-preview":"max-video-preview:-1"},"canonical":"https:\/\/brasilnoticias.org\/site\/maduro-diz-que-venezuela-pode-ter-banho-de-sangue-se-ele-nao-for-reeleito\/","og_locale":"pt_PT","og_type":"article","og_title":"Maduro diz que Venezuela pode ter \"banho de sangue\" se ele n\u00e3o for reeleito - Brasil not\u00edcias","og_description":"Vota\u00e7\u00e3o est\u00e1 marcada para 28 de julho. Regime chavista est\u00e1 sob press\u00e3o internacional para realizar elei\u00e7\u00f5es livres; candidaturas oposicionistas foram","og_url":"https:\/\/brasilnoticias.org\/site\/maduro-diz-que-venezuela-pode-ter-banho-de-sangue-se-ele-nao-for-reeleito\/","og_site_name":"Brasil not\u00edcias","article_published_time":"2024-07-18T18:34:29+00:00","og_image":[{"width":1600,"height":752,"url":"https:\/\/brasilnoticias.org\/site\/wp-content\/uploads\/2024\/07\/152971maduro-diz-que-venezuela-pode-ter-banho-de-sangue-se-ele-nao-for-reeleito-3.jpg","type":"image\/jpeg"}],"author":"Reda\u00e7\u00e3o","twitter_card":"summary_large_image","twitter_misc":{"Escrito por":"Reda\u00e7\u00e3o"},"schema":{"@context":"https:\/\/schema.org","@graph":[{"@type":"Article","@id":"https:\/\/brasilnoticias.org\/site\/maduro-diz-que-venezuela-pode-ter-banho-de-sangue-se-ele-nao-for-reeleito\/#article","isPartOf":{"@id":"https:\/\/brasilnoticias.org\/site\/maduro-diz-que-venezuela-pode-ter-banho-de-sangue-se-ele-nao-for-reeleito\/"},"author":{"name":"Reda\u00e7\u00e3o","@id":"https:\/\/brasilnoticias.org\/site\/#\/schema\/person\/03bbbfe6c7634ad18c26444ea39049fa"},"headline":"Maduro diz que Venezuela pode ter &#8220;banho de sangue&#8221; se ele n\u00e3o for reeleito","datePublished":"2024-07-18T18:34:29+00:00","mainEntityOfPage":{"@id":"https:\/\/brasilnoticias.org\/site\/maduro-diz-que-venezuela-pode-ter-banho-de-sangue-se-ele-nao-for-reeleito\/"},"wordCount":221,"commentCount":0,"publisher":{"@id":"https:\/\/brasilnoticias.org\/site\/#organization"},"image":{"@id":"https:\/\/brasilnoticias.org\/site\/maduro-diz-que-venezuela-pode-ter-banho-de-sangue-se-ele-nao-for-reeleito\/#primaryimage"},"thumbnailUrl":"https:\/\/brasilnoticias.org\/site\/wp-content\/uploads\/2024\/07\/152971maduro-diz-que-venezuela-pode-ter-banho-de-sangue-se-ele-nao-for-reeleito-3.jpg","articleSection":["Mundo","\u00daltimas"],"inLanguage":"pt-PT","potentialAction":[{"@type":"CommentAction","name":"Comment","target":["https:\/\/brasilnoticias.org\/site\/maduro-diz-que-venezuela-pode-ter-banho-de-sangue-se-ele-nao-for-reeleito\/#respond"]}]},{"@type":"WebPage","@id":"https:\/\/brasilnoticias.org\/site\/maduro-diz-que-venezuela-pode-ter-banho-de-sangue-se-ele-nao-for-reeleito\/","url":"https:\/\/brasilnoticias.org\/site\/maduro-diz-que-venezuela-pode-ter-banho-de-sangue-se-ele-nao-for-reeleito\/","name":"Maduro diz que Venezuela pode ter \"banho de sangue\" se ele n\u00e3o for reeleito - Brasil not\u00edcias","isPartOf":{"@id":"https:\/\/brasilnoticias.org\/site\/#website"},"primaryImageOfPage":{"@id":"https:\/\/brasilnoticias.org\/site\/maduro-diz-que-venezuela-pode-ter-banho-de-sangue-se-ele-nao-for-reeleito\/#primaryimage"},"image":{"@id":"https:\/\/brasilnoticias.org\/site\/maduro-diz-que-venezuela-pode-ter-banho-de-sangue-se-ele-nao-for-reeleito\/#primaryimage"},"thumbnailUrl":"https:\/\/brasilnoticias.org\/site\/wp-content\/uploads\/2024\/07\/152971maduro-diz-que-venezuela-pode-ter-banho-de-sangue-se-ele-nao-for-reeleito-3.jpg","datePublished":"2024-07-18T18:34:29+00:00","breadcrumb":{"@id":"https:\/\/brasilnoticias.org\/site\/maduro-diz-que-venezuela-pode-ter-banho-de-sangue-se-ele-nao-for-reeleito\/#breadcrumb"},"inLanguage":"pt-PT","potentialAction":[{"@type":"ReadAction","target":["https:\/\/brasilnoticias.org\/site\/maduro-diz-que-venezuela-pode-ter-banho-de-sangue-se-ele-nao-for-reeleito\/"]}]},{"@type":"ImageObject","inLanguage":"pt-PT","@id":"https:\/\/brasilnoticias.org\/site\/maduro-diz-que-venezuela-pode-ter-banho-de-sangue-se-ele-nao-for-reeleito\/#primaryimage","url":"https:\/\/brasilnoticias.org\/site\/wp-content\/uploads\/2024\/07\/152971maduro-diz-que-venezuela-pode-ter-banho-de-sangue-se-ele-nao-for-reeleito-3.jpg","contentUrl":"https:\/\/brasilnoticias.org\/site\/wp-content\/uploads\/2024\/07\/152971maduro-diz-que-venezuela-pode-ter-banho-de-sangue-se-ele-nao-for-reeleito-3.jpg","width":1600,"height":752},{"@type":"BreadcrumbList","@id":"https:\/\/brasilnoticias.org\/site\/maduro-diz-que-venezuela-pode-ter-banho-de-sangue-se-ele-nao-for-reeleito\/#breadcrumb","itemListElement":[{"@type":"ListItem","position":1,"name":"In\u00edcio","item":"https:\/\/brasilnoticias.org\/site\/"},{"@type":"ListItem","position":2,"name":"Maduro diz que Venezuela pode ter &#8220;banho de sangue&#8221; se ele n\u00e3o for reeleito"}]},{"@type":"WebSite","@id":"https:\/\/brasilnoticias.org\/site\/#website","url":"https:\/\/brasilnoticias.org\/site\/","name":"Brasil not\u00edcias","description":"Brasil not\u00edcias","publisher":{"@id":"https:\/\/brasilnoticias.org\/site\/#organization"},"potentialAction":[{"@type":"SearchAction","target":{"@type":"EntryPoint","urlTemplate":"https:\/\/brasilnoticias.org\/site\/?s={search_term_string}"},"query-input":{"@type":"PropertyValueSpecification","valueRequired":true,"valueName":"search_term_string"}}],"inLanguage":"pt-PT"},{"@type":"Organization","@id":"https:\/\/brasilnoticias.org\/site\/#organization","name":"Brasil not\u00edcias","url":"https:\/\/brasilnoticias.org\/site\/","logo":{"@type":"ImageObject","inLanguage":"pt-PT","@id":"https:\/\/brasilnoticias.org\/site\/#\/schema\/logo\/image\/","url":"https:\/\/brasilnoticias.org\/site\/wp-content\/uploads\/2022\/05\/cropped-brasilnoticias-mini.jpg","contentUrl":"https:\/\/brasilnoticias.org\/site\/wp-content\/uploads\/2022\/05\/cropped-brasilnoticias-mini.jpg","width":314,"height":86,"caption":"Brasil not\u00edcias"},"image":{"@id":"https:\/\/brasilnoticias.org\/site\/#\/schema\/logo\/image\/"}},{"@type":"Person","@id":"https:\/\/brasilnoticias.org\/site\/#\/schema\/person\/03bbbfe6c7634ad18c26444ea39049fa","name":"Reda\u00e7\u00e3o","image":{"@type":"ImageObject","inLanguage":"pt-PT","@id":"https:\/\/brasilnoticias.org\/site\/#\/schema\/person\/image\/","url":"https:\/\/secure.gravatar.com\/avatar\/9ecaf7327a696cb23ad926fedded5f1f04d7049de9e445375d55b48c001a6e42?s=96&d=mm&r=g","contentUrl":"https:\/\/secure.gravatar.com\/avatar\/9ecaf7327a696cb23ad926fedded5f1f04d7049de9e445375d55b48c001a6e42?s=96&d=mm&r=g","caption":"Reda\u00e7\u00e3o"},"url":"https:\/\/brasilnoticias.org\/site\/author\/henrique\/"}]}},"_links":{"self":[{"href":"https:\/\/brasilnoticias.org\/site\/wp-json\/wp\/v2\/posts\/15104","targetHints":{"allow":["GET"]}}],"collection":[{"href":"https:\/\/brasilnoticias.org\/site\/wp-json\/wp\/v2\/posts"}],"about":[{"href":"https:\/\/brasilnoticias.org\/site\/wp-json\/wp\/v2\/types\/post"}],"author":[{"embeddable":true,"href":"https:\/\/brasilnoticias.org\/site\/wp-json\/wp\/v2\/users\/4"}],"replies":[{"embeddable":true,"href":"https:\/\/brasilnoticias.org\/site\/wp-json\/wp\/v2\/comments?post=15104"}],"version-history":[{"count":1,"href":"https:\/\/brasilnoticias.org\/site\/wp-json\/wp\/v2\/posts\/15104\/revisions"}],"predecessor-version":[{"id":15106,"href":"https:\/\/brasilnoticias.org\/site\/wp-json\/wp\/v2\/posts\/15104\/revisions\/15106"}],"wp:featuredmedia":[{"embeddable":true,"href":"https:\/\/brasilnoticias.org\/site\/wp-json\/wp\/v2\/media\/15105"}],"wp:attachment":[{"href":"https:\/\/brasilnoticias.org\/site\/wp-json\/wp\/v2\/media?parent=15104"}],"wp:term":[{"taxonomy":"category","embeddable":true,"href":"https:\/\/brasilnoticias.org\/site\/wp-json\/wp\/v2\/categories?post=15104"},{"taxonomy":"post_tag","embeddable":true,"href":"https:\/\/brasilnoticias.org\/site\/wp-json\/wp\/v2\/tags?post=15104"}],"curies":[{"name":"wp","href":"https:\/\/api.w.org\/{rel}","templated":true}]}}