{"id":15136,"date":"2024-07-20T08:00:00","date_gmt":"2024-07-20T11:00:00","guid":{"rendered":"https:\/\/brasilnoticias.org\/site\/?p=15136"},"modified":"2024-07-19T19:33:36","modified_gmt":"2024-07-19T22:33:36","slug":"so-69-das-areas-urbanas-do-pais-sao-cobertas-por-vegetacao-aponta-pesquisa","status":"publish","type":"post","link":"https:\/\/brasilnoticias.org\/site\/so-69-das-areas-urbanas-do-pais-sao-cobertas-por-vegetacao-aponta-pesquisa\/","title":{"rendered":"S\u00f3 6,9% das \u00e1reas urbanas do pa\u00eds s\u00e3o cobertas por vegeta\u00e7\u00e3o, aponta pesquisa"},"content":{"rendered":"<p>Propor\u00e7\u00e3o est\u00e1 abaixo do recomendado, diz pesquisador do MapBiomas<\/p>\n<p>Apenas 6,9% das \u00e1reas urbanas das cidades brasileiras s\u00e3o cobertas por vegeta\u00e7\u00e3o. Isso equivale a 283,7 mil hectares &#8211; metade da extens\u00e3o territorial do Distrito Federal. Os dados fazem parte de um estudo divulgado pelo MapBiomas.<\/p>\n<p>De acordo com o coordenador do estudo, Julio Pedrassoli, essa propor\u00e7\u00e3o de verde nas \u00e1reas urbanas do pa\u00eds \u00e9 insuficiente. Ele cita a recomenda\u00e7\u00e3o da Sociedade Brasileira de Arboriza\u00e7\u00e3o Urbana de 15 metros quadrados (m\u00b2) por habitante como propor\u00e7\u00e3o ideal. No c\u00e1lculo do pesquisador da Universidade Federal da Bahia (Ufba), os dados apurados pelo MapBiomas apontam m\u00e9dia de 13m\u00b2 por habitante.<\/p>\n<p>\u201cSe lembrarmos que a distribui\u00e7\u00e3o dessa vegeta\u00e7\u00e3o \u00e9 desigual, o cen\u00e1rio pode ser ainda pior\u201d, diz Pedrassoli, o que indica uma consequ\u00eancia direta da baixa cobertura de vegeta\u00e7\u00e3o. \u201cEstudos mostram que \u00e1reas urbanas com menos de 30% de vegeta\u00e7\u00e3o com cobertura do solo experimentam um aumento crescente de temperaturas locais\u201d, acrescenta.<\/p>\n<p>Foto: Rovena Rosa\/Ag\u00eancia Brasil<br \/>\nPor: Metro1<\/p>\n","protected":false},"excerpt":{"rendered":"<p>Propor\u00e7\u00e3o est\u00e1 abaixo do recomendado, diz pesquisador do MapBiomas Apenas 6,9% das \u00e1reas urbanas das cidades brasileiras s\u00e3o cobertas por<\/p>\n","protected":false},"author":4,"featured_media":15137,"comment_status":"open","ping_status":"open","sticky":false,"template":"","format":"standard","meta":{"colormag_page_container_layout":"default_layout","colormag_page_sidebar_layout":"default_layout","_FSMCFIC_featured_image_caption":"","_FSMCFIC_featured_image_nocaption":"","_FSMCFIC_featured_image_hide":"","footnotes":""},"categories":[2,1],"tags":[],"class_list":["post-15136","post","type-post","status-publish","format-standard","has-post-thumbnail","hentry","category-noticias","category-ultimas"],"yoast_head":"<!-- This site is optimized with the Yoast SEO plugin v27.1.1 - https:\/\/yoast.com\/product\/yoast-seo-wordpress\/ -->\n<title>S\u00f3 6,9% das \u00e1reas urbanas do pa\u00eds s\u00e3o cobertas por vegeta\u00e7\u00e3o, aponta pesquisa - Brasil not\u00edcias<\/title>\n<meta name=\"robots\" content=\"index, follow, max-snippet:-1, max-image-preview:large, max-video-preview:-1\" \/>\n<link rel=\"canonical\" href=\"https:\/\/brasilnoticias.org\/site\/so-69-das-areas-urbanas-do-pais-sao-cobertas-por-vegetacao-aponta-pesquisa\/\" \/>\n<meta property=\"og:locale\" content=\"pt_PT\" \/>\n<meta property=\"og:type\" content=\"article\" \/>\n<meta property=\"og:title\" content=\"S\u00f3 6,9% das \u00e1reas urbanas do pa\u00eds s\u00e3o cobertas por vegeta\u00e7\u00e3o, aponta pesquisa - Brasil not\u00edcias\" \/>\n<meta property=\"og:description\" content=\"Propor\u00e7\u00e3o est\u00e1 abaixo do recomendado, diz pesquisador do MapBiomas Apenas 6,9% das \u00e1reas urbanas das cidades brasileiras s\u00e3o cobertas por\" \/>\n<meta property=\"og:url\" content=\"https:\/\/brasilnoticias.org\/site\/so-69-das-areas-urbanas-do-pais-sao-cobertas-por-vegetacao-aponta-pesquisa\/\" \/>\n<meta property=\"og:site_name\" content=\"Brasil not\u00edcias\" \/>\n<meta property=\"article:published_time\" content=\"2024-07-20T11:00:00+00:00\" \/>\n<meta property=\"og:image\" content=\"https:\/\/brasilnoticias.org\/site\/wp-content\/uploads\/2024\/07\/153027so-69-das-areas-urbanas-do-pais-sao-cobertas-por-vegetacao-aponta-pesquisa-3.jpg\" \/>\n\t<meta property=\"og:image:width\" content=\"1600\" \/>\n\t<meta property=\"og:image:height\" content=\"752\" \/>\n\t<meta property=\"og:image:type\" content=\"image\/jpeg\" \/>\n<meta name=\"author\" content=\"Reda\u00e7\u00e3o\" \/>\n<meta name=\"twitter:card\" content=\"summary_large_image\" \/>\n<meta name=\"twitter:label1\" content=\"Escrito por\" \/>\n\t<meta name=\"twitter:data1\" content=\"Reda\u00e7\u00e3o\" \/>\n\t<meta name=\"twitter:label2\" content=\"Tempo estimado de leitura\" \/>\n\t<meta name=\"twitter:data2\" content=\"1 minuto\" \/>\n<script type=\"application\/ld+json\" class=\"yoast-schema-graph\">{\"@context\":\"https:\/\/schema.org\",\"@graph\":[{\"@type\":\"Article\",\"@id\":\"https:\/\/brasilnoticias.org\/site\/so-69-das-areas-urbanas-do-pais-sao-cobertas-por-vegetacao-aponta-pesquisa\/#article\",\"isPartOf\":{\"@id\":\"https:\/\/brasilnoticias.org\/site\/so-69-das-areas-urbanas-do-pais-sao-cobertas-por-vegetacao-aponta-pesquisa\/\"},\"author\":{\"name\":\"Reda\u00e7\u00e3o\",\"@id\":\"https:\/\/brasilnoticias.org\/site\/#\/schema\/person\/03bbbfe6c7634ad18c26444ea39049fa\"},\"headline\":\"S\u00f3 6,9% das \u00e1reas urbanas do pa\u00eds s\u00e3o cobertas por vegeta\u00e7\u00e3o, aponta pesquisa\",\"datePublished\":\"2024-07-20T11:00:00+00:00\",\"mainEntityOfPage\":{\"@id\":\"https:\/\/brasilnoticias.org\/site\/so-69-das-areas-urbanas-do-pais-sao-cobertas-por-vegetacao-aponta-pesquisa\/\"},\"wordCount\":191,\"commentCount\":0,\"publisher\":{\"@id\":\"https:\/\/brasilnoticias.org\/site\/#organization\"},\"image\":{\"@id\":\"https:\/\/brasilnoticias.org\/site\/so-69-das-areas-urbanas-do-pais-sao-cobertas-por-vegetacao-aponta-pesquisa\/#primaryimage\"},\"thumbnailUrl\":\"https:\/\/brasilnoticias.org\/site\/wp-content\/uploads\/2024\/07\/153027so-69-das-areas-urbanas-do-pais-sao-cobertas-por-vegetacao-aponta-pesquisa-3.jpg\",\"articleSection\":[\"Not\u00edcias\",\"\u00daltimas\"],\"inLanguage\":\"pt-PT\",\"potentialAction\":[{\"@type\":\"CommentAction\",\"name\":\"Comment\",\"target\":[\"https:\/\/brasilnoticias.org\/site\/so-69-das-areas-urbanas-do-pais-sao-cobertas-por-vegetacao-aponta-pesquisa\/#respond\"]}]},{\"@type\":\"WebPage\",\"@id\":\"https:\/\/brasilnoticias.org\/site\/so-69-das-areas-urbanas-do-pais-sao-cobertas-por-vegetacao-aponta-pesquisa\/\",\"url\":\"https:\/\/brasilnoticias.org\/site\/so-69-das-areas-urbanas-do-pais-sao-cobertas-por-vegetacao-aponta-pesquisa\/\",\"name\":\"S\u00f3 6,9% das \u00e1reas urbanas do pa\u00eds s\u00e3o cobertas por vegeta\u00e7\u00e3o, aponta pesquisa - Brasil not\u00edcias\",\"isPartOf\":{\"@id\":\"https:\/\/brasilnoticias.org\/site\/#website\"},\"primaryImageOfPage\":{\"@id\":\"https:\/\/brasilnoticias.org\/site\/so-69-das-areas-urbanas-do-pais-sao-cobertas-por-vegetacao-aponta-pesquisa\/#primaryimage\"},\"image\":{\"@id\":\"https:\/\/brasilnoticias.org\/site\/so-69-das-areas-urbanas-do-pais-sao-cobertas-por-vegetacao-aponta-pesquisa\/#primaryimage\"},\"thumbnailUrl\":\"https:\/\/brasilnoticias.org\/site\/wp-content\/uploads\/2024\/07\/153027so-69-das-areas-urbanas-do-pais-sao-cobertas-por-vegetacao-aponta-pesquisa-3.jpg\",\"datePublished\":\"2024-07-20T11:00:00+00:00\",\"breadcrumb\":{\"@id\":\"https:\/\/brasilnoticias.org\/site\/so-69-das-areas-urbanas-do-pais-sao-cobertas-por-vegetacao-aponta-pesquisa\/#breadcrumb\"},\"inLanguage\":\"pt-PT\",\"potentialAction\":[{\"@type\":\"ReadAction\",\"target\":[\"https:\/\/brasilnoticias.org\/site\/so-69-das-areas-urbanas-do-pais-sao-cobertas-por-vegetacao-aponta-pesquisa\/\"]}]},{\"@type\":\"ImageObject\",\"inLanguage\":\"pt-PT\",\"@id\":\"https:\/\/brasilnoticias.org\/site\/so-69-das-areas-urbanas-do-pais-sao-cobertas-por-vegetacao-aponta-pesquisa\/#primaryimage\",\"url\":\"https:\/\/brasilnoticias.org\/site\/wp-content\/uploads\/2024\/07\/153027so-69-das-areas-urbanas-do-pais-sao-cobertas-por-vegetacao-aponta-pesquisa-3.jpg\",\"contentUrl\":\"https:\/\/brasilnoticias.org\/site\/wp-content\/uploads\/2024\/07\/153027so-69-das-areas-urbanas-do-pais-sao-cobertas-por-vegetacao-aponta-pesquisa-3.jpg\",\"width\":1600,\"height\":752},{\"@type\":\"BreadcrumbList\",\"@id\":\"https:\/\/brasilnoticias.org\/site\/so-69-das-areas-urbanas-do-pais-sao-cobertas-por-vegetacao-aponta-pesquisa\/#breadcrumb\",\"itemListElement\":[{\"@type\":\"ListItem\",\"position\":1,\"name\":\"In\u00edcio\",\"item\":\"https:\/\/brasilnoticias.org\/site\/\"},{\"@type\":\"ListItem\",\"position\":2,\"name\":\"S\u00f3 6,9% das \u00e1reas urbanas do pa\u00eds s\u00e3o cobertas por vegeta\u00e7\u00e3o, aponta pesquisa\"}]},{\"@type\":\"WebSite\",\"@id\":\"https:\/\/brasilnoticias.org\/site\/#website\",\"url\":\"https:\/\/brasilnoticias.org\/site\/\",\"name\":\"Brasil not\u00edcias\",\"description\":\"Brasil not\u00edcias\",\"publisher\":{\"@id\":\"https:\/\/brasilnoticias.org\/site\/#organization\"},\"potentialAction\":[{\"@type\":\"SearchAction\",\"target\":{\"@type\":\"EntryPoint\",\"urlTemplate\":\"https:\/\/brasilnoticias.org\/site\/?s={search_term_string}\"},\"query-input\":{\"@type\":\"PropertyValueSpecification\",\"valueRequired\":true,\"valueName\":\"search_term_string\"}}],\"inLanguage\":\"pt-PT\"},{\"@type\":\"Organization\",\"@id\":\"https:\/\/brasilnoticias.org\/site\/#organization\",\"name\":\"Brasil not\u00edcias\",\"url\":\"https:\/\/brasilnoticias.org\/site\/\",\"logo\":{\"@type\":\"ImageObject\",\"inLanguage\":\"pt-PT\",\"@id\":\"https:\/\/brasilnoticias.org\/site\/#\/schema\/logo\/image\/\",\"url\":\"https:\/\/brasilnoticias.org\/site\/wp-content\/uploads\/2022\/05\/cropped-brasilnoticias-mini.jpg\",\"contentUrl\":\"https:\/\/brasilnoticias.org\/site\/wp-content\/uploads\/2022\/05\/cropped-brasilnoticias-mini.jpg\",\"width\":314,\"height\":86,\"caption\":\"Brasil not\u00edcias\"},\"image\":{\"@id\":\"https:\/\/brasilnoticias.org\/site\/#\/schema\/logo\/image\/\"}},{\"@type\":\"Person\",\"@id\":\"https:\/\/brasilnoticias.org\/site\/#\/schema\/person\/03bbbfe6c7634ad18c26444ea39049fa\",\"name\":\"Reda\u00e7\u00e3o\",\"image\":{\"@type\":\"ImageObject\",\"inLanguage\":\"pt-PT\",\"@id\":\"https:\/\/brasilnoticias.org\/site\/#\/schema\/person\/image\/\",\"url\":\"https:\/\/secure.gravatar.com\/avatar\/9ecaf7327a696cb23ad926fedded5f1f04d7049de9e445375d55b48c001a6e42?s=96&d=mm&r=g\",\"contentUrl\":\"https:\/\/secure.gravatar.com\/avatar\/9ecaf7327a696cb23ad926fedded5f1f04d7049de9e445375d55b48c001a6e42?s=96&d=mm&r=g\",\"caption\":\"Reda\u00e7\u00e3o\"},\"url\":\"https:\/\/brasilnoticias.org\/site\/author\/henrique\/\"}]}<\/script>\n<!-- \/ Yoast SEO plugin. -->","yoast_head_json":{"title":"S\u00f3 6,9% das \u00e1reas urbanas do pa\u00eds s\u00e3o cobertas por vegeta\u00e7\u00e3o, aponta pesquisa - Brasil not\u00edcias","robots":{"index":"index","follow":"follow","max-snippet":"max-snippet:-1","max-image-preview":"max-image-preview:large","max-video-preview":"max-video-preview:-1"},"canonical":"https:\/\/brasilnoticias.org\/site\/so-69-das-areas-urbanas-do-pais-sao-cobertas-por-vegetacao-aponta-pesquisa\/","og_locale":"pt_PT","og_type":"article","og_title":"S\u00f3 6,9% das \u00e1reas urbanas do pa\u00eds s\u00e3o cobertas por vegeta\u00e7\u00e3o, aponta pesquisa - Brasil not\u00edcias","og_description":"Propor\u00e7\u00e3o est\u00e1 abaixo do recomendado, diz pesquisador do MapBiomas Apenas 6,9% das \u00e1reas urbanas das cidades brasileiras s\u00e3o cobertas por","og_url":"https:\/\/brasilnoticias.org\/site\/so-69-das-areas-urbanas-do-pais-sao-cobertas-por-vegetacao-aponta-pesquisa\/","og_site_name":"Brasil not\u00edcias","article_published_time":"2024-07-20T11:00:00+00:00","og_image":[{"width":1600,"height":752,"url":"https:\/\/brasilnoticias.org\/site\/wp-content\/uploads\/2024\/07\/153027so-69-das-areas-urbanas-do-pais-sao-cobertas-por-vegetacao-aponta-pesquisa-3.jpg","type":"image\/jpeg"}],"author":"Reda\u00e7\u00e3o","twitter_card":"summary_large_image","twitter_misc":{"Escrito por":"Reda\u00e7\u00e3o","Tempo estimado de leitura":"1 minuto"},"schema":{"@context":"https:\/\/schema.org","@graph":[{"@type":"Article","@id":"https:\/\/brasilnoticias.org\/site\/so-69-das-areas-urbanas-do-pais-sao-cobertas-por-vegetacao-aponta-pesquisa\/#article","isPartOf":{"@id":"https:\/\/brasilnoticias.org\/site\/so-69-das-areas-urbanas-do-pais-sao-cobertas-por-vegetacao-aponta-pesquisa\/"},"author":{"name":"Reda\u00e7\u00e3o","@id":"https:\/\/brasilnoticias.org\/site\/#\/schema\/person\/03bbbfe6c7634ad18c26444ea39049fa"},"headline":"S\u00f3 6,9% das \u00e1reas urbanas do pa\u00eds s\u00e3o cobertas por vegeta\u00e7\u00e3o, aponta pesquisa","datePublished":"2024-07-20T11:00:00+00:00","mainEntityOfPage":{"@id":"https:\/\/brasilnoticias.org\/site\/so-69-das-areas-urbanas-do-pais-sao-cobertas-por-vegetacao-aponta-pesquisa\/"},"wordCount":191,"commentCount":0,"publisher":{"@id":"https:\/\/brasilnoticias.org\/site\/#organization"},"image":{"@id":"https:\/\/brasilnoticias.org\/site\/so-69-das-areas-urbanas-do-pais-sao-cobertas-por-vegetacao-aponta-pesquisa\/#primaryimage"},"thumbnailUrl":"https:\/\/brasilnoticias.org\/site\/wp-content\/uploads\/2024\/07\/153027so-69-das-areas-urbanas-do-pais-sao-cobertas-por-vegetacao-aponta-pesquisa-3.jpg","articleSection":["Not\u00edcias","\u00daltimas"],"inLanguage":"pt-PT","potentialAction":[{"@type":"CommentAction","name":"Comment","target":["https:\/\/brasilnoticias.org\/site\/so-69-das-areas-urbanas-do-pais-sao-cobertas-por-vegetacao-aponta-pesquisa\/#respond"]}]},{"@type":"WebPage","@id":"https:\/\/brasilnoticias.org\/site\/so-69-das-areas-urbanas-do-pais-sao-cobertas-por-vegetacao-aponta-pesquisa\/","url":"https:\/\/brasilnoticias.org\/site\/so-69-das-areas-urbanas-do-pais-sao-cobertas-por-vegetacao-aponta-pesquisa\/","name":"S\u00f3 6,9% das \u00e1reas urbanas do pa\u00eds s\u00e3o cobertas por vegeta\u00e7\u00e3o, aponta pesquisa - Brasil not\u00edcias","isPartOf":{"@id":"https:\/\/brasilnoticias.org\/site\/#website"},"primaryImageOfPage":{"@id":"https:\/\/brasilnoticias.org\/site\/so-69-das-areas-urbanas-do-pais-sao-cobertas-por-vegetacao-aponta-pesquisa\/#primaryimage"},"image":{"@id":"https:\/\/brasilnoticias.org\/site\/so-69-das-areas-urbanas-do-pais-sao-cobertas-por-vegetacao-aponta-pesquisa\/#primaryimage"},"thumbnailUrl":"https:\/\/brasilnoticias.org\/site\/wp-content\/uploads\/2024\/07\/153027so-69-das-areas-urbanas-do-pais-sao-cobertas-por-vegetacao-aponta-pesquisa-3.jpg","datePublished":"2024-07-20T11:00:00+00:00","breadcrumb":{"@id":"https:\/\/brasilnoticias.org\/site\/so-69-das-areas-urbanas-do-pais-sao-cobertas-por-vegetacao-aponta-pesquisa\/#breadcrumb"},"inLanguage":"pt-PT","potentialAction":[{"@type":"ReadAction","target":["https:\/\/brasilnoticias.org\/site\/so-69-das-areas-urbanas-do-pais-sao-cobertas-por-vegetacao-aponta-pesquisa\/"]}]},{"@type":"ImageObject","inLanguage":"pt-PT","@id":"https:\/\/brasilnoticias.org\/site\/so-69-das-areas-urbanas-do-pais-sao-cobertas-por-vegetacao-aponta-pesquisa\/#primaryimage","url":"https:\/\/brasilnoticias.org\/site\/wp-content\/uploads\/2024\/07\/153027so-69-das-areas-urbanas-do-pais-sao-cobertas-por-vegetacao-aponta-pesquisa-3.jpg","contentUrl":"https:\/\/brasilnoticias.org\/site\/wp-content\/uploads\/2024\/07\/153027so-69-das-areas-urbanas-do-pais-sao-cobertas-por-vegetacao-aponta-pesquisa-3.jpg","width":1600,"height":752},{"@type":"BreadcrumbList","@id":"https:\/\/brasilnoticias.org\/site\/so-69-das-areas-urbanas-do-pais-sao-cobertas-por-vegetacao-aponta-pesquisa\/#breadcrumb","itemListElement":[{"@type":"ListItem","position":1,"name":"In\u00edcio","item":"https:\/\/brasilnoticias.org\/site\/"},{"@type":"ListItem","position":2,"name":"S\u00f3 6,9% das \u00e1reas urbanas do pa\u00eds s\u00e3o cobertas por vegeta\u00e7\u00e3o, aponta pesquisa"}]},{"@type":"WebSite","@id":"https:\/\/brasilnoticias.org\/site\/#website","url":"https:\/\/brasilnoticias.org\/site\/","name":"Brasil not\u00edcias","description":"Brasil not\u00edcias","publisher":{"@id":"https:\/\/brasilnoticias.org\/site\/#organization"},"potentialAction":[{"@type":"SearchAction","target":{"@type":"EntryPoint","urlTemplate":"https:\/\/brasilnoticias.org\/site\/?s={search_term_string}"},"query-input":{"@type":"PropertyValueSpecification","valueRequired":true,"valueName":"search_term_string"}}],"inLanguage":"pt-PT"},{"@type":"Organization","@id":"https:\/\/brasilnoticias.org\/site\/#organization","name":"Brasil not\u00edcias","url":"https:\/\/brasilnoticias.org\/site\/","logo":{"@type":"ImageObject","inLanguage":"pt-PT","@id":"https:\/\/brasilnoticias.org\/site\/#\/schema\/logo\/image\/","url":"https:\/\/brasilnoticias.org\/site\/wp-content\/uploads\/2022\/05\/cropped-brasilnoticias-mini.jpg","contentUrl":"https:\/\/brasilnoticias.org\/site\/wp-content\/uploads\/2022\/05\/cropped-brasilnoticias-mini.jpg","width":314,"height":86,"caption":"Brasil not\u00edcias"},"image":{"@id":"https:\/\/brasilnoticias.org\/site\/#\/schema\/logo\/image\/"}},{"@type":"Person","@id":"https:\/\/brasilnoticias.org\/site\/#\/schema\/person\/03bbbfe6c7634ad18c26444ea39049fa","name":"Reda\u00e7\u00e3o","image":{"@type":"ImageObject","inLanguage":"pt-PT","@id":"https:\/\/brasilnoticias.org\/site\/#\/schema\/person\/image\/","url":"https:\/\/secure.gravatar.com\/avatar\/9ecaf7327a696cb23ad926fedded5f1f04d7049de9e445375d55b48c001a6e42?s=96&d=mm&r=g","contentUrl":"https:\/\/secure.gravatar.com\/avatar\/9ecaf7327a696cb23ad926fedded5f1f04d7049de9e445375d55b48c001a6e42?s=96&d=mm&r=g","caption":"Reda\u00e7\u00e3o"},"url":"https:\/\/brasilnoticias.org\/site\/author\/henrique\/"}]}},"_links":{"self":[{"href":"https:\/\/brasilnoticias.org\/site\/wp-json\/wp\/v2\/posts\/15136","targetHints":{"allow":["GET"]}}],"collection":[{"href":"https:\/\/brasilnoticias.org\/site\/wp-json\/wp\/v2\/posts"}],"about":[{"href":"https:\/\/brasilnoticias.org\/site\/wp-json\/wp\/v2\/types\/post"}],"author":[{"embeddable":true,"href":"https:\/\/brasilnoticias.org\/site\/wp-json\/wp\/v2\/users\/4"}],"replies":[{"embeddable":true,"href":"https:\/\/brasilnoticias.org\/site\/wp-json\/wp\/v2\/comments?post=15136"}],"version-history":[{"count":1,"href":"https:\/\/brasilnoticias.org\/site\/wp-json\/wp\/v2\/posts\/15136\/revisions"}],"predecessor-version":[{"id":15138,"href":"https:\/\/brasilnoticias.org\/site\/wp-json\/wp\/v2\/posts\/15136\/revisions\/15138"}],"wp:featuredmedia":[{"embeddable":true,"href":"https:\/\/brasilnoticias.org\/site\/wp-json\/wp\/v2\/media\/15137"}],"wp:attachment":[{"href":"https:\/\/brasilnoticias.org\/site\/wp-json\/wp\/v2\/media?parent=15136"}],"wp:term":[{"taxonomy":"category","embeddable":true,"href":"https:\/\/brasilnoticias.org\/site\/wp-json\/wp\/v2\/categories?post=15136"},{"taxonomy":"post_tag","embeddable":true,"href":"https:\/\/brasilnoticias.org\/site\/wp-json\/wp\/v2\/tags?post=15136"}],"curies":[{"name":"wp","href":"https:\/\/api.w.org\/{rel}","templated":true}]}}