{"id":15148,"date":"2024-07-20T06:00:59","date_gmt":"2024-07-20T09:00:59","guid":{"rendered":"https:\/\/brasilnoticias.org\/site\/?p=15148"},"modified":"2024-07-19T19:38:44","modified_gmt":"2024-07-19T22:38:44","slug":"apos-confusao-com-torcedores-rodrigo-andrade-e-emprestado-para-o-mirassol","status":"publish","type":"post","link":"https:\/\/brasilnoticias.org\/site\/apos-confusao-com-torcedores-rodrigo-andrade-e-emprestado-para-o-mirassol\/","title":{"rendered":"Ap\u00f3s confus\u00e3o com torcedores, Rodrigo Andrade \u00e9 emprestado para o Mirassol"},"content":{"rendered":"<p>Al\u00e9m de Rodrigo Andrade, o atacante Jo\u00e3o Pedro do Cruzeiro tamb\u00e9m refor\u00e7ar\u00e1 o Mirassol na S\u00e9rie B de 2024<\/p>\n<p>Um dos jogadores perseguidos por membros da Torcida Uniformizada Imbat\u00edveis (TUI) no \u00faltimo fim de semana, o volante Rodrigo Andrade foi emprestado pelo Vit\u00f3ria e refor\u00e7ar\u00e1 a equipe do Mirassol na disputa do Campeonato Brasileiro da S\u00e9rie B deste ano. <\/p>\n<p>O atleta de 27 anos foi negociado pelo Le\u00e3o depois de ter sido v\u00edtima das agress\u00f5es e afastado do elenco principal do Rubro-Negro. O atleta j\u00e1 teve passagens por equipes como Paysandu, CSA e Guarani, tornando-se campe\u00e3o nacional da segunda divis\u00e3o pelo Vit\u00f3ria em 2024.<\/p>\n<p>Al\u00e9m de Rodrigo Andrade, o atacante Jo\u00e3o Pedro \u2013 do Cruzeiro \u2013 tamb\u00e9m refor\u00e7ar\u00e1 o Mirassol na continuidade da S\u00e9rie B de 2024. <\/p>\n<p>Na oitava posi\u00e7\u00e3o do torneio, a equipe paulista est\u00e1 apenas quatro pontos de dist\u00e2ncia do G4 do torneio e 9 pontos \u00e0 frente da zona de rebaixamento<\/p>\n<p>Foto: Victor Ferreira \/ EC Vit\u00f3ria<br \/>\nAratu On<\/p>\n","protected":false},"excerpt":{"rendered":"<p>Al\u00e9m de Rodrigo Andrade, o atacante Jo\u00e3o Pedro do Cruzeiro tamb\u00e9m refor\u00e7ar\u00e1 o Mirassol na S\u00e9rie B de 2024 Um<\/p>\n","protected":false},"author":4,"featured_media":15149,"comment_status":"open","ping_status":"open","sticky":false,"template":"","format":"standard","meta":{"colormag_page_container_layout":"default_layout","colormag_page_sidebar_layout":"default_layout","_FSMCFIC_featured_image_caption":"","_FSMCFIC_featured_image_nocaption":"","_FSMCFIC_featured_image_hide":"","footnotes":""},"categories":[4,1],"tags":[],"class_list":["post-15148","post","type-post","status-publish","format-standard","has-post-thumbnail","hentry","category-esporte","category-ultimas"],"yoast_head":"<!-- This site is optimized with the Yoast SEO plugin v27.1.1 - https:\/\/yoast.com\/product\/yoast-seo-wordpress\/ -->\n<title>Ap\u00f3s confus\u00e3o com torcedores, Rodrigo Andrade \u00e9 emprestado para o Mirassol - Brasil not\u00edcias<\/title>\n<meta name=\"robots\" content=\"index, follow, max-snippet:-1, max-image-preview:large, max-video-preview:-1\" \/>\n<link rel=\"canonical\" href=\"https:\/\/brasilnoticias.org\/site\/apos-confusao-com-torcedores-rodrigo-andrade-e-emprestado-para-o-mirassol\/\" \/>\n<meta property=\"og:locale\" content=\"pt_PT\" \/>\n<meta property=\"og:type\" content=\"article\" \/>\n<meta property=\"og:title\" content=\"Ap\u00f3s confus\u00e3o com torcedores, Rodrigo Andrade \u00e9 emprestado para o Mirassol - Brasil not\u00edcias\" \/>\n<meta property=\"og:description\" content=\"Al\u00e9m de Rodrigo Andrade, o atacante Jo\u00e3o Pedro do Cruzeiro tamb\u00e9m refor\u00e7ar\u00e1 o Mirassol na S\u00e9rie B de 2024 Um\" \/>\n<meta property=\"og:url\" content=\"https:\/\/brasilnoticias.org\/site\/apos-confusao-com-torcedores-rodrigo-andrade-e-emprestado-para-o-mirassol\/\" \/>\n<meta property=\"og:site_name\" content=\"Brasil not\u00edcias\" \/>\n<meta property=\"article:published_time\" content=\"2024-07-20T09:00:59+00:00\" \/>\n<meta property=\"og:image\" content=\"https:\/\/brasilnoticias.org\/site\/wp-content\/uploads\/2024\/07\/WhatsApp-Image-2024-07-19-at-19.08.56-960x500-1.jpeg\" \/>\n\t<meta property=\"og:image:width\" content=\"960\" \/>\n\t<meta property=\"og:image:height\" content=\"500\" \/>\n\t<meta property=\"og:image:type\" content=\"image\/jpeg\" \/>\n<meta name=\"author\" content=\"Reda\u00e7\u00e3o\" \/>\n<meta name=\"twitter:card\" content=\"summary_large_image\" \/>\n<meta name=\"twitter:label1\" content=\"Escrito por\" \/>\n\t<meta name=\"twitter:data1\" content=\"Reda\u00e7\u00e3o\" \/>\n\t<meta name=\"twitter:label2\" content=\"Tempo estimado de leitura\" \/>\n\t<meta name=\"twitter:data2\" content=\"1 minuto\" \/>\n<script type=\"application\/ld+json\" class=\"yoast-schema-graph\">{\"@context\":\"https:\/\/schema.org\",\"@graph\":[{\"@type\":\"Article\",\"@id\":\"https:\/\/brasilnoticias.org\/site\/apos-confusao-com-torcedores-rodrigo-andrade-e-emprestado-para-o-mirassol\/#article\",\"isPartOf\":{\"@id\":\"https:\/\/brasilnoticias.org\/site\/apos-confusao-com-torcedores-rodrigo-andrade-e-emprestado-para-o-mirassol\/\"},\"author\":{\"name\":\"Reda\u00e7\u00e3o\",\"@id\":\"https:\/\/brasilnoticias.org\/site\/#\/schema\/person\/03bbbfe6c7634ad18c26444ea39049fa\"},\"headline\":\"Ap\u00f3s confus\u00e3o com torcedores, Rodrigo Andrade \u00e9 emprestado para o Mirassol\",\"datePublished\":\"2024-07-20T09:00:59+00:00\",\"mainEntityOfPage\":{\"@id\":\"https:\/\/brasilnoticias.org\/site\/apos-confusao-com-torcedores-rodrigo-andrade-e-emprestado-para-o-mirassol\/\"},\"wordCount\":188,\"commentCount\":0,\"publisher\":{\"@id\":\"https:\/\/brasilnoticias.org\/site\/#organization\"},\"image\":{\"@id\":\"https:\/\/brasilnoticias.org\/site\/apos-confusao-com-torcedores-rodrigo-andrade-e-emprestado-para-o-mirassol\/#primaryimage\"},\"thumbnailUrl\":\"https:\/\/brasilnoticias.org\/site\/wp-content\/uploads\/2024\/07\/WhatsApp-Image-2024-07-19-at-19.08.56-960x500-1.jpeg\",\"articleSection\":[\"Esporte\",\"\u00daltimas\"],\"inLanguage\":\"pt-PT\",\"potentialAction\":[{\"@type\":\"CommentAction\",\"name\":\"Comment\",\"target\":[\"https:\/\/brasilnoticias.org\/site\/apos-confusao-com-torcedores-rodrigo-andrade-e-emprestado-para-o-mirassol\/#respond\"]}]},{\"@type\":\"WebPage\",\"@id\":\"https:\/\/brasilnoticias.org\/site\/apos-confusao-com-torcedores-rodrigo-andrade-e-emprestado-para-o-mirassol\/\",\"url\":\"https:\/\/brasilnoticias.org\/site\/apos-confusao-com-torcedores-rodrigo-andrade-e-emprestado-para-o-mirassol\/\",\"name\":\"Ap\u00f3s confus\u00e3o com torcedores, Rodrigo Andrade \u00e9 emprestado para o Mirassol - Brasil not\u00edcias\",\"isPartOf\":{\"@id\":\"https:\/\/brasilnoticias.org\/site\/#website\"},\"primaryImageOfPage\":{\"@id\":\"https:\/\/brasilnoticias.org\/site\/apos-confusao-com-torcedores-rodrigo-andrade-e-emprestado-para-o-mirassol\/#primaryimage\"},\"image\":{\"@id\":\"https:\/\/brasilnoticias.org\/site\/apos-confusao-com-torcedores-rodrigo-andrade-e-emprestado-para-o-mirassol\/#primaryimage\"},\"thumbnailUrl\":\"https:\/\/brasilnoticias.org\/site\/wp-content\/uploads\/2024\/07\/WhatsApp-Image-2024-07-19-at-19.08.56-960x500-1.jpeg\",\"datePublished\":\"2024-07-20T09:00:59+00:00\",\"breadcrumb\":{\"@id\":\"https:\/\/brasilnoticias.org\/site\/apos-confusao-com-torcedores-rodrigo-andrade-e-emprestado-para-o-mirassol\/#breadcrumb\"},\"inLanguage\":\"pt-PT\",\"potentialAction\":[{\"@type\":\"ReadAction\",\"target\":[\"https:\/\/brasilnoticias.org\/site\/apos-confusao-com-torcedores-rodrigo-andrade-e-emprestado-para-o-mirassol\/\"]}]},{\"@type\":\"ImageObject\",\"inLanguage\":\"pt-PT\",\"@id\":\"https:\/\/brasilnoticias.org\/site\/apos-confusao-com-torcedores-rodrigo-andrade-e-emprestado-para-o-mirassol\/#primaryimage\",\"url\":\"https:\/\/brasilnoticias.org\/site\/wp-content\/uploads\/2024\/07\/WhatsApp-Image-2024-07-19-at-19.08.56-960x500-1.jpeg\",\"contentUrl\":\"https:\/\/brasilnoticias.org\/site\/wp-content\/uploads\/2024\/07\/WhatsApp-Image-2024-07-19-at-19.08.56-960x500-1.jpeg\",\"width\":960,\"height\":500},{\"@type\":\"BreadcrumbList\",\"@id\":\"https:\/\/brasilnoticias.org\/site\/apos-confusao-com-torcedores-rodrigo-andrade-e-emprestado-para-o-mirassol\/#breadcrumb\",\"itemListElement\":[{\"@type\":\"ListItem\",\"position\":1,\"name\":\"In\u00edcio\",\"item\":\"https:\/\/brasilnoticias.org\/site\/\"},{\"@type\":\"ListItem\",\"position\":2,\"name\":\"Ap\u00f3s confus\u00e3o com torcedores, Rodrigo Andrade \u00e9 emprestado para o Mirassol\"}]},{\"@type\":\"WebSite\",\"@id\":\"https:\/\/brasilnoticias.org\/site\/#website\",\"url\":\"https:\/\/brasilnoticias.org\/site\/\",\"name\":\"Brasil not\u00edcias\",\"description\":\"Brasil not\u00edcias\",\"publisher\":{\"@id\":\"https:\/\/brasilnoticias.org\/site\/#organization\"},\"potentialAction\":[{\"@type\":\"SearchAction\",\"target\":{\"@type\":\"EntryPoint\",\"urlTemplate\":\"https:\/\/brasilnoticias.org\/site\/?s={search_term_string}\"},\"query-input\":{\"@type\":\"PropertyValueSpecification\",\"valueRequired\":true,\"valueName\":\"search_term_string\"}}],\"inLanguage\":\"pt-PT\"},{\"@type\":\"Organization\",\"@id\":\"https:\/\/brasilnoticias.org\/site\/#organization\",\"name\":\"Brasil not\u00edcias\",\"url\":\"https:\/\/brasilnoticias.org\/site\/\",\"logo\":{\"@type\":\"ImageObject\",\"inLanguage\":\"pt-PT\",\"@id\":\"https:\/\/brasilnoticias.org\/site\/#\/schema\/logo\/image\/\",\"url\":\"https:\/\/brasilnoticias.org\/site\/wp-content\/uploads\/2022\/05\/cropped-brasilnoticias-mini.jpg\",\"contentUrl\":\"https:\/\/brasilnoticias.org\/site\/wp-content\/uploads\/2022\/05\/cropped-brasilnoticias-mini.jpg\",\"width\":314,\"height\":86,\"caption\":\"Brasil not\u00edcias\"},\"image\":{\"@id\":\"https:\/\/brasilnoticias.org\/site\/#\/schema\/logo\/image\/\"}},{\"@type\":\"Person\",\"@id\":\"https:\/\/brasilnoticias.org\/site\/#\/schema\/person\/03bbbfe6c7634ad18c26444ea39049fa\",\"name\":\"Reda\u00e7\u00e3o\",\"image\":{\"@type\":\"ImageObject\",\"inLanguage\":\"pt-PT\",\"@id\":\"https:\/\/brasilnoticias.org\/site\/#\/schema\/person\/image\/\",\"url\":\"https:\/\/secure.gravatar.com\/avatar\/9ecaf7327a696cb23ad926fedded5f1f04d7049de9e445375d55b48c001a6e42?s=96&d=mm&r=g\",\"contentUrl\":\"https:\/\/secure.gravatar.com\/avatar\/9ecaf7327a696cb23ad926fedded5f1f04d7049de9e445375d55b48c001a6e42?s=96&d=mm&r=g\",\"caption\":\"Reda\u00e7\u00e3o\"},\"url\":\"https:\/\/brasilnoticias.org\/site\/author\/henrique\/\"}]}<\/script>\n<!-- \/ Yoast SEO plugin. -->","yoast_head_json":{"title":"Ap\u00f3s confus\u00e3o com torcedores, Rodrigo Andrade \u00e9 emprestado para o Mirassol - Brasil not\u00edcias","robots":{"index":"index","follow":"follow","max-snippet":"max-snippet:-1","max-image-preview":"max-image-preview:large","max-video-preview":"max-video-preview:-1"},"canonical":"https:\/\/brasilnoticias.org\/site\/apos-confusao-com-torcedores-rodrigo-andrade-e-emprestado-para-o-mirassol\/","og_locale":"pt_PT","og_type":"article","og_title":"Ap\u00f3s confus\u00e3o com torcedores, Rodrigo Andrade \u00e9 emprestado para o Mirassol - Brasil not\u00edcias","og_description":"Al\u00e9m de Rodrigo Andrade, o atacante Jo\u00e3o Pedro do Cruzeiro tamb\u00e9m refor\u00e7ar\u00e1 o Mirassol na S\u00e9rie B de 2024 Um","og_url":"https:\/\/brasilnoticias.org\/site\/apos-confusao-com-torcedores-rodrigo-andrade-e-emprestado-para-o-mirassol\/","og_site_name":"Brasil not\u00edcias","article_published_time":"2024-07-20T09:00:59+00:00","og_image":[{"width":960,"height":500,"url":"https:\/\/brasilnoticias.org\/site\/wp-content\/uploads\/2024\/07\/WhatsApp-Image-2024-07-19-at-19.08.56-960x500-1.jpeg","type":"image\/jpeg"}],"author":"Reda\u00e7\u00e3o","twitter_card":"summary_large_image","twitter_misc":{"Escrito por":"Reda\u00e7\u00e3o","Tempo estimado de leitura":"1 minuto"},"schema":{"@context":"https:\/\/schema.org","@graph":[{"@type":"Article","@id":"https:\/\/brasilnoticias.org\/site\/apos-confusao-com-torcedores-rodrigo-andrade-e-emprestado-para-o-mirassol\/#article","isPartOf":{"@id":"https:\/\/brasilnoticias.org\/site\/apos-confusao-com-torcedores-rodrigo-andrade-e-emprestado-para-o-mirassol\/"},"author":{"name":"Reda\u00e7\u00e3o","@id":"https:\/\/brasilnoticias.org\/site\/#\/schema\/person\/03bbbfe6c7634ad18c26444ea39049fa"},"headline":"Ap\u00f3s confus\u00e3o com torcedores, Rodrigo Andrade \u00e9 emprestado para o Mirassol","datePublished":"2024-07-20T09:00:59+00:00","mainEntityOfPage":{"@id":"https:\/\/brasilnoticias.org\/site\/apos-confusao-com-torcedores-rodrigo-andrade-e-emprestado-para-o-mirassol\/"},"wordCount":188,"commentCount":0,"publisher":{"@id":"https:\/\/brasilnoticias.org\/site\/#organization"},"image":{"@id":"https:\/\/brasilnoticias.org\/site\/apos-confusao-com-torcedores-rodrigo-andrade-e-emprestado-para-o-mirassol\/#primaryimage"},"thumbnailUrl":"https:\/\/brasilnoticias.org\/site\/wp-content\/uploads\/2024\/07\/WhatsApp-Image-2024-07-19-at-19.08.56-960x500-1.jpeg","articleSection":["Esporte","\u00daltimas"],"inLanguage":"pt-PT","potentialAction":[{"@type":"CommentAction","name":"Comment","target":["https:\/\/brasilnoticias.org\/site\/apos-confusao-com-torcedores-rodrigo-andrade-e-emprestado-para-o-mirassol\/#respond"]}]},{"@type":"WebPage","@id":"https:\/\/brasilnoticias.org\/site\/apos-confusao-com-torcedores-rodrigo-andrade-e-emprestado-para-o-mirassol\/","url":"https:\/\/brasilnoticias.org\/site\/apos-confusao-com-torcedores-rodrigo-andrade-e-emprestado-para-o-mirassol\/","name":"Ap\u00f3s confus\u00e3o com torcedores, Rodrigo Andrade \u00e9 emprestado para o Mirassol - Brasil not\u00edcias","isPartOf":{"@id":"https:\/\/brasilnoticias.org\/site\/#website"},"primaryImageOfPage":{"@id":"https:\/\/brasilnoticias.org\/site\/apos-confusao-com-torcedores-rodrigo-andrade-e-emprestado-para-o-mirassol\/#primaryimage"},"image":{"@id":"https:\/\/brasilnoticias.org\/site\/apos-confusao-com-torcedores-rodrigo-andrade-e-emprestado-para-o-mirassol\/#primaryimage"},"thumbnailUrl":"https:\/\/brasilnoticias.org\/site\/wp-content\/uploads\/2024\/07\/WhatsApp-Image-2024-07-19-at-19.08.56-960x500-1.jpeg","datePublished":"2024-07-20T09:00:59+00:00","breadcrumb":{"@id":"https:\/\/brasilnoticias.org\/site\/apos-confusao-com-torcedores-rodrigo-andrade-e-emprestado-para-o-mirassol\/#breadcrumb"},"inLanguage":"pt-PT","potentialAction":[{"@type":"ReadAction","target":["https:\/\/brasilnoticias.org\/site\/apos-confusao-com-torcedores-rodrigo-andrade-e-emprestado-para-o-mirassol\/"]}]},{"@type":"ImageObject","inLanguage":"pt-PT","@id":"https:\/\/brasilnoticias.org\/site\/apos-confusao-com-torcedores-rodrigo-andrade-e-emprestado-para-o-mirassol\/#primaryimage","url":"https:\/\/brasilnoticias.org\/site\/wp-content\/uploads\/2024\/07\/WhatsApp-Image-2024-07-19-at-19.08.56-960x500-1.jpeg","contentUrl":"https:\/\/brasilnoticias.org\/site\/wp-content\/uploads\/2024\/07\/WhatsApp-Image-2024-07-19-at-19.08.56-960x500-1.jpeg","width":960,"height":500},{"@type":"BreadcrumbList","@id":"https:\/\/brasilnoticias.org\/site\/apos-confusao-com-torcedores-rodrigo-andrade-e-emprestado-para-o-mirassol\/#breadcrumb","itemListElement":[{"@type":"ListItem","position":1,"name":"In\u00edcio","item":"https:\/\/brasilnoticias.org\/site\/"},{"@type":"ListItem","position":2,"name":"Ap\u00f3s confus\u00e3o com torcedores, Rodrigo Andrade \u00e9 emprestado para o Mirassol"}]},{"@type":"WebSite","@id":"https:\/\/brasilnoticias.org\/site\/#website","url":"https:\/\/brasilnoticias.org\/site\/","name":"Brasil not\u00edcias","description":"Brasil not\u00edcias","publisher":{"@id":"https:\/\/brasilnoticias.org\/site\/#organization"},"potentialAction":[{"@type":"SearchAction","target":{"@type":"EntryPoint","urlTemplate":"https:\/\/brasilnoticias.org\/site\/?s={search_term_string}"},"query-input":{"@type":"PropertyValueSpecification","valueRequired":true,"valueName":"search_term_string"}}],"inLanguage":"pt-PT"},{"@type":"Organization","@id":"https:\/\/brasilnoticias.org\/site\/#organization","name":"Brasil not\u00edcias","url":"https:\/\/brasilnoticias.org\/site\/","logo":{"@type":"ImageObject","inLanguage":"pt-PT","@id":"https:\/\/brasilnoticias.org\/site\/#\/schema\/logo\/image\/","url":"https:\/\/brasilnoticias.org\/site\/wp-content\/uploads\/2022\/05\/cropped-brasilnoticias-mini.jpg","contentUrl":"https:\/\/brasilnoticias.org\/site\/wp-content\/uploads\/2022\/05\/cropped-brasilnoticias-mini.jpg","width":314,"height":86,"caption":"Brasil not\u00edcias"},"image":{"@id":"https:\/\/brasilnoticias.org\/site\/#\/schema\/logo\/image\/"}},{"@type":"Person","@id":"https:\/\/brasilnoticias.org\/site\/#\/schema\/person\/03bbbfe6c7634ad18c26444ea39049fa","name":"Reda\u00e7\u00e3o","image":{"@type":"ImageObject","inLanguage":"pt-PT","@id":"https:\/\/brasilnoticias.org\/site\/#\/schema\/person\/image\/","url":"https:\/\/secure.gravatar.com\/avatar\/9ecaf7327a696cb23ad926fedded5f1f04d7049de9e445375d55b48c001a6e42?s=96&d=mm&r=g","contentUrl":"https:\/\/secure.gravatar.com\/avatar\/9ecaf7327a696cb23ad926fedded5f1f04d7049de9e445375d55b48c001a6e42?s=96&d=mm&r=g","caption":"Reda\u00e7\u00e3o"},"url":"https:\/\/brasilnoticias.org\/site\/author\/henrique\/"}]}},"_links":{"self":[{"href":"https:\/\/brasilnoticias.org\/site\/wp-json\/wp\/v2\/posts\/15148","targetHints":{"allow":["GET"]}}],"collection":[{"href":"https:\/\/brasilnoticias.org\/site\/wp-json\/wp\/v2\/posts"}],"about":[{"href":"https:\/\/brasilnoticias.org\/site\/wp-json\/wp\/v2\/types\/post"}],"author":[{"embeddable":true,"href":"https:\/\/brasilnoticias.org\/site\/wp-json\/wp\/v2\/users\/4"}],"replies":[{"embeddable":true,"href":"https:\/\/brasilnoticias.org\/site\/wp-json\/wp\/v2\/comments?post=15148"}],"version-history":[{"count":1,"href":"https:\/\/brasilnoticias.org\/site\/wp-json\/wp\/v2\/posts\/15148\/revisions"}],"predecessor-version":[{"id":15150,"href":"https:\/\/brasilnoticias.org\/site\/wp-json\/wp\/v2\/posts\/15148\/revisions\/15150"}],"wp:featuredmedia":[{"embeddable":true,"href":"https:\/\/brasilnoticias.org\/site\/wp-json\/wp\/v2\/media\/15149"}],"wp:attachment":[{"href":"https:\/\/brasilnoticias.org\/site\/wp-json\/wp\/v2\/media?parent=15148"}],"wp:term":[{"taxonomy":"category","embeddable":true,"href":"https:\/\/brasilnoticias.org\/site\/wp-json\/wp\/v2\/categories?post=15148"},{"taxonomy":"post_tag","embeddable":true,"href":"https:\/\/brasilnoticias.org\/site\/wp-json\/wp\/v2\/tags?post=15148"}],"curies":[{"name":"wp","href":"https:\/\/api.w.org\/{rel}","templated":true}]}}