{"id":1516,"date":"2022-09-24T19:01:53","date_gmt":"2022-09-24T22:01:53","guid":{"rendered":"https:\/\/brasilnoticias.org\/site\/?p=1516"},"modified":"2022-09-24T19:01:53","modified_gmt":"2022-09-24T22:01:53","slug":"motorista-e-preso-apos-perder-controle-do-veiculo-e-invadir-residencia-no-sudoeste-da-bahia","status":"publish","type":"post","link":"https:\/\/brasilnoticias.org\/site\/motorista-e-preso-apos-perder-controle-do-veiculo-e-invadir-residencia-no-sudoeste-da-bahia\/","title":{"rendered":"Motorista \u00e9 preso ap\u00f3s perder controle do ve\u00edculo e invadir resid\u00eancia no sudoeste da Bahia"},"content":{"rendered":"<div class=\"mc-column content-text active-extra-styles \" data-block-type=\"unstyled\" data-block-weight=\"38\" data-block-id=\"3\">\n<p class=\"content-text__container \" data-track-category=\"Link no Texto\" data-track-links=\"\">Um motorista com sinais de embriaguez foi preso em flagrante, na manh\u00e3 deste s\u00e1bado (24), depois de perder o controle do carro e invadir a \u00e1rea de uma resid\u00eancia em\u00a0Vit\u00f3ria da Conquista, no sudoeste da Bahia.<\/p>\n<\/div>\n<div class=\"wall protected-content\">\n<div class=\"mc-column content-text active-extra-styles \" data-block-type=\"unstyled\" data-block-weight=\"37\" data-block-id=\"4\">\n<p class=\"content-text__container \" data-track-category=\"Link no Texto\" data-track-links=\"\">Al\u00e9m de derrubar o muro, o impacto causou a queda de parte do telhado interno e danificou a estrutura de \u00e1gua e energia do im\u00f3vel. Um carro que estava estacionado na garagem tamb\u00e9m foi danificado.<\/p>\n<\/div>\n<div class=\"row medium-uncollapsed content-media content-photo\" data-block-type=\"backstage-photo\" data-block-id=\"5\">\n<div class=\"mc-column content-media__container\">\n<div class=\"content-media-container glb-skeleton-box\">\n<div class=\"mc-column content-text active-extra-styles \" data-block-type=\"unstyled\" data-block-weight=\"35\" data-block-id=\"7\">\n<p class=\"content-text__container \" data-track-category=\"Link no Texto\" data-track-links=\"\">O caso aconteceu por volta das 3h30, no bairro recreio, pr\u00f3ximo ao centro da cidade, em uma \u00e1rea de fluxo intenso no munic\u00edpio. Quatro pessoas dormiam na casa, nenhuma deles ficou ferida.<\/p>\n<\/div>\n<div class=\"row medium-uncollapsed content-media content-photo\" data-block-type=\"backstage-photo\" data-block-id=\"8\">\n<div class=\"mc-column content-media__container\">\n<div class=\"content-media-container glb-skeleton-box\">\n<div class=\"mc-column content-text active-extra-styles \" data-block-type=\"unstyled\" data-block-weight=\"39\" data-block-id=\"9\">\n<p class=\"content-text__container \" data-track-category=\"Link no Texto\" data-track-links=\"\">Sem se identificar, moradores informaram que, por conta de outros acidentes na regi\u00e3o, o muro tinha sido refor\u00e7ado e barras de ferro na cal\u00e7ada foram instaladas. Nenhum desses recursos foi suficiente para conter o ve\u00edculo em alta velocidade.<\/p>\n<\/div>\n<div class=\"mc-column content-text active-extra-styles \" data-block-type=\"unstyled\" data-block-weight=\"28\" data-block-id=\"10\">\n<p class=\"content-text__container \" data-track-category=\"Link no Texto\" data-track-links=\"\">Tr\u00eas pessoas estavam no carro. Al\u00e9m do motorista preso, um passageiro teve ferimentos nas pernas e outro n\u00e3o teve ferimentos. Um guincho foi acionado para remover o ve\u00edculo<\/p>\n<\/div>\n<div class=\"content-ads content-ads--reveal\" data-block-type=\"ads\" data-block-id=\"11\">\n<div id=\"banner_materia__3525fd7f-da1e-49b4-9a6a-1924bd8902fd\" class=\"tag-manager-publicidade-container mc-has-reveal mc-has-ad-lazyload tag-manager-publicidade-banner_materia__3525fd7f-da1e-49b4-9a6a-1924bd8902fd tag-manager-publicidade-container--carregado tag-manager-publicidade-container--visivel\" data-id=\"banner_materia__3525fd7f-da1e-49b4-9a6a-1924bd8902fd\" data-req=\"true\" data-google-query-id=\"CNOuiJazrvoCFUlIuAQdV5UHGw\" data-cid=\"138404979800\" data-lid=\"6094301517\">\n<div class=\"mc-column content-text active-extra-styles \" data-block-type=\"unstyled\" data-block-weight=\"49\" data-block-id=\"12\">\n<p class=\"content-text__container \" data-track-category=\"Link no Texto\" data-track-links=\"\">De acordo com a Pol\u00edcia Militar, os policiais no local identificaram que o motorista era um homem de 23 anos, que apresentava sinais de embriaguez. Em nota, a corpora\u00e7\u00e3o informa que, ao ser abordado pelos policiais, o condutor disse n\u00e3o se lembrar como aconteceu a colis\u00e3o no muro.<\/p>\n<\/div>\n<div class=\"mc-column content-text active-extra-styles \" data-block-type=\"unstyled\" data-block-weight=\"49\" data-block-id=\"13\">\n<p class=\"content-text__container \" data-track-category=\"Link no Texto\" data-track-links=\"\">A pol\u00edcia informou ainda que o motorista exalava cheiro de bebida alco\u00f3lica e apresentava dificuldades na fala. Em seguida, ele teria confessado a ingest\u00e3o de bebida alco\u00f3lica. Ap\u00f3s o teste do etil\u00f4metro, o condutor foi levado ao Distrito Integrado de Seguran\u00e7a P\u00fablica (Disep) e autuado por crime de tr\u00e2nsito.<\/p>\n<\/div>\n<div class=\"mc-column content-text active-extra-styles \" data-block-type=\"unstyled\" data-block-weight=\"25\" data-block-id=\"14\">\n<p class=\"content-text__container \" data-track-category=\"Link no Texto\" data-track-links=\"\">O Servi\u00e7o de Atendimento M\u00f3vel de Urg\u00eancia (Samu) encaminhou o passageiro com ferimentos na perna para o Hospital Geral de Vit\u00f3ria da Conquista (HGVC).<\/p>\n<\/div>\n<div class=\"mc-column content-text active-extra-styles \" data-block-type=\"unstyled\" data-block-weight=\"8\" data-block-id=\"15\">G1<\/div>\n<div data-block-type=\"unstyled\" data-block-weight=\"8\" data-block-id=\"15\">Fotos Redes sociais<\/div>\n<\/div>\n<\/div>\n<\/div>\n<\/div>\n<\/div>\n<\/div>\n<\/div>\n<\/div>\n<\/div>\n","protected":false},"excerpt":{"rendered":"<p>Um motorista com sinais de embriaguez foi preso em flagrante, na manh\u00e3 deste s\u00e1bado (24), depois de perder o controle<\/p>\n","protected":false},"author":1,"featured_media":1517,"comment_status":"open","ping_status":"open","sticky":false,"template":"","format":"standard","meta":{"colormag_page_container_layout":"default_layout","colormag_page_sidebar_layout":"default_layout","_FSMCFIC_featured_image_caption":"","_FSMCFIC_featured_image_nocaption":"","_FSMCFIC_featured_image_hide":"","footnotes":""},"categories":[2,1],"tags":[],"class_list":["post-1516","post","type-post","status-publish","format-standard","has-post-thumbnail","hentry","category-noticias","category-ultimas"],"yoast_head":"<!-- This site is optimized with the Yoast SEO plugin v27.1.1 - https:\/\/yoast.com\/product\/yoast-seo-wordpress\/ -->\n<title>Motorista \u00e9 preso ap\u00f3s perder controle do ve\u00edculo e invadir resid\u00eancia no sudoeste da Bahia - Brasil not\u00edcias<\/title>\n<meta name=\"robots\" content=\"index, follow, max-snippet:-1, max-image-preview:large, max-video-preview:-1\" \/>\n<link rel=\"canonical\" href=\"https:\/\/brasilnoticias.org\/site\/motorista-e-preso-apos-perder-controle-do-veiculo-e-invadir-residencia-no-sudoeste-da-bahia\/\" \/>\n<meta property=\"og:locale\" content=\"pt_PT\" \/>\n<meta property=\"og:type\" content=\"article\" \/>\n<meta property=\"og:title\" content=\"Motorista \u00e9 preso ap\u00f3s perder controle do ve\u00edculo e invadir resid\u00eancia no sudoeste da Bahia - Brasil not\u00edcias\" \/>\n<meta property=\"og:description\" content=\"Um motorista com sinais de embriaguez foi preso em flagrante, na manh\u00e3 deste s\u00e1bado (24), depois de perder o controle\" \/>\n<meta property=\"og:url\" content=\"https:\/\/brasilnoticias.org\/site\/motorista-e-preso-apos-perder-controle-do-veiculo-e-invadir-residencia-no-sudoeste-da-bahia\/\" \/>\n<meta property=\"og:site_name\" content=\"Brasil not\u00edcias\" \/>\n<meta property=\"article:published_time\" content=\"2022-09-24T22:01:53+00:00\" \/>\n<meta property=\"og:image\" content=\"https:\/\/brasilnoticias.org\/site\/wp-content\/uploads\/2022\/09\/aaaaaaaaaa.jpg\" \/>\n\t<meta property=\"og:image:width\" content=\"640\" \/>\n\t<meta property=\"og:image:height\" content=\"360\" \/>\n\t<meta property=\"og:image:type\" content=\"image\/jpeg\" \/>\n<meta name=\"author\" content=\"Reda\u00e7\u00e3o\" \/>\n<meta name=\"twitter:card\" content=\"summary_large_image\" \/>\n<meta name=\"twitter:label1\" content=\"Escrito por\" \/>\n\t<meta name=\"twitter:data1\" content=\"Reda\u00e7\u00e3o\" \/>\n\t<meta name=\"twitter:label2\" content=\"Tempo estimado de leitura\" \/>\n\t<meta name=\"twitter:data2\" content=\"2 minutos\" \/>\n<script type=\"application\/ld+json\" class=\"yoast-schema-graph\">{\"@context\":\"https:\/\/schema.org\",\"@graph\":[{\"@type\":\"Article\",\"@id\":\"https:\/\/brasilnoticias.org\/site\/motorista-e-preso-apos-perder-controle-do-veiculo-e-invadir-residencia-no-sudoeste-da-bahia\/#article\",\"isPartOf\":{\"@id\":\"https:\/\/brasilnoticias.org\/site\/motorista-e-preso-apos-perder-controle-do-veiculo-e-invadir-residencia-no-sudoeste-da-bahia\/\"},\"author\":{\"name\":\"Reda\u00e7\u00e3o\",\"@id\":\"https:\/\/brasilnoticias.org\/site\/#\/schema\/person\/a0e05b973ec4d15c658d51911e53507b\"},\"headline\":\"Motorista \u00e9 preso ap\u00f3s perder controle do ve\u00edculo e invadir resid\u00eancia no sudoeste da Bahia\",\"datePublished\":\"2022-09-24T22:01:53+00:00\",\"mainEntityOfPage\":{\"@id\":\"https:\/\/brasilnoticias.org\/site\/motorista-e-preso-apos-perder-controle-do-veiculo-e-invadir-residencia-no-sudoeste-da-bahia\/\"},\"wordCount\":343,\"commentCount\":0,\"publisher\":{\"@id\":\"https:\/\/brasilnoticias.org\/site\/#organization\"},\"image\":{\"@id\":\"https:\/\/brasilnoticias.org\/site\/motorista-e-preso-apos-perder-controle-do-veiculo-e-invadir-residencia-no-sudoeste-da-bahia\/#primaryimage\"},\"thumbnailUrl\":\"https:\/\/brasilnoticias.org\/site\/wp-content\/uploads\/2022\/09\/aaaaaaaaaa.jpg\",\"articleSection\":[\"Not\u00edcias\",\"\u00daltimas\"],\"inLanguage\":\"pt-PT\",\"potentialAction\":[{\"@type\":\"CommentAction\",\"name\":\"Comment\",\"target\":[\"https:\/\/brasilnoticias.org\/site\/motorista-e-preso-apos-perder-controle-do-veiculo-e-invadir-residencia-no-sudoeste-da-bahia\/#respond\"]}]},{\"@type\":\"WebPage\",\"@id\":\"https:\/\/brasilnoticias.org\/site\/motorista-e-preso-apos-perder-controle-do-veiculo-e-invadir-residencia-no-sudoeste-da-bahia\/\",\"url\":\"https:\/\/brasilnoticias.org\/site\/motorista-e-preso-apos-perder-controle-do-veiculo-e-invadir-residencia-no-sudoeste-da-bahia\/\",\"name\":\"Motorista \u00e9 preso ap\u00f3s perder controle do ve\u00edculo e invadir resid\u00eancia no sudoeste da Bahia - Brasil not\u00edcias\",\"isPartOf\":{\"@id\":\"https:\/\/brasilnoticias.org\/site\/#website\"},\"primaryImageOfPage\":{\"@id\":\"https:\/\/brasilnoticias.org\/site\/motorista-e-preso-apos-perder-controle-do-veiculo-e-invadir-residencia-no-sudoeste-da-bahia\/#primaryimage\"},\"image\":{\"@id\":\"https:\/\/brasilnoticias.org\/site\/motorista-e-preso-apos-perder-controle-do-veiculo-e-invadir-residencia-no-sudoeste-da-bahia\/#primaryimage\"},\"thumbnailUrl\":\"https:\/\/brasilnoticias.org\/site\/wp-content\/uploads\/2022\/09\/aaaaaaaaaa.jpg\",\"datePublished\":\"2022-09-24T22:01:53+00:00\",\"breadcrumb\":{\"@id\":\"https:\/\/brasilnoticias.org\/site\/motorista-e-preso-apos-perder-controle-do-veiculo-e-invadir-residencia-no-sudoeste-da-bahia\/#breadcrumb\"},\"inLanguage\":\"pt-PT\",\"potentialAction\":[{\"@type\":\"ReadAction\",\"target\":[\"https:\/\/brasilnoticias.org\/site\/motorista-e-preso-apos-perder-controle-do-veiculo-e-invadir-residencia-no-sudoeste-da-bahia\/\"]}]},{\"@type\":\"ImageObject\",\"inLanguage\":\"pt-PT\",\"@id\":\"https:\/\/brasilnoticias.org\/site\/motorista-e-preso-apos-perder-controle-do-veiculo-e-invadir-residencia-no-sudoeste-da-bahia\/#primaryimage\",\"url\":\"https:\/\/brasilnoticias.org\/site\/wp-content\/uploads\/2022\/09\/aaaaaaaaaa.jpg\",\"contentUrl\":\"https:\/\/brasilnoticias.org\/site\/wp-content\/uploads\/2022\/09\/aaaaaaaaaa.jpg\",\"width\":640,\"height\":360},{\"@type\":\"BreadcrumbList\",\"@id\":\"https:\/\/brasilnoticias.org\/site\/motorista-e-preso-apos-perder-controle-do-veiculo-e-invadir-residencia-no-sudoeste-da-bahia\/#breadcrumb\",\"itemListElement\":[{\"@type\":\"ListItem\",\"position\":1,\"name\":\"In\u00edcio\",\"item\":\"https:\/\/brasilnoticias.org\/site\/\"},{\"@type\":\"ListItem\",\"position\":2,\"name\":\"Motorista \u00e9 preso ap\u00f3s perder controle do ve\u00edculo e invadir resid\u00eancia no sudoeste da Bahia\"}]},{\"@type\":\"WebSite\",\"@id\":\"https:\/\/brasilnoticias.org\/site\/#website\",\"url\":\"https:\/\/brasilnoticias.org\/site\/\",\"name\":\"Brasil not\u00edcias\",\"description\":\"Brasil not\u00edcias\",\"publisher\":{\"@id\":\"https:\/\/brasilnoticias.org\/site\/#organization\"},\"potentialAction\":[{\"@type\":\"SearchAction\",\"target\":{\"@type\":\"EntryPoint\",\"urlTemplate\":\"https:\/\/brasilnoticias.org\/site\/?s={search_term_string}\"},\"query-input\":{\"@type\":\"PropertyValueSpecification\",\"valueRequired\":true,\"valueName\":\"search_term_string\"}}],\"inLanguage\":\"pt-PT\"},{\"@type\":\"Organization\",\"@id\":\"https:\/\/brasilnoticias.org\/site\/#organization\",\"name\":\"Brasil not\u00edcias\",\"url\":\"https:\/\/brasilnoticias.org\/site\/\",\"logo\":{\"@type\":\"ImageObject\",\"inLanguage\":\"pt-PT\",\"@id\":\"https:\/\/brasilnoticias.org\/site\/#\/schema\/logo\/image\/\",\"url\":\"https:\/\/brasilnoticias.org\/site\/wp-content\/uploads\/2022\/05\/cropped-brasilnoticias-mini.jpg\",\"contentUrl\":\"https:\/\/brasilnoticias.org\/site\/wp-content\/uploads\/2022\/05\/cropped-brasilnoticias-mini.jpg\",\"width\":314,\"height\":86,\"caption\":\"Brasil not\u00edcias\"},\"image\":{\"@id\":\"https:\/\/brasilnoticias.org\/site\/#\/schema\/logo\/image\/\"}},{\"@type\":\"Person\",\"@id\":\"https:\/\/brasilnoticias.org\/site\/#\/schema\/person\/a0e05b973ec4d15c658d51911e53507b\",\"name\":\"Reda\u00e7\u00e3o\",\"image\":{\"@type\":\"ImageObject\",\"inLanguage\":\"pt-PT\",\"@id\":\"https:\/\/brasilnoticias.org\/site\/#\/schema\/person\/image\/\",\"url\":\"https:\/\/secure.gravatar.com\/avatar\/75d8b050df2de108b08ae78dfb8e374892df24a383c67db9c46a9c604f6aee9c?s=96&d=mm&r=g\",\"contentUrl\":\"https:\/\/secure.gravatar.com\/avatar\/75d8b050df2de108b08ae78dfb8e374892df24a383c67db9c46a9c604f6aee9c?s=96&d=mm&r=g\",\"caption\":\"Reda\u00e7\u00e3o\"},\"sameAs\":[\"https:\/\/brasilnoticias.org\/site\"],\"url\":\"https:\/\/brasilnoticias.org\/site\/author\/fernandozsngmail-com\/\"}]}<\/script>\n<!-- \/ Yoast SEO plugin. -->","yoast_head_json":{"title":"Motorista \u00e9 preso ap\u00f3s perder controle do ve\u00edculo e invadir resid\u00eancia no sudoeste da Bahia - Brasil not\u00edcias","robots":{"index":"index","follow":"follow","max-snippet":"max-snippet:-1","max-image-preview":"max-image-preview:large","max-video-preview":"max-video-preview:-1"},"canonical":"https:\/\/brasilnoticias.org\/site\/motorista-e-preso-apos-perder-controle-do-veiculo-e-invadir-residencia-no-sudoeste-da-bahia\/","og_locale":"pt_PT","og_type":"article","og_title":"Motorista \u00e9 preso ap\u00f3s perder controle do ve\u00edculo e invadir resid\u00eancia no sudoeste da Bahia - Brasil not\u00edcias","og_description":"Um motorista com sinais de embriaguez foi preso em flagrante, na manh\u00e3 deste s\u00e1bado (24), depois de perder o controle","og_url":"https:\/\/brasilnoticias.org\/site\/motorista-e-preso-apos-perder-controle-do-veiculo-e-invadir-residencia-no-sudoeste-da-bahia\/","og_site_name":"Brasil not\u00edcias","article_published_time":"2022-09-24T22:01:53+00:00","og_image":[{"width":640,"height":360,"url":"https:\/\/brasilnoticias.org\/site\/wp-content\/uploads\/2022\/09\/aaaaaaaaaa.jpg","type":"image\/jpeg"}],"author":"Reda\u00e7\u00e3o","twitter_card":"summary_large_image","twitter_misc":{"Escrito por":"Reda\u00e7\u00e3o","Tempo estimado de leitura":"2 minutos"},"schema":{"@context":"https:\/\/schema.org","@graph":[{"@type":"Article","@id":"https:\/\/brasilnoticias.org\/site\/motorista-e-preso-apos-perder-controle-do-veiculo-e-invadir-residencia-no-sudoeste-da-bahia\/#article","isPartOf":{"@id":"https:\/\/brasilnoticias.org\/site\/motorista-e-preso-apos-perder-controle-do-veiculo-e-invadir-residencia-no-sudoeste-da-bahia\/"},"author":{"name":"Reda\u00e7\u00e3o","@id":"https:\/\/brasilnoticias.org\/site\/#\/schema\/person\/a0e05b973ec4d15c658d51911e53507b"},"headline":"Motorista \u00e9 preso ap\u00f3s perder controle do ve\u00edculo e invadir resid\u00eancia no sudoeste da Bahia","datePublished":"2022-09-24T22:01:53+00:00","mainEntityOfPage":{"@id":"https:\/\/brasilnoticias.org\/site\/motorista-e-preso-apos-perder-controle-do-veiculo-e-invadir-residencia-no-sudoeste-da-bahia\/"},"wordCount":343,"commentCount":0,"publisher":{"@id":"https:\/\/brasilnoticias.org\/site\/#organization"},"image":{"@id":"https:\/\/brasilnoticias.org\/site\/motorista-e-preso-apos-perder-controle-do-veiculo-e-invadir-residencia-no-sudoeste-da-bahia\/#primaryimage"},"thumbnailUrl":"https:\/\/brasilnoticias.org\/site\/wp-content\/uploads\/2022\/09\/aaaaaaaaaa.jpg","articleSection":["Not\u00edcias","\u00daltimas"],"inLanguage":"pt-PT","potentialAction":[{"@type":"CommentAction","name":"Comment","target":["https:\/\/brasilnoticias.org\/site\/motorista-e-preso-apos-perder-controle-do-veiculo-e-invadir-residencia-no-sudoeste-da-bahia\/#respond"]}]},{"@type":"WebPage","@id":"https:\/\/brasilnoticias.org\/site\/motorista-e-preso-apos-perder-controle-do-veiculo-e-invadir-residencia-no-sudoeste-da-bahia\/","url":"https:\/\/brasilnoticias.org\/site\/motorista-e-preso-apos-perder-controle-do-veiculo-e-invadir-residencia-no-sudoeste-da-bahia\/","name":"Motorista \u00e9 preso ap\u00f3s perder controle do ve\u00edculo e invadir resid\u00eancia no sudoeste da Bahia - Brasil not\u00edcias","isPartOf":{"@id":"https:\/\/brasilnoticias.org\/site\/#website"},"primaryImageOfPage":{"@id":"https:\/\/brasilnoticias.org\/site\/motorista-e-preso-apos-perder-controle-do-veiculo-e-invadir-residencia-no-sudoeste-da-bahia\/#primaryimage"},"image":{"@id":"https:\/\/brasilnoticias.org\/site\/motorista-e-preso-apos-perder-controle-do-veiculo-e-invadir-residencia-no-sudoeste-da-bahia\/#primaryimage"},"thumbnailUrl":"https:\/\/brasilnoticias.org\/site\/wp-content\/uploads\/2022\/09\/aaaaaaaaaa.jpg","datePublished":"2022-09-24T22:01:53+00:00","breadcrumb":{"@id":"https:\/\/brasilnoticias.org\/site\/motorista-e-preso-apos-perder-controle-do-veiculo-e-invadir-residencia-no-sudoeste-da-bahia\/#breadcrumb"},"inLanguage":"pt-PT","potentialAction":[{"@type":"ReadAction","target":["https:\/\/brasilnoticias.org\/site\/motorista-e-preso-apos-perder-controle-do-veiculo-e-invadir-residencia-no-sudoeste-da-bahia\/"]}]},{"@type":"ImageObject","inLanguage":"pt-PT","@id":"https:\/\/brasilnoticias.org\/site\/motorista-e-preso-apos-perder-controle-do-veiculo-e-invadir-residencia-no-sudoeste-da-bahia\/#primaryimage","url":"https:\/\/brasilnoticias.org\/site\/wp-content\/uploads\/2022\/09\/aaaaaaaaaa.jpg","contentUrl":"https:\/\/brasilnoticias.org\/site\/wp-content\/uploads\/2022\/09\/aaaaaaaaaa.jpg","width":640,"height":360},{"@type":"BreadcrumbList","@id":"https:\/\/brasilnoticias.org\/site\/motorista-e-preso-apos-perder-controle-do-veiculo-e-invadir-residencia-no-sudoeste-da-bahia\/#breadcrumb","itemListElement":[{"@type":"ListItem","position":1,"name":"In\u00edcio","item":"https:\/\/brasilnoticias.org\/site\/"},{"@type":"ListItem","position":2,"name":"Motorista \u00e9 preso ap\u00f3s perder controle do ve\u00edculo e invadir resid\u00eancia no sudoeste da Bahia"}]},{"@type":"WebSite","@id":"https:\/\/brasilnoticias.org\/site\/#website","url":"https:\/\/brasilnoticias.org\/site\/","name":"Brasil not\u00edcias","description":"Brasil not\u00edcias","publisher":{"@id":"https:\/\/brasilnoticias.org\/site\/#organization"},"potentialAction":[{"@type":"SearchAction","target":{"@type":"EntryPoint","urlTemplate":"https:\/\/brasilnoticias.org\/site\/?s={search_term_string}"},"query-input":{"@type":"PropertyValueSpecification","valueRequired":true,"valueName":"search_term_string"}}],"inLanguage":"pt-PT"},{"@type":"Organization","@id":"https:\/\/brasilnoticias.org\/site\/#organization","name":"Brasil not\u00edcias","url":"https:\/\/brasilnoticias.org\/site\/","logo":{"@type":"ImageObject","inLanguage":"pt-PT","@id":"https:\/\/brasilnoticias.org\/site\/#\/schema\/logo\/image\/","url":"https:\/\/brasilnoticias.org\/site\/wp-content\/uploads\/2022\/05\/cropped-brasilnoticias-mini.jpg","contentUrl":"https:\/\/brasilnoticias.org\/site\/wp-content\/uploads\/2022\/05\/cropped-brasilnoticias-mini.jpg","width":314,"height":86,"caption":"Brasil not\u00edcias"},"image":{"@id":"https:\/\/brasilnoticias.org\/site\/#\/schema\/logo\/image\/"}},{"@type":"Person","@id":"https:\/\/brasilnoticias.org\/site\/#\/schema\/person\/a0e05b973ec4d15c658d51911e53507b","name":"Reda\u00e7\u00e3o","image":{"@type":"ImageObject","inLanguage":"pt-PT","@id":"https:\/\/brasilnoticias.org\/site\/#\/schema\/person\/image\/","url":"https:\/\/secure.gravatar.com\/avatar\/75d8b050df2de108b08ae78dfb8e374892df24a383c67db9c46a9c604f6aee9c?s=96&d=mm&r=g","contentUrl":"https:\/\/secure.gravatar.com\/avatar\/75d8b050df2de108b08ae78dfb8e374892df24a383c67db9c46a9c604f6aee9c?s=96&d=mm&r=g","caption":"Reda\u00e7\u00e3o"},"sameAs":["https:\/\/brasilnoticias.org\/site"],"url":"https:\/\/brasilnoticias.org\/site\/author\/fernandozsngmail-com\/"}]}},"_links":{"self":[{"href":"https:\/\/brasilnoticias.org\/site\/wp-json\/wp\/v2\/posts\/1516","targetHints":{"allow":["GET"]}}],"collection":[{"href":"https:\/\/brasilnoticias.org\/site\/wp-json\/wp\/v2\/posts"}],"about":[{"href":"https:\/\/brasilnoticias.org\/site\/wp-json\/wp\/v2\/types\/post"}],"author":[{"embeddable":true,"href":"https:\/\/brasilnoticias.org\/site\/wp-json\/wp\/v2\/users\/1"}],"replies":[{"embeddable":true,"href":"https:\/\/brasilnoticias.org\/site\/wp-json\/wp\/v2\/comments?post=1516"}],"version-history":[{"count":1,"href":"https:\/\/brasilnoticias.org\/site\/wp-json\/wp\/v2\/posts\/1516\/revisions"}],"predecessor-version":[{"id":1518,"href":"https:\/\/brasilnoticias.org\/site\/wp-json\/wp\/v2\/posts\/1516\/revisions\/1518"}],"wp:featuredmedia":[{"embeddable":true,"href":"https:\/\/brasilnoticias.org\/site\/wp-json\/wp\/v2\/media\/1517"}],"wp:attachment":[{"href":"https:\/\/brasilnoticias.org\/site\/wp-json\/wp\/v2\/media?parent=1516"}],"wp:term":[{"taxonomy":"category","embeddable":true,"href":"https:\/\/brasilnoticias.org\/site\/wp-json\/wp\/v2\/categories?post=1516"},{"taxonomy":"post_tag","embeddable":true,"href":"https:\/\/brasilnoticias.org\/site\/wp-json\/wp\/v2\/tags?post=1516"}],"curies":[{"name":"wp","href":"https:\/\/api.w.org\/{rel}","templated":true}]}}