{"id":15162,"date":"2024-07-23T21:49:10","date_gmt":"2024-07-24T00:49:10","guid":{"rendered":"https:\/\/brasilnoticias.org\/site\/?p=15162"},"modified":"2024-07-23T21:49:10","modified_gmt":"2024-07-24T00:49:10","slug":"balanco-geral-mantem-lideranca-na-tv-baiana-veja-numeros","status":"publish","type":"post","link":"https:\/\/brasilnoticias.org\/site\/balanco-geral-mantem-lideranca-na-tv-baiana-veja-numeros\/","title":{"rendered":"Balan\u00e7o Geral mant\u00e9m lideran\u00e7a na tv baiana; veja n\u00fameros"},"content":{"rendered":"<p>Sucesso de audi\u00eancia, o programa Balan\u00e7o Geral Bahia, da RecordTV Itapoan, ficou, mais uma vez, \u00e0 frente da concorr\u00eancia nesta ter\u00e7a-feira (23).<\/p>\n<p>A atra\u00e7\u00e3o, comandada pelo apresentador Z\u00e9 Eduardo e que tem como principal caract\u00e9ristica sua conex\u00e3o com o p\u00fablico, atingiu pico de 11.1 pontos entre 12h e 13h, enquanto a Rede Bahia, principal concorrente, marcava 8.9. Isso significa, que de todos os televisores ligados no estado, mais de 26% estavam sintonizados no Balan\u00e7o Geral.<\/p>\n<p>A aposta na cobertura minuciosa do caso Ashey Vit\u00f3ria, garota de apenas 8 anos brutalmente assassinada no bairro de Pernanbu\u00e9s, refor\u00e7ou o excelente desempenho do telejornal.<\/p>\n<p>Destaque tamb\u00e9m para a equipe de reportagem, composta pelos jornalistas F\u00e1bio Gomes, Gomes nascimento, Moema Bartira, Tain\u00e1 Reis e Maira portela, al\u00e9m do time de produtores- Beatriz Brito, Carolina Ferrari, Ant\u00f4nia Fernanda, Leilane Teixeira, Bruno Cerqueira e Sara Cristina, que, juntos, seguem incans\u00e1veis na miss\u00e3o de manter o telespectador bem informado, com qualidade e credibilidade.<\/p>\n<p>Na segunda-feira (22), o Balan\u00e7o Geral alcan\u00e7ou a lideran\u00e7a na m\u00e9dia geral ficando em 1\u00ba lugar com 11.8 pontos e alcan\u00e7ando pico de 15.8 pontos.<\/p>\n<p>Foto: Divulga\u00e7\u00e3o\/Joilson C\u00e9sar<br \/>\nBNews<\/p>\n","protected":false},"excerpt":{"rendered":"<p>Sucesso de audi\u00eancia, o programa Balan\u00e7o Geral Bahia, da RecordTV Itapoan, ficou, mais uma vez, \u00e0 frente da concorr\u00eancia nesta<\/p>\n","protected":false},"author":4,"featured_media":15163,"comment_status":"open","ping_status":"open","sticky":false,"template":"","format":"standard","meta":{"colormag_page_container_layout":"default_layout","colormag_page_sidebar_layout":"default_layout","_FSMCFIC_featured_image_caption":"","_FSMCFIC_featured_image_nocaption":"","_FSMCFIC_featured_image_hide":"","footnotes":""},"categories":[2,1],"tags":[],"class_list":["post-15162","post","type-post","status-publish","format-standard","has-post-thumbnail","hentry","category-noticias","category-ultimas"],"yoast_head":"<!-- This site is optimized with the Yoast SEO plugin v27.1.1 - https:\/\/yoast.com\/product\/yoast-seo-wordpress\/ -->\n<title>Balan\u00e7o Geral mant\u00e9m lideran\u00e7a na tv baiana; veja n\u00fameros - Brasil not\u00edcias<\/title>\n<meta name=\"robots\" content=\"index, follow, max-snippet:-1, max-image-preview:large, max-video-preview:-1\" \/>\n<link rel=\"canonical\" href=\"https:\/\/brasilnoticias.org\/site\/balanco-geral-mantem-lideranca-na-tv-baiana-veja-numeros\/\" \/>\n<meta property=\"og:locale\" content=\"pt_PT\" \/>\n<meta property=\"og:type\" content=\"article\" \/>\n<meta property=\"og:title\" content=\"Balan\u00e7o Geral mant\u00e9m lideran\u00e7a na tv baiana; veja n\u00fameros - Brasil not\u00edcias\" \/>\n<meta property=\"og:description\" content=\"Sucesso de audi\u00eancia, o programa Balan\u00e7o Geral Bahia, da RecordTV Itapoan, ficou, mais uma vez, \u00e0 frente da concorr\u00eancia nesta\" \/>\n<meta property=\"og:url\" content=\"https:\/\/brasilnoticias.org\/site\/balanco-geral-mantem-lideranca-na-tv-baiana-veja-numeros\/\" \/>\n<meta property=\"og:site_name\" content=\"Brasil not\u00edcias\" \/>\n<meta property=\"article:published_time\" content=\"2024-07-24T00:49:10+00:00\" \/>\n<meta property=\"og:image\" content=\"https:\/\/brasilnoticias.org\/site\/wp-content\/uploads\/2024\/07\/IMG_2586.jpeg\" \/>\n\t<meta property=\"og:image:width\" content=\"800\" \/>\n\t<meta property=\"og:image:height\" content=\"450\" \/>\n\t<meta property=\"og:image:type\" content=\"image\/jpeg\" \/>\n<meta name=\"author\" content=\"Reda\u00e7\u00e3o\" \/>\n<meta name=\"twitter:card\" content=\"summary_large_image\" \/>\n<meta name=\"twitter:label1\" content=\"Escrito por\" \/>\n\t<meta name=\"twitter:data1\" content=\"Reda\u00e7\u00e3o\" \/>\n\t<meta name=\"twitter:label2\" content=\"Tempo estimado de leitura\" \/>\n\t<meta name=\"twitter:data2\" content=\"1 minuto\" \/>\n<script type=\"application\/ld+json\" class=\"yoast-schema-graph\">{\"@context\":\"https:\/\/schema.org\",\"@graph\":[{\"@type\":\"Article\",\"@id\":\"https:\/\/brasilnoticias.org\/site\/balanco-geral-mantem-lideranca-na-tv-baiana-veja-numeros\/#article\",\"isPartOf\":{\"@id\":\"https:\/\/brasilnoticias.org\/site\/balanco-geral-mantem-lideranca-na-tv-baiana-veja-numeros\/\"},\"author\":{\"name\":\"Reda\u00e7\u00e3o\",\"@id\":\"https:\/\/brasilnoticias.org\/site\/#\/schema\/person\/03bbbfe6c7634ad18c26444ea39049fa\"},\"headline\":\"Balan\u00e7o Geral mant\u00e9m lideran\u00e7a na tv baiana; veja n\u00fameros\",\"datePublished\":\"2024-07-24T00:49:10+00:00\",\"mainEntityOfPage\":{\"@id\":\"https:\/\/brasilnoticias.org\/site\/balanco-geral-mantem-lideranca-na-tv-baiana-veja-numeros\/\"},\"wordCount\":214,\"commentCount\":0,\"publisher\":{\"@id\":\"https:\/\/brasilnoticias.org\/site\/#organization\"},\"image\":{\"@id\":\"https:\/\/brasilnoticias.org\/site\/balanco-geral-mantem-lideranca-na-tv-baiana-veja-numeros\/#primaryimage\"},\"thumbnailUrl\":\"https:\/\/brasilnoticias.org\/site\/wp-content\/uploads\/2024\/07\/IMG_2586.jpeg\",\"articleSection\":[\"Not\u00edcias\",\"\u00daltimas\"],\"inLanguage\":\"pt-PT\",\"potentialAction\":[{\"@type\":\"CommentAction\",\"name\":\"Comment\",\"target\":[\"https:\/\/brasilnoticias.org\/site\/balanco-geral-mantem-lideranca-na-tv-baiana-veja-numeros\/#respond\"]}]},{\"@type\":\"WebPage\",\"@id\":\"https:\/\/brasilnoticias.org\/site\/balanco-geral-mantem-lideranca-na-tv-baiana-veja-numeros\/\",\"url\":\"https:\/\/brasilnoticias.org\/site\/balanco-geral-mantem-lideranca-na-tv-baiana-veja-numeros\/\",\"name\":\"Balan\u00e7o Geral mant\u00e9m lideran\u00e7a na tv baiana; veja n\u00fameros - Brasil not\u00edcias\",\"isPartOf\":{\"@id\":\"https:\/\/brasilnoticias.org\/site\/#website\"},\"primaryImageOfPage\":{\"@id\":\"https:\/\/brasilnoticias.org\/site\/balanco-geral-mantem-lideranca-na-tv-baiana-veja-numeros\/#primaryimage\"},\"image\":{\"@id\":\"https:\/\/brasilnoticias.org\/site\/balanco-geral-mantem-lideranca-na-tv-baiana-veja-numeros\/#primaryimage\"},\"thumbnailUrl\":\"https:\/\/brasilnoticias.org\/site\/wp-content\/uploads\/2024\/07\/IMG_2586.jpeg\",\"datePublished\":\"2024-07-24T00:49:10+00:00\",\"breadcrumb\":{\"@id\":\"https:\/\/brasilnoticias.org\/site\/balanco-geral-mantem-lideranca-na-tv-baiana-veja-numeros\/#breadcrumb\"},\"inLanguage\":\"pt-PT\",\"potentialAction\":[{\"@type\":\"ReadAction\",\"target\":[\"https:\/\/brasilnoticias.org\/site\/balanco-geral-mantem-lideranca-na-tv-baiana-veja-numeros\/\"]}]},{\"@type\":\"ImageObject\",\"inLanguage\":\"pt-PT\",\"@id\":\"https:\/\/brasilnoticias.org\/site\/balanco-geral-mantem-lideranca-na-tv-baiana-veja-numeros\/#primaryimage\",\"url\":\"https:\/\/brasilnoticias.org\/site\/wp-content\/uploads\/2024\/07\/IMG_2586.jpeg\",\"contentUrl\":\"https:\/\/brasilnoticias.org\/site\/wp-content\/uploads\/2024\/07\/IMG_2586.jpeg\",\"width\":800,\"height\":450},{\"@type\":\"BreadcrumbList\",\"@id\":\"https:\/\/brasilnoticias.org\/site\/balanco-geral-mantem-lideranca-na-tv-baiana-veja-numeros\/#breadcrumb\",\"itemListElement\":[{\"@type\":\"ListItem\",\"position\":1,\"name\":\"In\u00edcio\",\"item\":\"https:\/\/brasilnoticias.org\/site\/\"},{\"@type\":\"ListItem\",\"position\":2,\"name\":\"Balan\u00e7o Geral mant\u00e9m lideran\u00e7a na tv baiana; veja n\u00fameros\"}]},{\"@type\":\"WebSite\",\"@id\":\"https:\/\/brasilnoticias.org\/site\/#website\",\"url\":\"https:\/\/brasilnoticias.org\/site\/\",\"name\":\"Brasil not\u00edcias\",\"description\":\"Brasil not\u00edcias\",\"publisher\":{\"@id\":\"https:\/\/brasilnoticias.org\/site\/#organization\"},\"potentialAction\":[{\"@type\":\"SearchAction\",\"target\":{\"@type\":\"EntryPoint\",\"urlTemplate\":\"https:\/\/brasilnoticias.org\/site\/?s={search_term_string}\"},\"query-input\":{\"@type\":\"PropertyValueSpecification\",\"valueRequired\":true,\"valueName\":\"search_term_string\"}}],\"inLanguage\":\"pt-PT\"},{\"@type\":\"Organization\",\"@id\":\"https:\/\/brasilnoticias.org\/site\/#organization\",\"name\":\"Brasil not\u00edcias\",\"url\":\"https:\/\/brasilnoticias.org\/site\/\",\"logo\":{\"@type\":\"ImageObject\",\"inLanguage\":\"pt-PT\",\"@id\":\"https:\/\/brasilnoticias.org\/site\/#\/schema\/logo\/image\/\",\"url\":\"https:\/\/brasilnoticias.org\/site\/wp-content\/uploads\/2022\/05\/cropped-brasilnoticias-mini.jpg\",\"contentUrl\":\"https:\/\/brasilnoticias.org\/site\/wp-content\/uploads\/2022\/05\/cropped-brasilnoticias-mini.jpg\",\"width\":314,\"height\":86,\"caption\":\"Brasil not\u00edcias\"},\"image\":{\"@id\":\"https:\/\/brasilnoticias.org\/site\/#\/schema\/logo\/image\/\"}},{\"@type\":\"Person\",\"@id\":\"https:\/\/brasilnoticias.org\/site\/#\/schema\/person\/03bbbfe6c7634ad18c26444ea39049fa\",\"name\":\"Reda\u00e7\u00e3o\",\"image\":{\"@type\":\"ImageObject\",\"inLanguage\":\"pt-PT\",\"@id\":\"https:\/\/brasilnoticias.org\/site\/#\/schema\/person\/image\/\",\"url\":\"https:\/\/secure.gravatar.com\/avatar\/9ecaf7327a696cb23ad926fedded5f1f04d7049de9e445375d55b48c001a6e42?s=96&d=mm&r=g\",\"contentUrl\":\"https:\/\/secure.gravatar.com\/avatar\/9ecaf7327a696cb23ad926fedded5f1f04d7049de9e445375d55b48c001a6e42?s=96&d=mm&r=g\",\"caption\":\"Reda\u00e7\u00e3o\"},\"url\":\"https:\/\/brasilnoticias.org\/site\/author\/henrique\/\"}]}<\/script>\n<!-- \/ Yoast SEO plugin. -->","yoast_head_json":{"title":"Balan\u00e7o Geral mant\u00e9m lideran\u00e7a na tv baiana; veja n\u00fameros - Brasil not\u00edcias","robots":{"index":"index","follow":"follow","max-snippet":"max-snippet:-1","max-image-preview":"max-image-preview:large","max-video-preview":"max-video-preview:-1"},"canonical":"https:\/\/brasilnoticias.org\/site\/balanco-geral-mantem-lideranca-na-tv-baiana-veja-numeros\/","og_locale":"pt_PT","og_type":"article","og_title":"Balan\u00e7o Geral mant\u00e9m lideran\u00e7a na tv baiana; veja n\u00fameros - Brasil not\u00edcias","og_description":"Sucesso de audi\u00eancia, o programa Balan\u00e7o Geral Bahia, da RecordTV Itapoan, ficou, mais uma vez, \u00e0 frente da concorr\u00eancia nesta","og_url":"https:\/\/brasilnoticias.org\/site\/balanco-geral-mantem-lideranca-na-tv-baiana-veja-numeros\/","og_site_name":"Brasil not\u00edcias","article_published_time":"2024-07-24T00:49:10+00:00","og_image":[{"width":800,"height":450,"url":"https:\/\/brasilnoticias.org\/site\/wp-content\/uploads\/2024\/07\/IMG_2586.jpeg","type":"image\/jpeg"}],"author":"Reda\u00e7\u00e3o","twitter_card":"summary_large_image","twitter_misc":{"Escrito por":"Reda\u00e7\u00e3o","Tempo estimado de leitura":"1 minuto"},"schema":{"@context":"https:\/\/schema.org","@graph":[{"@type":"Article","@id":"https:\/\/brasilnoticias.org\/site\/balanco-geral-mantem-lideranca-na-tv-baiana-veja-numeros\/#article","isPartOf":{"@id":"https:\/\/brasilnoticias.org\/site\/balanco-geral-mantem-lideranca-na-tv-baiana-veja-numeros\/"},"author":{"name":"Reda\u00e7\u00e3o","@id":"https:\/\/brasilnoticias.org\/site\/#\/schema\/person\/03bbbfe6c7634ad18c26444ea39049fa"},"headline":"Balan\u00e7o Geral mant\u00e9m lideran\u00e7a na tv baiana; veja n\u00fameros","datePublished":"2024-07-24T00:49:10+00:00","mainEntityOfPage":{"@id":"https:\/\/brasilnoticias.org\/site\/balanco-geral-mantem-lideranca-na-tv-baiana-veja-numeros\/"},"wordCount":214,"commentCount":0,"publisher":{"@id":"https:\/\/brasilnoticias.org\/site\/#organization"},"image":{"@id":"https:\/\/brasilnoticias.org\/site\/balanco-geral-mantem-lideranca-na-tv-baiana-veja-numeros\/#primaryimage"},"thumbnailUrl":"https:\/\/brasilnoticias.org\/site\/wp-content\/uploads\/2024\/07\/IMG_2586.jpeg","articleSection":["Not\u00edcias","\u00daltimas"],"inLanguage":"pt-PT","potentialAction":[{"@type":"CommentAction","name":"Comment","target":["https:\/\/brasilnoticias.org\/site\/balanco-geral-mantem-lideranca-na-tv-baiana-veja-numeros\/#respond"]}]},{"@type":"WebPage","@id":"https:\/\/brasilnoticias.org\/site\/balanco-geral-mantem-lideranca-na-tv-baiana-veja-numeros\/","url":"https:\/\/brasilnoticias.org\/site\/balanco-geral-mantem-lideranca-na-tv-baiana-veja-numeros\/","name":"Balan\u00e7o Geral mant\u00e9m lideran\u00e7a na tv baiana; veja n\u00fameros - Brasil not\u00edcias","isPartOf":{"@id":"https:\/\/brasilnoticias.org\/site\/#website"},"primaryImageOfPage":{"@id":"https:\/\/brasilnoticias.org\/site\/balanco-geral-mantem-lideranca-na-tv-baiana-veja-numeros\/#primaryimage"},"image":{"@id":"https:\/\/brasilnoticias.org\/site\/balanco-geral-mantem-lideranca-na-tv-baiana-veja-numeros\/#primaryimage"},"thumbnailUrl":"https:\/\/brasilnoticias.org\/site\/wp-content\/uploads\/2024\/07\/IMG_2586.jpeg","datePublished":"2024-07-24T00:49:10+00:00","breadcrumb":{"@id":"https:\/\/brasilnoticias.org\/site\/balanco-geral-mantem-lideranca-na-tv-baiana-veja-numeros\/#breadcrumb"},"inLanguage":"pt-PT","potentialAction":[{"@type":"ReadAction","target":["https:\/\/brasilnoticias.org\/site\/balanco-geral-mantem-lideranca-na-tv-baiana-veja-numeros\/"]}]},{"@type":"ImageObject","inLanguage":"pt-PT","@id":"https:\/\/brasilnoticias.org\/site\/balanco-geral-mantem-lideranca-na-tv-baiana-veja-numeros\/#primaryimage","url":"https:\/\/brasilnoticias.org\/site\/wp-content\/uploads\/2024\/07\/IMG_2586.jpeg","contentUrl":"https:\/\/brasilnoticias.org\/site\/wp-content\/uploads\/2024\/07\/IMG_2586.jpeg","width":800,"height":450},{"@type":"BreadcrumbList","@id":"https:\/\/brasilnoticias.org\/site\/balanco-geral-mantem-lideranca-na-tv-baiana-veja-numeros\/#breadcrumb","itemListElement":[{"@type":"ListItem","position":1,"name":"In\u00edcio","item":"https:\/\/brasilnoticias.org\/site\/"},{"@type":"ListItem","position":2,"name":"Balan\u00e7o Geral mant\u00e9m lideran\u00e7a na tv baiana; veja n\u00fameros"}]},{"@type":"WebSite","@id":"https:\/\/brasilnoticias.org\/site\/#website","url":"https:\/\/brasilnoticias.org\/site\/","name":"Brasil not\u00edcias","description":"Brasil not\u00edcias","publisher":{"@id":"https:\/\/brasilnoticias.org\/site\/#organization"},"potentialAction":[{"@type":"SearchAction","target":{"@type":"EntryPoint","urlTemplate":"https:\/\/brasilnoticias.org\/site\/?s={search_term_string}"},"query-input":{"@type":"PropertyValueSpecification","valueRequired":true,"valueName":"search_term_string"}}],"inLanguage":"pt-PT"},{"@type":"Organization","@id":"https:\/\/brasilnoticias.org\/site\/#organization","name":"Brasil not\u00edcias","url":"https:\/\/brasilnoticias.org\/site\/","logo":{"@type":"ImageObject","inLanguage":"pt-PT","@id":"https:\/\/brasilnoticias.org\/site\/#\/schema\/logo\/image\/","url":"https:\/\/brasilnoticias.org\/site\/wp-content\/uploads\/2022\/05\/cropped-brasilnoticias-mini.jpg","contentUrl":"https:\/\/brasilnoticias.org\/site\/wp-content\/uploads\/2022\/05\/cropped-brasilnoticias-mini.jpg","width":314,"height":86,"caption":"Brasil not\u00edcias"},"image":{"@id":"https:\/\/brasilnoticias.org\/site\/#\/schema\/logo\/image\/"}},{"@type":"Person","@id":"https:\/\/brasilnoticias.org\/site\/#\/schema\/person\/03bbbfe6c7634ad18c26444ea39049fa","name":"Reda\u00e7\u00e3o","image":{"@type":"ImageObject","inLanguage":"pt-PT","@id":"https:\/\/brasilnoticias.org\/site\/#\/schema\/person\/image\/","url":"https:\/\/secure.gravatar.com\/avatar\/9ecaf7327a696cb23ad926fedded5f1f04d7049de9e445375d55b48c001a6e42?s=96&d=mm&r=g","contentUrl":"https:\/\/secure.gravatar.com\/avatar\/9ecaf7327a696cb23ad926fedded5f1f04d7049de9e445375d55b48c001a6e42?s=96&d=mm&r=g","caption":"Reda\u00e7\u00e3o"},"url":"https:\/\/brasilnoticias.org\/site\/author\/henrique\/"}]}},"_links":{"self":[{"href":"https:\/\/brasilnoticias.org\/site\/wp-json\/wp\/v2\/posts\/15162","targetHints":{"allow":["GET"]}}],"collection":[{"href":"https:\/\/brasilnoticias.org\/site\/wp-json\/wp\/v2\/posts"}],"about":[{"href":"https:\/\/brasilnoticias.org\/site\/wp-json\/wp\/v2\/types\/post"}],"author":[{"embeddable":true,"href":"https:\/\/brasilnoticias.org\/site\/wp-json\/wp\/v2\/users\/4"}],"replies":[{"embeddable":true,"href":"https:\/\/brasilnoticias.org\/site\/wp-json\/wp\/v2\/comments?post=15162"}],"version-history":[{"count":1,"href":"https:\/\/brasilnoticias.org\/site\/wp-json\/wp\/v2\/posts\/15162\/revisions"}],"predecessor-version":[{"id":15164,"href":"https:\/\/brasilnoticias.org\/site\/wp-json\/wp\/v2\/posts\/15162\/revisions\/15164"}],"wp:featuredmedia":[{"embeddable":true,"href":"https:\/\/brasilnoticias.org\/site\/wp-json\/wp\/v2\/media\/15163"}],"wp:attachment":[{"href":"https:\/\/brasilnoticias.org\/site\/wp-json\/wp\/v2\/media?parent=15162"}],"wp:term":[{"taxonomy":"category","embeddable":true,"href":"https:\/\/brasilnoticias.org\/site\/wp-json\/wp\/v2\/categories?post=15162"},{"taxonomy":"post_tag","embeddable":true,"href":"https:\/\/brasilnoticias.org\/site\/wp-json\/wp\/v2\/tags?post=15162"}],"curies":[{"name":"wp","href":"https:\/\/api.w.org\/{rel}","templated":true}]}}