{"id":15166,"date":"2024-07-24T23:26:02","date_gmt":"2024-07-25T02:26:02","guid":{"rendered":"https:\/\/brasilnoticias.org\/site\/?p=15166"},"modified":"2024-07-24T23:26:02","modified_gmt":"2024-07-25T02:26:02","slug":"kleber-rosa-realiza-convencao-para-oficializar-candidatura-a-prefeitura-de-salvador-nesta-sexta-feira-26","status":"publish","type":"post","link":"https:\/\/brasilnoticias.org\/site\/kleber-rosa-realiza-convencao-para-oficializar-candidatura-a-prefeitura-de-salvador-nesta-sexta-feira-26\/","title":{"rendered":"Kleber Rosa realiza conven\u00e7\u00e3o para oficializar candidatura \u00e0 prefeitura de Salvador nesta sexta-feira (26)"},"content":{"rendered":"<p>A federa\u00e7\u00e3o PSOL e Rede Sustentabilidade realizar\u00e1 a conven\u00e7\u00e3o municipal, nesta sexta-feira (26), a partir das 15h, no Centro de Cultura da C\u00e2mara de Vereadores (CMS), localizado na Pra\u00e7a da S\u00e9, para homologar a chapa majorit\u00e1ria que ir\u00e1 concorrer \u00e0s elei\u00e7\u00f5es da Prefeitura de Salvador, liderada pelo pr\u00e9-candidato a prefeito, Kleber Rosa (PSOL), e pela pr\u00e9-candidata a vice-prefeita, Dona Mira Alves, (PSOL).<\/p>\n<p>Al\u00e9m da chapa majorit\u00e1ria, a conven\u00e7\u00e3o tamb\u00e9m vai homologar as pr\u00e9-candidaturas \u00e0 C\u00e2mara de Vereadores (CMS) da federa\u00e7\u00e3o PSOL e e Rede Sustentabilidade. Representantes da esquerda baiana, movimentos sociais, e lideran\u00e7as comunit\u00e1rias participa\u00e7\u00e3o da conven\u00e7\u00e3o.<\/p>\n<p>Kleber Rosa destaca a import\u00e2ncia da prefeitura promover pol\u00edticas p\u00fablicas voltadas \u00e0 infraestrutura de Salvador. \u201cPrecisamos investir na qualidade da sa\u00fade, da educa\u00e7\u00e3o, do transporte p\u00fablico, em projetos de desenvolvimento sustent\u00e1vel, no cen\u00e1rio cultural da cidade, em a\u00e7\u00f5es que tragam retorno \u00e0 popula\u00e7\u00e3o de Salvador e que combatam o desemprego latente e a fome&#8221;.<\/p>\n<p>Dona Mira Alves, pr\u00e9-candidata a vice-prefeita da capital baiana, acredita que a &#8220;pluralidade&#8221; representada pela federa\u00e7\u00e3o PSOL e Rede Sustentabilidade vai proporcionar uma &#8221; Salvador com a nossa cara&#8221; e destaca o &#8220;preparo da chapa majorit\u00e1ria para administrar as principais necessidades dos soteropolitanos\u201d.<br \/>\nDona Mira menciona os desafios em torno do acesso \u00e0 moradia no munic\u00edpio, algo que \u201c\u00e9 essencial para o direito \u00e0 vida, sendo responsabilidade da prefeitura estabelecer um plano de governo que se adeque \u00e0 tal demanda\u201d.<\/p>\n","protected":false},"excerpt":{"rendered":"<p>A federa\u00e7\u00e3o PSOL e Rede Sustentabilidade realizar\u00e1 a conven\u00e7\u00e3o municipal, nesta sexta-feira (26), a partir das 15h, no Centro de<\/p>\n","protected":false},"author":4,"featured_media":15167,"comment_status":"open","ping_status":"open","sticky":false,"template":"","format":"standard","meta":{"colormag_page_container_layout":"default_layout","colormag_page_sidebar_layout":"default_layout","_FSMCFIC_featured_image_caption":"","_FSMCFIC_featured_image_nocaption":"","_FSMCFIC_featured_image_hide":"","footnotes":""},"categories":[2,1],"tags":[],"class_list":["post-15166","post","type-post","status-publish","format-standard","has-post-thumbnail","hentry","category-noticias","category-ultimas"],"yoast_head":"<!-- This site is optimized with the Yoast SEO plugin v27.1.1 - https:\/\/yoast.com\/product\/yoast-seo-wordpress\/ -->\n<title>Kleber Rosa realiza conven\u00e7\u00e3o para oficializar candidatura \u00e0 prefeitura de Salvador nesta sexta-feira (26) - Brasil not\u00edcias<\/title>\n<meta name=\"robots\" content=\"index, follow, max-snippet:-1, max-image-preview:large, max-video-preview:-1\" \/>\n<link rel=\"canonical\" href=\"https:\/\/brasilnoticias.org\/site\/kleber-rosa-realiza-convencao-para-oficializar-candidatura-a-prefeitura-de-salvador-nesta-sexta-feira-26\/\" \/>\n<meta property=\"og:locale\" content=\"pt_PT\" \/>\n<meta property=\"og:type\" content=\"article\" \/>\n<meta property=\"og:title\" content=\"Kleber Rosa realiza conven\u00e7\u00e3o para oficializar candidatura \u00e0 prefeitura de Salvador nesta sexta-feira (26) - Brasil not\u00edcias\" \/>\n<meta property=\"og:description\" content=\"A federa\u00e7\u00e3o PSOL e Rede Sustentabilidade realizar\u00e1 a conven\u00e7\u00e3o municipal, nesta sexta-feira (26), a partir das 15h, no Centro de\" \/>\n<meta property=\"og:url\" content=\"https:\/\/brasilnoticias.org\/site\/kleber-rosa-realiza-convencao-para-oficializar-candidatura-a-prefeitura-de-salvador-nesta-sexta-feira-26\/\" \/>\n<meta property=\"og:site_name\" content=\"Brasil not\u00edcias\" \/>\n<meta property=\"article:published_time\" content=\"2024-07-25T02:26:02+00:00\" \/>\n<meta property=\"og:image\" content=\"https:\/\/brasilnoticias.org\/site\/wp-content\/uploads\/2024\/07\/IMAGEM_NOTICIA_0-2-1.jpg\" \/>\n\t<meta property=\"og:image:width\" content=\"850\" \/>\n\t<meta property=\"og:image:height\" content=\"400\" \/>\n\t<meta property=\"og:image:type\" content=\"image\/jpeg\" \/>\n<meta name=\"author\" content=\"Reda\u00e7\u00e3o\" \/>\n<meta name=\"twitter:card\" content=\"summary_large_image\" \/>\n<meta name=\"twitter:label1\" content=\"Escrito por\" \/>\n\t<meta name=\"twitter:data1\" content=\"Reda\u00e7\u00e3o\" \/>\n<script type=\"application\/ld+json\" class=\"yoast-schema-graph\">{\"@context\":\"https:\/\/schema.org\",\"@graph\":[{\"@type\":\"Article\",\"@id\":\"https:\/\/brasilnoticias.org\/site\/kleber-rosa-realiza-convencao-para-oficializar-candidatura-a-prefeitura-de-salvador-nesta-sexta-feira-26\/#article\",\"isPartOf\":{\"@id\":\"https:\/\/brasilnoticias.org\/site\/kleber-rosa-realiza-convencao-para-oficializar-candidatura-a-prefeitura-de-salvador-nesta-sexta-feira-26\/\"},\"author\":{\"name\":\"Reda\u00e7\u00e3o\",\"@id\":\"https:\/\/brasilnoticias.org\/site\/#\/schema\/person\/03bbbfe6c7634ad18c26444ea39049fa\"},\"headline\":\"Kleber Rosa realiza conven\u00e7\u00e3o para oficializar candidatura \u00e0 prefeitura de Salvador nesta sexta-feira (26)\",\"datePublished\":\"2024-07-25T02:26:02+00:00\",\"mainEntityOfPage\":{\"@id\":\"https:\/\/brasilnoticias.org\/site\/kleber-rosa-realiza-convencao-para-oficializar-candidatura-a-prefeitura-de-salvador-nesta-sexta-feira-26\/\"},\"wordCount\":268,\"commentCount\":0,\"publisher\":{\"@id\":\"https:\/\/brasilnoticias.org\/site\/#organization\"},\"image\":{\"@id\":\"https:\/\/brasilnoticias.org\/site\/kleber-rosa-realiza-convencao-para-oficializar-candidatura-a-prefeitura-de-salvador-nesta-sexta-feira-26\/#primaryimage\"},\"thumbnailUrl\":\"https:\/\/brasilnoticias.org\/site\/wp-content\/uploads\/2024\/07\/IMAGEM_NOTICIA_0-2-1.jpg\",\"articleSection\":[\"Not\u00edcias\",\"\u00daltimas\"],\"inLanguage\":\"pt-PT\",\"potentialAction\":[{\"@type\":\"CommentAction\",\"name\":\"Comment\",\"target\":[\"https:\/\/brasilnoticias.org\/site\/kleber-rosa-realiza-convencao-para-oficializar-candidatura-a-prefeitura-de-salvador-nesta-sexta-feira-26\/#respond\"]}]},{\"@type\":\"WebPage\",\"@id\":\"https:\/\/brasilnoticias.org\/site\/kleber-rosa-realiza-convencao-para-oficializar-candidatura-a-prefeitura-de-salvador-nesta-sexta-feira-26\/\",\"url\":\"https:\/\/brasilnoticias.org\/site\/kleber-rosa-realiza-convencao-para-oficializar-candidatura-a-prefeitura-de-salvador-nesta-sexta-feira-26\/\",\"name\":\"Kleber Rosa realiza conven\u00e7\u00e3o para oficializar candidatura \u00e0 prefeitura de Salvador nesta sexta-feira (26) - Brasil not\u00edcias\",\"isPartOf\":{\"@id\":\"https:\/\/brasilnoticias.org\/site\/#website\"},\"primaryImageOfPage\":{\"@id\":\"https:\/\/brasilnoticias.org\/site\/kleber-rosa-realiza-convencao-para-oficializar-candidatura-a-prefeitura-de-salvador-nesta-sexta-feira-26\/#primaryimage\"},\"image\":{\"@id\":\"https:\/\/brasilnoticias.org\/site\/kleber-rosa-realiza-convencao-para-oficializar-candidatura-a-prefeitura-de-salvador-nesta-sexta-feira-26\/#primaryimage\"},\"thumbnailUrl\":\"https:\/\/brasilnoticias.org\/site\/wp-content\/uploads\/2024\/07\/IMAGEM_NOTICIA_0-2-1.jpg\",\"datePublished\":\"2024-07-25T02:26:02+00:00\",\"breadcrumb\":{\"@id\":\"https:\/\/brasilnoticias.org\/site\/kleber-rosa-realiza-convencao-para-oficializar-candidatura-a-prefeitura-de-salvador-nesta-sexta-feira-26\/#breadcrumb\"},\"inLanguage\":\"pt-PT\",\"potentialAction\":[{\"@type\":\"ReadAction\",\"target\":[\"https:\/\/brasilnoticias.org\/site\/kleber-rosa-realiza-convencao-para-oficializar-candidatura-a-prefeitura-de-salvador-nesta-sexta-feira-26\/\"]}]},{\"@type\":\"ImageObject\",\"inLanguage\":\"pt-PT\",\"@id\":\"https:\/\/brasilnoticias.org\/site\/kleber-rosa-realiza-convencao-para-oficializar-candidatura-a-prefeitura-de-salvador-nesta-sexta-feira-26\/#primaryimage\",\"url\":\"https:\/\/brasilnoticias.org\/site\/wp-content\/uploads\/2024\/07\/IMAGEM_NOTICIA_0-2-1.jpg\",\"contentUrl\":\"https:\/\/brasilnoticias.org\/site\/wp-content\/uploads\/2024\/07\/IMAGEM_NOTICIA_0-2-1.jpg\",\"width\":850,\"height\":400},{\"@type\":\"BreadcrumbList\",\"@id\":\"https:\/\/brasilnoticias.org\/site\/kleber-rosa-realiza-convencao-para-oficializar-candidatura-a-prefeitura-de-salvador-nesta-sexta-feira-26\/#breadcrumb\",\"itemListElement\":[{\"@type\":\"ListItem\",\"position\":1,\"name\":\"In\u00edcio\",\"item\":\"https:\/\/brasilnoticias.org\/site\/\"},{\"@type\":\"ListItem\",\"position\":2,\"name\":\"Kleber Rosa realiza conven\u00e7\u00e3o para oficializar candidatura \u00e0 prefeitura de Salvador nesta sexta-feira (26)\"}]},{\"@type\":\"WebSite\",\"@id\":\"https:\/\/brasilnoticias.org\/site\/#website\",\"url\":\"https:\/\/brasilnoticias.org\/site\/\",\"name\":\"Brasil not\u00edcias\",\"description\":\"Brasil not\u00edcias\",\"publisher\":{\"@id\":\"https:\/\/brasilnoticias.org\/site\/#organization\"},\"potentialAction\":[{\"@type\":\"SearchAction\",\"target\":{\"@type\":\"EntryPoint\",\"urlTemplate\":\"https:\/\/brasilnoticias.org\/site\/?s={search_term_string}\"},\"query-input\":{\"@type\":\"PropertyValueSpecification\",\"valueRequired\":true,\"valueName\":\"search_term_string\"}}],\"inLanguage\":\"pt-PT\"},{\"@type\":\"Organization\",\"@id\":\"https:\/\/brasilnoticias.org\/site\/#organization\",\"name\":\"Brasil not\u00edcias\",\"url\":\"https:\/\/brasilnoticias.org\/site\/\",\"logo\":{\"@type\":\"ImageObject\",\"inLanguage\":\"pt-PT\",\"@id\":\"https:\/\/brasilnoticias.org\/site\/#\/schema\/logo\/image\/\",\"url\":\"https:\/\/brasilnoticias.org\/site\/wp-content\/uploads\/2022\/05\/cropped-brasilnoticias-mini.jpg\",\"contentUrl\":\"https:\/\/brasilnoticias.org\/site\/wp-content\/uploads\/2022\/05\/cropped-brasilnoticias-mini.jpg\",\"width\":314,\"height\":86,\"caption\":\"Brasil not\u00edcias\"},\"image\":{\"@id\":\"https:\/\/brasilnoticias.org\/site\/#\/schema\/logo\/image\/\"}},{\"@type\":\"Person\",\"@id\":\"https:\/\/brasilnoticias.org\/site\/#\/schema\/person\/03bbbfe6c7634ad18c26444ea39049fa\",\"name\":\"Reda\u00e7\u00e3o\",\"image\":{\"@type\":\"ImageObject\",\"inLanguage\":\"pt-PT\",\"@id\":\"https:\/\/brasilnoticias.org\/site\/#\/schema\/person\/image\/\",\"url\":\"https:\/\/secure.gravatar.com\/avatar\/9ecaf7327a696cb23ad926fedded5f1f04d7049de9e445375d55b48c001a6e42?s=96&d=mm&r=g\",\"contentUrl\":\"https:\/\/secure.gravatar.com\/avatar\/9ecaf7327a696cb23ad926fedded5f1f04d7049de9e445375d55b48c001a6e42?s=96&d=mm&r=g\",\"caption\":\"Reda\u00e7\u00e3o\"},\"url\":\"https:\/\/brasilnoticias.org\/site\/author\/henrique\/\"}]}<\/script>\n<!-- \/ Yoast SEO plugin. -->","yoast_head_json":{"title":"Kleber Rosa realiza conven\u00e7\u00e3o para oficializar candidatura \u00e0 prefeitura de Salvador nesta sexta-feira (26) - Brasil not\u00edcias","robots":{"index":"index","follow":"follow","max-snippet":"max-snippet:-1","max-image-preview":"max-image-preview:large","max-video-preview":"max-video-preview:-1"},"canonical":"https:\/\/brasilnoticias.org\/site\/kleber-rosa-realiza-convencao-para-oficializar-candidatura-a-prefeitura-de-salvador-nesta-sexta-feira-26\/","og_locale":"pt_PT","og_type":"article","og_title":"Kleber Rosa realiza conven\u00e7\u00e3o para oficializar candidatura \u00e0 prefeitura de Salvador nesta sexta-feira (26) - Brasil not\u00edcias","og_description":"A federa\u00e7\u00e3o PSOL e Rede Sustentabilidade realizar\u00e1 a conven\u00e7\u00e3o municipal, nesta sexta-feira (26), a partir das 15h, no Centro de","og_url":"https:\/\/brasilnoticias.org\/site\/kleber-rosa-realiza-convencao-para-oficializar-candidatura-a-prefeitura-de-salvador-nesta-sexta-feira-26\/","og_site_name":"Brasil not\u00edcias","article_published_time":"2024-07-25T02:26:02+00:00","og_image":[{"width":850,"height":400,"url":"https:\/\/brasilnoticias.org\/site\/wp-content\/uploads\/2024\/07\/IMAGEM_NOTICIA_0-2-1.jpg","type":"image\/jpeg"}],"author":"Reda\u00e7\u00e3o","twitter_card":"summary_large_image","twitter_misc":{"Escrito por":"Reda\u00e7\u00e3o"},"schema":{"@context":"https:\/\/schema.org","@graph":[{"@type":"Article","@id":"https:\/\/brasilnoticias.org\/site\/kleber-rosa-realiza-convencao-para-oficializar-candidatura-a-prefeitura-de-salvador-nesta-sexta-feira-26\/#article","isPartOf":{"@id":"https:\/\/brasilnoticias.org\/site\/kleber-rosa-realiza-convencao-para-oficializar-candidatura-a-prefeitura-de-salvador-nesta-sexta-feira-26\/"},"author":{"name":"Reda\u00e7\u00e3o","@id":"https:\/\/brasilnoticias.org\/site\/#\/schema\/person\/03bbbfe6c7634ad18c26444ea39049fa"},"headline":"Kleber Rosa realiza conven\u00e7\u00e3o para oficializar candidatura \u00e0 prefeitura de Salvador nesta sexta-feira (26)","datePublished":"2024-07-25T02:26:02+00:00","mainEntityOfPage":{"@id":"https:\/\/brasilnoticias.org\/site\/kleber-rosa-realiza-convencao-para-oficializar-candidatura-a-prefeitura-de-salvador-nesta-sexta-feira-26\/"},"wordCount":268,"commentCount":0,"publisher":{"@id":"https:\/\/brasilnoticias.org\/site\/#organization"},"image":{"@id":"https:\/\/brasilnoticias.org\/site\/kleber-rosa-realiza-convencao-para-oficializar-candidatura-a-prefeitura-de-salvador-nesta-sexta-feira-26\/#primaryimage"},"thumbnailUrl":"https:\/\/brasilnoticias.org\/site\/wp-content\/uploads\/2024\/07\/IMAGEM_NOTICIA_0-2-1.jpg","articleSection":["Not\u00edcias","\u00daltimas"],"inLanguage":"pt-PT","potentialAction":[{"@type":"CommentAction","name":"Comment","target":["https:\/\/brasilnoticias.org\/site\/kleber-rosa-realiza-convencao-para-oficializar-candidatura-a-prefeitura-de-salvador-nesta-sexta-feira-26\/#respond"]}]},{"@type":"WebPage","@id":"https:\/\/brasilnoticias.org\/site\/kleber-rosa-realiza-convencao-para-oficializar-candidatura-a-prefeitura-de-salvador-nesta-sexta-feira-26\/","url":"https:\/\/brasilnoticias.org\/site\/kleber-rosa-realiza-convencao-para-oficializar-candidatura-a-prefeitura-de-salvador-nesta-sexta-feira-26\/","name":"Kleber Rosa realiza conven\u00e7\u00e3o para oficializar candidatura \u00e0 prefeitura de Salvador nesta sexta-feira (26) - Brasil not\u00edcias","isPartOf":{"@id":"https:\/\/brasilnoticias.org\/site\/#website"},"primaryImageOfPage":{"@id":"https:\/\/brasilnoticias.org\/site\/kleber-rosa-realiza-convencao-para-oficializar-candidatura-a-prefeitura-de-salvador-nesta-sexta-feira-26\/#primaryimage"},"image":{"@id":"https:\/\/brasilnoticias.org\/site\/kleber-rosa-realiza-convencao-para-oficializar-candidatura-a-prefeitura-de-salvador-nesta-sexta-feira-26\/#primaryimage"},"thumbnailUrl":"https:\/\/brasilnoticias.org\/site\/wp-content\/uploads\/2024\/07\/IMAGEM_NOTICIA_0-2-1.jpg","datePublished":"2024-07-25T02:26:02+00:00","breadcrumb":{"@id":"https:\/\/brasilnoticias.org\/site\/kleber-rosa-realiza-convencao-para-oficializar-candidatura-a-prefeitura-de-salvador-nesta-sexta-feira-26\/#breadcrumb"},"inLanguage":"pt-PT","potentialAction":[{"@type":"ReadAction","target":["https:\/\/brasilnoticias.org\/site\/kleber-rosa-realiza-convencao-para-oficializar-candidatura-a-prefeitura-de-salvador-nesta-sexta-feira-26\/"]}]},{"@type":"ImageObject","inLanguage":"pt-PT","@id":"https:\/\/brasilnoticias.org\/site\/kleber-rosa-realiza-convencao-para-oficializar-candidatura-a-prefeitura-de-salvador-nesta-sexta-feira-26\/#primaryimage","url":"https:\/\/brasilnoticias.org\/site\/wp-content\/uploads\/2024\/07\/IMAGEM_NOTICIA_0-2-1.jpg","contentUrl":"https:\/\/brasilnoticias.org\/site\/wp-content\/uploads\/2024\/07\/IMAGEM_NOTICIA_0-2-1.jpg","width":850,"height":400},{"@type":"BreadcrumbList","@id":"https:\/\/brasilnoticias.org\/site\/kleber-rosa-realiza-convencao-para-oficializar-candidatura-a-prefeitura-de-salvador-nesta-sexta-feira-26\/#breadcrumb","itemListElement":[{"@type":"ListItem","position":1,"name":"In\u00edcio","item":"https:\/\/brasilnoticias.org\/site\/"},{"@type":"ListItem","position":2,"name":"Kleber Rosa realiza conven\u00e7\u00e3o para oficializar candidatura \u00e0 prefeitura de Salvador nesta sexta-feira (26)"}]},{"@type":"WebSite","@id":"https:\/\/brasilnoticias.org\/site\/#website","url":"https:\/\/brasilnoticias.org\/site\/","name":"Brasil not\u00edcias","description":"Brasil not\u00edcias","publisher":{"@id":"https:\/\/brasilnoticias.org\/site\/#organization"},"potentialAction":[{"@type":"SearchAction","target":{"@type":"EntryPoint","urlTemplate":"https:\/\/brasilnoticias.org\/site\/?s={search_term_string}"},"query-input":{"@type":"PropertyValueSpecification","valueRequired":true,"valueName":"search_term_string"}}],"inLanguage":"pt-PT"},{"@type":"Organization","@id":"https:\/\/brasilnoticias.org\/site\/#organization","name":"Brasil not\u00edcias","url":"https:\/\/brasilnoticias.org\/site\/","logo":{"@type":"ImageObject","inLanguage":"pt-PT","@id":"https:\/\/brasilnoticias.org\/site\/#\/schema\/logo\/image\/","url":"https:\/\/brasilnoticias.org\/site\/wp-content\/uploads\/2022\/05\/cropped-brasilnoticias-mini.jpg","contentUrl":"https:\/\/brasilnoticias.org\/site\/wp-content\/uploads\/2022\/05\/cropped-brasilnoticias-mini.jpg","width":314,"height":86,"caption":"Brasil not\u00edcias"},"image":{"@id":"https:\/\/brasilnoticias.org\/site\/#\/schema\/logo\/image\/"}},{"@type":"Person","@id":"https:\/\/brasilnoticias.org\/site\/#\/schema\/person\/03bbbfe6c7634ad18c26444ea39049fa","name":"Reda\u00e7\u00e3o","image":{"@type":"ImageObject","inLanguage":"pt-PT","@id":"https:\/\/brasilnoticias.org\/site\/#\/schema\/person\/image\/","url":"https:\/\/secure.gravatar.com\/avatar\/9ecaf7327a696cb23ad926fedded5f1f04d7049de9e445375d55b48c001a6e42?s=96&d=mm&r=g","contentUrl":"https:\/\/secure.gravatar.com\/avatar\/9ecaf7327a696cb23ad926fedded5f1f04d7049de9e445375d55b48c001a6e42?s=96&d=mm&r=g","caption":"Reda\u00e7\u00e3o"},"url":"https:\/\/brasilnoticias.org\/site\/author\/henrique\/"}]}},"_links":{"self":[{"href":"https:\/\/brasilnoticias.org\/site\/wp-json\/wp\/v2\/posts\/15166","targetHints":{"allow":["GET"]}}],"collection":[{"href":"https:\/\/brasilnoticias.org\/site\/wp-json\/wp\/v2\/posts"}],"about":[{"href":"https:\/\/brasilnoticias.org\/site\/wp-json\/wp\/v2\/types\/post"}],"author":[{"embeddable":true,"href":"https:\/\/brasilnoticias.org\/site\/wp-json\/wp\/v2\/users\/4"}],"replies":[{"embeddable":true,"href":"https:\/\/brasilnoticias.org\/site\/wp-json\/wp\/v2\/comments?post=15166"}],"version-history":[{"count":1,"href":"https:\/\/brasilnoticias.org\/site\/wp-json\/wp\/v2\/posts\/15166\/revisions"}],"predecessor-version":[{"id":15168,"href":"https:\/\/brasilnoticias.org\/site\/wp-json\/wp\/v2\/posts\/15166\/revisions\/15168"}],"wp:featuredmedia":[{"embeddable":true,"href":"https:\/\/brasilnoticias.org\/site\/wp-json\/wp\/v2\/media\/15167"}],"wp:attachment":[{"href":"https:\/\/brasilnoticias.org\/site\/wp-json\/wp\/v2\/media?parent=15166"}],"wp:term":[{"taxonomy":"category","embeddable":true,"href":"https:\/\/brasilnoticias.org\/site\/wp-json\/wp\/v2\/categories?post=15166"},{"taxonomy":"post_tag","embeddable":true,"href":"https:\/\/brasilnoticias.org\/site\/wp-json\/wp\/v2\/tags?post=15166"}],"curies":[{"name":"wp","href":"https:\/\/api.w.org\/{rel}","templated":true}]}}