{"id":15178,"date":"2024-07-24T23:30:45","date_gmt":"2024-07-25T02:30:45","guid":{"rendered":"https:\/\/brasilnoticias.org\/site\/?p=15178"},"modified":"2024-07-24T23:30:45","modified_gmt":"2024-07-25T02:30:45","slug":"vitoria-leva-gol-no-fim-e-derrotado-pelo-flamengo-e-segue-na-zona-de-rebaixamento","status":"publish","type":"post","link":"https:\/\/brasilnoticias.org\/site\/vitoria-leva-gol-no-fim-e-derrotado-pelo-flamengo-e-segue-na-zona-de-rebaixamento\/","title":{"rendered":"Vit\u00f3ria leva gol no fim, \u00e9 derrotado pelo Flamengo e segue na zona de rebaixamento"},"content":{"rendered":"<p>Arrascaeta e Carlinhos marcaram para os visitantes e Everaldo fez para o Le\u00e3o; Com o 2 x 1 no Barrad\u00e3o, Rubro-Negro baiano segue com 15 pontos na 17\u00aa posi\u00e7\u00e3o<\/p>\n<p>A volta do Vit\u00f3ria ao Barrad\u00e3o ap\u00f3s dois jogos fora n\u00e3o foi como o torcedor esperava. Nesta quarta-feira (24), os mais de 30 mil presentes levaram um balde de \u00e1gua fria ap\u00f3s o Le\u00e3o perder para o Flamengo por 2 x 1. Com o resultado na 19\u00aa rodada, o Rubro-Negro baiano fechou o primeiro turno no Z-4 com 15 pontos &#8211; na 17\u00aa posi\u00e7\u00e3o.<\/p>\n<p>Em rela\u00e7\u00e3o ao confronto, o Vit\u00f3ria se comportou bem nos primeiros minutos, conseguiu anular o Flamengo e ainda levou perigo com Osvaldo pelo lado. Por\u00e9m, no fim do primeiro tempo, Arrascaeta encontrou espa\u00e7o na ponta esquerda e abriu o placar para o Meng\u00e3o.<\/p>\n<p>Na segunda etapa, o Rubro-Negro baiano voltou melhor, com mais volume. J\u00e1  a equipe carioca assustou com a bola parada algumas vezes, mas o Le\u00e3o foi mais eficiente e empatou o confronto com gol de Everaldo ap\u00f3s belo passe de Z\u00e9 Hugo. Quando parecia que ia terminar tudo igual, Carlinhos saiu de cara com Lucas Arcanjo e decretou o triunfo dos visitantes.<\/p>\n<p>No pr\u00f3ximo s\u00e1bado (27), o Vit\u00f3ria abre o returno contra o Palmeiras. Os times entram em campo \u00e0s 19h, no Allianz Parque, em S\u00e3o Paulo, pela 20\u00aa rodada da competi\u00e7\u00e3o.<\/p>\n<p>FICHA T\u00c9CNICA<\/p>\n<p>Vit\u00f3ria 1 x 2 Flamengo<br \/>\nS\u00e9rie A &#8211; 19\u00aa rodada<br \/>\nLocal: Est\u00e1dio Barrad\u00e3o, em Salvador (BA)<br \/>\nData: 24\/07\/2024 (quarta-feira)<br \/>\nHor\u00e1rio: 20h<br \/>\n\u00c1rbitro: Raphael Claus (FIFA-SP)<br \/>\nAssistentes: Marcelo Carvalho Van Gasse (SP) e Daniel Paulo Ziolli (SP)<br \/>\nQuarto \u00e1rbitro: Matheus Delgado Candan\u00e7an (SP)<br \/>\nVAR: Rodrigo Guarizo Ferreira do Amaral (FIFA-SP)<\/p>\n<p>Gols: Everaldo (Vit\u00f3ria) \/ Arrascaeta e Carlinhos (Flamengo)<br \/>\nCart\u00f5es amarelos: Lucas Esteves (Vit\u00f3ria) \/ Luiz Ara\u00fajo (Flamengo)<\/p>\n<p>Vit\u00f3ria: Lucas Arcanjo; Willean Lepo, Caio Vin\u00edcius, Wagner Leonardo \u00a9 e Lucas Esteves (PK); Ricardo Ryller (Z\u00e9 Hugo), Willian Oliveira (Jean Mota), L\u00e9o Naldi e Matheusinho; Osvaldo (Everaldo) e Alerrandro (Lawan). T\u00e9cnico: Thiago Carpini<\/p>\n<p>Flamengo: Rossi; Varela, Fabr\u00edcio Bruno, L\u00e9o Pereira e Vi\u00f1a (Ayrton Lucas); Allan (Matheus Gon\u00e7alves), De la Cruz (Luiz Ara\u00fajo) e Arrascaeta \u00a9; Gerson, Everton Cebolinha (Carlinhos) e Pedro (Gabriel). T\u00e9cnico: Tite<\/p>\n<p>Foto: Victor Ferreira\/EC Vit\u00f3ria<br \/>\nPor: Jos\u00e9 Gabriel<\/p>\n","protected":false},"excerpt":{"rendered":"<p>Arrascaeta e Carlinhos marcaram para os visitantes e Everaldo fez para o Le\u00e3o; Com o 2 x 1 no Barrad\u00e3o,<\/p>\n","protected":false},"author":4,"featured_media":15179,"comment_status":"open","ping_status":"open","sticky":false,"template":"","format":"standard","meta":{"colormag_page_container_layout":"default_layout","colormag_page_sidebar_layout":"default_layout","_FSMCFIC_featured_image_caption":"","_FSMCFIC_featured_image_nocaption":"","_FSMCFIC_featured_image_hide":"","footnotes":""},"categories":[4,1],"tags":[],"class_list":["post-15178","post","type-post","status-publish","format-standard","has-post-thumbnail","hentry","category-esporte","category-ultimas"],"yoast_head":"<!-- This site is optimized with the Yoast SEO plugin v27.1.1 - https:\/\/yoast.com\/product\/yoast-seo-wordpress\/ -->\n<title>Vit\u00f3ria leva gol no fim, \u00e9 derrotado pelo Flamengo e segue na zona de rebaixamento - Brasil not\u00edcias<\/title>\n<meta name=\"robots\" content=\"index, follow, max-snippet:-1, max-image-preview:large, max-video-preview:-1\" \/>\n<link rel=\"canonical\" href=\"https:\/\/brasilnoticias.org\/site\/vitoria-leva-gol-no-fim-e-derrotado-pelo-flamengo-e-segue-na-zona-de-rebaixamento\/\" \/>\n<meta property=\"og:locale\" content=\"pt_PT\" \/>\n<meta property=\"og:type\" content=\"article\" \/>\n<meta property=\"og:title\" content=\"Vit\u00f3ria leva gol no fim, \u00e9 derrotado pelo Flamengo e segue na zona de rebaixamento - Brasil not\u00edcias\" \/>\n<meta property=\"og:description\" content=\"Arrascaeta e Carlinhos marcaram para os visitantes e Everaldo fez para o Le\u00e3o; Com o 2 x 1 no Barrad\u00e3o,\" \/>\n<meta property=\"og:url\" content=\"https:\/\/brasilnoticias.org\/site\/vitoria-leva-gol-no-fim-e-derrotado-pelo-flamengo-e-segue-na-zona-de-rebaixamento\/\" \/>\n<meta property=\"og:site_name\" content=\"Brasil not\u00edcias\" \/>\n<meta property=\"article:published_time\" content=\"2024-07-25T02:30:45+00:00\" \/>\n<meta property=\"og:image\" content=\"https:\/\/brasilnoticias.org\/site\/wp-content\/uploads\/2024\/07\/153205vitoria-leva-gol-no-fim-e-derrotado-pelo-flamengo-e-segue-na-zona-de-rebaixamento-3.jpg\" \/>\n\t<meta property=\"og:image:width\" content=\"1600\" \/>\n\t<meta property=\"og:image:height\" content=\"752\" \/>\n\t<meta property=\"og:image:type\" content=\"image\/jpeg\" \/>\n<meta name=\"author\" content=\"Reda\u00e7\u00e3o\" \/>\n<meta name=\"twitter:card\" content=\"summary_large_image\" \/>\n<meta name=\"twitter:label1\" content=\"Escrito por\" \/>\n\t<meta name=\"twitter:data1\" content=\"Reda\u00e7\u00e3o\" \/>\n\t<meta name=\"twitter:label2\" content=\"Tempo estimado de leitura\" \/>\n\t<meta name=\"twitter:data2\" content=\"1 minuto\" \/>\n<script type=\"application\/ld+json\" class=\"yoast-schema-graph\">{\"@context\":\"https:\/\/schema.org\",\"@graph\":[{\"@type\":\"Article\",\"@id\":\"https:\/\/brasilnoticias.org\/site\/vitoria-leva-gol-no-fim-e-derrotado-pelo-flamengo-e-segue-na-zona-de-rebaixamento\/#article\",\"isPartOf\":{\"@id\":\"https:\/\/brasilnoticias.org\/site\/vitoria-leva-gol-no-fim-e-derrotado-pelo-flamengo-e-segue-na-zona-de-rebaixamento\/\"},\"author\":{\"name\":\"Reda\u00e7\u00e3o\",\"@id\":\"https:\/\/brasilnoticias.org\/site\/#\/schema\/person\/03bbbfe6c7634ad18c26444ea39049fa\"},\"headline\":\"Vit\u00f3ria leva gol no fim, \u00e9 derrotado pelo Flamengo e segue na zona de rebaixamento\",\"datePublished\":\"2024-07-25T02:30:45+00:00\",\"mainEntityOfPage\":{\"@id\":\"https:\/\/brasilnoticias.org\/site\/vitoria-leva-gol-no-fim-e-derrotado-pelo-flamengo-e-segue-na-zona-de-rebaixamento\/\"},\"wordCount\":407,\"commentCount\":0,\"publisher\":{\"@id\":\"https:\/\/brasilnoticias.org\/site\/#organization\"},\"image\":{\"@id\":\"https:\/\/brasilnoticias.org\/site\/vitoria-leva-gol-no-fim-e-derrotado-pelo-flamengo-e-segue-na-zona-de-rebaixamento\/#primaryimage\"},\"thumbnailUrl\":\"https:\/\/brasilnoticias.org\/site\/wp-content\/uploads\/2024\/07\/153205vitoria-leva-gol-no-fim-e-derrotado-pelo-flamengo-e-segue-na-zona-de-rebaixamento-3.jpg\",\"articleSection\":[\"Esporte\",\"\u00daltimas\"],\"inLanguage\":\"pt-PT\",\"potentialAction\":[{\"@type\":\"CommentAction\",\"name\":\"Comment\",\"target\":[\"https:\/\/brasilnoticias.org\/site\/vitoria-leva-gol-no-fim-e-derrotado-pelo-flamengo-e-segue-na-zona-de-rebaixamento\/#respond\"]}]},{\"@type\":\"WebPage\",\"@id\":\"https:\/\/brasilnoticias.org\/site\/vitoria-leva-gol-no-fim-e-derrotado-pelo-flamengo-e-segue-na-zona-de-rebaixamento\/\",\"url\":\"https:\/\/brasilnoticias.org\/site\/vitoria-leva-gol-no-fim-e-derrotado-pelo-flamengo-e-segue-na-zona-de-rebaixamento\/\",\"name\":\"Vit\u00f3ria leva gol no fim, \u00e9 derrotado pelo Flamengo e segue na zona de rebaixamento - Brasil not\u00edcias\",\"isPartOf\":{\"@id\":\"https:\/\/brasilnoticias.org\/site\/#website\"},\"primaryImageOfPage\":{\"@id\":\"https:\/\/brasilnoticias.org\/site\/vitoria-leva-gol-no-fim-e-derrotado-pelo-flamengo-e-segue-na-zona-de-rebaixamento\/#primaryimage\"},\"image\":{\"@id\":\"https:\/\/brasilnoticias.org\/site\/vitoria-leva-gol-no-fim-e-derrotado-pelo-flamengo-e-segue-na-zona-de-rebaixamento\/#primaryimage\"},\"thumbnailUrl\":\"https:\/\/brasilnoticias.org\/site\/wp-content\/uploads\/2024\/07\/153205vitoria-leva-gol-no-fim-e-derrotado-pelo-flamengo-e-segue-na-zona-de-rebaixamento-3.jpg\",\"datePublished\":\"2024-07-25T02:30:45+00:00\",\"breadcrumb\":{\"@id\":\"https:\/\/brasilnoticias.org\/site\/vitoria-leva-gol-no-fim-e-derrotado-pelo-flamengo-e-segue-na-zona-de-rebaixamento\/#breadcrumb\"},\"inLanguage\":\"pt-PT\",\"potentialAction\":[{\"@type\":\"ReadAction\",\"target\":[\"https:\/\/brasilnoticias.org\/site\/vitoria-leva-gol-no-fim-e-derrotado-pelo-flamengo-e-segue-na-zona-de-rebaixamento\/\"]}]},{\"@type\":\"ImageObject\",\"inLanguage\":\"pt-PT\",\"@id\":\"https:\/\/brasilnoticias.org\/site\/vitoria-leva-gol-no-fim-e-derrotado-pelo-flamengo-e-segue-na-zona-de-rebaixamento\/#primaryimage\",\"url\":\"https:\/\/brasilnoticias.org\/site\/wp-content\/uploads\/2024\/07\/153205vitoria-leva-gol-no-fim-e-derrotado-pelo-flamengo-e-segue-na-zona-de-rebaixamento-3.jpg\",\"contentUrl\":\"https:\/\/brasilnoticias.org\/site\/wp-content\/uploads\/2024\/07\/153205vitoria-leva-gol-no-fim-e-derrotado-pelo-flamengo-e-segue-na-zona-de-rebaixamento-3.jpg\",\"width\":1600,\"height\":752},{\"@type\":\"BreadcrumbList\",\"@id\":\"https:\/\/brasilnoticias.org\/site\/vitoria-leva-gol-no-fim-e-derrotado-pelo-flamengo-e-segue-na-zona-de-rebaixamento\/#breadcrumb\",\"itemListElement\":[{\"@type\":\"ListItem\",\"position\":1,\"name\":\"In\u00edcio\",\"item\":\"https:\/\/brasilnoticias.org\/site\/\"},{\"@type\":\"ListItem\",\"position\":2,\"name\":\"Vit\u00f3ria leva gol no fim, \u00e9 derrotado pelo Flamengo e segue na zona de rebaixamento\"}]},{\"@type\":\"WebSite\",\"@id\":\"https:\/\/brasilnoticias.org\/site\/#website\",\"url\":\"https:\/\/brasilnoticias.org\/site\/\",\"name\":\"Brasil not\u00edcias\",\"description\":\"Brasil not\u00edcias\",\"publisher\":{\"@id\":\"https:\/\/brasilnoticias.org\/site\/#organization\"},\"potentialAction\":[{\"@type\":\"SearchAction\",\"target\":{\"@type\":\"EntryPoint\",\"urlTemplate\":\"https:\/\/brasilnoticias.org\/site\/?s={search_term_string}\"},\"query-input\":{\"@type\":\"PropertyValueSpecification\",\"valueRequired\":true,\"valueName\":\"search_term_string\"}}],\"inLanguage\":\"pt-PT\"},{\"@type\":\"Organization\",\"@id\":\"https:\/\/brasilnoticias.org\/site\/#organization\",\"name\":\"Brasil not\u00edcias\",\"url\":\"https:\/\/brasilnoticias.org\/site\/\",\"logo\":{\"@type\":\"ImageObject\",\"inLanguage\":\"pt-PT\",\"@id\":\"https:\/\/brasilnoticias.org\/site\/#\/schema\/logo\/image\/\",\"url\":\"https:\/\/brasilnoticias.org\/site\/wp-content\/uploads\/2022\/05\/cropped-brasilnoticias-mini.jpg\",\"contentUrl\":\"https:\/\/brasilnoticias.org\/site\/wp-content\/uploads\/2022\/05\/cropped-brasilnoticias-mini.jpg\",\"width\":314,\"height\":86,\"caption\":\"Brasil not\u00edcias\"},\"image\":{\"@id\":\"https:\/\/brasilnoticias.org\/site\/#\/schema\/logo\/image\/\"}},{\"@type\":\"Person\",\"@id\":\"https:\/\/brasilnoticias.org\/site\/#\/schema\/person\/03bbbfe6c7634ad18c26444ea39049fa\",\"name\":\"Reda\u00e7\u00e3o\",\"image\":{\"@type\":\"ImageObject\",\"inLanguage\":\"pt-PT\",\"@id\":\"https:\/\/brasilnoticias.org\/site\/#\/schema\/person\/image\/\",\"url\":\"https:\/\/secure.gravatar.com\/avatar\/9ecaf7327a696cb23ad926fedded5f1f04d7049de9e445375d55b48c001a6e42?s=96&d=mm&r=g\",\"contentUrl\":\"https:\/\/secure.gravatar.com\/avatar\/9ecaf7327a696cb23ad926fedded5f1f04d7049de9e445375d55b48c001a6e42?s=96&d=mm&r=g\",\"caption\":\"Reda\u00e7\u00e3o\"},\"url\":\"https:\/\/brasilnoticias.org\/site\/author\/henrique\/\"}]}<\/script>\n<!-- \/ Yoast SEO plugin. -->","yoast_head_json":{"title":"Vit\u00f3ria leva gol no fim, \u00e9 derrotado pelo Flamengo e segue na zona de rebaixamento - Brasil not\u00edcias","robots":{"index":"index","follow":"follow","max-snippet":"max-snippet:-1","max-image-preview":"max-image-preview:large","max-video-preview":"max-video-preview:-1"},"canonical":"https:\/\/brasilnoticias.org\/site\/vitoria-leva-gol-no-fim-e-derrotado-pelo-flamengo-e-segue-na-zona-de-rebaixamento\/","og_locale":"pt_PT","og_type":"article","og_title":"Vit\u00f3ria leva gol no fim, \u00e9 derrotado pelo Flamengo e segue na zona de rebaixamento - Brasil not\u00edcias","og_description":"Arrascaeta e Carlinhos marcaram para os visitantes e Everaldo fez para o Le\u00e3o; Com o 2 x 1 no Barrad\u00e3o,","og_url":"https:\/\/brasilnoticias.org\/site\/vitoria-leva-gol-no-fim-e-derrotado-pelo-flamengo-e-segue-na-zona-de-rebaixamento\/","og_site_name":"Brasil not\u00edcias","article_published_time":"2024-07-25T02:30:45+00:00","og_image":[{"width":1600,"height":752,"url":"https:\/\/brasilnoticias.org\/site\/wp-content\/uploads\/2024\/07\/153205vitoria-leva-gol-no-fim-e-derrotado-pelo-flamengo-e-segue-na-zona-de-rebaixamento-3.jpg","type":"image\/jpeg"}],"author":"Reda\u00e7\u00e3o","twitter_card":"summary_large_image","twitter_misc":{"Escrito por":"Reda\u00e7\u00e3o","Tempo estimado de leitura":"1 minuto"},"schema":{"@context":"https:\/\/schema.org","@graph":[{"@type":"Article","@id":"https:\/\/brasilnoticias.org\/site\/vitoria-leva-gol-no-fim-e-derrotado-pelo-flamengo-e-segue-na-zona-de-rebaixamento\/#article","isPartOf":{"@id":"https:\/\/brasilnoticias.org\/site\/vitoria-leva-gol-no-fim-e-derrotado-pelo-flamengo-e-segue-na-zona-de-rebaixamento\/"},"author":{"name":"Reda\u00e7\u00e3o","@id":"https:\/\/brasilnoticias.org\/site\/#\/schema\/person\/03bbbfe6c7634ad18c26444ea39049fa"},"headline":"Vit\u00f3ria leva gol no fim, \u00e9 derrotado pelo Flamengo e segue na zona de rebaixamento","datePublished":"2024-07-25T02:30:45+00:00","mainEntityOfPage":{"@id":"https:\/\/brasilnoticias.org\/site\/vitoria-leva-gol-no-fim-e-derrotado-pelo-flamengo-e-segue-na-zona-de-rebaixamento\/"},"wordCount":407,"commentCount":0,"publisher":{"@id":"https:\/\/brasilnoticias.org\/site\/#organization"},"image":{"@id":"https:\/\/brasilnoticias.org\/site\/vitoria-leva-gol-no-fim-e-derrotado-pelo-flamengo-e-segue-na-zona-de-rebaixamento\/#primaryimage"},"thumbnailUrl":"https:\/\/brasilnoticias.org\/site\/wp-content\/uploads\/2024\/07\/153205vitoria-leva-gol-no-fim-e-derrotado-pelo-flamengo-e-segue-na-zona-de-rebaixamento-3.jpg","articleSection":["Esporte","\u00daltimas"],"inLanguage":"pt-PT","potentialAction":[{"@type":"CommentAction","name":"Comment","target":["https:\/\/brasilnoticias.org\/site\/vitoria-leva-gol-no-fim-e-derrotado-pelo-flamengo-e-segue-na-zona-de-rebaixamento\/#respond"]}]},{"@type":"WebPage","@id":"https:\/\/brasilnoticias.org\/site\/vitoria-leva-gol-no-fim-e-derrotado-pelo-flamengo-e-segue-na-zona-de-rebaixamento\/","url":"https:\/\/brasilnoticias.org\/site\/vitoria-leva-gol-no-fim-e-derrotado-pelo-flamengo-e-segue-na-zona-de-rebaixamento\/","name":"Vit\u00f3ria leva gol no fim, \u00e9 derrotado pelo Flamengo e segue na zona de rebaixamento - Brasil not\u00edcias","isPartOf":{"@id":"https:\/\/brasilnoticias.org\/site\/#website"},"primaryImageOfPage":{"@id":"https:\/\/brasilnoticias.org\/site\/vitoria-leva-gol-no-fim-e-derrotado-pelo-flamengo-e-segue-na-zona-de-rebaixamento\/#primaryimage"},"image":{"@id":"https:\/\/brasilnoticias.org\/site\/vitoria-leva-gol-no-fim-e-derrotado-pelo-flamengo-e-segue-na-zona-de-rebaixamento\/#primaryimage"},"thumbnailUrl":"https:\/\/brasilnoticias.org\/site\/wp-content\/uploads\/2024\/07\/153205vitoria-leva-gol-no-fim-e-derrotado-pelo-flamengo-e-segue-na-zona-de-rebaixamento-3.jpg","datePublished":"2024-07-25T02:30:45+00:00","breadcrumb":{"@id":"https:\/\/brasilnoticias.org\/site\/vitoria-leva-gol-no-fim-e-derrotado-pelo-flamengo-e-segue-na-zona-de-rebaixamento\/#breadcrumb"},"inLanguage":"pt-PT","potentialAction":[{"@type":"ReadAction","target":["https:\/\/brasilnoticias.org\/site\/vitoria-leva-gol-no-fim-e-derrotado-pelo-flamengo-e-segue-na-zona-de-rebaixamento\/"]}]},{"@type":"ImageObject","inLanguage":"pt-PT","@id":"https:\/\/brasilnoticias.org\/site\/vitoria-leva-gol-no-fim-e-derrotado-pelo-flamengo-e-segue-na-zona-de-rebaixamento\/#primaryimage","url":"https:\/\/brasilnoticias.org\/site\/wp-content\/uploads\/2024\/07\/153205vitoria-leva-gol-no-fim-e-derrotado-pelo-flamengo-e-segue-na-zona-de-rebaixamento-3.jpg","contentUrl":"https:\/\/brasilnoticias.org\/site\/wp-content\/uploads\/2024\/07\/153205vitoria-leva-gol-no-fim-e-derrotado-pelo-flamengo-e-segue-na-zona-de-rebaixamento-3.jpg","width":1600,"height":752},{"@type":"BreadcrumbList","@id":"https:\/\/brasilnoticias.org\/site\/vitoria-leva-gol-no-fim-e-derrotado-pelo-flamengo-e-segue-na-zona-de-rebaixamento\/#breadcrumb","itemListElement":[{"@type":"ListItem","position":1,"name":"In\u00edcio","item":"https:\/\/brasilnoticias.org\/site\/"},{"@type":"ListItem","position":2,"name":"Vit\u00f3ria leva gol no fim, \u00e9 derrotado pelo Flamengo e segue na zona de rebaixamento"}]},{"@type":"WebSite","@id":"https:\/\/brasilnoticias.org\/site\/#website","url":"https:\/\/brasilnoticias.org\/site\/","name":"Brasil not\u00edcias","description":"Brasil not\u00edcias","publisher":{"@id":"https:\/\/brasilnoticias.org\/site\/#organization"},"potentialAction":[{"@type":"SearchAction","target":{"@type":"EntryPoint","urlTemplate":"https:\/\/brasilnoticias.org\/site\/?s={search_term_string}"},"query-input":{"@type":"PropertyValueSpecification","valueRequired":true,"valueName":"search_term_string"}}],"inLanguage":"pt-PT"},{"@type":"Organization","@id":"https:\/\/brasilnoticias.org\/site\/#organization","name":"Brasil not\u00edcias","url":"https:\/\/brasilnoticias.org\/site\/","logo":{"@type":"ImageObject","inLanguage":"pt-PT","@id":"https:\/\/brasilnoticias.org\/site\/#\/schema\/logo\/image\/","url":"https:\/\/brasilnoticias.org\/site\/wp-content\/uploads\/2022\/05\/cropped-brasilnoticias-mini.jpg","contentUrl":"https:\/\/brasilnoticias.org\/site\/wp-content\/uploads\/2022\/05\/cropped-brasilnoticias-mini.jpg","width":314,"height":86,"caption":"Brasil not\u00edcias"},"image":{"@id":"https:\/\/brasilnoticias.org\/site\/#\/schema\/logo\/image\/"}},{"@type":"Person","@id":"https:\/\/brasilnoticias.org\/site\/#\/schema\/person\/03bbbfe6c7634ad18c26444ea39049fa","name":"Reda\u00e7\u00e3o","image":{"@type":"ImageObject","inLanguage":"pt-PT","@id":"https:\/\/brasilnoticias.org\/site\/#\/schema\/person\/image\/","url":"https:\/\/secure.gravatar.com\/avatar\/9ecaf7327a696cb23ad926fedded5f1f04d7049de9e445375d55b48c001a6e42?s=96&d=mm&r=g","contentUrl":"https:\/\/secure.gravatar.com\/avatar\/9ecaf7327a696cb23ad926fedded5f1f04d7049de9e445375d55b48c001a6e42?s=96&d=mm&r=g","caption":"Reda\u00e7\u00e3o"},"url":"https:\/\/brasilnoticias.org\/site\/author\/henrique\/"}]}},"_links":{"self":[{"href":"https:\/\/brasilnoticias.org\/site\/wp-json\/wp\/v2\/posts\/15178","targetHints":{"allow":["GET"]}}],"collection":[{"href":"https:\/\/brasilnoticias.org\/site\/wp-json\/wp\/v2\/posts"}],"about":[{"href":"https:\/\/brasilnoticias.org\/site\/wp-json\/wp\/v2\/types\/post"}],"author":[{"embeddable":true,"href":"https:\/\/brasilnoticias.org\/site\/wp-json\/wp\/v2\/users\/4"}],"replies":[{"embeddable":true,"href":"https:\/\/brasilnoticias.org\/site\/wp-json\/wp\/v2\/comments?post=15178"}],"version-history":[{"count":1,"href":"https:\/\/brasilnoticias.org\/site\/wp-json\/wp\/v2\/posts\/15178\/revisions"}],"predecessor-version":[{"id":15180,"href":"https:\/\/brasilnoticias.org\/site\/wp-json\/wp\/v2\/posts\/15178\/revisions\/15180"}],"wp:featuredmedia":[{"embeddable":true,"href":"https:\/\/brasilnoticias.org\/site\/wp-json\/wp\/v2\/media\/15179"}],"wp:attachment":[{"href":"https:\/\/brasilnoticias.org\/site\/wp-json\/wp\/v2\/media?parent=15178"}],"wp:term":[{"taxonomy":"category","embeddable":true,"href":"https:\/\/brasilnoticias.org\/site\/wp-json\/wp\/v2\/categories?post=15178"},{"taxonomy":"post_tag","embeddable":true,"href":"https:\/\/brasilnoticias.org\/site\/wp-json\/wp\/v2\/tags?post=15178"}],"curies":[{"name":"wp","href":"https:\/\/api.w.org\/{rel}","templated":true}]}}