{"id":15186,"date":"2024-07-25T20:36:56","date_gmt":"2024-07-25T23:36:56","guid":{"rendered":"https:\/\/brasilnoticias.org\/site\/?p=15186"},"modified":"2024-07-25T20:36:56","modified_gmt":"2024-07-25T23:36:56","slug":"republicanos-realiza-convencao-e-oficializa-44-candidaturas-em-salvador","status":"publish","type":"post","link":"https:\/\/brasilnoticias.org\/site\/republicanos-realiza-convencao-e-oficializa-44-candidaturas-em-salvador\/","title":{"rendered":"Republicanos realiza conven\u00e7\u00e3o e oficializa 44 candidaturas em Salvador"},"content":{"rendered":"<p>O Republicanos Bahia oficializou, nesta quinta-feira (25), as 44 candidaturas que disputar\u00e3o as elei\u00e7\u00f5es, no dia 6 de outubro, em Salvador. Em conjunto com a base de Bruno Reis (Uni\u00e3o Brasil), o grande momento foi realizado no Centro de Conven\u00e7\u00f5es da capital baiana e reuniu parlamentares, candidatos, autoridades, lideran\u00e7as e militantes do partido. <\/p>\n<p>O presidente estadual da sigla, deputado federal M\u00e1rcio Marinho, destacou a for\u00e7a da legenda: \u201cPreparamos um time forte para ir \u00e0s ruas e conquistar o voto das pessoas, tendo o compromisso de utilizar do mandato para fazer a diferen\u00e7a na vida da popula\u00e7\u00e3o\u201d. <\/p>\n<p>Na sua chegada, o presidente municipal do Republicanos, vereador Luiz Carlos, ratificou apoio ao projeto pol\u00edtico que transformou Salvador e luta pela reelei\u00e7\u00e3o do prefeito Bruno Reis. \u201cQueremos continuar vendo esse projeto pol\u00edtico transformando a vida da nossa gente e melhorando a nossa capital\u201d. <\/p>\n<p>Em sua fala, o prefeito de Salvador, Bruno Reis (Uni\u00e3o Brasil), destacou a lealdade e apoio do Republicanos em seu projeto pol\u00edtico e salientou a necessidade da uni\u00e3o de for\u00e7as da base para chegarem ao objetivo.  <\/p>\n<p>\u201cObrigado a Deus por tudo. Sonhei para que este dia chegasse e que eu pudesse reunir todo o meu grupo pol\u00edtico, porque eu nunca deixei um amigo meu para tr\u00e1s. Agrade\u00e7o ao Republicanos, nas figuras de Luiz Carlos e do deputado M\u00e1rcio  Marinho pela parceria permanente.\u201d<\/p>\n<p>Na lista de candidatos do Republicanos, nomes influentes destacam-se para concorrerem a reelei\u00e7\u00e3o, como Luiz Carlos, vereador mais votado em 2020;  Ireuda Silva, idealizadora do projeto Forte Por Ser Mulher; J\u00falio Santos, Leandro Guerrilha, Alfredo Mangueira, Kell Torres, Manass\u00e9s, dentre outros.  <\/p>\n<p><img loading=\"lazy\" decoding=\"async\" src=\"https:\/\/brasilnoticias.org\/site\/wp-content\/uploads\/2024\/07\/WhatsApp-Image-2024-07-25-at-20.27.32-2-1000x667.jpeg\" alt=\"\" width=\"1000\" height=\"667\" class=\"alignnone size-medium wp-image-15188\" srcset=\"https:\/\/brasilnoticias.org\/site\/wp-content\/uploads\/2024\/07\/WhatsApp-Image-2024-07-25-at-20.27.32-2-1000x667.jpeg 1000w, https:\/\/brasilnoticias.org\/site\/wp-content\/uploads\/2024\/07\/WhatsApp-Image-2024-07-25-at-20.27.32-2-768x512.jpeg 768w, https:\/\/brasilnoticias.org\/site\/wp-content\/uploads\/2024\/07\/WhatsApp-Image-2024-07-25-at-20.27.32-2-1536x1024.jpeg 1536w, https:\/\/brasilnoticias.org\/site\/wp-content\/uploads\/2024\/07\/WhatsApp-Image-2024-07-25-at-20.27.32-2-2048x1366.jpeg 2048w\" sizes=\"auto, (max-width: 1000px) 100vw, 1000px\" \/><\/p>\n<p><img loading=\"lazy\" decoding=\"async\" src=\"https:\/\/brasilnoticias.org\/site\/wp-content\/uploads\/2024\/07\/WhatsApp-Image-2024-07-25-at-20.27.32-3-750x1000.jpeg\" alt=\"\" width=\"750\" height=\"1000\" class=\"alignnone size-medium wp-image-15189\" srcset=\"https:\/\/brasilnoticias.org\/site\/wp-content\/uploads\/2024\/07\/WhatsApp-Image-2024-07-25-at-20.27.32-3-750x1000.jpeg 750w, https:\/\/brasilnoticias.org\/site\/wp-content\/uploads\/2024\/07\/WhatsApp-Image-2024-07-25-at-20.27.32-3-768x1024.jpeg 768w, https:\/\/brasilnoticias.org\/site\/wp-content\/uploads\/2024\/07\/WhatsApp-Image-2024-07-25-at-20.27.32-3-1152x1536.jpeg 1152w, https:\/\/brasilnoticias.org\/site\/wp-content\/uploads\/2024\/07\/WhatsApp-Image-2024-07-25-at-20.27.32-3-1536x2048.jpeg 1536w, https:\/\/brasilnoticias.org\/site\/wp-content\/uploads\/2024\/07\/WhatsApp-Image-2024-07-25-at-20.27.32-3-scaled.jpeg 1920w\" sizes=\"auto, (max-width: 750px) 100vw, 750px\" \/><\/p>\n<p><img loading=\"lazy\" decoding=\"async\" src=\"https:\/\/brasilnoticias.org\/site\/wp-content\/uploads\/2024\/07\/WhatsApp-Image-2024-07-25-at-20.27.32-1000x667.jpeg\" alt=\"\" width=\"1000\" height=\"667\" class=\"alignnone size-medium wp-image-15190\" srcset=\"https:\/\/brasilnoticias.org\/site\/wp-content\/uploads\/2024\/07\/WhatsApp-Image-2024-07-25-at-20.27.32-1000x667.jpeg 1000w, https:\/\/brasilnoticias.org\/site\/wp-content\/uploads\/2024\/07\/WhatsApp-Image-2024-07-25-at-20.27.32-768x512.jpeg 768w, https:\/\/brasilnoticias.org\/site\/wp-content\/uploads\/2024\/07\/WhatsApp-Image-2024-07-25-at-20.27.32-1536x1024.jpeg 1536w, https:\/\/brasilnoticias.org\/site\/wp-content\/uploads\/2024\/07\/WhatsApp-Image-2024-07-25-at-20.27.32-2048x1366.jpeg 2048w\" sizes=\"auto, (max-width: 1000px) 100vw, 1000px\" \/><\/p>\n<p>Foto: Divulga\u00e7\u00e3o<br \/>\nTexto: Ascom Republicanos Bahia<\/p>\n","protected":false},"excerpt":{"rendered":"<p>O Republicanos Bahia oficializou, nesta quinta-feira (25), as 44 candidaturas que disputar\u00e3o as elei\u00e7\u00f5es, no dia 6 de outubro, em<\/p>\n","protected":false},"author":4,"featured_media":15187,"comment_status":"open","ping_status":"open","sticky":false,"template":"","format":"standard","meta":{"colormag_page_container_layout":"default_layout","colormag_page_sidebar_layout":"default_layout","_FSMCFIC_featured_image_caption":"","_FSMCFIC_featured_image_nocaption":"","_FSMCFIC_featured_image_hide":"","footnotes":""},"categories":[5,1],"tags":[],"class_list":["post-15186","post","type-post","status-publish","format-standard","has-post-thumbnail","hentry","category-politica","category-ultimas"],"yoast_head":"<!-- This site is optimized with the Yoast SEO plugin v27.1.1 - https:\/\/yoast.com\/product\/yoast-seo-wordpress\/ -->\n<title>Republicanos realiza conven\u00e7\u00e3o e oficializa 44 candidaturas em Salvador - Brasil not\u00edcias<\/title>\n<meta name=\"robots\" content=\"index, follow, max-snippet:-1, max-image-preview:large, max-video-preview:-1\" \/>\n<link rel=\"canonical\" href=\"https:\/\/brasilnoticias.org\/site\/republicanos-realiza-convencao-e-oficializa-44-candidaturas-em-salvador\/\" \/>\n<meta property=\"og:locale\" content=\"pt_PT\" \/>\n<meta property=\"og:type\" content=\"article\" \/>\n<meta property=\"og:title\" content=\"Republicanos realiza conven\u00e7\u00e3o e oficializa 44 candidaturas em Salvador - Brasil not\u00edcias\" \/>\n<meta property=\"og:description\" content=\"O Republicanos Bahia oficializou, nesta quinta-feira (25), as 44 candidaturas que disputar\u00e3o as elei\u00e7\u00f5es, no dia 6 de outubro, em\" \/>\n<meta property=\"og:url\" content=\"https:\/\/brasilnoticias.org\/site\/republicanos-realiza-convencao-e-oficializa-44-candidaturas-em-salvador\/\" \/>\n<meta property=\"og:site_name\" content=\"Brasil not\u00edcias\" \/>\n<meta property=\"article:published_time\" content=\"2024-07-25T23:36:56+00:00\" \/>\n<meta property=\"og:image\" content=\"https:\/\/brasilnoticias.org\/site\/wp-content\/uploads\/2024\/07\/WhatsApp-Image-2024-07-25-at-20.27.32-1.jpeg\" \/>\n\t<meta property=\"og:image:width\" content=\"1600\" \/>\n\t<meta property=\"og:image:height\" content=\"1200\" \/>\n\t<meta property=\"og:image:type\" content=\"image\/jpeg\" \/>\n<meta name=\"author\" content=\"Reda\u00e7\u00e3o\" \/>\n<meta name=\"twitter:card\" content=\"summary_large_image\" \/>\n<meta name=\"twitter:label1\" content=\"Escrito por\" \/>\n\t<meta name=\"twitter:data1\" content=\"Reda\u00e7\u00e3o\" \/>\n\t<meta name=\"twitter:label2\" content=\"Tempo estimado de leitura\" \/>\n\t<meta name=\"twitter:data2\" content=\"1 minuto\" \/>\n<script type=\"application\/ld+json\" class=\"yoast-schema-graph\">{\"@context\":\"https:\/\/schema.org\",\"@graph\":[{\"@type\":\"Article\",\"@id\":\"https:\/\/brasilnoticias.org\/site\/republicanos-realiza-convencao-e-oficializa-44-candidaturas-em-salvador\/#article\",\"isPartOf\":{\"@id\":\"https:\/\/brasilnoticias.org\/site\/republicanos-realiza-convencao-e-oficializa-44-candidaturas-em-salvador\/\"},\"author\":{\"name\":\"Reda\u00e7\u00e3o\",\"@id\":\"https:\/\/brasilnoticias.org\/site\/#\/schema\/person\/03bbbfe6c7634ad18c26444ea39049fa\"},\"headline\":\"Republicanos realiza conven\u00e7\u00e3o e oficializa 44 candidaturas em Salvador\",\"datePublished\":\"2024-07-25T23:36:56+00:00\",\"mainEntityOfPage\":{\"@id\":\"https:\/\/brasilnoticias.org\/site\/republicanos-realiza-convencao-e-oficializa-44-candidaturas-em-salvador\/\"},\"wordCount\":298,\"commentCount\":0,\"publisher\":{\"@id\":\"https:\/\/brasilnoticias.org\/site\/#organization\"},\"image\":{\"@id\":\"https:\/\/brasilnoticias.org\/site\/republicanos-realiza-convencao-e-oficializa-44-candidaturas-em-salvador\/#primaryimage\"},\"thumbnailUrl\":\"https:\/\/brasilnoticias.org\/site\/wp-content\/uploads\/2024\/07\/WhatsApp-Image-2024-07-25-at-20.27.32-1.jpeg\",\"articleSection\":[\"Pol\u00edtica\",\"\u00daltimas\"],\"inLanguage\":\"pt-PT\",\"potentialAction\":[{\"@type\":\"CommentAction\",\"name\":\"Comment\",\"target\":[\"https:\/\/brasilnoticias.org\/site\/republicanos-realiza-convencao-e-oficializa-44-candidaturas-em-salvador\/#respond\"]}]},{\"@type\":\"WebPage\",\"@id\":\"https:\/\/brasilnoticias.org\/site\/republicanos-realiza-convencao-e-oficializa-44-candidaturas-em-salvador\/\",\"url\":\"https:\/\/brasilnoticias.org\/site\/republicanos-realiza-convencao-e-oficializa-44-candidaturas-em-salvador\/\",\"name\":\"Republicanos realiza conven\u00e7\u00e3o e oficializa 44 candidaturas em Salvador - Brasil not\u00edcias\",\"isPartOf\":{\"@id\":\"https:\/\/brasilnoticias.org\/site\/#website\"},\"primaryImageOfPage\":{\"@id\":\"https:\/\/brasilnoticias.org\/site\/republicanos-realiza-convencao-e-oficializa-44-candidaturas-em-salvador\/#primaryimage\"},\"image\":{\"@id\":\"https:\/\/brasilnoticias.org\/site\/republicanos-realiza-convencao-e-oficializa-44-candidaturas-em-salvador\/#primaryimage\"},\"thumbnailUrl\":\"https:\/\/brasilnoticias.org\/site\/wp-content\/uploads\/2024\/07\/WhatsApp-Image-2024-07-25-at-20.27.32-1.jpeg\",\"datePublished\":\"2024-07-25T23:36:56+00:00\",\"breadcrumb\":{\"@id\":\"https:\/\/brasilnoticias.org\/site\/republicanos-realiza-convencao-e-oficializa-44-candidaturas-em-salvador\/#breadcrumb\"},\"inLanguage\":\"pt-PT\",\"potentialAction\":[{\"@type\":\"ReadAction\",\"target\":[\"https:\/\/brasilnoticias.org\/site\/republicanos-realiza-convencao-e-oficializa-44-candidaturas-em-salvador\/\"]}]},{\"@type\":\"ImageObject\",\"inLanguage\":\"pt-PT\",\"@id\":\"https:\/\/brasilnoticias.org\/site\/republicanos-realiza-convencao-e-oficializa-44-candidaturas-em-salvador\/#primaryimage\",\"url\":\"https:\/\/brasilnoticias.org\/site\/wp-content\/uploads\/2024\/07\/WhatsApp-Image-2024-07-25-at-20.27.32-1.jpeg\",\"contentUrl\":\"https:\/\/brasilnoticias.org\/site\/wp-content\/uploads\/2024\/07\/WhatsApp-Image-2024-07-25-at-20.27.32-1.jpeg\",\"width\":1600,\"height\":1200},{\"@type\":\"BreadcrumbList\",\"@id\":\"https:\/\/brasilnoticias.org\/site\/republicanos-realiza-convencao-e-oficializa-44-candidaturas-em-salvador\/#breadcrumb\",\"itemListElement\":[{\"@type\":\"ListItem\",\"position\":1,\"name\":\"In\u00edcio\",\"item\":\"https:\/\/brasilnoticias.org\/site\/\"},{\"@type\":\"ListItem\",\"position\":2,\"name\":\"Republicanos realiza conven\u00e7\u00e3o e oficializa 44 candidaturas em Salvador\"}]},{\"@type\":\"WebSite\",\"@id\":\"https:\/\/brasilnoticias.org\/site\/#website\",\"url\":\"https:\/\/brasilnoticias.org\/site\/\",\"name\":\"Brasil not\u00edcias\",\"description\":\"Brasil not\u00edcias\",\"publisher\":{\"@id\":\"https:\/\/brasilnoticias.org\/site\/#organization\"},\"potentialAction\":[{\"@type\":\"SearchAction\",\"target\":{\"@type\":\"EntryPoint\",\"urlTemplate\":\"https:\/\/brasilnoticias.org\/site\/?s={search_term_string}\"},\"query-input\":{\"@type\":\"PropertyValueSpecification\",\"valueRequired\":true,\"valueName\":\"search_term_string\"}}],\"inLanguage\":\"pt-PT\"},{\"@type\":\"Organization\",\"@id\":\"https:\/\/brasilnoticias.org\/site\/#organization\",\"name\":\"Brasil not\u00edcias\",\"url\":\"https:\/\/brasilnoticias.org\/site\/\",\"logo\":{\"@type\":\"ImageObject\",\"inLanguage\":\"pt-PT\",\"@id\":\"https:\/\/brasilnoticias.org\/site\/#\/schema\/logo\/image\/\",\"url\":\"https:\/\/brasilnoticias.org\/site\/wp-content\/uploads\/2022\/05\/cropped-brasilnoticias-mini.jpg\",\"contentUrl\":\"https:\/\/brasilnoticias.org\/site\/wp-content\/uploads\/2022\/05\/cropped-brasilnoticias-mini.jpg\",\"width\":314,\"height\":86,\"caption\":\"Brasil not\u00edcias\"},\"image\":{\"@id\":\"https:\/\/brasilnoticias.org\/site\/#\/schema\/logo\/image\/\"}},{\"@type\":\"Person\",\"@id\":\"https:\/\/brasilnoticias.org\/site\/#\/schema\/person\/03bbbfe6c7634ad18c26444ea39049fa\",\"name\":\"Reda\u00e7\u00e3o\",\"image\":{\"@type\":\"ImageObject\",\"inLanguage\":\"pt-PT\",\"@id\":\"https:\/\/brasilnoticias.org\/site\/#\/schema\/person\/image\/\",\"url\":\"https:\/\/secure.gravatar.com\/avatar\/9ecaf7327a696cb23ad926fedded5f1f04d7049de9e445375d55b48c001a6e42?s=96&d=mm&r=g\",\"contentUrl\":\"https:\/\/secure.gravatar.com\/avatar\/9ecaf7327a696cb23ad926fedded5f1f04d7049de9e445375d55b48c001a6e42?s=96&d=mm&r=g\",\"caption\":\"Reda\u00e7\u00e3o\"},\"url\":\"https:\/\/brasilnoticias.org\/site\/author\/henrique\/\"}]}<\/script>\n<!-- \/ Yoast SEO plugin. -->","yoast_head_json":{"title":"Republicanos realiza conven\u00e7\u00e3o e oficializa 44 candidaturas em Salvador - Brasil not\u00edcias","robots":{"index":"index","follow":"follow","max-snippet":"max-snippet:-1","max-image-preview":"max-image-preview:large","max-video-preview":"max-video-preview:-1"},"canonical":"https:\/\/brasilnoticias.org\/site\/republicanos-realiza-convencao-e-oficializa-44-candidaturas-em-salvador\/","og_locale":"pt_PT","og_type":"article","og_title":"Republicanos realiza conven\u00e7\u00e3o e oficializa 44 candidaturas em Salvador - Brasil not\u00edcias","og_description":"O Republicanos Bahia oficializou, nesta quinta-feira (25), as 44 candidaturas que disputar\u00e3o as elei\u00e7\u00f5es, no dia 6 de outubro, em","og_url":"https:\/\/brasilnoticias.org\/site\/republicanos-realiza-convencao-e-oficializa-44-candidaturas-em-salvador\/","og_site_name":"Brasil not\u00edcias","article_published_time":"2024-07-25T23:36:56+00:00","og_image":[{"width":1600,"height":1200,"url":"https:\/\/brasilnoticias.org\/site\/wp-content\/uploads\/2024\/07\/WhatsApp-Image-2024-07-25-at-20.27.32-1.jpeg","type":"image\/jpeg"}],"author":"Reda\u00e7\u00e3o","twitter_card":"summary_large_image","twitter_misc":{"Escrito por":"Reda\u00e7\u00e3o","Tempo estimado de leitura":"1 minuto"},"schema":{"@context":"https:\/\/schema.org","@graph":[{"@type":"Article","@id":"https:\/\/brasilnoticias.org\/site\/republicanos-realiza-convencao-e-oficializa-44-candidaturas-em-salvador\/#article","isPartOf":{"@id":"https:\/\/brasilnoticias.org\/site\/republicanos-realiza-convencao-e-oficializa-44-candidaturas-em-salvador\/"},"author":{"name":"Reda\u00e7\u00e3o","@id":"https:\/\/brasilnoticias.org\/site\/#\/schema\/person\/03bbbfe6c7634ad18c26444ea39049fa"},"headline":"Republicanos realiza conven\u00e7\u00e3o e oficializa 44 candidaturas em Salvador","datePublished":"2024-07-25T23:36:56+00:00","mainEntityOfPage":{"@id":"https:\/\/brasilnoticias.org\/site\/republicanos-realiza-convencao-e-oficializa-44-candidaturas-em-salvador\/"},"wordCount":298,"commentCount":0,"publisher":{"@id":"https:\/\/brasilnoticias.org\/site\/#organization"},"image":{"@id":"https:\/\/brasilnoticias.org\/site\/republicanos-realiza-convencao-e-oficializa-44-candidaturas-em-salvador\/#primaryimage"},"thumbnailUrl":"https:\/\/brasilnoticias.org\/site\/wp-content\/uploads\/2024\/07\/WhatsApp-Image-2024-07-25-at-20.27.32-1.jpeg","articleSection":["Pol\u00edtica","\u00daltimas"],"inLanguage":"pt-PT","potentialAction":[{"@type":"CommentAction","name":"Comment","target":["https:\/\/brasilnoticias.org\/site\/republicanos-realiza-convencao-e-oficializa-44-candidaturas-em-salvador\/#respond"]}]},{"@type":"WebPage","@id":"https:\/\/brasilnoticias.org\/site\/republicanos-realiza-convencao-e-oficializa-44-candidaturas-em-salvador\/","url":"https:\/\/brasilnoticias.org\/site\/republicanos-realiza-convencao-e-oficializa-44-candidaturas-em-salvador\/","name":"Republicanos realiza conven\u00e7\u00e3o e oficializa 44 candidaturas em Salvador - Brasil not\u00edcias","isPartOf":{"@id":"https:\/\/brasilnoticias.org\/site\/#website"},"primaryImageOfPage":{"@id":"https:\/\/brasilnoticias.org\/site\/republicanos-realiza-convencao-e-oficializa-44-candidaturas-em-salvador\/#primaryimage"},"image":{"@id":"https:\/\/brasilnoticias.org\/site\/republicanos-realiza-convencao-e-oficializa-44-candidaturas-em-salvador\/#primaryimage"},"thumbnailUrl":"https:\/\/brasilnoticias.org\/site\/wp-content\/uploads\/2024\/07\/WhatsApp-Image-2024-07-25-at-20.27.32-1.jpeg","datePublished":"2024-07-25T23:36:56+00:00","breadcrumb":{"@id":"https:\/\/brasilnoticias.org\/site\/republicanos-realiza-convencao-e-oficializa-44-candidaturas-em-salvador\/#breadcrumb"},"inLanguage":"pt-PT","potentialAction":[{"@type":"ReadAction","target":["https:\/\/brasilnoticias.org\/site\/republicanos-realiza-convencao-e-oficializa-44-candidaturas-em-salvador\/"]}]},{"@type":"ImageObject","inLanguage":"pt-PT","@id":"https:\/\/brasilnoticias.org\/site\/republicanos-realiza-convencao-e-oficializa-44-candidaturas-em-salvador\/#primaryimage","url":"https:\/\/brasilnoticias.org\/site\/wp-content\/uploads\/2024\/07\/WhatsApp-Image-2024-07-25-at-20.27.32-1.jpeg","contentUrl":"https:\/\/brasilnoticias.org\/site\/wp-content\/uploads\/2024\/07\/WhatsApp-Image-2024-07-25-at-20.27.32-1.jpeg","width":1600,"height":1200},{"@type":"BreadcrumbList","@id":"https:\/\/brasilnoticias.org\/site\/republicanos-realiza-convencao-e-oficializa-44-candidaturas-em-salvador\/#breadcrumb","itemListElement":[{"@type":"ListItem","position":1,"name":"In\u00edcio","item":"https:\/\/brasilnoticias.org\/site\/"},{"@type":"ListItem","position":2,"name":"Republicanos realiza conven\u00e7\u00e3o e oficializa 44 candidaturas em Salvador"}]},{"@type":"WebSite","@id":"https:\/\/brasilnoticias.org\/site\/#website","url":"https:\/\/brasilnoticias.org\/site\/","name":"Brasil not\u00edcias","description":"Brasil not\u00edcias","publisher":{"@id":"https:\/\/brasilnoticias.org\/site\/#organization"},"potentialAction":[{"@type":"SearchAction","target":{"@type":"EntryPoint","urlTemplate":"https:\/\/brasilnoticias.org\/site\/?s={search_term_string}"},"query-input":{"@type":"PropertyValueSpecification","valueRequired":true,"valueName":"search_term_string"}}],"inLanguage":"pt-PT"},{"@type":"Organization","@id":"https:\/\/brasilnoticias.org\/site\/#organization","name":"Brasil not\u00edcias","url":"https:\/\/brasilnoticias.org\/site\/","logo":{"@type":"ImageObject","inLanguage":"pt-PT","@id":"https:\/\/brasilnoticias.org\/site\/#\/schema\/logo\/image\/","url":"https:\/\/brasilnoticias.org\/site\/wp-content\/uploads\/2022\/05\/cropped-brasilnoticias-mini.jpg","contentUrl":"https:\/\/brasilnoticias.org\/site\/wp-content\/uploads\/2022\/05\/cropped-brasilnoticias-mini.jpg","width":314,"height":86,"caption":"Brasil not\u00edcias"},"image":{"@id":"https:\/\/brasilnoticias.org\/site\/#\/schema\/logo\/image\/"}},{"@type":"Person","@id":"https:\/\/brasilnoticias.org\/site\/#\/schema\/person\/03bbbfe6c7634ad18c26444ea39049fa","name":"Reda\u00e7\u00e3o","image":{"@type":"ImageObject","inLanguage":"pt-PT","@id":"https:\/\/brasilnoticias.org\/site\/#\/schema\/person\/image\/","url":"https:\/\/secure.gravatar.com\/avatar\/9ecaf7327a696cb23ad926fedded5f1f04d7049de9e445375d55b48c001a6e42?s=96&d=mm&r=g","contentUrl":"https:\/\/secure.gravatar.com\/avatar\/9ecaf7327a696cb23ad926fedded5f1f04d7049de9e445375d55b48c001a6e42?s=96&d=mm&r=g","caption":"Reda\u00e7\u00e3o"},"url":"https:\/\/brasilnoticias.org\/site\/author\/henrique\/"}]}},"_links":{"self":[{"href":"https:\/\/brasilnoticias.org\/site\/wp-json\/wp\/v2\/posts\/15186","targetHints":{"allow":["GET"]}}],"collection":[{"href":"https:\/\/brasilnoticias.org\/site\/wp-json\/wp\/v2\/posts"}],"about":[{"href":"https:\/\/brasilnoticias.org\/site\/wp-json\/wp\/v2\/types\/post"}],"author":[{"embeddable":true,"href":"https:\/\/brasilnoticias.org\/site\/wp-json\/wp\/v2\/users\/4"}],"replies":[{"embeddable":true,"href":"https:\/\/brasilnoticias.org\/site\/wp-json\/wp\/v2\/comments?post=15186"}],"version-history":[{"count":1,"href":"https:\/\/brasilnoticias.org\/site\/wp-json\/wp\/v2\/posts\/15186\/revisions"}],"predecessor-version":[{"id":15191,"href":"https:\/\/brasilnoticias.org\/site\/wp-json\/wp\/v2\/posts\/15186\/revisions\/15191"}],"wp:featuredmedia":[{"embeddable":true,"href":"https:\/\/brasilnoticias.org\/site\/wp-json\/wp\/v2\/media\/15187"}],"wp:attachment":[{"href":"https:\/\/brasilnoticias.org\/site\/wp-json\/wp\/v2\/media?parent=15186"}],"wp:term":[{"taxonomy":"category","embeddable":true,"href":"https:\/\/brasilnoticias.org\/site\/wp-json\/wp\/v2\/categories?post=15186"},{"taxonomy":"post_tag","embeddable":true,"href":"https:\/\/brasilnoticias.org\/site\/wp-json\/wp\/v2\/tags?post=15186"}],"curies":[{"name":"wp","href":"https:\/\/api.w.org\/{rel}","templated":true}]}}