{"id":15192,"date":"2024-07-26T12:46:47","date_gmt":"2024-07-26T15:46:47","guid":{"rendered":"https:\/\/brasilnoticias.org\/site\/?p=15192"},"modified":"2024-07-26T12:46:47","modified_gmt":"2024-07-26T15:46:47","slug":"bnews-se-consolida-no-radio-e-fecha-parcerias-com-cbn-salvador-e-cultura-da-bahia-confira-programacao","status":"publish","type":"post","link":"https:\/\/brasilnoticias.org\/site\/bnews-se-consolida-no-radio-e-fecha-parcerias-com-cbn-salvador-e-cultura-da-bahia-confira-programacao\/","title":{"rendered":"BNews se consolida no r\u00e1dio e fecha parcerias com CBN Salvador e Cultura da Bahia; confira programa\u00e7\u00e3o"},"content":{"rendered":"<p>Com quase um ano de lideran\u00e7a absoluta entre os ve\u00edculos de not\u00edcias online na Bahia, o BNewsvai expandir sua atua\u00e7\u00e3o para as r\u00e1dios do estado. J\u00e1 presente na programa\u00e7\u00e3o da Itapoan FM, a partir de agosto, o programa BNews Agora tamb\u00e9m ser\u00e1 apresentado nas r\u00e1dios CBN Salvador (100.7 FM) e Cultura da Bahia (1140 AM).<\/p>\n<p>A novidade foi anunciada na manh\u00e3 desta sexta-feira (26), pelo diretor da r\u00e1dio CBN Salvador, Andr\u00e9 Sp\u00ednola, durante o programa CBN Bahia. Em contato com a reportagem do BNews, o radialista se mostrou otimista com a parceria. &#8220;Eu estou muito feliz com tudo isso e n\u00e3o tenho d\u00favida que essa parceria vai trazer um fortalecimento da comunica\u00e7\u00e3o em todo o estado da Bahia&#8221;, declarou.<\/p>\n<p>&#8220;Essa parceria entre a CBN e o BNews coincide em um momento super importante do site, por exemplo, onde os n\u00fameros mostram que o BNews est\u00e1 entre os principais sites de todo o pa\u00eds. A CBN \u00e9 a maior rede de r\u00e1dios wallnews do pa\u00eds e respira not\u00edcia, o pr\u00f3prio bord\u00e3o diz, a r\u00e1dio que toca not\u00edcia. Ent\u00e3o, casa muito com o jornalismo do site BNews&#8221;, justifica.<\/p>\n<p><img loading=\"lazy\" decoding=\"async\" src=\"http:\/\/massanoticias.com.br\/wp-content\/uploads\/2024\/07\/whatsapp_image_2024-07-26_at_10.57.15-300x225.jpeg\" alt=\"\" width=\"300\" height=\"225\" class=\"alignnone size-medium wp-image-14713\" \/><\/p>\n<p>Na CBN Salvador, o programa BNews Agora ser\u00e1 exibido diariamente, de segunda a sexta-feira, das 15h \u00e0s 16h, com not\u00edcias sobre o cotidiano, presta\u00e7\u00e3o de servi\u00e7o e os bastidores da pol\u00edtica baiana \u00e0s v\u00e9speras das elei\u00e7\u00f5es. A estreia acontece no dia 19 de agosto. Al\u00e9m disso, ao longo da programa\u00e7\u00e3o, a equipe do BNews apresentar\u00e1 direto da reda\u00e7\u00e3o, ao vivo na r\u00e1dio, os fatos mais importantes do dia.<\/p>\n<p>Mas, n\u00e3o para por a\u00ed. A presen\u00e7a do BNews no sistema de r\u00e1dio ser\u00e1 ainda maior com a parceria tamb\u00e9m com a R\u00e1dio Cultra da Bahia, na sintonia 1140 AM. Na emissora, o site ter\u00e1 quatro edi\u00e7\u00f5es do BNews Agora, das 7h \u00e0s 9h, \u00e0s 12h, \u00e0s 15h (transmiss\u00e3o simult\u00e2nea com a CBN Salvador) e das 18h \u00e0s 19h.<\/p>\n<p>Por fim, a equipe de esportes do BNews tamb\u00e9m foi convocada nessa expans\u00e3o. Diariamente, de segunda a sexta, rep\u00f3rteres e apresentadores fazem a Resenha Esportiva da emissora, al\u00e9m de transmiss\u00f5es dos jogos de Bahia e Vit\u00f3ria na programa\u00e7\u00e3o da R\u00e1dio Cultura da Bahia.<\/p>\n<p>Foto: Divulga\u00e7\u00e3o<br \/>\nBNews<\/p>\n","protected":false},"excerpt":{"rendered":"<p>Com quase um ano de lideran\u00e7a absoluta entre os ve\u00edculos de not\u00edcias online na Bahia, o BNewsvai expandir sua atua\u00e7\u00e3o<\/p>\n","protected":false},"author":4,"featured_media":15193,"comment_status":"open","ping_status":"open","sticky":false,"template":"","format":"standard","meta":{"colormag_page_container_layout":"default_layout","colormag_page_sidebar_layout":"default_layout","_FSMCFIC_featured_image_caption":"","_FSMCFIC_featured_image_nocaption":"","_FSMCFIC_featured_image_hide":"","footnotes":""},"categories":[2,1],"tags":[],"class_list":["post-15192","post","type-post","status-publish","format-standard","has-post-thumbnail","hentry","category-noticias","category-ultimas"],"yoast_head":"<!-- This site is optimized with the Yoast SEO plugin v27.1.1 - https:\/\/yoast.com\/product\/yoast-seo-wordpress\/ -->\n<title>BNews se consolida no r\u00e1dio e fecha parcerias com CBN Salvador e Cultura da Bahia; confira programa\u00e7\u00e3o - Brasil not\u00edcias<\/title>\n<meta name=\"robots\" content=\"index, follow, max-snippet:-1, max-image-preview:large, max-video-preview:-1\" \/>\n<link rel=\"canonical\" href=\"https:\/\/brasilnoticias.org\/site\/bnews-se-consolida-no-radio-e-fecha-parcerias-com-cbn-salvador-e-cultura-da-bahia-confira-programacao\/\" \/>\n<meta property=\"og:locale\" content=\"pt_PT\" \/>\n<meta property=\"og:type\" content=\"article\" \/>\n<meta property=\"og:title\" content=\"BNews se consolida no r\u00e1dio e fecha parcerias com CBN Salvador e Cultura da Bahia; confira programa\u00e7\u00e3o - Brasil not\u00edcias\" \/>\n<meta property=\"og:description\" content=\"Com quase um ano de lideran\u00e7a absoluta entre os ve\u00edculos de not\u00edcias online na Bahia, o BNewsvai expandir sua atua\u00e7\u00e3o\" \/>\n<meta property=\"og:url\" content=\"https:\/\/brasilnoticias.org\/site\/bnews-se-consolida-no-radio-e-fecha-parcerias-com-cbn-salvador-e-cultura-da-bahia-confira-programacao\/\" \/>\n<meta property=\"og:site_name\" content=\"Brasil not\u00edcias\" \/>\n<meta property=\"article:published_time\" content=\"2024-07-26T15:46:47+00:00\" \/>\n<meta property=\"og:image\" content=\"https:\/\/brasilnoticias.org\/site\/wp-content\/uploads\/2024\/07\/ffyhhw_widelg.webp\" \/>\n\t<meta property=\"og:image:width\" content=\"700\" \/>\n\t<meta property=\"og:image:height\" content=\"410\" \/>\n\t<meta property=\"og:image:type\" content=\"image\/webp\" \/>\n<meta name=\"author\" content=\"Reda\u00e7\u00e3o\" \/>\n<meta name=\"twitter:card\" content=\"summary_large_image\" \/>\n<meta name=\"twitter:label1\" content=\"Escrito por\" \/>\n\t<meta name=\"twitter:data1\" content=\"Reda\u00e7\u00e3o\" \/>\n\t<meta name=\"twitter:label2\" content=\"Tempo estimado de leitura\" \/>\n\t<meta name=\"twitter:data2\" content=\"1 minuto\" \/>\n<script type=\"application\/ld+json\" class=\"yoast-schema-graph\">{\"@context\":\"https:\/\/schema.org\",\"@graph\":[{\"@type\":\"Article\",\"@id\":\"https:\/\/brasilnoticias.org\/site\/bnews-se-consolida-no-radio-e-fecha-parcerias-com-cbn-salvador-e-cultura-da-bahia-confira-programacao\/#article\",\"isPartOf\":{\"@id\":\"https:\/\/brasilnoticias.org\/site\/bnews-se-consolida-no-radio-e-fecha-parcerias-com-cbn-salvador-e-cultura-da-bahia-confira-programacao\/\"},\"author\":{\"name\":\"Reda\u00e7\u00e3o\",\"@id\":\"https:\/\/brasilnoticias.org\/site\/#\/schema\/person\/03bbbfe6c7634ad18c26444ea39049fa\"},\"headline\":\"BNews se consolida no r\u00e1dio e fecha parcerias com CBN Salvador e Cultura da Bahia; confira programa\u00e7\u00e3o\",\"datePublished\":\"2024-07-26T15:46:47+00:00\",\"mainEntityOfPage\":{\"@id\":\"https:\/\/brasilnoticias.org\/site\/bnews-se-consolida-no-radio-e-fecha-parcerias-com-cbn-salvador-e-cultura-da-bahia-confira-programacao\/\"},\"wordCount\":422,\"commentCount\":0,\"publisher\":{\"@id\":\"https:\/\/brasilnoticias.org\/site\/#organization\"},\"image\":{\"@id\":\"https:\/\/brasilnoticias.org\/site\/bnews-se-consolida-no-radio-e-fecha-parcerias-com-cbn-salvador-e-cultura-da-bahia-confira-programacao\/#primaryimage\"},\"thumbnailUrl\":\"https:\/\/brasilnoticias.org\/site\/wp-content\/uploads\/2024\/07\/ffyhhw_widelg.webp\",\"articleSection\":[\"Not\u00edcias\",\"\u00daltimas\"],\"inLanguage\":\"pt-PT\",\"potentialAction\":[{\"@type\":\"CommentAction\",\"name\":\"Comment\",\"target\":[\"https:\/\/brasilnoticias.org\/site\/bnews-se-consolida-no-radio-e-fecha-parcerias-com-cbn-salvador-e-cultura-da-bahia-confira-programacao\/#respond\"]}]},{\"@type\":\"WebPage\",\"@id\":\"https:\/\/brasilnoticias.org\/site\/bnews-se-consolida-no-radio-e-fecha-parcerias-com-cbn-salvador-e-cultura-da-bahia-confira-programacao\/\",\"url\":\"https:\/\/brasilnoticias.org\/site\/bnews-se-consolida-no-radio-e-fecha-parcerias-com-cbn-salvador-e-cultura-da-bahia-confira-programacao\/\",\"name\":\"BNews se consolida no r\u00e1dio e fecha parcerias com CBN Salvador e Cultura da Bahia; confira programa\u00e7\u00e3o - Brasil not\u00edcias\",\"isPartOf\":{\"@id\":\"https:\/\/brasilnoticias.org\/site\/#website\"},\"primaryImageOfPage\":{\"@id\":\"https:\/\/brasilnoticias.org\/site\/bnews-se-consolida-no-radio-e-fecha-parcerias-com-cbn-salvador-e-cultura-da-bahia-confira-programacao\/#primaryimage\"},\"image\":{\"@id\":\"https:\/\/brasilnoticias.org\/site\/bnews-se-consolida-no-radio-e-fecha-parcerias-com-cbn-salvador-e-cultura-da-bahia-confira-programacao\/#primaryimage\"},\"thumbnailUrl\":\"https:\/\/brasilnoticias.org\/site\/wp-content\/uploads\/2024\/07\/ffyhhw_widelg.webp\",\"datePublished\":\"2024-07-26T15:46:47+00:00\",\"breadcrumb\":{\"@id\":\"https:\/\/brasilnoticias.org\/site\/bnews-se-consolida-no-radio-e-fecha-parcerias-com-cbn-salvador-e-cultura-da-bahia-confira-programacao\/#breadcrumb\"},\"inLanguage\":\"pt-PT\",\"potentialAction\":[{\"@type\":\"ReadAction\",\"target\":[\"https:\/\/brasilnoticias.org\/site\/bnews-se-consolida-no-radio-e-fecha-parcerias-com-cbn-salvador-e-cultura-da-bahia-confira-programacao\/\"]}]},{\"@type\":\"ImageObject\",\"inLanguage\":\"pt-PT\",\"@id\":\"https:\/\/brasilnoticias.org\/site\/bnews-se-consolida-no-radio-e-fecha-parcerias-com-cbn-salvador-e-cultura-da-bahia-confira-programacao\/#primaryimage\",\"url\":\"https:\/\/brasilnoticias.org\/site\/wp-content\/uploads\/2024\/07\/ffyhhw_widelg.webp\",\"contentUrl\":\"https:\/\/brasilnoticias.org\/site\/wp-content\/uploads\/2024\/07\/ffyhhw_widelg.webp\",\"width\":700,\"height\":410},{\"@type\":\"BreadcrumbList\",\"@id\":\"https:\/\/brasilnoticias.org\/site\/bnews-se-consolida-no-radio-e-fecha-parcerias-com-cbn-salvador-e-cultura-da-bahia-confira-programacao\/#breadcrumb\",\"itemListElement\":[{\"@type\":\"ListItem\",\"position\":1,\"name\":\"In\u00edcio\",\"item\":\"https:\/\/brasilnoticias.org\/site\/\"},{\"@type\":\"ListItem\",\"position\":2,\"name\":\"BNews se consolida no r\u00e1dio e fecha parcerias com CBN Salvador e Cultura da Bahia; confira programa\u00e7\u00e3o\"}]},{\"@type\":\"WebSite\",\"@id\":\"https:\/\/brasilnoticias.org\/site\/#website\",\"url\":\"https:\/\/brasilnoticias.org\/site\/\",\"name\":\"Brasil not\u00edcias\",\"description\":\"Brasil not\u00edcias\",\"publisher\":{\"@id\":\"https:\/\/brasilnoticias.org\/site\/#organization\"},\"potentialAction\":[{\"@type\":\"SearchAction\",\"target\":{\"@type\":\"EntryPoint\",\"urlTemplate\":\"https:\/\/brasilnoticias.org\/site\/?s={search_term_string}\"},\"query-input\":{\"@type\":\"PropertyValueSpecification\",\"valueRequired\":true,\"valueName\":\"search_term_string\"}}],\"inLanguage\":\"pt-PT\"},{\"@type\":\"Organization\",\"@id\":\"https:\/\/brasilnoticias.org\/site\/#organization\",\"name\":\"Brasil not\u00edcias\",\"url\":\"https:\/\/brasilnoticias.org\/site\/\",\"logo\":{\"@type\":\"ImageObject\",\"inLanguage\":\"pt-PT\",\"@id\":\"https:\/\/brasilnoticias.org\/site\/#\/schema\/logo\/image\/\",\"url\":\"https:\/\/brasilnoticias.org\/site\/wp-content\/uploads\/2022\/05\/cropped-brasilnoticias-mini.jpg\",\"contentUrl\":\"https:\/\/brasilnoticias.org\/site\/wp-content\/uploads\/2022\/05\/cropped-brasilnoticias-mini.jpg\",\"width\":314,\"height\":86,\"caption\":\"Brasil not\u00edcias\"},\"image\":{\"@id\":\"https:\/\/brasilnoticias.org\/site\/#\/schema\/logo\/image\/\"}},{\"@type\":\"Person\",\"@id\":\"https:\/\/brasilnoticias.org\/site\/#\/schema\/person\/03bbbfe6c7634ad18c26444ea39049fa\",\"name\":\"Reda\u00e7\u00e3o\",\"image\":{\"@type\":\"ImageObject\",\"inLanguage\":\"pt-PT\",\"@id\":\"https:\/\/brasilnoticias.org\/site\/#\/schema\/person\/image\/\",\"url\":\"https:\/\/secure.gravatar.com\/avatar\/9ecaf7327a696cb23ad926fedded5f1f04d7049de9e445375d55b48c001a6e42?s=96&d=mm&r=g\",\"contentUrl\":\"https:\/\/secure.gravatar.com\/avatar\/9ecaf7327a696cb23ad926fedded5f1f04d7049de9e445375d55b48c001a6e42?s=96&d=mm&r=g\",\"caption\":\"Reda\u00e7\u00e3o\"},\"url\":\"https:\/\/brasilnoticias.org\/site\/author\/henrique\/\"}]}<\/script>\n<!-- \/ Yoast SEO plugin. -->","yoast_head_json":{"title":"BNews se consolida no r\u00e1dio e fecha parcerias com CBN Salvador e Cultura da Bahia; confira programa\u00e7\u00e3o - Brasil not\u00edcias","robots":{"index":"index","follow":"follow","max-snippet":"max-snippet:-1","max-image-preview":"max-image-preview:large","max-video-preview":"max-video-preview:-1"},"canonical":"https:\/\/brasilnoticias.org\/site\/bnews-se-consolida-no-radio-e-fecha-parcerias-com-cbn-salvador-e-cultura-da-bahia-confira-programacao\/","og_locale":"pt_PT","og_type":"article","og_title":"BNews se consolida no r\u00e1dio e fecha parcerias com CBN Salvador e Cultura da Bahia; confira programa\u00e7\u00e3o - Brasil not\u00edcias","og_description":"Com quase um ano de lideran\u00e7a absoluta entre os ve\u00edculos de not\u00edcias online na Bahia, o BNewsvai expandir sua atua\u00e7\u00e3o","og_url":"https:\/\/brasilnoticias.org\/site\/bnews-se-consolida-no-radio-e-fecha-parcerias-com-cbn-salvador-e-cultura-da-bahia-confira-programacao\/","og_site_name":"Brasil not\u00edcias","article_published_time":"2024-07-26T15:46:47+00:00","og_image":[{"width":700,"height":410,"url":"https:\/\/brasilnoticias.org\/site\/wp-content\/uploads\/2024\/07\/ffyhhw_widelg.webp","type":"image\/webp"}],"author":"Reda\u00e7\u00e3o","twitter_card":"summary_large_image","twitter_misc":{"Escrito por":"Reda\u00e7\u00e3o","Tempo estimado de leitura":"1 minuto"},"schema":{"@context":"https:\/\/schema.org","@graph":[{"@type":"Article","@id":"https:\/\/brasilnoticias.org\/site\/bnews-se-consolida-no-radio-e-fecha-parcerias-com-cbn-salvador-e-cultura-da-bahia-confira-programacao\/#article","isPartOf":{"@id":"https:\/\/brasilnoticias.org\/site\/bnews-se-consolida-no-radio-e-fecha-parcerias-com-cbn-salvador-e-cultura-da-bahia-confira-programacao\/"},"author":{"name":"Reda\u00e7\u00e3o","@id":"https:\/\/brasilnoticias.org\/site\/#\/schema\/person\/03bbbfe6c7634ad18c26444ea39049fa"},"headline":"BNews se consolida no r\u00e1dio e fecha parcerias com CBN Salvador e Cultura da Bahia; confira programa\u00e7\u00e3o","datePublished":"2024-07-26T15:46:47+00:00","mainEntityOfPage":{"@id":"https:\/\/brasilnoticias.org\/site\/bnews-se-consolida-no-radio-e-fecha-parcerias-com-cbn-salvador-e-cultura-da-bahia-confira-programacao\/"},"wordCount":422,"commentCount":0,"publisher":{"@id":"https:\/\/brasilnoticias.org\/site\/#organization"},"image":{"@id":"https:\/\/brasilnoticias.org\/site\/bnews-se-consolida-no-radio-e-fecha-parcerias-com-cbn-salvador-e-cultura-da-bahia-confira-programacao\/#primaryimage"},"thumbnailUrl":"https:\/\/brasilnoticias.org\/site\/wp-content\/uploads\/2024\/07\/ffyhhw_widelg.webp","articleSection":["Not\u00edcias","\u00daltimas"],"inLanguage":"pt-PT","potentialAction":[{"@type":"CommentAction","name":"Comment","target":["https:\/\/brasilnoticias.org\/site\/bnews-se-consolida-no-radio-e-fecha-parcerias-com-cbn-salvador-e-cultura-da-bahia-confira-programacao\/#respond"]}]},{"@type":"WebPage","@id":"https:\/\/brasilnoticias.org\/site\/bnews-se-consolida-no-radio-e-fecha-parcerias-com-cbn-salvador-e-cultura-da-bahia-confira-programacao\/","url":"https:\/\/brasilnoticias.org\/site\/bnews-se-consolida-no-radio-e-fecha-parcerias-com-cbn-salvador-e-cultura-da-bahia-confira-programacao\/","name":"BNews se consolida no r\u00e1dio e fecha parcerias com CBN Salvador e Cultura da Bahia; confira programa\u00e7\u00e3o - Brasil not\u00edcias","isPartOf":{"@id":"https:\/\/brasilnoticias.org\/site\/#website"},"primaryImageOfPage":{"@id":"https:\/\/brasilnoticias.org\/site\/bnews-se-consolida-no-radio-e-fecha-parcerias-com-cbn-salvador-e-cultura-da-bahia-confira-programacao\/#primaryimage"},"image":{"@id":"https:\/\/brasilnoticias.org\/site\/bnews-se-consolida-no-radio-e-fecha-parcerias-com-cbn-salvador-e-cultura-da-bahia-confira-programacao\/#primaryimage"},"thumbnailUrl":"https:\/\/brasilnoticias.org\/site\/wp-content\/uploads\/2024\/07\/ffyhhw_widelg.webp","datePublished":"2024-07-26T15:46:47+00:00","breadcrumb":{"@id":"https:\/\/brasilnoticias.org\/site\/bnews-se-consolida-no-radio-e-fecha-parcerias-com-cbn-salvador-e-cultura-da-bahia-confira-programacao\/#breadcrumb"},"inLanguage":"pt-PT","potentialAction":[{"@type":"ReadAction","target":["https:\/\/brasilnoticias.org\/site\/bnews-se-consolida-no-radio-e-fecha-parcerias-com-cbn-salvador-e-cultura-da-bahia-confira-programacao\/"]}]},{"@type":"ImageObject","inLanguage":"pt-PT","@id":"https:\/\/brasilnoticias.org\/site\/bnews-se-consolida-no-radio-e-fecha-parcerias-com-cbn-salvador-e-cultura-da-bahia-confira-programacao\/#primaryimage","url":"https:\/\/brasilnoticias.org\/site\/wp-content\/uploads\/2024\/07\/ffyhhw_widelg.webp","contentUrl":"https:\/\/brasilnoticias.org\/site\/wp-content\/uploads\/2024\/07\/ffyhhw_widelg.webp","width":700,"height":410},{"@type":"BreadcrumbList","@id":"https:\/\/brasilnoticias.org\/site\/bnews-se-consolida-no-radio-e-fecha-parcerias-com-cbn-salvador-e-cultura-da-bahia-confira-programacao\/#breadcrumb","itemListElement":[{"@type":"ListItem","position":1,"name":"In\u00edcio","item":"https:\/\/brasilnoticias.org\/site\/"},{"@type":"ListItem","position":2,"name":"BNews se consolida no r\u00e1dio e fecha parcerias com CBN Salvador e Cultura da Bahia; confira programa\u00e7\u00e3o"}]},{"@type":"WebSite","@id":"https:\/\/brasilnoticias.org\/site\/#website","url":"https:\/\/brasilnoticias.org\/site\/","name":"Brasil not\u00edcias","description":"Brasil not\u00edcias","publisher":{"@id":"https:\/\/brasilnoticias.org\/site\/#organization"},"potentialAction":[{"@type":"SearchAction","target":{"@type":"EntryPoint","urlTemplate":"https:\/\/brasilnoticias.org\/site\/?s={search_term_string}"},"query-input":{"@type":"PropertyValueSpecification","valueRequired":true,"valueName":"search_term_string"}}],"inLanguage":"pt-PT"},{"@type":"Organization","@id":"https:\/\/brasilnoticias.org\/site\/#organization","name":"Brasil not\u00edcias","url":"https:\/\/brasilnoticias.org\/site\/","logo":{"@type":"ImageObject","inLanguage":"pt-PT","@id":"https:\/\/brasilnoticias.org\/site\/#\/schema\/logo\/image\/","url":"https:\/\/brasilnoticias.org\/site\/wp-content\/uploads\/2022\/05\/cropped-brasilnoticias-mini.jpg","contentUrl":"https:\/\/brasilnoticias.org\/site\/wp-content\/uploads\/2022\/05\/cropped-brasilnoticias-mini.jpg","width":314,"height":86,"caption":"Brasil not\u00edcias"},"image":{"@id":"https:\/\/brasilnoticias.org\/site\/#\/schema\/logo\/image\/"}},{"@type":"Person","@id":"https:\/\/brasilnoticias.org\/site\/#\/schema\/person\/03bbbfe6c7634ad18c26444ea39049fa","name":"Reda\u00e7\u00e3o","image":{"@type":"ImageObject","inLanguage":"pt-PT","@id":"https:\/\/brasilnoticias.org\/site\/#\/schema\/person\/image\/","url":"https:\/\/secure.gravatar.com\/avatar\/9ecaf7327a696cb23ad926fedded5f1f04d7049de9e445375d55b48c001a6e42?s=96&d=mm&r=g","contentUrl":"https:\/\/secure.gravatar.com\/avatar\/9ecaf7327a696cb23ad926fedded5f1f04d7049de9e445375d55b48c001a6e42?s=96&d=mm&r=g","caption":"Reda\u00e7\u00e3o"},"url":"https:\/\/brasilnoticias.org\/site\/author\/henrique\/"}]}},"_links":{"self":[{"href":"https:\/\/brasilnoticias.org\/site\/wp-json\/wp\/v2\/posts\/15192","targetHints":{"allow":["GET"]}}],"collection":[{"href":"https:\/\/brasilnoticias.org\/site\/wp-json\/wp\/v2\/posts"}],"about":[{"href":"https:\/\/brasilnoticias.org\/site\/wp-json\/wp\/v2\/types\/post"}],"author":[{"embeddable":true,"href":"https:\/\/brasilnoticias.org\/site\/wp-json\/wp\/v2\/users\/4"}],"replies":[{"embeddable":true,"href":"https:\/\/brasilnoticias.org\/site\/wp-json\/wp\/v2\/comments?post=15192"}],"version-history":[{"count":1,"href":"https:\/\/brasilnoticias.org\/site\/wp-json\/wp\/v2\/posts\/15192\/revisions"}],"predecessor-version":[{"id":15194,"href":"https:\/\/brasilnoticias.org\/site\/wp-json\/wp\/v2\/posts\/15192\/revisions\/15194"}],"wp:featuredmedia":[{"embeddable":true,"href":"https:\/\/brasilnoticias.org\/site\/wp-json\/wp\/v2\/media\/15193"}],"wp:attachment":[{"href":"https:\/\/brasilnoticias.org\/site\/wp-json\/wp\/v2\/media?parent=15192"}],"wp:term":[{"taxonomy":"category","embeddable":true,"href":"https:\/\/brasilnoticias.org\/site\/wp-json\/wp\/v2\/categories?post=15192"},{"taxonomy":"post_tag","embeddable":true,"href":"https:\/\/brasilnoticias.org\/site\/wp-json\/wp\/v2\/tags?post=15192"}],"curies":[{"name":"wp","href":"https:\/\/api.w.org\/{rel}","templated":true}]}}