{"id":15195,"date":"2024-07-26T13:09:08","date_gmt":"2024-07-26T16:09:08","guid":{"rendered":"https:\/\/brasilnoticias.org\/site\/?p=15195"},"modified":"2024-07-26T13:09:08","modified_gmt":"2024-07-26T16:09:08","slug":"janio-de-freitas-se-eleita-kamala-levara-uma-mentalidade-contrastante-com-a-dos-politicos-norte-americanos","status":"publish","type":"post","link":"https:\/\/brasilnoticias.org\/site\/janio-de-freitas-se-eleita-kamala-levara-uma-mentalidade-contrastante-com-a-dos-politicos-norte-americanos\/","title":{"rendered":"Janio de Freitas: se eleita, Kamala levar\u00e1 uma mentalidade contrastante com a dos pol\u00edticos norte-americanos"},"content":{"rendered":"<p>Este \u00e9 um artigo escrito pelo jornalista Janio de Freitas para o portal Poder360<\/p>\n<p>O n\u00famero \u00e9 aterrador: 722 milh\u00f5es de seres humanos no mundo passam fome. N\u00famero crescente de fome, mais 22 milh\u00f5es do que em 2020\/2022. Estimativa conjunta de 5 ag\u00eancias da ONU.<\/p>\n<p>Os envios de armas, muni\u00e7\u00e3o, tanques e avi\u00f5es dos Estados Unidos e da Europa-Otan, para impulsionar a guerra da Ucr\u00e2nia e o massacre dos palestinos, est\u00e1 na casa dos US$ 200 bilh\u00f5es. E vai adiante. <\/p>\n<p>O Congresso dos Estados Unidos, que autoriza a parte norte-americana desse gasto, concedeu ao condutor do massacre palestino a honra de receb\u00ea-lo em sess\u00e3o solene e ouvi-lo em discurso sobre a devasta\u00e7\u00e3o de Gaza. Na mesma ocasi\u00e3o em que o Tribunal Penal Internacional reconheceu mais uma viola\u00e7\u00e3o da Conven\u00e7\u00e3o de Genebra por Israel. Invadir e construir col\u00f4nias israelenses em terras da Cisjord\u00e2nia e de Jerusal\u00e9m Oriental s\u00e3o a\u00e7\u00f5es ilegais. Transgress\u00f5es ao direito internacional. Crimes.<\/p>\n<p>Donald Trump diz falsidades dignas de Benjamin Netanyahu e Netanyahu falseia com a desfa\u00e7atez de Trump. Para um e para outro, o mesmo aplauso exuberante da maioria de congressistas. Apesar de quase 100 anos entre cenas id\u00eanticas dos anos 1930 e de agora.<\/p>\n<p>A recusa de Kamala Harris a presidir, por atribui\u00e7\u00e3o da Vice-Presid\u00eancia, a sess\u00e3o de Netanyahu foi j\u00e1 um ato indissoci\u00e1vel da candidata. Quisesse s\u00f3 evitar formalidades equivocantes ou antecipar, para o p\u00fablico, uma dist\u00e2ncia pol\u00edtica que atinge tamb\u00e9m o governo Biden, j\u00e1 seria uma brava atitude, com proje\u00e7\u00f5es arriscadas na influente comunidade judaica.<\/p>\n<p>Parecidos em v\u00e1rios tra\u00e7os da personalidade, como mentirosos Netanyahu e Trump s\u00e3o iguais. Do primeiro, ante as manifesta\u00e7\u00f5es contr\u00e1rias: Israel tem informa\u00e7\u00f5es de que \u201cos manifestantes s\u00e3o financiados pelo Ir\u00e3\u201d, mundo afora. Do outro, em com\u00edcio: \u201cEla quer abortos no 8\u00ba e 9\u00ba m\u00eas\u201d. O primeiro comanda um pa\u00eds e uma guerra de mortic\u00ednio furioso. O outro presidiu a maior pot\u00eancia mundial e talvez seja levado pelos conterr\u00e2neos a domin\u00e1-la outra vez.<\/p>\n<p>Ambos pendurados em processos criminais.<\/p>\n<p>Diante disso, a desist\u00eancia for\u00e7ada de Joe Biden, por atrapalhar-se em debate sem sentido e com sinais atribu\u00edveis a ansiol\u00edtico forte, deveria ser motivo de vergonha nacional. Com sua contribui\u00e7\u00e3o decisiva para os horrores israelenses em Gaza e para o continuado sacrif\u00edcio da Ucr\u00e2nia por Putin, associada \u00e0 guerra fria com a China, Biden nada fez pelo mundo que nos justificasse sua reelei\u00e7\u00e3o. Faz\u00ea-lo \u00e9 o que se espera da necess\u00e1ria vit\u00f3ria de Kamala Harris sobre Trump.<\/p>\n<p>No argumento trumpista de que \u201cn\u00e3o \u00e9 americana nata\u201d, como exigido, Kamala traz uma qualidade particular. De m\u00e3e indiana (bi\u00f3loga e importante pesquisadora de c\u00e2ncer) e pai jamaicano (professor de economia), nasceu na Calif\u00f3rnia, e pronto.<\/p>\n<p>Mas, se eleita, levar\u00e1 para o eixo do mundo uma mentalidade geneticamente contrastante com a dos pol\u00edticos norte-americanos. E originada de duas forma\u00e7\u00f5es \u00e9tnicas enriquecidas pela calma, a reflex\u00e3o, um profundo sentido de humanidade. O quanto Kamala Harris tem dessa carga bendita, pode ser que os norte-americanos nos deixem saber, mais adiante.<\/p>\n<p>Artigo assinado pelo jornalista Janio de Freitas para o portal Poder360 na \u00fatima quinta-feira (25)<\/p>\n<p>Foto: Divulga\u00e7\u00e3o<br \/>\nPor: Metro1<\/p>\n","protected":false},"excerpt":{"rendered":"<p>Este \u00e9 um artigo escrito pelo jornalista Janio de Freitas para o portal Poder360 O n\u00famero \u00e9 aterrador: 722 milh\u00f5es<\/p>\n","protected":false},"author":4,"featured_media":15196,"comment_status":"open","ping_status":"open","sticky":false,"template":"","format":"standard","meta":{"colormag_page_container_layout":"default_layout","colormag_page_sidebar_layout":"default_layout","_FSMCFIC_featured_image_caption":"","_FSMCFIC_featured_image_nocaption":"","_FSMCFIC_featured_image_hide":"","footnotes":""},"categories":[6,1],"tags":[],"class_list":["post-15195","post","type-post","status-publish","format-standard","has-post-thumbnail","hentry","category-mundo","category-ultimas"],"yoast_head":"<!-- This site is optimized with the Yoast SEO plugin v27.1.1 - https:\/\/yoast.com\/product\/yoast-seo-wordpress\/ -->\n<title>Janio de Freitas: se eleita, Kamala levar\u00e1 uma mentalidade contrastante com a dos pol\u00edticos norte-americanos - Brasil not\u00edcias<\/title>\n<meta name=\"robots\" content=\"index, follow, max-snippet:-1, max-image-preview:large, max-video-preview:-1\" \/>\n<link rel=\"canonical\" href=\"https:\/\/brasilnoticias.org\/site\/janio-de-freitas-se-eleita-kamala-levara-uma-mentalidade-contrastante-com-a-dos-politicos-norte-americanos\/\" \/>\n<meta property=\"og:locale\" content=\"pt_PT\" \/>\n<meta property=\"og:type\" content=\"article\" \/>\n<meta property=\"og:title\" content=\"Janio de Freitas: se eleita, Kamala levar\u00e1 uma mentalidade contrastante com a dos pol\u00edticos norte-americanos - Brasil not\u00edcias\" \/>\n<meta property=\"og:description\" content=\"Este \u00e9 um artigo escrito pelo jornalista Janio de Freitas para o portal Poder360 O n\u00famero \u00e9 aterrador: 722 milh\u00f5es\" \/>\n<meta property=\"og:url\" content=\"https:\/\/brasilnoticias.org\/site\/janio-de-freitas-se-eleita-kamala-levara-uma-mentalidade-contrastante-com-a-dos-politicos-norte-americanos\/\" \/>\n<meta property=\"og:site_name\" content=\"Brasil not\u00edcias\" \/>\n<meta property=\"article:published_time\" content=\"2024-07-26T16:09:08+00:00\" \/>\n<meta property=\"og:image\" content=\"https:\/\/brasilnoticias.org\/site\/wp-content\/uploads\/2024\/07\/153267janio-de-freitas-se-eleita-kamala-levara-uma-mentalidade-contrastante-com-a-dos-politicos-norte-americanos-3.jpg\" \/>\n\t<meta property=\"og:image:width\" content=\"1600\" \/>\n\t<meta property=\"og:image:height\" content=\"752\" \/>\n\t<meta property=\"og:image:type\" content=\"image\/jpeg\" \/>\n<meta name=\"author\" content=\"Reda\u00e7\u00e3o\" \/>\n<meta name=\"twitter:card\" content=\"summary_large_image\" \/>\n<meta name=\"twitter:label1\" content=\"Escrito por\" \/>\n\t<meta name=\"twitter:data1\" content=\"Reda\u00e7\u00e3o\" \/>\n\t<meta name=\"twitter:label2\" content=\"Tempo estimado de leitura\" \/>\n\t<meta name=\"twitter:data2\" content=\"1 minuto\" \/>\n<script type=\"application\/ld+json\" class=\"yoast-schema-graph\">{\"@context\":\"https:\/\/schema.org\",\"@graph\":[{\"@type\":\"Article\",\"@id\":\"https:\/\/brasilnoticias.org\/site\/janio-de-freitas-se-eleita-kamala-levara-uma-mentalidade-contrastante-com-a-dos-politicos-norte-americanos\/#article\",\"isPartOf\":{\"@id\":\"https:\/\/brasilnoticias.org\/site\/janio-de-freitas-se-eleita-kamala-levara-uma-mentalidade-contrastante-com-a-dos-politicos-norte-americanos\/\"},\"author\":{\"name\":\"Reda\u00e7\u00e3o\",\"@id\":\"https:\/\/brasilnoticias.org\/site\/#\/schema\/person\/03bbbfe6c7634ad18c26444ea39049fa\"},\"headline\":\"Janio de Freitas: se eleita, Kamala levar\u00e1 uma mentalidade contrastante com a dos pol\u00edticos norte-americanos\",\"datePublished\":\"2024-07-26T16:09:08+00:00\",\"mainEntityOfPage\":{\"@id\":\"https:\/\/brasilnoticias.org\/site\/janio-de-freitas-se-eleita-kamala-levara-uma-mentalidade-contrastante-com-a-dos-politicos-norte-americanos\/\"},\"wordCount\":578,\"commentCount\":0,\"publisher\":{\"@id\":\"https:\/\/brasilnoticias.org\/site\/#organization\"},\"image\":{\"@id\":\"https:\/\/brasilnoticias.org\/site\/janio-de-freitas-se-eleita-kamala-levara-uma-mentalidade-contrastante-com-a-dos-politicos-norte-americanos\/#primaryimage\"},\"thumbnailUrl\":\"https:\/\/brasilnoticias.org\/site\/wp-content\/uploads\/2024\/07\/153267janio-de-freitas-se-eleita-kamala-levara-uma-mentalidade-contrastante-com-a-dos-politicos-norte-americanos-3.jpg\",\"articleSection\":[\"Mundo\",\"\u00daltimas\"],\"inLanguage\":\"pt-PT\",\"potentialAction\":[{\"@type\":\"CommentAction\",\"name\":\"Comment\",\"target\":[\"https:\/\/brasilnoticias.org\/site\/janio-de-freitas-se-eleita-kamala-levara-uma-mentalidade-contrastante-com-a-dos-politicos-norte-americanos\/#respond\"]}]},{\"@type\":\"WebPage\",\"@id\":\"https:\/\/brasilnoticias.org\/site\/janio-de-freitas-se-eleita-kamala-levara-uma-mentalidade-contrastante-com-a-dos-politicos-norte-americanos\/\",\"url\":\"https:\/\/brasilnoticias.org\/site\/janio-de-freitas-se-eleita-kamala-levara-uma-mentalidade-contrastante-com-a-dos-politicos-norte-americanos\/\",\"name\":\"Janio de Freitas: se eleita, Kamala levar\u00e1 uma mentalidade contrastante com a dos pol\u00edticos norte-americanos - Brasil not\u00edcias\",\"isPartOf\":{\"@id\":\"https:\/\/brasilnoticias.org\/site\/#website\"},\"primaryImageOfPage\":{\"@id\":\"https:\/\/brasilnoticias.org\/site\/janio-de-freitas-se-eleita-kamala-levara-uma-mentalidade-contrastante-com-a-dos-politicos-norte-americanos\/#primaryimage\"},\"image\":{\"@id\":\"https:\/\/brasilnoticias.org\/site\/janio-de-freitas-se-eleita-kamala-levara-uma-mentalidade-contrastante-com-a-dos-politicos-norte-americanos\/#primaryimage\"},\"thumbnailUrl\":\"https:\/\/brasilnoticias.org\/site\/wp-content\/uploads\/2024\/07\/153267janio-de-freitas-se-eleita-kamala-levara-uma-mentalidade-contrastante-com-a-dos-politicos-norte-americanos-3.jpg\",\"datePublished\":\"2024-07-26T16:09:08+00:00\",\"breadcrumb\":{\"@id\":\"https:\/\/brasilnoticias.org\/site\/janio-de-freitas-se-eleita-kamala-levara-uma-mentalidade-contrastante-com-a-dos-politicos-norte-americanos\/#breadcrumb\"},\"inLanguage\":\"pt-PT\",\"potentialAction\":[{\"@type\":\"ReadAction\",\"target\":[\"https:\/\/brasilnoticias.org\/site\/janio-de-freitas-se-eleita-kamala-levara-uma-mentalidade-contrastante-com-a-dos-politicos-norte-americanos\/\"]}]},{\"@type\":\"ImageObject\",\"inLanguage\":\"pt-PT\",\"@id\":\"https:\/\/brasilnoticias.org\/site\/janio-de-freitas-se-eleita-kamala-levara-uma-mentalidade-contrastante-com-a-dos-politicos-norte-americanos\/#primaryimage\",\"url\":\"https:\/\/brasilnoticias.org\/site\/wp-content\/uploads\/2024\/07\/153267janio-de-freitas-se-eleita-kamala-levara-uma-mentalidade-contrastante-com-a-dos-politicos-norte-americanos-3.jpg\",\"contentUrl\":\"https:\/\/brasilnoticias.org\/site\/wp-content\/uploads\/2024\/07\/153267janio-de-freitas-se-eleita-kamala-levara-uma-mentalidade-contrastante-com-a-dos-politicos-norte-americanos-3.jpg\",\"width\":1600,\"height\":752},{\"@type\":\"BreadcrumbList\",\"@id\":\"https:\/\/brasilnoticias.org\/site\/janio-de-freitas-se-eleita-kamala-levara-uma-mentalidade-contrastante-com-a-dos-politicos-norte-americanos\/#breadcrumb\",\"itemListElement\":[{\"@type\":\"ListItem\",\"position\":1,\"name\":\"In\u00edcio\",\"item\":\"https:\/\/brasilnoticias.org\/site\/\"},{\"@type\":\"ListItem\",\"position\":2,\"name\":\"Janio de Freitas: se eleita, Kamala levar\u00e1 uma mentalidade contrastante com a dos pol\u00edticos norte-americanos\"}]},{\"@type\":\"WebSite\",\"@id\":\"https:\/\/brasilnoticias.org\/site\/#website\",\"url\":\"https:\/\/brasilnoticias.org\/site\/\",\"name\":\"Brasil not\u00edcias\",\"description\":\"Brasil not\u00edcias\",\"publisher\":{\"@id\":\"https:\/\/brasilnoticias.org\/site\/#organization\"},\"potentialAction\":[{\"@type\":\"SearchAction\",\"target\":{\"@type\":\"EntryPoint\",\"urlTemplate\":\"https:\/\/brasilnoticias.org\/site\/?s={search_term_string}\"},\"query-input\":{\"@type\":\"PropertyValueSpecification\",\"valueRequired\":true,\"valueName\":\"search_term_string\"}}],\"inLanguage\":\"pt-PT\"},{\"@type\":\"Organization\",\"@id\":\"https:\/\/brasilnoticias.org\/site\/#organization\",\"name\":\"Brasil not\u00edcias\",\"url\":\"https:\/\/brasilnoticias.org\/site\/\",\"logo\":{\"@type\":\"ImageObject\",\"inLanguage\":\"pt-PT\",\"@id\":\"https:\/\/brasilnoticias.org\/site\/#\/schema\/logo\/image\/\",\"url\":\"https:\/\/brasilnoticias.org\/site\/wp-content\/uploads\/2022\/05\/cropped-brasilnoticias-mini.jpg\",\"contentUrl\":\"https:\/\/brasilnoticias.org\/site\/wp-content\/uploads\/2022\/05\/cropped-brasilnoticias-mini.jpg\",\"width\":314,\"height\":86,\"caption\":\"Brasil not\u00edcias\"},\"image\":{\"@id\":\"https:\/\/brasilnoticias.org\/site\/#\/schema\/logo\/image\/\"}},{\"@type\":\"Person\",\"@id\":\"https:\/\/brasilnoticias.org\/site\/#\/schema\/person\/03bbbfe6c7634ad18c26444ea39049fa\",\"name\":\"Reda\u00e7\u00e3o\",\"image\":{\"@type\":\"ImageObject\",\"inLanguage\":\"pt-PT\",\"@id\":\"https:\/\/brasilnoticias.org\/site\/#\/schema\/person\/image\/\",\"url\":\"https:\/\/secure.gravatar.com\/avatar\/9ecaf7327a696cb23ad926fedded5f1f04d7049de9e445375d55b48c001a6e42?s=96&d=mm&r=g\",\"contentUrl\":\"https:\/\/secure.gravatar.com\/avatar\/9ecaf7327a696cb23ad926fedded5f1f04d7049de9e445375d55b48c001a6e42?s=96&d=mm&r=g\",\"caption\":\"Reda\u00e7\u00e3o\"},\"url\":\"https:\/\/brasilnoticias.org\/site\/author\/henrique\/\"}]}<\/script>\n<!-- \/ Yoast SEO plugin. -->","yoast_head_json":{"title":"Janio de Freitas: se eleita, Kamala levar\u00e1 uma mentalidade contrastante com a dos pol\u00edticos norte-americanos - Brasil not\u00edcias","robots":{"index":"index","follow":"follow","max-snippet":"max-snippet:-1","max-image-preview":"max-image-preview:large","max-video-preview":"max-video-preview:-1"},"canonical":"https:\/\/brasilnoticias.org\/site\/janio-de-freitas-se-eleita-kamala-levara-uma-mentalidade-contrastante-com-a-dos-politicos-norte-americanos\/","og_locale":"pt_PT","og_type":"article","og_title":"Janio de Freitas: se eleita, Kamala levar\u00e1 uma mentalidade contrastante com a dos pol\u00edticos norte-americanos - Brasil not\u00edcias","og_description":"Este \u00e9 um artigo escrito pelo jornalista Janio de Freitas para o portal Poder360 O n\u00famero \u00e9 aterrador: 722 milh\u00f5es","og_url":"https:\/\/brasilnoticias.org\/site\/janio-de-freitas-se-eleita-kamala-levara-uma-mentalidade-contrastante-com-a-dos-politicos-norte-americanos\/","og_site_name":"Brasil not\u00edcias","article_published_time":"2024-07-26T16:09:08+00:00","og_image":[{"width":1600,"height":752,"url":"https:\/\/brasilnoticias.org\/site\/wp-content\/uploads\/2024\/07\/153267janio-de-freitas-se-eleita-kamala-levara-uma-mentalidade-contrastante-com-a-dos-politicos-norte-americanos-3.jpg","type":"image\/jpeg"}],"author":"Reda\u00e7\u00e3o","twitter_card":"summary_large_image","twitter_misc":{"Escrito por":"Reda\u00e7\u00e3o","Tempo estimado de leitura":"1 minuto"},"schema":{"@context":"https:\/\/schema.org","@graph":[{"@type":"Article","@id":"https:\/\/brasilnoticias.org\/site\/janio-de-freitas-se-eleita-kamala-levara-uma-mentalidade-contrastante-com-a-dos-politicos-norte-americanos\/#article","isPartOf":{"@id":"https:\/\/brasilnoticias.org\/site\/janio-de-freitas-se-eleita-kamala-levara-uma-mentalidade-contrastante-com-a-dos-politicos-norte-americanos\/"},"author":{"name":"Reda\u00e7\u00e3o","@id":"https:\/\/brasilnoticias.org\/site\/#\/schema\/person\/03bbbfe6c7634ad18c26444ea39049fa"},"headline":"Janio de Freitas: se eleita, Kamala levar\u00e1 uma mentalidade contrastante com a dos pol\u00edticos norte-americanos","datePublished":"2024-07-26T16:09:08+00:00","mainEntityOfPage":{"@id":"https:\/\/brasilnoticias.org\/site\/janio-de-freitas-se-eleita-kamala-levara-uma-mentalidade-contrastante-com-a-dos-politicos-norte-americanos\/"},"wordCount":578,"commentCount":0,"publisher":{"@id":"https:\/\/brasilnoticias.org\/site\/#organization"},"image":{"@id":"https:\/\/brasilnoticias.org\/site\/janio-de-freitas-se-eleita-kamala-levara-uma-mentalidade-contrastante-com-a-dos-politicos-norte-americanos\/#primaryimage"},"thumbnailUrl":"https:\/\/brasilnoticias.org\/site\/wp-content\/uploads\/2024\/07\/153267janio-de-freitas-se-eleita-kamala-levara-uma-mentalidade-contrastante-com-a-dos-politicos-norte-americanos-3.jpg","articleSection":["Mundo","\u00daltimas"],"inLanguage":"pt-PT","potentialAction":[{"@type":"CommentAction","name":"Comment","target":["https:\/\/brasilnoticias.org\/site\/janio-de-freitas-se-eleita-kamala-levara-uma-mentalidade-contrastante-com-a-dos-politicos-norte-americanos\/#respond"]}]},{"@type":"WebPage","@id":"https:\/\/brasilnoticias.org\/site\/janio-de-freitas-se-eleita-kamala-levara-uma-mentalidade-contrastante-com-a-dos-politicos-norte-americanos\/","url":"https:\/\/brasilnoticias.org\/site\/janio-de-freitas-se-eleita-kamala-levara-uma-mentalidade-contrastante-com-a-dos-politicos-norte-americanos\/","name":"Janio de Freitas: se eleita, Kamala levar\u00e1 uma mentalidade contrastante com a dos pol\u00edticos norte-americanos - Brasil not\u00edcias","isPartOf":{"@id":"https:\/\/brasilnoticias.org\/site\/#website"},"primaryImageOfPage":{"@id":"https:\/\/brasilnoticias.org\/site\/janio-de-freitas-se-eleita-kamala-levara-uma-mentalidade-contrastante-com-a-dos-politicos-norte-americanos\/#primaryimage"},"image":{"@id":"https:\/\/brasilnoticias.org\/site\/janio-de-freitas-se-eleita-kamala-levara-uma-mentalidade-contrastante-com-a-dos-politicos-norte-americanos\/#primaryimage"},"thumbnailUrl":"https:\/\/brasilnoticias.org\/site\/wp-content\/uploads\/2024\/07\/153267janio-de-freitas-se-eleita-kamala-levara-uma-mentalidade-contrastante-com-a-dos-politicos-norte-americanos-3.jpg","datePublished":"2024-07-26T16:09:08+00:00","breadcrumb":{"@id":"https:\/\/brasilnoticias.org\/site\/janio-de-freitas-se-eleita-kamala-levara-uma-mentalidade-contrastante-com-a-dos-politicos-norte-americanos\/#breadcrumb"},"inLanguage":"pt-PT","potentialAction":[{"@type":"ReadAction","target":["https:\/\/brasilnoticias.org\/site\/janio-de-freitas-se-eleita-kamala-levara-uma-mentalidade-contrastante-com-a-dos-politicos-norte-americanos\/"]}]},{"@type":"ImageObject","inLanguage":"pt-PT","@id":"https:\/\/brasilnoticias.org\/site\/janio-de-freitas-se-eleita-kamala-levara-uma-mentalidade-contrastante-com-a-dos-politicos-norte-americanos\/#primaryimage","url":"https:\/\/brasilnoticias.org\/site\/wp-content\/uploads\/2024\/07\/153267janio-de-freitas-se-eleita-kamala-levara-uma-mentalidade-contrastante-com-a-dos-politicos-norte-americanos-3.jpg","contentUrl":"https:\/\/brasilnoticias.org\/site\/wp-content\/uploads\/2024\/07\/153267janio-de-freitas-se-eleita-kamala-levara-uma-mentalidade-contrastante-com-a-dos-politicos-norte-americanos-3.jpg","width":1600,"height":752},{"@type":"BreadcrumbList","@id":"https:\/\/brasilnoticias.org\/site\/janio-de-freitas-se-eleita-kamala-levara-uma-mentalidade-contrastante-com-a-dos-politicos-norte-americanos\/#breadcrumb","itemListElement":[{"@type":"ListItem","position":1,"name":"In\u00edcio","item":"https:\/\/brasilnoticias.org\/site\/"},{"@type":"ListItem","position":2,"name":"Janio de Freitas: se eleita, Kamala levar\u00e1 uma mentalidade contrastante com a dos pol\u00edticos norte-americanos"}]},{"@type":"WebSite","@id":"https:\/\/brasilnoticias.org\/site\/#website","url":"https:\/\/brasilnoticias.org\/site\/","name":"Brasil not\u00edcias","description":"Brasil not\u00edcias","publisher":{"@id":"https:\/\/brasilnoticias.org\/site\/#organization"},"potentialAction":[{"@type":"SearchAction","target":{"@type":"EntryPoint","urlTemplate":"https:\/\/brasilnoticias.org\/site\/?s={search_term_string}"},"query-input":{"@type":"PropertyValueSpecification","valueRequired":true,"valueName":"search_term_string"}}],"inLanguage":"pt-PT"},{"@type":"Organization","@id":"https:\/\/brasilnoticias.org\/site\/#organization","name":"Brasil not\u00edcias","url":"https:\/\/brasilnoticias.org\/site\/","logo":{"@type":"ImageObject","inLanguage":"pt-PT","@id":"https:\/\/brasilnoticias.org\/site\/#\/schema\/logo\/image\/","url":"https:\/\/brasilnoticias.org\/site\/wp-content\/uploads\/2022\/05\/cropped-brasilnoticias-mini.jpg","contentUrl":"https:\/\/brasilnoticias.org\/site\/wp-content\/uploads\/2022\/05\/cropped-brasilnoticias-mini.jpg","width":314,"height":86,"caption":"Brasil not\u00edcias"},"image":{"@id":"https:\/\/brasilnoticias.org\/site\/#\/schema\/logo\/image\/"}},{"@type":"Person","@id":"https:\/\/brasilnoticias.org\/site\/#\/schema\/person\/03bbbfe6c7634ad18c26444ea39049fa","name":"Reda\u00e7\u00e3o","image":{"@type":"ImageObject","inLanguage":"pt-PT","@id":"https:\/\/brasilnoticias.org\/site\/#\/schema\/person\/image\/","url":"https:\/\/secure.gravatar.com\/avatar\/9ecaf7327a696cb23ad926fedded5f1f04d7049de9e445375d55b48c001a6e42?s=96&d=mm&r=g","contentUrl":"https:\/\/secure.gravatar.com\/avatar\/9ecaf7327a696cb23ad926fedded5f1f04d7049de9e445375d55b48c001a6e42?s=96&d=mm&r=g","caption":"Reda\u00e7\u00e3o"},"url":"https:\/\/brasilnoticias.org\/site\/author\/henrique\/"}]}},"_links":{"self":[{"href":"https:\/\/brasilnoticias.org\/site\/wp-json\/wp\/v2\/posts\/15195","targetHints":{"allow":["GET"]}}],"collection":[{"href":"https:\/\/brasilnoticias.org\/site\/wp-json\/wp\/v2\/posts"}],"about":[{"href":"https:\/\/brasilnoticias.org\/site\/wp-json\/wp\/v2\/types\/post"}],"author":[{"embeddable":true,"href":"https:\/\/brasilnoticias.org\/site\/wp-json\/wp\/v2\/users\/4"}],"replies":[{"embeddable":true,"href":"https:\/\/brasilnoticias.org\/site\/wp-json\/wp\/v2\/comments?post=15195"}],"version-history":[{"count":1,"href":"https:\/\/brasilnoticias.org\/site\/wp-json\/wp\/v2\/posts\/15195\/revisions"}],"predecessor-version":[{"id":15197,"href":"https:\/\/brasilnoticias.org\/site\/wp-json\/wp\/v2\/posts\/15195\/revisions\/15197"}],"wp:featuredmedia":[{"embeddable":true,"href":"https:\/\/brasilnoticias.org\/site\/wp-json\/wp\/v2\/media\/15196"}],"wp:attachment":[{"href":"https:\/\/brasilnoticias.org\/site\/wp-json\/wp\/v2\/media?parent=15195"}],"wp:term":[{"taxonomy":"category","embeddable":true,"href":"https:\/\/brasilnoticias.org\/site\/wp-json\/wp\/v2\/categories?post=15195"},{"taxonomy":"post_tag","embeddable":true,"href":"https:\/\/brasilnoticias.org\/site\/wp-json\/wp\/v2\/tags?post=15195"}],"curies":[{"name":"wp","href":"https:\/\/api.w.org\/{rel}","templated":true}]}}