{"id":15198,"date":"2024-07-26T13:10:18","date_gmt":"2024-07-26T16:10:18","guid":{"rendered":"https:\/\/brasilnoticias.org\/site\/?p=15198"},"modified":"2024-07-26T13:10:18","modified_gmt":"2024-07-26T16:10:18","slug":"olimpiadas-paris-2024-programacao-desta-sexta-feira-e-marcada-por-abertura-oficial-dos-jogos","status":"publish","type":"post","link":"https:\/\/brasilnoticias.org\/site\/olimpiadas-paris-2024-programacao-desta-sexta-feira-e-marcada-por-abertura-oficial-dos-jogos\/","title":{"rendered":"Olimp\u00edadas Paris 2024: programa\u00e7\u00e3o desta sexta-feira \u00e9 marcada por abertura oficial dos Jogos"},"content":{"rendered":"<p>De acordo com o Comit\u00ea Ol\u00edmpico Internacional, 326 mil pessoas acompanhar\u00e3o o momento \u00e0s margens do Sena, o que far\u00e1 a abertura de Paris 2024 superar o recorde de p\u00fablico da Pequim 2008<\/p>\n<p>A programa\u00e7\u00e3o das Olim\u00edadas Paris 2024 nesta sexta-feira (26) est\u00e1 centrada na cerim\u00f4nia de abertura dos Jogos, que promete ser hist\u00f3rica. Pela primeira vez, o evento n\u00e3o acontecer\u00e1 em um est\u00e1dio de futebol, e sim em um desfile que percorrer\u00e1 o Rio Sena, um dos principais pontos tur\u00edsticos de toda a Fran\u00e7a. <\/p>\n<p>A celebra\u00e7\u00e3o acontecer\u00e1 a partir das 14h30 no hor\u00e1rio de Bras\u00edlia (19h30 no hor\u00e1rio parisiense) e ter\u00e1 3h30 de dura\u00e7\u00e3o. As delega\u00e7\u00f5es atravessar\u00e3o o Rio Sena de leste a oeste, em um percurso de 6 km, cada uma em seu barco. Ser\u00e3o avistados cart\u00f5es-postais como La Concorde, Esplanada dos Invalides, Museu d\u2019Orsay, Grand Palais e, por fim, a Torre Eiffel.<\/p>\n<p>No total, cerca de 10.500 atletas estar\u00e3o na celebra\u00e7\u00e3o e, de acordo com o Comit\u00ea Ol\u00edmpico Internacional, 326 mil pessoas acompanhar\u00e3o o momento presencialmente. Destes, 222 mil espectadores receberam ingressos gratuitos para assistir ao espet\u00e1culo \u00e0s margens do Rio Sena, o que far\u00e1 a abertura de Paris 2024 superar o recorde de Pequim 2008 &#8211; onde compareceram \u00e0 cerim\u00f4nia 91 mil pessoas. <\/p>\n<p>O espet\u00e1culo ter\u00e1 hologramas sobre as \u00e1guas, shows a\u00e9reos e a esperada presen\u00e7a de artistas. Apesar dos nomes serem mantidos em segredo pela organiza\u00e7\u00e3o, o jornal Le Parisien sugeriu que se apresentar\u00e3o Lady Gaga, Aya Nakamura e Juliette Armanet. Adorada pelos franceses, C\u00e9line Dion \u00e9 atra\u00e7\u00e3o confirmada, segundo o di\u00e1rio. &#8220;C\u00e9line Dion nos Jogos Ol\u00edmpicos, o boato que agita at\u00e9 a sede da presid\u00eancia&#8221;, \u00e9 o t\u00edtulo de uma mat\u00e9ria do jornal &#8220;Le Figaro&#8221;, que especula a apresenta\u00e7\u00e3o da cantora em pleno p\u00f4r do sol, em frente \u00e0 Torre Eiffel. <\/p>\n<p>Delega\u00e7\u00e3o brasileira<\/p>\n<p>As jogadoras da Sele\u00e7\u00e3o Brasileira Feminina de V\u00f4lei decidiram ficar de fora da  Cerim\u00f4nia de Abertura da Olimp\u00edada, diante da possibilidade de permanecerem algumas horas em p\u00e9. O primeiro jogo do time de v\u00f4lei acontece na pr\u00f3xima segunda-feira (29), em uma disputa contra o Qu\u00eania, \u00e0s 8h (de Bras\u00edlia). A decis\u00e3o do time recebeu o apoio do t\u00e9cnico Jos\u00e9 Roberto Guimar\u00e3es. \u201cElas decidiram n\u00e3o participar, porque sabem que 7h, 8h em p\u00e9 \u00e9 cansativo e elas precisam ter energia acumulada para os jogos. Elas escolheram n\u00e3o ir e eu levantei as m\u00e3os para o c\u00e9u\u201d, disse o treinador \u00e0 Caz\u00e9TV.<\/p>\n<p>Foto: Reprodu\u00e7\u00e3o\/Fausto Madal<br \/>\nPor: Metro1<\/p>\n","protected":false},"excerpt":{"rendered":"<p>De acordo com o Comit\u00ea Ol\u00edmpico Internacional, 326 mil pessoas acompanhar\u00e3o o momento \u00e0s margens do Sena, o que far\u00e1<\/p>\n","protected":false},"author":4,"featured_media":15199,"comment_status":"open","ping_status":"open","sticky":false,"template":"","format":"standard","meta":{"colormag_page_container_layout":"default_layout","colormag_page_sidebar_layout":"default_layout","_FSMCFIC_featured_image_caption":"","_FSMCFIC_featured_image_nocaption":"","_FSMCFIC_featured_image_hide":"","footnotes":""},"categories":[4,1],"tags":[],"class_list":["post-15198","post","type-post","status-publish","format-standard","has-post-thumbnail","hentry","category-esporte","category-ultimas"],"yoast_head":"<!-- This site is optimized with the Yoast SEO plugin v27.1.1 - https:\/\/yoast.com\/product\/yoast-seo-wordpress\/ -->\n<title>Olimp\u00edadas Paris 2024: programa\u00e7\u00e3o desta sexta-feira \u00e9 marcada por abertura oficial dos Jogos - Brasil not\u00edcias<\/title>\n<meta name=\"robots\" content=\"index, follow, max-snippet:-1, max-image-preview:large, max-video-preview:-1\" \/>\n<link rel=\"canonical\" href=\"https:\/\/brasilnoticias.org\/site\/olimpiadas-paris-2024-programacao-desta-sexta-feira-e-marcada-por-abertura-oficial-dos-jogos\/\" \/>\n<meta property=\"og:locale\" content=\"pt_PT\" \/>\n<meta property=\"og:type\" content=\"article\" \/>\n<meta property=\"og:title\" content=\"Olimp\u00edadas Paris 2024: programa\u00e7\u00e3o desta sexta-feira \u00e9 marcada por abertura oficial dos Jogos - Brasil not\u00edcias\" \/>\n<meta property=\"og:description\" content=\"De acordo com o Comit\u00ea Ol\u00edmpico Internacional, 326 mil pessoas acompanhar\u00e3o o momento \u00e0s margens do Sena, o que far\u00e1\" \/>\n<meta property=\"og:url\" content=\"https:\/\/brasilnoticias.org\/site\/olimpiadas-paris-2024-programacao-desta-sexta-feira-e-marcada-por-abertura-oficial-dos-jogos\/\" \/>\n<meta property=\"og:site_name\" content=\"Brasil not\u00edcias\" \/>\n<meta property=\"article:published_time\" content=\"2024-07-26T16:10:18+00:00\" \/>\n<meta property=\"og:image\" content=\"https:\/\/brasilnoticias.org\/site\/wp-content\/uploads\/2024\/07\/153254olimpiadas-paris-2024-programacao-desta-sexta-feira-e-marcada-por-abertura-oficial-dos-jogos-3.jpg\" \/>\n\t<meta property=\"og:image:width\" content=\"1600\" \/>\n\t<meta property=\"og:image:height\" content=\"752\" \/>\n\t<meta property=\"og:image:type\" content=\"image\/jpeg\" \/>\n<meta name=\"author\" content=\"Reda\u00e7\u00e3o\" \/>\n<meta name=\"twitter:card\" content=\"summary_large_image\" \/>\n<meta name=\"twitter:label1\" content=\"Escrito por\" \/>\n\t<meta name=\"twitter:data1\" content=\"Reda\u00e7\u00e3o\" \/>\n\t<meta name=\"twitter:label2\" content=\"Tempo estimado de leitura\" \/>\n\t<meta name=\"twitter:data2\" content=\"1 minuto\" \/>\n<script type=\"application\/ld+json\" class=\"yoast-schema-graph\">{\"@context\":\"https:\/\/schema.org\",\"@graph\":[{\"@type\":\"Article\",\"@id\":\"https:\/\/brasilnoticias.org\/site\/olimpiadas-paris-2024-programacao-desta-sexta-feira-e-marcada-por-abertura-oficial-dos-jogos\/#article\",\"isPartOf\":{\"@id\":\"https:\/\/brasilnoticias.org\/site\/olimpiadas-paris-2024-programacao-desta-sexta-feira-e-marcada-por-abertura-oficial-dos-jogos\/\"},\"author\":{\"name\":\"Reda\u00e7\u00e3o\",\"@id\":\"https:\/\/brasilnoticias.org\/site\/#\/schema\/person\/03bbbfe6c7634ad18c26444ea39049fa\"},\"headline\":\"Olimp\u00edadas Paris 2024: programa\u00e7\u00e3o desta sexta-feira \u00e9 marcada por abertura oficial dos Jogos\",\"datePublished\":\"2024-07-26T16:10:18+00:00\",\"mainEntityOfPage\":{\"@id\":\"https:\/\/brasilnoticias.org\/site\/olimpiadas-paris-2024-programacao-desta-sexta-feira-e-marcada-por-abertura-oficial-dos-jogos\/\"},\"wordCount\":459,\"commentCount\":0,\"publisher\":{\"@id\":\"https:\/\/brasilnoticias.org\/site\/#organization\"},\"image\":{\"@id\":\"https:\/\/brasilnoticias.org\/site\/olimpiadas-paris-2024-programacao-desta-sexta-feira-e-marcada-por-abertura-oficial-dos-jogos\/#primaryimage\"},\"thumbnailUrl\":\"https:\/\/brasilnoticias.org\/site\/wp-content\/uploads\/2024\/07\/153254olimpiadas-paris-2024-programacao-desta-sexta-feira-e-marcada-por-abertura-oficial-dos-jogos-3.jpg\",\"articleSection\":[\"Esporte\",\"\u00daltimas\"],\"inLanguage\":\"pt-PT\",\"potentialAction\":[{\"@type\":\"CommentAction\",\"name\":\"Comment\",\"target\":[\"https:\/\/brasilnoticias.org\/site\/olimpiadas-paris-2024-programacao-desta-sexta-feira-e-marcada-por-abertura-oficial-dos-jogos\/#respond\"]}]},{\"@type\":\"WebPage\",\"@id\":\"https:\/\/brasilnoticias.org\/site\/olimpiadas-paris-2024-programacao-desta-sexta-feira-e-marcada-por-abertura-oficial-dos-jogos\/\",\"url\":\"https:\/\/brasilnoticias.org\/site\/olimpiadas-paris-2024-programacao-desta-sexta-feira-e-marcada-por-abertura-oficial-dos-jogos\/\",\"name\":\"Olimp\u00edadas Paris 2024: programa\u00e7\u00e3o desta sexta-feira \u00e9 marcada por abertura oficial dos Jogos - Brasil not\u00edcias\",\"isPartOf\":{\"@id\":\"https:\/\/brasilnoticias.org\/site\/#website\"},\"primaryImageOfPage\":{\"@id\":\"https:\/\/brasilnoticias.org\/site\/olimpiadas-paris-2024-programacao-desta-sexta-feira-e-marcada-por-abertura-oficial-dos-jogos\/#primaryimage\"},\"image\":{\"@id\":\"https:\/\/brasilnoticias.org\/site\/olimpiadas-paris-2024-programacao-desta-sexta-feira-e-marcada-por-abertura-oficial-dos-jogos\/#primaryimage\"},\"thumbnailUrl\":\"https:\/\/brasilnoticias.org\/site\/wp-content\/uploads\/2024\/07\/153254olimpiadas-paris-2024-programacao-desta-sexta-feira-e-marcada-por-abertura-oficial-dos-jogos-3.jpg\",\"datePublished\":\"2024-07-26T16:10:18+00:00\",\"breadcrumb\":{\"@id\":\"https:\/\/brasilnoticias.org\/site\/olimpiadas-paris-2024-programacao-desta-sexta-feira-e-marcada-por-abertura-oficial-dos-jogos\/#breadcrumb\"},\"inLanguage\":\"pt-PT\",\"potentialAction\":[{\"@type\":\"ReadAction\",\"target\":[\"https:\/\/brasilnoticias.org\/site\/olimpiadas-paris-2024-programacao-desta-sexta-feira-e-marcada-por-abertura-oficial-dos-jogos\/\"]}]},{\"@type\":\"ImageObject\",\"inLanguage\":\"pt-PT\",\"@id\":\"https:\/\/brasilnoticias.org\/site\/olimpiadas-paris-2024-programacao-desta-sexta-feira-e-marcada-por-abertura-oficial-dos-jogos\/#primaryimage\",\"url\":\"https:\/\/brasilnoticias.org\/site\/wp-content\/uploads\/2024\/07\/153254olimpiadas-paris-2024-programacao-desta-sexta-feira-e-marcada-por-abertura-oficial-dos-jogos-3.jpg\",\"contentUrl\":\"https:\/\/brasilnoticias.org\/site\/wp-content\/uploads\/2024\/07\/153254olimpiadas-paris-2024-programacao-desta-sexta-feira-e-marcada-por-abertura-oficial-dos-jogos-3.jpg\",\"width\":1600,\"height\":752},{\"@type\":\"BreadcrumbList\",\"@id\":\"https:\/\/brasilnoticias.org\/site\/olimpiadas-paris-2024-programacao-desta-sexta-feira-e-marcada-por-abertura-oficial-dos-jogos\/#breadcrumb\",\"itemListElement\":[{\"@type\":\"ListItem\",\"position\":1,\"name\":\"In\u00edcio\",\"item\":\"https:\/\/brasilnoticias.org\/site\/\"},{\"@type\":\"ListItem\",\"position\":2,\"name\":\"Olimp\u00edadas Paris 2024: programa\u00e7\u00e3o desta sexta-feira \u00e9 marcada por abertura oficial dos Jogos\"}]},{\"@type\":\"WebSite\",\"@id\":\"https:\/\/brasilnoticias.org\/site\/#website\",\"url\":\"https:\/\/brasilnoticias.org\/site\/\",\"name\":\"Brasil not\u00edcias\",\"description\":\"Brasil not\u00edcias\",\"publisher\":{\"@id\":\"https:\/\/brasilnoticias.org\/site\/#organization\"},\"potentialAction\":[{\"@type\":\"SearchAction\",\"target\":{\"@type\":\"EntryPoint\",\"urlTemplate\":\"https:\/\/brasilnoticias.org\/site\/?s={search_term_string}\"},\"query-input\":{\"@type\":\"PropertyValueSpecification\",\"valueRequired\":true,\"valueName\":\"search_term_string\"}}],\"inLanguage\":\"pt-PT\"},{\"@type\":\"Organization\",\"@id\":\"https:\/\/brasilnoticias.org\/site\/#organization\",\"name\":\"Brasil not\u00edcias\",\"url\":\"https:\/\/brasilnoticias.org\/site\/\",\"logo\":{\"@type\":\"ImageObject\",\"inLanguage\":\"pt-PT\",\"@id\":\"https:\/\/brasilnoticias.org\/site\/#\/schema\/logo\/image\/\",\"url\":\"https:\/\/brasilnoticias.org\/site\/wp-content\/uploads\/2022\/05\/cropped-brasilnoticias-mini.jpg\",\"contentUrl\":\"https:\/\/brasilnoticias.org\/site\/wp-content\/uploads\/2022\/05\/cropped-brasilnoticias-mini.jpg\",\"width\":314,\"height\":86,\"caption\":\"Brasil not\u00edcias\"},\"image\":{\"@id\":\"https:\/\/brasilnoticias.org\/site\/#\/schema\/logo\/image\/\"}},{\"@type\":\"Person\",\"@id\":\"https:\/\/brasilnoticias.org\/site\/#\/schema\/person\/03bbbfe6c7634ad18c26444ea39049fa\",\"name\":\"Reda\u00e7\u00e3o\",\"image\":{\"@type\":\"ImageObject\",\"inLanguage\":\"pt-PT\",\"@id\":\"https:\/\/brasilnoticias.org\/site\/#\/schema\/person\/image\/\",\"url\":\"https:\/\/secure.gravatar.com\/avatar\/9ecaf7327a696cb23ad926fedded5f1f04d7049de9e445375d55b48c001a6e42?s=96&d=mm&r=g\",\"contentUrl\":\"https:\/\/secure.gravatar.com\/avatar\/9ecaf7327a696cb23ad926fedded5f1f04d7049de9e445375d55b48c001a6e42?s=96&d=mm&r=g\",\"caption\":\"Reda\u00e7\u00e3o\"},\"url\":\"https:\/\/brasilnoticias.org\/site\/author\/henrique\/\"}]}<\/script>\n<!-- \/ Yoast SEO plugin. -->","yoast_head_json":{"title":"Olimp\u00edadas Paris 2024: programa\u00e7\u00e3o desta sexta-feira \u00e9 marcada por abertura oficial dos Jogos - Brasil not\u00edcias","robots":{"index":"index","follow":"follow","max-snippet":"max-snippet:-1","max-image-preview":"max-image-preview:large","max-video-preview":"max-video-preview:-1"},"canonical":"https:\/\/brasilnoticias.org\/site\/olimpiadas-paris-2024-programacao-desta-sexta-feira-e-marcada-por-abertura-oficial-dos-jogos\/","og_locale":"pt_PT","og_type":"article","og_title":"Olimp\u00edadas Paris 2024: programa\u00e7\u00e3o desta sexta-feira \u00e9 marcada por abertura oficial dos Jogos - Brasil not\u00edcias","og_description":"De acordo com o Comit\u00ea Ol\u00edmpico Internacional, 326 mil pessoas acompanhar\u00e3o o momento \u00e0s margens do Sena, o que far\u00e1","og_url":"https:\/\/brasilnoticias.org\/site\/olimpiadas-paris-2024-programacao-desta-sexta-feira-e-marcada-por-abertura-oficial-dos-jogos\/","og_site_name":"Brasil not\u00edcias","article_published_time":"2024-07-26T16:10:18+00:00","og_image":[{"width":1600,"height":752,"url":"https:\/\/brasilnoticias.org\/site\/wp-content\/uploads\/2024\/07\/153254olimpiadas-paris-2024-programacao-desta-sexta-feira-e-marcada-por-abertura-oficial-dos-jogos-3.jpg","type":"image\/jpeg"}],"author":"Reda\u00e7\u00e3o","twitter_card":"summary_large_image","twitter_misc":{"Escrito por":"Reda\u00e7\u00e3o","Tempo estimado de leitura":"1 minuto"},"schema":{"@context":"https:\/\/schema.org","@graph":[{"@type":"Article","@id":"https:\/\/brasilnoticias.org\/site\/olimpiadas-paris-2024-programacao-desta-sexta-feira-e-marcada-por-abertura-oficial-dos-jogos\/#article","isPartOf":{"@id":"https:\/\/brasilnoticias.org\/site\/olimpiadas-paris-2024-programacao-desta-sexta-feira-e-marcada-por-abertura-oficial-dos-jogos\/"},"author":{"name":"Reda\u00e7\u00e3o","@id":"https:\/\/brasilnoticias.org\/site\/#\/schema\/person\/03bbbfe6c7634ad18c26444ea39049fa"},"headline":"Olimp\u00edadas Paris 2024: programa\u00e7\u00e3o desta sexta-feira \u00e9 marcada por abertura oficial dos Jogos","datePublished":"2024-07-26T16:10:18+00:00","mainEntityOfPage":{"@id":"https:\/\/brasilnoticias.org\/site\/olimpiadas-paris-2024-programacao-desta-sexta-feira-e-marcada-por-abertura-oficial-dos-jogos\/"},"wordCount":459,"commentCount":0,"publisher":{"@id":"https:\/\/brasilnoticias.org\/site\/#organization"},"image":{"@id":"https:\/\/brasilnoticias.org\/site\/olimpiadas-paris-2024-programacao-desta-sexta-feira-e-marcada-por-abertura-oficial-dos-jogos\/#primaryimage"},"thumbnailUrl":"https:\/\/brasilnoticias.org\/site\/wp-content\/uploads\/2024\/07\/153254olimpiadas-paris-2024-programacao-desta-sexta-feira-e-marcada-por-abertura-oficial-dos-jogos-3.jpg","articleSection":["Esporte","\u00daltimas"],"inLanguage":"pt-PT","potentialAction":[{"@type":"CommentAction","name":"Comment","target":["https:\/\/brasilnoticias.org\/site\/olimpiadas-paris-2024-programacao-desta-sexta-feira-e-marcada-por-abertura-oficial-dos-jogos\/#respond"]}]},{"@type":"WebPage","@id":"https:\/\/brasilnoticias.org\/site\/olimpiadas-paris-2024-programacao-desta-sexta-feira-e-marcada-por-abertura-oficial-dos-jogos\/","url":"https:\/\/brasilnoticias.org\/site\/olimpiadas-paris-2024-programacao-desta-sexta-feira-e-marcada-por-abertura-oficial-dos-jogos\/","name":"Olimp\u00edadas Paris 2024: programa\u00e7\u00e3o desta sexta-feira \u00e9 marcada por abertura oficial dos Jogos - Brasil not\u00edcias","isPartOf":{"@id":"https:\/\/brasilnoticias.org\/site\/#website"},"primaryImageOfPage":{"@id":"https:\/\/brasilnoticias.org\/site\/olimpiadas-paris-2024-programacao-desta-sexta-feira-e-marcada-por-abertura-oficial-dos-jogos\/#primaryimage"},"image":{"@id":"https:\/\/brasilnoticias.org\/site\/olimpiadas-paris-2024-programacao-desta-sexta-feira-e-marcada-por-abertura-oficial-dos-jogos\/#primaryimage"},"thumbnailUrl":"https:\/\/brasilnoticias.org\/site\/wp-content\/uploads\/2024\/07\/153254olimpiadas-paris-2024-programacao-desta-sexta-feira-e-marcada-por-abertura-oficial-dos-jogos-3.jpg","datePublished":"2024-07-26T16:10:18+00:00","breadcrumb":{"@id":"https:\/\/brasilnoticias.org\/site\/olimpiadas-paris-2024-programacao-desta-sexta-feira-e-marcada-por-abertura-oficial-dos-jogos\/#breadcrumb"},"inLanguage":"pt-PT","potentialAction":[{"@type":"ReadAction","target":["https:\/\/brasilnoticias.org\/site\/olimpiadas-paris-2024-programacao-desta-sexta-feira-e-marcada-por-abertura-oficial-dos-jogos\/"]}]},{"@type":"ImageObject","inLanguage":"pt-PT","@id":"https:\/\/brasilnoticias.org\/site\/olimpiadas-paris-2024-programacao-desta-sexta-feira-e-marcada-por-abertura-oficial-dos-jogos\/#primaryimage","url":"https:\/\/brasilnoticias.org\/site\/wp-content\/uploads\/2024\/07\/153254olimpiadas-paris-2024-programacao-desta-sexta-feira-e-marcada-por-abertura-oficial-dos-jogos-3.jpg","contentUrl":"https:\/\/brasilnoticias.org\/site\/wp-content\/uploads\/2024\/07\/153254olimpiadas-paris-2024-programacao-desta-sexta-feira-e-marcada-por-abertura-oficial-dos-jogos-3.jpg","width":1600,"height":752},{"@type":"BreadcrumbList","@id":"https:\/\/brasilnoticias.org\/site\/olimpiadas-paris-2024-programacao-desta-sexta-feira-e-marcada-por-abertura-oficial-dos-jogos\/#breadcrumb","itemListElement":[{"@type":"ListItem","position":1,"name":"In\u00edcio","item":"https:\/\/brasilnoticias.org\/site\/"},{"@type":"ListItem","position":2,"name":"Olimp\u00edadas Paris 2024: programa\u00e7\u00e3o desta sexta-feira \u00e9 marcada por abertura oficial dos Jogos"}]},{"@type":"WebSite","@id":"https:\/\/brasilnoticias.org\/site\/#website","url":"https:\/\/brasilnoticias.org\/site\/","name":"Brasil not\u00edcias","description":"Brasil not\u00edcias","publisher":{"@id":"https:\/\/brasilnoticias.org\/site\/#organization"},"potentialAction":[{"@type":"SearchAction","target":{"@type":"EntryPoint","urlTemplate":"https:\/\/brasilnoticias.org\/site\/?s={search_term_string}"},"query-input":{"@type":"PropertyValueSpecification","valueRequired":true,"valueName":"search_term_string"}}],"inLanguage":"pt-PT"},{"@type":"Organization","@id":"https:\/\/brasilnoticias.org\/site\/#organization","name":"Brasil not\u00edcias","url":"https:\/\/brasilnoticias.org\/site\/","logo":{"@type":"ImageObject","inLanguage":"pt-PT","@id":"https:\/\/brasilnoticias.org\/site\/#\/schema\/logo\/image\/","url":"https:\/\/brasilnoticias.org\/site\/wp-content\/uploads\/2022\/05\/cropped-brasilnoticias-mini.jpg","contentUrl":"https:\/\/brasilnoticias.org\/site\/wp-content\/uploads\/2022\/05\/cropped-brasilnoticias-mini.jpg","width":314,"height":86,"caption":"Brasil not\u00edcias"},"image":{"@id":"https:\/\/brasilnoticias.org\/site\/#\/schema\/logo\/image\/"}},{"@type":"Person","@id":"https:\/\/brasilnoticias.org\/site\/#\/schema\/person\/03bbbfe6c7634ad18c26444ea39049fa","name":"Reda\u00e7\u00e3o","image":{"@type":"ImageObject","inLanguage":"pt-PT","@id":"https:\/\/brasilnoticias.org\/site\/#\/schema\/person\/image\/","url":"https:\/\/secure.gravatar.com\/avatar\/9ecaf7327a696cb23ad926fedded5f1f04d7049de9e445375d55b48c001a6e42?s=96&d=mm&r=g","contentUrl":"https:\/\/secure.gravatar.com\/avatar\/9ecaf7327a696cb23ad926fedded5f1f04d7049de9e445375d55b48c001a6e42?s=96&d=mm&r=g","caption":"Reda\u00e7\u00e3o"},"url":"https:\/\/brasilnoticias.org\/site\/author\/henrique\/"}]}},"_links":{"self":[{"href":"https:\/\/brasilnoticias.org\/site\/wp-json\/wp\/v2\/posts\/15198","targetHints":{"allow":["GET"]}}],"collection":[{"href":"https:\/\/brasilnoticias.org\/site\/wp-json\/wp\/v2\/posts"}],"about":[{"href":"https:\/\/brasilnoticias.org\/site\/wp-json\/wp\/v2\/types\/post"}],"author":[{"embeddable":true,"href":"https:\/\/brasilnoticias.org\/site\/wp-json\/wp\/v2\/users\/4"}],"replies":[{"embeddable":true,"href":"https:\/\/brasilnoticias.org\/site\/wp-json\/wp\/v2\/comments?post=15198"}],"version-history":[{"count":1,"href":"https:\/\/brasilnoticias.org\/site\/wp-json\/wp\/v2\/posts\/15198\/revisions"}],"predecessor-version":[{"id":15200,"href":"https:\/\/brasilnoticias.org\/site\/wp-json\/wp\/v2\/posts\/15198\/revisions\/15200"}],"wp:featuredmedia":[{"embeddable":true,"href":"https:\/\/brasilnoticias.org\/site\/wp-json\/wp\/v2\/media\/15199"}],"wp:attachment":[{"href":"https:\/\/brasilnoticias.org\/site\/wp-json\/wp\/v2\/media?parent=15198"}],"wp:term":[{"taxonomy":"category","embeddable":true,"href":"https:\/\/brasilnoticias.org\/site\/wp-json\/wp\/v2\/categories?post=15198"},{"taxonomy":"post_tag","embeddable":true,"href":"https:\/\/brasilnoticias.org\/site\/wp-json\/wp\/v2\/tags?post=15198"}],"curies":[{"name":"wp","href":"https:\/\/api.w.org\/{rel}","templated":true}]}}