{"id":15201,"date":"2024-07-26T13:12:00","date_gmt":"2024-07-26T16:12:00","guid":{"rendered":"https:\/\/brasilnoticias.org\/site\/?p=15201"},"modified":"2024-07-26T13:12:00","modified_gmt":"2024-07-26T16:12:00","slug":"medica-que-roubou-recem-nascida-em-minas-teria-tentado-comprar-bebe-em-salvador","status":"publish","type":"post","link":"https:\/\/brasilnoticias.org\/site\/medica-que-roubou-recem-nascida-em-minas-teria-tentado-comprar-bebe-em-salvador\/","title":{"rendered":"M\u00e9dica que roubou rec\u00e9m-nascida em Minas teria tentado comprar beb\u00ea em Salvador"},"content":{"rendered":"<p>Caso aconteceu recentemente, envolvendo um casal que mora no bairro de Vila Can\u00e1ria, na capital baiana.<\/p>\n<p>A neurologista, identificada como Claudia Soares Alves, que ganhou fama ap\u00f3s se passar por uma pediatra, para sequestrar um beb\u00ea rec\u00e9m-nascido, no Hospital da Universidade Federal de Uberl\u00e2ndia (HC-UFU), em Minas Gerais, teria agido, tamb\u00e9m, com inten\u00e7\u00f5es parecidas, em Salvador.<\/p>\n<p>Com a repercuss\u00e3o nacional da ocorr\u00eancia na cidade mineira, um casal, que mora em Salvador, identificou a m\u00e9dica nas reportagens de televis\u00e3o e relatou para a produ\u00e7\u00e3o do programa \u201cAl\u00f4 Juca\u201c, da TV Aratu,  que ela teria tentado comprar o beb\u00ea que estavam esperando.<\/p>\n<p>O pai da referida crian\u00e7a, contou que a m\u00e9dica teria chegado at\u00e9 a comunidade onde moravam, na Vila Can\u00e1ria, relatando que o filho dela (m\u00e9dica) estava na Unidade de Terapia Intensiva (UTI) e ela havia feito uma promessa: se o beb\u00ea tivesse uma melhora, iria ajudar uma gestante com um enxoval no valor de R$10 mil e uma cesariana, feita pela pr\u00f3pria neurologista.<\/p>\n<p>Confusos com toda a situa\u00e7\u00e3o, Andr\u00e9 e a esposa come\u00e7aram a questionar a m\u00e9dica para entender melhor sobre o que se tratava a proposta. Com todas as interroga\u00e7\u00f5es, Cl\u00e1udia teria entrado em contradi\u00e7\u00e3o e informou que ajudaria o casal caso conseguissem uma crian\u00e7a para ela, oferecendo sempre o valor de R$10 mil.<\/p>\n<p>Andr\u00e9 relatou que a oferta foi recusada e, desde ent\u00e3o, n\u00e3o tocaram mais no assunto. Depois que a mulher foi presa, pelo sequestro em Minas Gerais, o casal ficou assustado com toda a situa\u00e7\u00e3o e a esposa de Andr\u00e9 acabou precisando ser internada \u00e0s pressas para dar a luz ao pequeno Cau\u00ea, que nasceu prematuro de 8 meses.<\/p>\n<p>O caso \u00e9 recente, mas Cl\u00e1udia j\u00e1 tem grande familiaridade com a capital baiana. Segundo o portal do Conselho Federal de Medicina (CFM), a neurologista informou que fez seis meses de resid\u00eancia em Neuropsiquiatria na Universidade Federal da Bahia (Ufba), em Salvador.<\/p>\n<p>RELEMBRE O CASO <\/p>\n<p>A falsa m\u00e9dica suspeita de sequestrar uma rec\u00e9m-nascida, horas ap\u00f3s o nascimento na noite de ter\u00e7a-feira (23\/7), em Minas Gerais, foi encontrada na manh\u00e3 desta quarta-feira (24\/7), em Goi\u00e1s. A crian\u00e7a raptada com apenas cinco horas de vida, j\u00e1 est\u00e1 com a fam\u00edlia.<\/p>\n<p>Identificada como Claudia Soares Alves, ela entrou no Hospital de Cl\u00ednicas da Universidade Federal de Uberl\u00e2ndia (HC-UFU), usando roupa de profissional de sa\u00fade, luvas e com o rosto coberto por m\u00e1scara, e at\u00e9 um crach\u00e1 da UFU.<\/p>\n<p>A falsa pediatra acessou a unidade hospitalar com um crach\u00e1 de funcion\u00e1rio e teria colocado a v\u00edtima em uma mochila amarela, escondida em um banheiro. O beb\u00ea tem uma s\u00edndrome card\u00edaca rara e pode ter complica\u00e7\u00f5es. Ainda n\u00e3o h\u00e1 informa\u00e7\u00f5es sobre o estado de sa\u00fade da v\u00edtima.<\/p>\n<p>Al\u00e9m disso, a suspeita ainda voltou \u00e0 sala e afirmou ao pai que outra funcion\u00e1ria retornaria com a crian\u00e7a. Sem a volta da beb\u00ea, Edson procurou profissionais do hospital, mas ningu\u00e9m tinha informa\u00e7\u00f5es sobre a mulher.<\/p>\n<p>C\u00e2meras de seguran\u00e7a registraram a movimenta\u00e7\u00e3o da falsa pediatra no hospital, se deslocando entre os corredores e utilizando o elevador com a mochila em que a beb\u00ea teria sido colocada.<\/p>\n<p>Foto: Reprodu\u00e7\u00e3o\/TV Vitoriosa<br \/>\nAratu On<\/p>\n","protected":false},"excerpt":{"rendered":"<p>Caso aconteceu recentemente, envolvendo um casal que mora no bairro de Vila Can\u00e1ria, na capital baiana. A neurologista, identificada como<\/p>\n","protected":false},"author":4,"featured_media":15202,"comment_status":"open","ping_status":"open","sticky":false,"template":"","format":"standard","meta":{"colormag_page_container_layout":"default_layout","colormag_page_sidebar_layout":"default_layout","_FSMCFIC_featured_image_caption":"","_FSMCFIC_featured_image_nocaption":"","_FSMCFIC_featured_image_hide":"","footnotes":""},"categories":[2,1],"tags":[],"class_list":["post-15201","post","type-post","status-publish","format-standard","has-post-thumbnail","hentry","category-noticias","category-ultimas"],"yoast_head":"<!-- This site is optimized with the Yoast SEO plugin v27.1.1 - https:\/\/yoast.com\/product\/yoast-seo-wordpress\/ -->\n<title>M\u00e9dica que roubou rec\u00e9m-nascida em Minas teria tentado comprar beb\u00ea em Salvador - Brasil not\u00edcias<\/title>\n<meta name=\"robots\" content=\"index, follow, max-snippet:-1, max-image-preview:large, max-video-preview:-1\" \/>\n<link rel=\"canonical\" href=\"https:\/\/brasilnoticias.org\/site\/medica-que-roubou-recem-nascida-em-minas-teria-tentado-comprar-bebe-em-salvador\/\" \/>\n<meta property=\"og:locale\" content=\"pt_PT\" \/>\n<meta property=\"og:type\" content=\"article\" \/>\n<meta property=\"og:title\" content=\"M\u00e9dica que roubou rec\u00e9m-nascida em Minas teria tentado comprar beb\u00ea em Salvador - Brasil not\u00edcias\" \/>\n<meta property=\"og:description\" content=\"Caso aconteceu recentemente, envolvendo um casal que mora no bairro de Vila Can\u00e1ria, na capital baiana. A neurologista, identificada como\" \/>\n<meta property=\"og:url\" content=\"https:\/\/brasilnoticias.org\/site\/medica-que-roubou-recem-nascida-em-minas-teria-tentado-comprar-bebe-em-salvador\/\" \/>\n<meta property=\"og:site_name\" content=\"Brasil not\u00edcias\" \/>\n<meta property=\"article:published_time\" content=\"2024-07-26T16:12:00+00:00\" \/>\n<meta property=\"og:image\" content=\"https:\/\/brasilnoticias.org\/site\/wp-content\/uploads\/2024\/07\/medica.jpg\" \/>\n\t<meta property=\"og:image:width\" content=\"960\" \/>\n\t<meta property=\"og:image:height\" content=\"500\" \/>\n\t<meta property=\"og:image:type\" content=\"image\/jpeg\" \/>\n<meta name=\"author\" content=\"Reda\u00e7\u00e3o\" \/>\n<meta name=\"twitter:card\" content=\"summary_large_image\" \/>\n<meta name=\"twitter:label1\" content=\"Escrito por\" \/>\n\t<meta name=\"twitter:data1\" content=\"Reda\u00e7\u00e3o\" \/>\n<script type=\"application\/ld+json\" class=\"yoast-schema-graph\">{\"@context\":\"https:\/\/schema.org\",\"@graph\":[{\"@type\":\"Article\",\"@id\":\"https:\/\/brasilnoticias.org\/site\/medica-que-roubou-recem-nascida-em-minas-teria-tentado-comprar-bebe-em-salvador\/#article\",\"isPartOf\":{\"@id\":\"https:\/\/brasilnoticias.org\/site\/medica-que-roubou-recem-nascida-em-minas-teria-tentado-comprar-bebe-em-salvador\/\"},\"author\":{\"name\":\"Reda\u00e7\u00e3o\",\"@id\":\"https:\/\/brasilnoticias.org\/site\/#\/schema\/person\/03bbbfe6c7634ad18c26444ea39049fa\"},\"headline\":\"M\u00e9dica que roubou rec\u00e9m-nascida em Minas teria tentado comprar beb\u00ea em Salvador\",\"datePublished\":\"2024-07-26T16:12:00+00:00\",\"mainEntityOfPage\":{\"@id\":\"https:\/\/brasilnoticias.org\/site\/medica-que-roubou-recem-nascida-em-minas-teria-tentado-comprar-bebe-em-salvador\/\"},\"wordCount\":583,\"commentCount\":0,\"publisher\":{\"@id\":\"https:\/\/brasilnoticias.org\/site\/#organization\"},\"image\":{\"@id\":\"https:\/\/brasilnoticias.org\/site\/medica-que-roubou-recem-nascida-em-minas-teria-tentado-comprar-bebe-em-salvador\/#primaryimage\"},\"thumbnailUrl\":\"https:\/\/brasilnoticias.org\/site\/wp-content\/uploads\/2024\/07\/medica.jpg\",\"articleSection\":[\"Not\u00edcias\",\"\u00daltimas\"],\"inLanguage\":\"pt-PT\",\"potentialAction\":[{\"@type\":\"CommentAction\",\"name\":\"Comment\",\"target\":[\"https:\/\/brasilnoticias.org\/site\/medica-que-roubou-recem-nascida-em-minas-teria-tentado-comprar-bebe-em-salvador\/#respond\"]}]},{\"@type\":\"WebPage\",\"@id\":\"https:\/\/brasilnoticias.org\/site\/medica-que-roubou-recem-nascida-em-minas-teria-tentado-comprar-bebe-em-salvador\/\",\"url\":\"https:\/\/brasilnoticias.org\/site\/medica-que-roubou-recem-nascida-em-minas-teria-tentado-comprar-bebe-em-salvador\/\",\"name\":\"M\u00e9dica que roubou rec\u00e9m-nascida em Minas teria tentado comprar beb\u00ea em Salvador - Brasil not\u00edcias\",\"isPartOf\":{\"@id\":\"https:\/\/brasilnoticias.org\/site\/#website\"},\"primaryImageOfPage\":{\"@id\":\"https:\/\/brasilnoticias.org\/site\/medica-que-roubou-recem-nascida-em-minas-teria-tentado-comprar-bebe-em-salvador\/#primaryimage\"},\"image\":{\"@id\":\"https:\/\/brasilnoticias.org\/site\/medica-que-roubou-recem-nascida-em-minas-teria-tentado-comprar-bebe-em-salvador\/#primaryimage\"},\"thumbnailUrl\":\"https:\/\/brasilnoticias.org\/site\/wp-content\/uploads\/2024\/07\/medica.jpg\",\"datePublished\":\"2024-07-26T16:12:00+00:00\",\"breadcrumb\":{\"@id\":\"https:\/\/brasilnoticias.org\/site\/medica-que-roubou-recem-nascida-em-minas-teria-tentado-comprar-bebe-em-salvador\/#breadcrumb\"},\"inLanguage\":\"pt-PT\",\"potentialAction\":[{\"@type\":\"ReadAction\",\"target\":[\"https:\/\/brasilnoticias.org\/site\/medica-que-roubou-recem-nascida-em-minas-teria-tentado-comprar-bebe-em-salvador\/\"]}]},{\"@type\":\"ImageObject\",\"inLanguage\":\"pt-PT\",\"@id\":\"https:\/\/brasilnoticias.org\/site\/medica-que-roubou-recem-nascida-em-minas-teria-tentado-comprar-bebe-em-salvador\/#primaryimage\",\"url\":\"https:\/\/brasilnoticias.org\/site\/wp-content\/uploads\/2024\/07\/medica.jpg\",\"contentUrl\":\"https:\/\/brasilnoticias.org\/site\/wp-content\/uploads\/2024\/07\/medica.jpg\",\"width\":960,\"height\":500},{\"@type\":\"BreadcrumbList\",\"@id\":\"https:\/\/brasilnoticias.org\/site\/medica-que-roubou-recem-nascida-em-minas-teria-tentado-comprar-bebe-em-salvador\/#breadcrumb\",\"itemListElement\":[{\"@type\":\"ListItem\",\"position\":1,\"name\":\"In\u00edcio\",\"item\":\"https:\/\/brasilnoticias.org\/site\/\"},{\"@type\":\"ListItem\",\"position\":2,\"name\":\"M\u00e9dica que roubou rec\u00e9m-nascida em Minas teria tentado comprar beb\u00ea em Salvador\"}]},{\"@type\":\"WebSite\",\"@id\":\"https:\/\/brasilnoticias.org\/site\/#website\",\"url\":\"https:\/\/brasilnoticias.org\/site\/\",\"name\":\"Brasil not\u00edcias\",\"description\":\"Brasil not\u00edcias\",\"publisher\":{\"@id\":\"https:\/\/brasilnoticias.org\/site\/#organization\"},\"potentialAction\":[{\"@type\":\"SearchAction\",\"target\":{\"@type\":\"EntryPoint\",\"urlTemplate\":\"https:\/\/brasilnoticias.org\/site\/?s={search_term_string}\"},\"query-input\":{\"@type\":\"PropertyValueSpecification\",\"valueRequired\":true,\"valueName\":\"search_term_string\"}}],\"inLanguage\":\"pt-PT\"},{\"@type\":\"Organization\",\"@id\":\"https:\/\/brasilnoticias.org\/site\/#organization\",\"name\":\"Brasil not\u00edcias\",\"url\":\"https:\/\/brasilnoticias.org\/site\/\",\"logo\":{\"@type\":\"ImageObject\",\"inLanguage\":\"pt-PT\",\"@id\":\"https:\/\/brasilnoticias.org\/site\/#\/schema\/logo\/image\/\",\"url\":\"https:\/\/brasilnoticias.org\/site\/wp-content\/uploads\/2022\/05\/cropped-brasilnoticias-mini.jpg\",\"contentUrl\":\"https:\/\/brasilnoticias.org\/site\/wp-content\/uploads\/2022\/05\/cropped-brasilnoticias-mini.jpg\",\"width\":314,\"height\":86,\"caption\":\"Brasil not\u00edcias\"},\"image\":{\"@id\":\"https:\/\/brasilnoticias.org\/site\/#\/schema\/logo\/image\/\"}},{\"@type\":\"Person\",\"@id\":\"https:\/\/brasilnoticias.org\/site\/#\/schema\/person\/03bbbfe6c7634ad18c26444ea39049fa\",\"name\":\"Reda\u00e7\u00e3o\",\"image\":{\"@type\":\"ImageObject\",\"inLanguage\":\"pt-PT\",\"@id\":\"https:\/\/brasilnoticias.org\/site\/#\/schema\/person\/image\/\",\"url\":\"https:\/\/secure.gravatar.com\/avatar\/9ecaf7327a696cb23ad926fedded5f1f04d7049de9e445375d55b48c001a6e42?s=96&d=mm&r=g\",\"contentUrl\":\"https:\/\/secure.gravatar.com\/avatar\/9ecaf7327a696cb23ad926fedded5f1f04d7049de9e445375d55b48c001a6e42?s=96&d=mm&r=g\",\"caption\":\"Reda\u00e7\u00e3o\"},\"url\":\"https:\/\/brasilnoticias.org\/site\/author\/henrique\/\"}]}<\/script>\n<!-- \/ Yoast SEO plugin. -->","yoast_head_json":{"title":"M\u00e9dica que roubou rec\u00e9m-nascida em Minas teria tentado comprar beb\u00ea em Salvador - Brasil not\u00edcias","robots":{"index":"index","follow":"follow","max-snippet":"max-snippet:-1","max-image-preview":"max-image-preview:large","max-video-preview":"max-video-preview:-1"},"canonical":"https:\/\/brasilnoticias.org\/site\/medica-que-roubou-recem-nascida-em-minas-teria-tentado-comprar-bebe-em-salvador\/","og_locale":"pt_PT","og_type":"article","og_title":"M\u00e9dica que roubou rec\u00e9m-nascida em Minas teria tentado comprar beb\u00ea em Salvador - Brasil not\u00edcias","og_description":"Caso aconteceu recentemente, envolvendo um casal que mora no bairro de Vila Can\u00e1ria, na capital baiana. A neurologista, identificada como","og_url":"https:\/\/brasilnoticias.org\/site\/medica-que-roubou-recem-nascida-em-minas-teria-tentado-comprar-bebe-em-salvador\/","og_site_name":"Brasil not\u00edcias","article_published_time":"2024-07-26T16:12:00+00:00","og_image":[{"width":960,"height":500,"url":"https:\/\/brasilnoticias.org\/site\/wp-content\/uploads\/2024\/07\/medica.jpg","type":"image\/jpeg"}],"author":"Reda\u00e7\u00e3o","twitter_card":"summary_large_image","twitter_misc":{"Escrito por":"Reda\u00e7\u00e3o"},"schema":{"@context":"https:\/\/schema.org","@graph":[{"@type":"Article","@id":"https:\/\/brasilnoticias.org\/site\/medica-que-roubou-recem-nascida-em-minas-teria-tentado-comprar-bebe-em-salvador\/#article","isPartOf":{"@id":"https:\/\/brasilnoticias.org\/site\/medica-que-roubou-recem-nascida-em-minas-teria-tentado-comprar-bebe-em-salvador\/"},"author":{"name":"Reda\u00e7\u00e3o","@id":"https:\/\/brasilnoticias.org\/site\/#\/schema\/person\/03bbbfe6c7634ad18c26444ea39049fa"},"headline":"M\u00e9dica que roubou rec\u00e9m-nascida em Minas teria tentado comprar beb\u00ea em Salvador","datePublished":"2024-07-26T16:12:00+00:00","mainEntityOfPage":{"@id":"https:\/\/brasilnoticias.org\/site\/medica-que-roubou-recem-nascida-em-minas-teria-tentado-comprar-bebe-em-salvador\/"},"wordCount":583,"commentCount":0,"publisher":{"@id":"https:\/\/brasilnoticias.org\/site\/#organization"},"image":{"@id":"https:\/\/brasilnoticias.org\/site\/medica-que-roubou-recem-nascida-em-minas-teria-tentado-comprar-bebe-em-salvador\/#primaryimage"},"thumbnailUrl":"https:\/\/brasilnoticias.org\/site\/wp-content\/uploads\/2024\/07\/medica.jpg","articleSection":["Not\u00edcias","\u00daltimas"],"inLanguage":"pt-PT","potentialAction":[{"@type":"CommentAction","name":"Comment","target":["https:\/\/brasilnoticias.org\/site\/medica-que-roubou-recem-nascida-em-minas-teria-tentado-comprar-bebe-em-salvador\/#respond"]}]},{"@type":"WebPage","@id":"https:\/\/brasilnoticias.org\/site\/medica-que-roubou-recem-nascida-em-minas-teria-tentado-comprar-bebe-em-salvador\/","url":"https:\/\/brasilnoticias.org\/site\/medica-que-roubou-recem-nascida-em-minas-teria-tentado-comprar-bebe-em-salvador\/","name":"M\u00e9dica que roubou rec\u00e9m-nascida em Minas teria tentado comprar beb\u00ea em Salvador - Brasil not\u00edcias","isPartOf":{"@id":"https:\/\/brasilnoticias.org\/site\/#website"},"primaryImageOfPage":{"@id":"https:\/\/brasilnoticias.org\/site\/medica-que-roubou-recem-nascida-em-minas-teria-tentado-comprar-bebe-em-salvador\/#primaryimage"},"image":{"@id":"https:\/\/brasilnoticias.org\/site\/medica-que-roubou-recem-nascida-em-minas-teria-tentado-comprar-bebe-em-salvador\/#primaryimage"},"thumbnailUrl":"https:\/\/brasilnoticias.org\/site\/wp-content\/uploads\/2024\/07\/medica.jpg","datePublished":"2024-07-26T16:12:00+00:00","breadcrumb":{"@id":"https:\/\/brasilnoticias.org\/site\/medica-que-roubou-recem-nascida-em-minas-teria-tentado-comprar-bebe-em-salvador\/#breadcrumb"},"inLanguage":"pt-PT","potentialAction":[{"@type":"ReadAction","target":["https:\/\/brasilnoticias.org\/site\/medica-que-roubou-recem-nascida-em-minas-teria-tentado-comprar-bebe-em-salvador\/"]}]},{"@type":"ImageObject","inLanguage":"pt-PT","@id":"https:\/\/brasilnoticias.org\/site\/medica-que-roubou-recem-nascida-em-minas-teria-tentado-comprar-bebe-em-salvador\/#primaryimage","url":"https:\/\/brasilnoticias.org\/site\/wp-content\/uploads\/2024\/07\/medica.jpg","contentUrl":"https:\/\/brasilnoticias.org\/site\/wp-content\/uploads\/2024\/07\/medica.jpg","width":960,"height":500},{"@type":"BreadcrumbList","@id":"https:\/\/brasilnoticias.org\/site\/medica-que-roubou-recem-nascida-em-minas-teria-tentado-comprar-bebe-em-salvador\/#breadcrumb","itemListElement":[{"@type":"ListItem","position":1,"name":"In\u00edcio","item":"https:\/\/brasilnoticias.org\/site\/"},{"@type":"ListItem","position":2,"name":"M\u00e9dica que roubou rec\u00e9m-nascida em Minas teria tentado comprar beb\u00ea em Salvador"}]},{"@type":"WebSite","@id":"https:\/\/brasilnoticias.org\/site\/#website","url":"https:\/\/brasilnoticias.org\/site\/","name":"Brasil not\u00edcias","description":"Brasil not\u00edcias","publisher":{"@id":"https:\/\/brasilnoticias.org\/site\/#organization"},"potentialAction":[{"@type":"SearchAction","target":{"@type":"EntryPoint","urlTemplate":"https:\/\/brasilnoticias.org\/site\/?s={search_term_string}"},"query-input":{"@type":"PropertyValueSpecification","valueRequired":true,"valueName":"search_term_string"}}],"inLanguage":"pt-PT"},{"@type":"Organization","@id":"https:\/\/brasilnoticias.org\/site\/#organization","name":"Brasil not\u00edcias","url":"https:\/\/brasilnoticias.org\/site\/","logo":{"@type":"ImageObject","inLanguage":"pt-PT","@id":"https:\/\/brasilnoticias.org\/site\/#\/schema\/logo\/image\/","url":"https:\/\/brasilnoticias.org\/site\/wp-content\/uploads\/2022\/05\/cropped-brasilnoticias-mini.jpg","contentUrl":"https:\/\/brasilnoticias.org\/site\/wp-content\/uploads\/2022\/05\/cropped-brasilnoticias-mini.jpg","width":314,"height":86,"caption":"Brasil not\u00edcias"},"image":{"@id":"https:\/\/brasilnoticias.org\/site\/#\/schema\/logo\/image\/"}},{"@type":"Person","@id":"https:\/\/brasilnoticias.org\/site\/#\/schema\/person\/03bbbfe6c7634ad18c26444ea39049fa","name":"Reda\u00e7\u00e3o","image":{"@type":"ImageObject","inLanguage":"pt-PT","@id":"https:\/\/brasilnoticias.org\/site\/#\/schema\/person\/image\/","url":"https:\/\/secure.gravatar.com\/avatar\/9ecaf7327a696cb23ad926fedded5f1f04d7049de9e445375d55b48c001a6e42?s=96&d=mm&r=g","contentUrl":"https:\/\/secure.gravatar.com\/avatar\/9ecaf7327a696cb23ad926fedded5f1f04d7049de9e445375d55b48c001a6e42?s=96&d=mm&r=g","caption":"Reda\u00e7\u00e3o"},"url":"https:\/\/brasilnoticias.org\/site\/author\/henrique\/"}]}},"_links":{"self":[{"href":"https:\/\/brasilnoticias.org\/site\/wp-json\/wp\/v2\/posts\/15201","targetHints":{"allow":["GET"]}}],"collection":[{"href":"https:\/\/brasilnoticias.org\/site\/wp-json\/wp\/v2\/posts"}],"about":[{"href":"https:\/\/brasilnoticias.org\/site\/wp-json\/wp\/v2\/types\/post"}],"author":[{"embeddable":true,"href":"https:\/\/brasilnoticias.org\/site\/wp-json\/wp\/v2\/users\/4"}],"replies":[{"embeddable":true,"href":"https:\/\/brasilnoticias.org\/site\/wp-json\/wp\/v2\/comments?post=15201"}],"version-history":[{"count":1,"href":"https:\/\/brasilnoticias.org\/site\/wp-json\/wp\/v2\/posts\/15201\/revisions"}],"predecessor-version":[{"id":15203,"href":"https:\/\/brasilnoticias.org\/site\/wp-json\/wp\/v2\/posts\/15201\/revisions\/15203"}],"wp:featuredmedia":[{"embeddable":true,"href":"https:\/\/brasilnoticias.org\/site\/wp-json\/wp\/v2\/media\/15202"}],"wp:attachment":[{"href":"https:\/\/brasilnoticias.org\/site\/wp-json\/wp\/v2\/media?parent=15201"}],"wp:term":[{"taxonomy":"category","embeddable":true,"href":"https:\/\/brasilnoticias.org\/site\/wp-json\/wp\/v2\/categories?post=15201"},{"taxonomy":"post_tag","embeddable":true,"href":"https:\/\/brasilnoticias.org\/site\/wp-json\/wp\/v2\/tags?post=15201"}],"curies":[{"name":"wp","href":"https:\/\/api.w.org\/{rel}","templated":true}]}}