{"id":15210,"date":"2024-07-27T10:41:06","date_gmt":"2024-07-27T13:41:06","guid":{"rendered":"https:\/\/brasilnoticias.org\/site\/?p=15210"},"modified":"2024-07-27T10:42:30","modified_gmt":"2024-07-27T13:42:30","slug":"confira-a-agenda-do-brasil-neste-sabado-nas-olimpiadas-2024-em-paris","status":"publish","type":"post","link":"https:\/\/brasilnoticias.org\/site\/confira-a-agenda-do-brasil-neste-sabado-nas-olimpiadas-2024-em-paris\/","title":{"rendered":"Confira a agenda do Brasil neste s\u00e1bado nas Olimp\u00edadas 2024 em Paris"},"content":{"rendered":"<p>Sele\u00e7\u00f5es masculinas de v\u00f4lei e de basquete v\u00e3o estrear contra It\u00e1lia e Fran\u00e7a, enquanto os brasileiros George e Andr\u00e9 disputam no v\u00f4lei de praia<\/p>\n<p>O primeiro dia oficial de competi\u00e7\u00f5es nas Olimp\u00edadas de Paris vai contar com a presen\u00e7a brasileira em 15 modalidades. Com chances de p\u00f3dio na nata\u00e7\u00e3o e na esgrima, o Brasil pode abrir o quadro de medalhas neste s\u00e1bado. J\u00e1 a prova de skate street masculino que seria realizada neste s\u00e1bado, foi adiada para segunda-feira por causa da chuva em Paris.<\/p>\n<p>As sele\u00e7\u00f5es masculinas de v\u00f4lei e de basquete v\u00e3o estrear contra It\u00e1lia e Fran\u00e7a, respectivamente, enquanto os brasileiros George e Andr\u00e9, encaram a dupla marroquina Abicha e Elgraoui no v\u00f4lei de praia na Arena da Torre Eiffel. Bia Haddad, Laura Pigossi e Luisa Stefani abrem as disputas do t\u00eanis no simples e nas duplas. <\/p>\n<p>Confira a agenda de jogos das Olimp\u00edadas deste s\u00e1bado:<\/p>\n<p>Remo<br \/>\n4h &#8211; Classificat\u00f3rias &#8211; Skiff simples &#8211; Lucas Verthein<br \/>\n5h12 &#8211; Classificat\u00f3rias &#8211; Skiff Simples &#8211; Beatriz Tavares<\/p>\n<p>Hipismo<br \/>\n4h30 &#8211; CCE por equipes &#8211; adestramento &#8211; Brasil<br \/>\n4h30 &#8211; CCE individual &#8211; adestramento &#8211; Marcio Jorge e Carlos Parro<\/p>\n<p>Esgrima<br \/>\n5h &#8211; Espada individual feminino &#8211; primeira rodada &#8211; Nathalie Moellhausen<br \/>\n14h &#8211; Espada individual feminino &#8211; Semifinal 1<br \/>\n14h25 &#8211; Espada individual feminino &#8211; Semifinal 2<br \/>\n16h30 &#8211; Espada individual feminino<\/p>\n<p>Jud\u00f4<br \/>\n5h20 &#8211; at\u00e9 48kg feminino &#8211; primeira rodada (TV Globo\/sportv3) &#8211; Natasha Ferreira x Natsumi Tsonoda<br \/>\n5h30 &#8211; at\u00e9 60kg masculino &#8211; primeira rodada (TV Globo\/sportv3) &#8211; Michel Augusto x Sebastian Sancho<br \/>\n7h20 &#8211; 48kg feminino &#8211; oitavas de final<br \/>\n7h20 &#8211; 60kg masculino &#8211; oitavas de final<br \/>\n8h16 &#8211; 48kg feminino &#8211; quartas de final<br \/>\n8h16 &#8211; 60kg masculino &#8211; quartas de final<br \/>\n11h &#8211; 48kg feminino &#8211; repescagem<br \/>\n11h17 &#8211; 48kg feminino &#8211; semifinal<br \/>\n11h34 &#8211; 60kg masculino &#8211; repescagem<br \/>\n11h51 &#8211; 60kg masculino &#8211; semifinal<br \/>\n12h18 &#8211; 48kg feminino &#8211; disputa do bronze<br \/>\n12h38 &#8211; 48kg feminino &#8211; final<br \/>\n12h49 &#8211; 60kg masculino &#8211; disputa do bronze<br \/>\n13h09 &#8211; 60kg masculino &#8211; final<\/p>\n<p>Tiro esportivo<br \/>\n5h30 &#8211; Classificat\u00f3rias &#8211; pistola de ar 10m masculino individual &#8211; Philipe Chateaubrian<\/p>\n<p>Gin\u00e1stica Art\u00edstica<br \/>\n6h &#8211; Classificat\u00f3ria masculina &#8211; Subdivis\u00e3o 1 &#8211; Arthur Nory e Diogo Soares<br \/>\n10h30 &#8211; Classificat\u00f3ria masculina &#8211; Subdivis\u00e3o 2<br \/>\n15h &#8211; Classificat\u00f3ria masculina &#8211; Subdivis\u00e3o 3<\/p>\n<p>Nata\u00e7\u00e3o<br \/>\nClassificat\u00f3rias<br \/>\n6h05 &#8211; Classificat\u00f3rias &#8211; 400m livre feminino &#8211; Maf\u00ea Costa e Gabi Roncatto<br \/>\n6h20 &#8211; Classificat\u00f3rias &#8211; 400m livre masculino &#8211; Gui Costa\/ Eduardo Oliveira de Moraes<br \/>\n6h30 &#8211; Classificat\u00f3rias &#8211; Revezamento 4x100m livre feminino &#8211; Ana Carolina Vieira, Giovana Reis, Maf\u00ea Costa, Stephanie Balduccini<br \/>\n6h40 &#8211; Classificat\u00f3rias &#8211; Revezamento 4x100m livre feminino &#8211; Breno Correia, Gabriel Santos, Guilherme Carib\u00e9, Marcelo Chierighini<\/p>\n<p>Finais<br \/>\n15h42 &#8211; Final &#8211; 400m livre masculino<br \/>\n15h52 &#8211; Final &#8211; 400m livre feminino<br \/>\n16h34 &#8211; Final &#8211; Revezamento 4x100m livre feminino<br \/>\n16h44 &#8211; Final &#8211; Revezamento 4x100m livre masculino<\/p>\n<p>V\u00f4lei masculino<br \/>\n8h &#8211; Brasil x it\u00e1lia <\/p>\n<p>T\u00eanis<br \/>\nA partir de 9h10 &#8211; simples feminino &#8211; Bia Haddad x Varvara Gracheva (FRA)<br \/>\nA partir de 9h10 &#8211; simples feminino &#8211; Laura Pigossi X Dayana Yastremska (UKR)<br \/>\nA partir de 13h &#8211; duplas femininas &#8211; Bia Haddad\/Luisa Stefani x Shuai Zhang\/Yue Yuan (CHN)<\/p>\n<p>Badminton<br \/>\n9h50 &#8211; Fase de grupos &#8211; Juliana Viana (BRA) x Supanida Katethong (THA)<\/p>\n<p>Canoagem slalom<br \/>\n10h &#8211; C1 &#8211; 1\u00aa descida &#8211; Pep\u00ea Gon\u00e7alves<br \/>\n10h50 &#8211; K1 &#8211; 1\u00aa descida &#8211; Ana S\u00e1tila<br \/>\n12h10 &#8211; C1 &#8211; 2\u00aa descida &#8211; Pep\u00ea Gon\u00e7alves<br \/>\n13h00 &#8211; K1 &#8211; 2\u00aa descida &#8211; Ana S\u00e1tila<\/p>\n<p>Basquete<br \/>\n12h15 &#8211; Fran\u00e7a x Brasil <\/p>\n<p>T\u00eanis de mesa<br \/>\n12h15 &#8211; oitavas de final &#8211; duplas mistas &#8211; Vitor Ishiy\/Bruna Takahashi (BRA) x Alvaro Robles\/Maria Xiao (ESP)<\/p>\n<p>V\u00f4lei de praia<br \/>\n14h \u2013 George\/Andr\u00e9 (BRA) x Abicha\/Elgraoui (MAR) <\/p>\n<p>Surf<br \/>\n15h10 &#8211; Round 1 masculino &#8211; Filipe Toledo<br \/>\n15h45 &#8211; Round 1 masculino &#8211; Gabriel Medina<br \/>\n16h20 &#8211; Round 1 masculino &#8211; Jo\u00e3o Chianca<br \/>\n20h33 &#8211; Round 1 feminino &#8211; Tatiana Weston-Webb<br \/>\n21h43 &#8211; Round 1 feminino &#8211; Tain\u00e1 Hinckel e Luana Silva<\/p>\n<p><strong>Foto: Satiro Sodr\u00e9\/SSPress\/CBDA<br \/>\nPor: Metro1<\/strong><\/p>\n","protected":false},"excerpt":{"rendered":"<p>Sele\u00e7\u00f5es masculinas de v\u00f4lei e de basquete v\u00e3o estrear contra It\u00e1lia e Fran\u00e7a, enquanto os brasileiros George e Andr\u00e9 disputam<\/p>\n","protected":false},"author":4,"featured_media":15212,"comment_status":"open","ping_status":"open","sticky":false,"template":"","format":"standard","meta":{"colormag_page_container_layout":"default_layout","colormag_page_sidebar_layout":"default_layout","_FSMCFIC_featured_image_caption":"","_FSMCFIC_featured_image_nocaption":"","_FSMCFIC_featured_image_hide":"","footnotes":""},"categories":[4,1],"tags":[],"class_list":["post-15210","post","type-post","status-publish","format-standard","has-post-thumbnail","hentry","category-esporte","category-ultimas"],"yoast_head":"<!-- This site is optimized with the Yoast SEO plugin v27.1.1 - https:\/\/yoast.com\/product\/yoast-seo-wordpress\/ -->\n<title>Confira a agenda do Brasil neste s\u00e1bado nas Olimp\u00edadas 2024 em Paris - Brasil not\u00edcias<\/title>\n<meta name=\"robots\" content=\"index, follow, max-snippet:-1, max-image-preview:large, max-video-preview:-1\" \/>\n<link rel=\"canonical\" href=\"https:\/\/brasilnoticias.org\/site\/confira-a-agenda-do-brasil-neste-sabado-nas-olimpiadas-2024-em-paris\/\" \/>\n<meta property=\"og:locale\" content=\"pt_PT\" \/>\n<meta property=\"og:type\" content=\"article\" \/>\n<meta property=\"og:title\" content=\"Confira a agenda do Brasil neste s\u00e1bado nas Olimp\u00edadas 2024 em Paris - Brasil not\u00edcias\" \/>\n<meta property=\"og:description\" content=\"Sele\u00e7\u00f5es masculinas de v\u00f4lei e de basquete v\u00e3o estrear contra It\u00e1lia e Fran\u00e7a, enquanto os brasileiros George e Andr\u00e9 disputam\" \/>\n<meta property=\"og:url\" content=\"https:\/\/brasilnoticias.org\/site\/confira-a-agenda-do-brasil-neste-sabado-nas-olimpiadas-2024-em-paris\/\" \/>\n<meta property=\"og:site_name\" content=\"Brasil not\u00edcias\" \/>\n<meta property=\"article:published_time\" content=\"2024-07-27T13:41:06+00:00\" \/>\n<meta property=\"article:modified_time\" content=\"2024-07-27T13:42:30+00:00\" \/>\n<meta property=\"og:image\" content=\"https:\/\/brasilnoticias.org\/site\/wp-content\/uploads\/2024\/07\/153305confira-a-agenda-do-brasil-neste-sabado-nas-olimpiadas-2024-em-paris-3.jpg\" \/>\n\t<meta property=\"og:image:width\" content=\"1600\" \/>\n\t<meta property=\"og:image:height\" content=\"752\" \/>\n\t<meta property=\"og:image:type\" content=\"image\/jpeg\" \/>\n<meta name=\"author\" content=\"Reda\u00e7\u00e3o\" \/>\n<meta name=\"twitter:card\" content=\"summary_large_image\" \/>\n<meta name=\"twitter:label1\" content=\"Escrito por\" \/>\n\t<meta name=\"twitter:data1\" content=\"Reda\u00e7\u00e3o\" \/>\n\t<meta name=\"twitter:label2\" content=\"Tempo estimado de leitura\" \/>\n\t<meta name=\"twitter:data2\" content=\"4 minutos\" \/>\n<script type=\"application\/ld+json\" class=\"yoast-schema-graph\">{\"@context\":\"https:\/\/schema.org\",\"@graph\":[{\"@type\":\"Article\",\"@id\":\"https:\/\/brasilnoticias.org\/site\/confira-a-agenda-do-brasil-neste-sabado-nas-olimpiadas-2024-em-paris\/#article\",\"isPartOf\":{\"@id\":\"https:\/\/brasilnoticias.org\/site\/confira-a-agenda-do-brasil-neste-sabado-nas-olimpiadas-2024-em-paris\/\"},\"author\":{\"name\":\"Reda\u00e7\u00e3o\",\"@id\":\"https:\/\/brasilnoticias.org\/site\/#\/schema\/person\/03bbbfe6c7634ad18c26444ea39049fa\"},\"headline\":\"Confira a agenda do Brasil neste s\u00e1bado nas Olimp\u00edadas 2024 em Paris\",\"datePublished\":\"2024-07-27T13:41:06+00:00\",\"dateModified\":\"2024-07-27T13:42:30+00:00\",\"mainEntityOfPage\":{\"@id\":\"https:\/\/brasilnoticias.org\/site\/confira-a-agenda-do-brasil-neste-sabado-nas-olimpiadas-2024-em-paris\/\"},\"wordCount\":728,\"commentCount\":0,\"publisher\":{\"@id\":\"https:\/\/brasilnoticias.org\/site\/#organization\"},\"image\":{\"@id\":\"https:\/\/brasilnoticias.org\/site\/confira-a-agenda-do-brasil-neste-sabado-nas-olimpiadas-2024-em-paris\/#primaryimage\"},\"thumbnailUrl\":\"https:\/\/brasilnoticias.org\/site\/wp-content\/uploads\/2024\/07\/153305confira-a-agenda-do-brasil-neste-sabado-nas-olimpiadas-2024-em-paris-3.jpg\",\"articleSection\":[\"Esporte\",\"\u00daltimas\"],\"inLanguage\":\"pt-PT\",\"potentialAction\":[{\"@type\":\"CommentAction\",\"name\":\"Comment\",\"target\":[\"https:\/\/brasilnoticias.org\/site\/confira-a-agenda-do-brasil-neste-sabado-nas-olimpiadas-2024-em-paris\/#respond\"]}]},{\"@type\":\"WebPage\",\"@id\":\"https:\/\/brasilnoticias.org\/site\/confira-a-agenda-do-brasil-neste-sabado-nas-olimpiadas-2024-em-paris\/\",\"url\":\"https:\/\/brasilnoticias.org\/site\/confira-a-agenda-do-brasil-neste-sabado-nas-olimpiadas-2024-em-paris\/\",\"name\":\"Confira a agenda do Brasil neste s\u00e1bado nas Olimp\u00edadas 2024 em Paris - Brasil not\u00edcias\",\"isPartOf\":{\"@id\":\"https:\/\/brasilnoticias.org\/site\/#website\"},\"primaryImageOfPage\":{\"@id\":\"https:\/\/brasilnoticias.org\/site\/confira-a-agenda-do-brasil-neste-sabado-nas-olimpiadas-2024-em-paris\/#primaryimage\"},\"image\":{\"@id\":\"https:\/\/brasilnoticias.org\/site\/confira-a-agenda-do-brasil-neste-sabado-nas-olimpiadas-2024-em-paris\/#primaryimage\"},\"thumbnailUrl\":\"https:\/\/brasilnoticias.org\/site\/wp-content\/uploads\/2024\/07\/153305confira-a-agenda-do-brasil-neste-sabado-nas-olimpiadas-2024-em-paris-3.jpg\",\"datePublished\":\"2024-07-27T13:41:06+00:00\",\"dateModified\":\"2024-07-27T13:42:30+00:00\",\"breadcrumb\":{\"@id\":\"https:\/\/brasilnoticias.org\/site\/confira-a-agenda-do-brasil-neste-sabado-nas-olimpiadas-2024-em-paris\/#breadcrumb\"},\"inLanguage\":\"pt-PT\",\"potentialAction\":[{\"@type\":\"ReadAction\",\"target\":[\"https:\/\/brasilnoticias.org\/site\/confira-a-agenda-do-brasil-neste-sabado-nas-olimpiadas-2024-em-paris\/\"]}]},{\"@type\":\"ImageObject\",\"inLanguage\":\"pt-PT\",\"@id\":\"https:\/\/brasilnoticias.org\/site\/confira-a-agenda-do-brasil-neste-sabado-nas-olimpiadas-2024-em-paris\/#primaryimage\",\"url\":\"https:\/\/brasilnoticias.org\/site\/wp-content\/uploads\/2024\/07\/153305confira-a-agenda-do-brasil-neste-sabado-nas-olimpiadas-2024-em-paris-3.jpg\",\"contentUrl\":\"https:\/\/brasilnoticias.org\/site\/wp-content\/uploads\/2024\/07\/153305confira-a-agenda-do-brasil-neste-sabado-nas-olimpiadas-2024-em-paris-3.jpg\",\"width\":1600,\"height\":752},{\"@type\":\"BreadcrumbList\",\"@id\":\"https:\/\/brasilnoticias.org\/site\/confira-a-agenda-do-brasil-neste-sabado-nas-olimpiadas-2024-em-paris\/#breadcrumb\",\"itemListElement\":[{\"@type\":\"ListItem\",\"position\":1,\"name\":\"In\u00edcio\",\"item\":\"https:\/\/brasilnoticias.org\/site\/\"},{\"@type\":\"ListItem\",\"position\":2,\"name\":\"Confira a agenda do Brasil neste s\u00e1bado nas Olimp\u00edadas 2024 em Paris\"}]},{\"@type\":\"WebSite\",\"@id\":\"https:\/\/brasilnoticias.org\/site\/#website\",\"url\":\"https:\/\/brasilnoticias.org\/site\/\",\"name\":\"Brasil not\u00edcias\",\"description\":\"Brasil not\u00edcias\",\"publisher\":{\"@id\":\"https:\/\/brasilnoticias.org\/site\/#organization\"},\"potentialAction\":[{\"@type\":\"SearchAction\",\"target\":{\"@type\":\"EntryPoint\",\"urlTemplate\":\"https:\/\/brasilnoticias.org\/site\/?s={search_term_string}\"},\"query-input\":{\"@type\":\"PropertyValueSpecification\",\"valueRequired\":true,\"valueName\":\"search_term_string\"}}],\"inLanguage\":\"pt-PT\"},{\"@type\":\"Organization\",\"@id\":\"https:\/\/brasilnoticias.org\/site\/#organization\",\"name\":\"Brasil not\u00edcias\",\"url\":\"https:\/\/brasilnoticias.org\/site\/\",\"logo\":{\"@type\":\"ImageObject\",\"inLanguage\":\"pt-PT\",\"@id\":\"https:\/\/brasilnoticias.org\/site\/#\/schema\/logo\/image\/\",\"url\":\"https:\/\/brasilnoticias.org\/site\/wp-content\/uploads\/2022\/05\/cropped-brasilnoticias-mini.jpg\",\"contentUrl\":\"https:\/\/brasilnoticias.org\/site\/wp-content\/uploads\/2022\/05\/cropped-brasilnoticias-mini.jpg\",\"width\":314,\"height\":86,\"caption\":\"Brasil not\u00edcias\"},\"image\":{\"@id\":\"https:\/\/brasilnoticias.org\/site\/#\/schema\/logo\/image\/\"}},{\"@type\":\"Person\",\"@id\":\"https:\/\/brasilnoticias.org\/site\/#\/schema\/person\/03bbbfe6c7634ad18c26444ea39049fa\",\"name\":\"Reda\u00e7\u00e3o\",\"image\":{\"@type\":\"ImageObject\",\"inLanguage\":\"pt-PT\",\"@id\":\"https:\/\/brasilnoticias.org\/site\/#\/schema\/person\/image\/\",\"url\":\"https:\/\/secure.gravatar.com\/avatar\/9ecaf7327a696cb23ad926fedded5f1f04d7049de9e445375d55b48c001a6e42?s=96&d=mm&r=g\",\"contentUrl\":\"https:\/\/secure.gravatar.com\/avatar\/9ecaf7327a696cb23ad926fedded5f1f04d7049de9e445375d55b48c001a6e42?s=96&d=mm&r=g\",\"caption\":\"Reda\u00e7\u00e3o\"},\"url\":\"https:\/\/brasilnoticias.org\/site\/author\/henrique\/\"}]}<\/script>\n<!-- \/ Yoast SEO plugin. -->","yoast_head_json":{"title":"Confira a agenda do Brasil neste s\u00e1bado nas Olimp\u00edadas 2024 em Paris - Brasil not\u00edcias","robots":{"index":"index","follow":"follow","max-snippet":"max-snippet:-1","max-image-preview":"max-image-preview:large","max-video-preview":"max-video-preview:-1"},"canonical":"https:\/\/brasilnoticias.org\/site\/confira-a-agenda-do-brasil-neste-sabado-nas-olimpiadas-2024-em-paris\/","og_locale":"pt_PT","og_type":"article","og_title":"Confira a agenda do Brasil neste s\u00e1bado nas Olimp\u00edadas 2024 em Paris - Brasil not\u00edcias","og_description":"Sele\u00e7\u00f5es masculinas de v\u00f4lei e de basquete v\u00e3o estrear contra It\u00e1lia e Fran\u00e7a, enquanto os brasileiros George e Andr\u00e9 disputam","og_url":"https:\/\/brasilnoticias.org\/site\/confira-a-agenda-do-brasil-neste-sabado-nas-olimpiadas-2024-em-paris\/","og_site_name":"Brasil not\u00edcias","article_published_time":"2024-07-27T13:41:06+00:00","article_modified_time":"2024-07-27T13:42:30+00:00","og_image":[{"width":1600,"height":752,"url":"https:\/\/brasilnoticias.org\/site\/wp-content\/uploads\/2024\/07\/153305confira-a-agenda-do-brasil-neste-sabado-nas-olimpiadas-2024-em-paris-3.jpg","type":"image\/jpeg"}],"author":"Reda\u00e7\u00e3o","twitter_card":"summary_large_image","twitter_misc":{"Escrito por":"Reda\u00e7\u00e3o","Tempo estimado de leitura":"4 minutos"},"schema":{"@context":"https:\/\/schema.org","@graph":[{"@type":"Article","@id":"https:\/\/brasilnoticias.org\/site\/confira-a-agenda-do-brasil-neste-sabado-nas-olimpiadas-2024-em-paris\/#article","isPartOf":{"@id":"https:\/\/brasilnoticias.org\/site\/confira-a-agenda-do-brasil-neste-sabado-nas-olimpiadas-2024-em-paris\/"},"author":{"name":"Reda\u00e7\u00e3o","@id":"https:\/\/brasilnoticias.org\/site\/#\/schema\/person\/03bbbfe6c7634ad18c26444ea39049fa"},"headline":"Confira a agenda do Brasil neste s\u00e1bado nas Olimp\u00edadas 2024 em Paris","datePublished":"2024-07-27T13:41:06+00:00","dateModified":"2024-07-27T13:42:30+00:00","mainEntityOfPage":{"@id":"https:\/\/brasilnoticias.org\/site\/confira-a-agenda-do-brasil-neste-sabado-nas-olimpiadas-2024-em-paris\/"},"wordCount":728,"commentCount":0,"publisher":{"@id":"https:\/\/brasilnoticias.org\/site\/#organization"},"image":{"@id":"https:\/\/brasilnoticias.org\/site\/confira-a-agenda-do-brasil-neste-sabado-nas-olimpiadas-2024-em-paris\/#primaryimage"},"thumbnailUrl":"https:\/\/brasilnoticias.org\/site\/wp-content\/uploads\/2024\/07\/153305confira-a-agenda-do-brasil-neste-sabado-nas-olimpiadas-2024-em-paris-3.jpg","articleSection":["Esporte","\u00daltimas"],"inLanguage":"pt-PT","potentialAction":[{"@type":"CommentAction","name":"Comment","target":["https:\/\/brasilnoticias.org\/site\/confira-a-agenda-do-brasil-neste-sabado-nas-olimpiadas-2024-em-paris\/#respond"]}]},{"@type":"WebPage","@id":"https:\/\/brasilnoticias.org\/site\/confira-a-agenda-do-brasil-neste-sabado-nas-olimpiadas-2024-em-paris\/","url":"https:\/\/brasilnoticias.org\/site\/confira-a-agenda-do-brasil-neste-sabado-nas-olimpiadas-2024-em-paris\/","name":"Confira a agenda do Brasil neste s\u00e1bado nas Olimp\u00edadas 2024 em Paris - Brasil not\u00edcias","isPartOf":{"@id":"https:\/\/brasilnoticias.org\/site\/#website"},"primaryImageOfPage":{"@id":"https:\/\/brasilnoticias.org\/site\/confira-a-agenda-do-brasil-neste-sabado-nas-olimpiadas-2024-em-paris\/#primaryimage"},"image":{"@id":"https:\/\/brasilnoticias.org\/site\/confira-a-agenda-do-brasil-neste-sabado-nas-olimpiadas-2024-em-paris\/#primaryimage"},"thumbnailUrl":"https:\/\/brasilnoticias.org\/site\/wp-content\/uploads\/2024\/07\/153305confira-a-agenda-do-brasil-neste-sabado-nas-olimpiadas-2024-em-paris-3.jpg","datePublished":"2024-07-27T13:41:06+00:00","dateModified":"2024-07-27T13:42:30+00:00","breadcrumb":{"@id":"https:\/\/brasilnoticias.org\/site\/confira-a-agenda-do-brasil-neste-sabado-nas-olimpiadas-2024-em-paris\/#breadcrumb"},"inLanguage":"pt-PT","potentialAction":[{"@type":"ReadAction","target":["https:\/\/brasilnoticias.org\/site\/confira-a-agenda-do-brasil-neste-sabado-nas-olimpiadas-2024-em-paris\/"]}]},{"@type":"ImageObject","inLanguage":"pt-PT","@id":"https:\/\/brasilnoticias.org\/site\/confira-a-agenda-do-brasil-neste-sabado-nas-olimpiadas-2024-em-paris\/#primaryimage","url":"https:\/\/brasilnoticias.org\/site\/wp-content\/uploads\/2024\/07\/153305confira-a-agenda-do-brasil-neste-sabado-nas-olimpiadas-2024-em-paris-3.jpg","contentUrl":"https:\/\/brasilnoticias.org\/site\/wp-content\/uploads\/2024\/07\/153305confira-a-agenda-do-brasil-neste-sabado-nas-olimpiadas-2024-em-paris-3.jpg","width":1600,"height":752},{"@type":"BreadcrumbList","@id":"https:\/\/brasilnoticias.org\/site\/confira-a-agenda-do-brasil-neste-sabado-nas-olimpiadas-2024-em-paris\/#breadcrumb","itemListElement":[{"@type":"ListItem","position":1,"name":"In\u00edcio","item":"https:\/\/brasilnoticias.org\/site\/"},{"@type":"ListItem","position":2,"name":"Confira a agenda do Brasil neste s\u00e1bado nas Olimp\u00edadas 2024 em Paris"}]},{"@type":"WebSite","@id":"https:\/\/brasilnoticias.org\/site\/#website","url":"https:\/\/brasilnoticias.org\/site\/","name":"Brasil not\u00edcias","description":"Brasil not\u00edcias","publisher":{"@id":"https:\/\/brasilnoticias.org\/site\/#organization"},"potentialAction":[{"@type":"SearchAction","target":{"@type":"EntryPoint","urlTemplate":"https:\/\/brasilnoticias.org\/site\/?s={search_term_string}"},"query-input":{"@type":"PropertyValueSpecification","valueRequired":true,"valueName":"search_term_string"}}],"inLanguage":"pt-PT"},{"@type":"Organization","@id":"https:\/\/brasilnoticias.org\/site\/#organization","name":"Brasil not\u00edcias","url":"https:\/\/brasilnoticias.org\/site\/","logo":{"@type":"ImageObject","inLanguage":"pt-PT","@id":"https:\/\/brasilnoticias.org\/site\/#\/schema\/logo\/image\/","url":"https:\/\/brasilnoticias.org\/site\/wp-content\/uploads\/2022\/05\/cropped-brasilnoticias-mini.jpg","contentUrl":"https:\/\/brasilnoticias.org\/site\/wp-content\/uploads\/2022\/05\/cropped-brasilnoticias-mini.jpg","width":314,"height":86,"caption":"Brasil not\u00edcias"},"image":{"@id":"https:\/\/brasilnoticias.org\/site\/#\/schema\/logo\/image\/"}},{"@type":"Person","@id":"https:\/\/brasilnoticias.org\/site\/#\/schema\/person\/03bbbfe6c7634ad18c26444ea39049fa","name":"Reda\u00e7\u00e3o","image":{"@type":"ImageObject","inLanguage":"pt-PT","@id":"https:\/\/brasilnoticias.org\/site\/#\/schema\/person\/image\/","url":"https:\/\/secure.gravatar.com\/avatar\/9ecaf7327a696cb23ad926fedded5f1f04d7049de9e445375d55b48c001a6e42?s=96&d=mm&r=g","contentUrl":"https:\/\/secure.gravatar.com\/avatar\/9ecaf7327a696cb23ad926fedded5f1f04d7049de9e445375d55b48c001a6e42?s=96&d=mm&r=g","caption":"Reda\u00e7\u00e3o"},"url":"https:\/\/brasilnoticias.org\/site\/author\/henrique\/"}]}},"_links":{"self":[{"href":"https:\/\/brasilnoticias.org\/site\/wp-json\/wp\/v2\/posts\/15210","targetHints":{"allow":["GET"]}}],"collection":[{"href":"https:\/\/brasilnoticias.org\/site\/wp-json\/wp\/v2\/posts"}],"about":[{"href":"https:\/\/brasilnoticias.org\/site\/wp-json\/wp\/v2\/types\/post"}],"author":[{"embeddable":true,"href":"https:\/\/brasilnoticias.org\/site\/wp-json\/wp\/v2\/users\/4"}],"replies":[{"embeddable":true,"href":"https:\/\/brasilnoticias.org\/site\/wp-json\/wp\/v2\/comments?post=15210"}],"version-history":[{"count":2,"href":"https:\/\/brasilnoticias.org\/site\/wp-json\/wp\/v2\/posts\/15210\/revisions"}],"predecessor-version":[{"id":15214,"href":"https:\/\/brasilnoticias.org\/site\/wp-json\/wp\/v2\/posts\/15210\/revisions\/15214"}],"wp:featuredmedia":[{"embeddable":true,"href":"https:\/\/brasilnoticias.org\/site\/wp-json\/wp\/v2\/media\/15212"}],"wp:attachment":[{"href":"https:\/\/brasilnoticias.org\/site\/wp-json\/wp\/v2\/media?parent=15210"}],"wp:term":[{"taxonomy":"category","embeddable":true,"href":"https:\/\/brasilnoticias.org\/site\/wp-json\/wp\/v2\/categories?post=15210"},{"taxonomy":"post_tag","embeddable":true,"href":"https:\/\/brasilnoticias.org\/site\/wp-json\/wp\/v2\/tags?post=15210"}],"curies":[{"name":"wp","href":"https:\/\/api.w.org\/{rel}","templated":true}]}}