{"id":15216,"date":"2024-07-27T10:43:40","date_gmt":"2024-07-27T13:43:40","guid":{"rendered":"https:\/\/brasilnoticias.org\/site\/?p=15216"},"modified":"2024-07-27T10:43:40","modified_gmt":"2024-07-27T13:43:40","slug":"em-busca-de-reabilitacao-vitoria-abre-returno-do-brasileirao-contra-o-palmeiras-neste-sabado","status":"publish","type":"post","link":"https:\/\/brasilnoticias.org\/site\/em-busca-de-reabilitacao-vitoria-abre-returno-do-brasileirao-contra-o-palmeiras-neste-sabado\/","title":{"rendered":"Em busca de reabilita\u00e7\u00e3o, Vit\u00f3ria abre returno do Brasileir\u00e3o contra o Palmeiras neste s\u00e1bado"},"content":{"rendered":"<p>Partida, v\u00e1lida pela 20\u00aa rodada do campeonato, est\u00e1 marcada para 19h, no Allianz Parque (SP)<\/p>\n<p>Em busca de uma volta por cima na S\u00e9rie A, o Vit\u00f3ria abre o returno contra o Palmeiras neste s\u00e1bado (27). As equipes entram em campo \u00e0s 19h, no Allianz Parque, em S\u00e3o Paulo, pela 20\u00aa rodada do campeonato. O Rubro-Negro precisa vencer para ganhar f\u00f4lego na luta contra o Z-4.<\/p>\n<p>O treinador Thiago Carpini ter\u00e1 muitas novidades para o confronto. Al\u00e9m da volta do atacante Janderson ap\u00f3s cumprir suspens\u00e3o, o Le\u00e3o contar\u00e1 com mais tr\u00eas novos nomes na lista de relacionados: os zagueiros Edu e Neris, e o volante Felipe Machado, que foram rec\u00e9m-contratados e estar\u00e3o \u00e0 disposi\u00e7\u00e3o. Por outro lado, a lista de desfalques tamb\u00e9m aumentou com o acr\u00e9scimo do volante Caio Vin\u00edcius, do meia Jean Mota e do atacante Iury Castilho &#8211; todos com problemas musculares.<\/p>\n<p>Com 15 pontos em 19 rodadas, o Vit\u00f3ria terminou o primeiro turno dentro da zona de rebaixamento, na 18\u00aa coloca\u00e7\u00e3o. J\u00e1 o Palmeiras aparece na parte de cima da tabela: est\u00e1 em 3\u00ba lugar e tem 36 pontos somados at\u00e9 agora.<\/p>\n<p><strong>Foto: Victor Ferreira\/EC Vit\u00f3ria<br \/>\nPor: Metro1<\/strong><\/p>\n","protected":false},"excerpt":{"rendered":"<p>Partida, v\u00e1lida pela 20\u00aa rodada do campeonato, est\u00e1 marcada para 19h, no Allianz Parque (SP) Em busca de uma volta<\/p>\n","protected":false},"author":4,"featured_media":15217,"comment_status":"open","ping_status":"open","sticky":false,"template":"","format":"standard","meta":{"colormag_page_container_layout":"default_layout","colormag_page_sidebar_layout":"default_layout","_FSMCFIC_featured_image_caption":"","_FSMCFIC_featured_image_nocaption":"","_FSMCFIC_featured_image_hide":"","footnotes":""},"categories":[4,1],"tags":[],"class_list":["post-15216","post","type-post","status-publish","format-standard","has-post-thumbnail","hentry","category-esporte","category-ultimas"],"yoast_head":"<!-- This site is optimized with the Yoast SEO plugin v27.1.1 - https:\/\/yoast.com\/product\/yoast-seo-wordpress\/ -->\n<title>Em busca de reabilita\u00e7\u00e3o, Vit\u00f3ria abre returno do Brasileir\u00e3o contra o Palmeiras neste s\u00e1bado - Brasil not\u00edcias<\/title>\n<meta name=\"robots\" content=\"index, follow, max-snippet:-1, max-image-preview:large, max-video-preview:-1\" \/>\n<link rel=\"canonical\" href=\"https:\/\/brasilnoticias.org\/site\/em-busca-de-reabilitacao-vitoria-abre-returno-do-brasileirao-contra-o-palmeiras-neste-sabado\/\" \/>\n<meta property=\"og:locale\" content=\"pt_PT\" \/>\n<meta property=\"og:type\" content=\"article\" \/>\n<meta property=\"og:title\" content=\"Em busca de reabilita\u00e7\u00e3o, Vit\u00f3ria abre returno do Brasileir\u00e3o contra o Palmeiras neste s\u00e1bado - Brasil not\u00edcias\" \/>\n<meta property=\"og:description\" content=\"Partida, v\u00e1lida pela 20\u00aa rodada do campeonato, est\u00e1 marcada para 19h, no Allianz Parque (SP) Em busca de uma volta\" \/>\n<meta property=\"og:url\" content=\"https:\/\/brasilnoticias.org\/site\/em-busca-de-reabilitacao-vitoria-abre-returno-do-brasileirao-contra-o-palmeiras-neste-sabado\/\" \/>\n<meta property=\"og:site_name\" content=\"Brasil not\u00edcias\" \/>\n<meta property=\"article:published_time\" content=\"2024-07-27T13:43:40+00:00\" \/>\n<meta property=\"og:image\" content=\"https:\/\/brasilnoticias.org\/site\/wp-content\/uploads\/2024\/07\/153297em-busca-de-reabilitacao-vitoria-abre-returno-do-brasileirao-contra-o-palmeiras-neste-sabado-3.jpg\" \/>\n\t<meta property=\"og:image:width\" content=\"1600\" \/>\n\t<meta property=\"og:image:height\" content=\"752\" \/>\n\t<meta property=\"og:image:type\" content=\"image\/jpeg\" \/>\n<meta name=\"author\" content=\"Reda\u00e7\u00e3o\" \/>\n<meta name=\"twitter:card\" content=\"summary_large_image\" \/>\n<meta name=\"twitter:label1\" content=\"Escrito por\" \/>\n\t<meta name=\"twitter:data1\" content=\"Reda\u00e7\u00e3o\" \/>\n\t<meta name=\"twitter:label2\" content=\"Tempo estimado de leitura\" \/>\n\t<meta name=\"twitter:data2\" content=\"1 minuto\" \/>\n<script type=\"application\/ld+json\" class=\"yoast-schema-graph\">{\"@context\":\"https:\/\/schema.org\",\"@graph\":[{\"@type\":\"Article\",\"@id\":\"https:\/\/brasilnoticias.org\/site\/em-busca-de-reabilitacao-vitoria-abre-returno-do-brasileirao-contra-o-palmeiras-neste-sabado\/#article\",\"isPartOf\":{\"@id\":\"https:\/\/brasilnoticias.org\/site\/em-busca-de-reabilitacao-vitoria-abre-returno-do-brasileirao-contra-o-palmeiras-neste-sabado\/\"},\"author\":{\"name\":\"Reda\u00e7\u00e3o\",\"@id\":\"https:\/\/brasilnoticias.org\/site\/#\/schema\/person\/03bbbfe6c7634ad18c26444ea39049fa\"},\"headline\":\"Em busca de reabilita\u00e7\u00e3o, Vit\u00f3ria abre returno do Brasileir\u00e3o contra o Palmeiras neste s\u00e1bado\",\"datePublished\":\"2024-07-27T13:43:40+00:00\",\"mainEntityOfPage\":{\"@id\":\"https:\/\/brasilnoticias.org\/site\/em-busca-de-reabilitacao-vitoria-abre-returno-do-brasileirao-contra-o-palmeiras-neste-sabado\/\"},\"wordCount\":221,\"commentCount\":0,\"publisher\":{\"@id\":\"https:\/\/brasilnoticias.org\/site\/#organization\"},\"image\":{\"@id\":\"https:\/\/brasilnoticias.org\/site\/em-busca-de-reabilitacao-vitoria-abre-returno-do-brasileirao-contra-o-palmeiras-neste-sabado\/#primaryimage\"},\"thumbnailUrl\":\"https:\/\/brasilnoticias.org\/site\/wp-content\/uploads\/2024\/07\/153297em-busca-de-reabilitacao-vitoria-abre-returno-do-brasileirao-contra-o-palmeiras-neste-sabado-3.jpg\",\"articleSection\":[\"Esporte\",\"\u00daltimas\"],\"inLanguage\":\"pt-PT\",\"potentialAction\":[{\"@type\":\"CommentAction\",\"name\":\"Comment\",\"target\":[\"https:\/\/brasilnoticias.org\/site\/em-busca-de-reabilitacao-vitoria-abre-returno-do-brasileirao-contra-o-palmeiras-neste-sabado\/#respond\"]}]},{\"@type\":\"WebPage\",\"@id\":\"https:\/\/brasilnoticias.org\/site\/em-busca-de-reabilitacao-vitoria-abre-returno-do-brasileirao-contra-o-palmeiras-neste-sabado\/\",\"url\":\"https:\/\/brasilnoticias.org\/site\/em-busca-de-reabilitacao-vitoria-abre-returno-do-brasileirao-contra-o-palmeiras-neste-sabado\/\",\"name\":\"Em busca de reabilita\u00e7\u00e3o, Vit\u00f3ria abre returno do Brasileir\u00e3o contra o Palmeiras neste s\u00e1bado - Brasil not\u00edcias\",\"isPartOf\":{\"@id\":\"https:\/\/brasilnoticias.org\/site\/#website\"},\"primaryImageOfPage\":{\"@id\":\"https:\/\/brasilnoticias.org\/site\/em-busca-de-reabilitacao-vitoria-abre-returno-do-brasileirao-contra-o-palmeiras-neste-sabado\/#primaryimage\"},\"image\":{\"@id\":\"https:\/\/brasilnoticias.org\/site\/em-busca-de-reabilitacao-vitoria-abre-returno-do-brasileirao-contra-o-palmeiras-neste-sabado\/#primaryimage\"},\"thumbnailUrl\":\"https:\/\/brasilnoticias.org\/site\/wp-content\/uploads\/2024\/07\/153297em-busca-de-reabilitacao-vitoria-abre-returno-do-brasileirao-contra-o-palmeiras-neste-sabado-3.jpg\",\"datePublished\":\"2024-07-27T13:43:40+00:00\",\"breadcrumb\":{\"@id\":\"https:\/\/brasilnoticias.org\/site\/em-busca-de-reabilitacao-vitoria-abre-returno-do-brasileirao-contra-o-palmeiras-neste-sabado\/#breadcrumb\"},\"inLanguage\":\"pt-PT\",\"potentialAction\":[{\"@type\":\"ReadAction\",\"target\":[\"https:\/\/brasilnoticias.org\/site\/em-busca-de-reabilitacao-vitoria-abre-returno-do-brasileirao-contra-o-palmeiras-neste-sabado\/\"]}]},{\"@type\":\"ImageObject\",\"inLanguage\":\"pt-PT\",\"@id\":\"https:\/\/brasilnoticias.org\/site\/em-busca-de-reabilitacao-vitoria-abre-returno-do-brasileirao-contra-o-palmeiras-neste-sabado\/#primaryimage\",\"url\":\"https:\/\/brasilnoticias.org\/site\/wp-content\/uploads\/2024\/07\/153297em-busca-de-reabilitacao-vitoria-abre-returno-do-brasileirao-contra-o-palmeiras-neste-sabado-3.jpg\",\"contentUrl\":\"https:\/\/brasilnoticias.org\/site\/wp-content\/uploads\/2024\/07\/153297em-busca-de-reabilitacao-vitoria-abre-returno-do-brasileirao-contra-o-palmeiras-neste-sabado-3.jpg\",\"width\":1600,\"height\":752},{\"@type\":\"BreadcrumbList\",\"@id\":\"https:\/\/brasilnoticias.org\/site\/em-busca-de-reabilitacao-vitoria-abre-returno-do-brasileirao-contra-o-palmeiras-neste-sabado\/#breadcrumb\",\"itemListElement\":[{\"@type\":\"ListItem\",\"position\":1,\"name\":\"In\u00edcio\",\"item\":\"https:\/\/brasilnoticias.org\/site\/\"},{\"@type\":\"ListItem\",\"position\":2,\"name\":\"Em busca de reabilita\u00e7\u00e3o, Vit\u00f3ria abre returno do Brasileir\u00e3o contra o Palmeiras neste s\u00e1bado\"}]},{\"@type\":\"WebSite\",\"@id\":\"https:\/\/brasilnoticias.org\/site\/#website\",\"url\":\"https:\/\/brasilnoticias.org\/site\/\",\"name\":\"Brasil not\u00edcias\",\"description\":\"Brasil not\u00edcias\",\"publisher\":{\"@id\":\"https:\/\/brasilnoticias.org\/site\/#organization\"},\"potentialAction\":[{\"@type\":\"SearchAction\",\"target\":{\"@type\":\"EntryPoint\",\"urlTemplate\":\"https:\/\/brasilnoticias.org\/site\/?s={search_term_string}\"},\"query-input\":{\"@type\":\"PropertyValueSpecification\",\"valueRequired\":true,\"valueName\":\"search_term_string\"}}],\"inLanguage\":\"pt-PT\"},{\"@type\":\"Organization\",\"@id\":\"https:\/\/brasilnoticias.org\/site\/#organization\",\"name\":\"Brasil not\u00edcias\",\"url\":\"https:\/\/brasilnoticias.org\/site\/\",\"logo\":{\"@type\":\"ImageObject\",\"inLanguage\":\"pt-PT\",\"@id\":\"https:\/\/brasilnoticias.org\/site\/#\/schema\/logo\/image\/\",\"url\":\"https:\/\/brasilnoticias.org\/site\/wp-content\/uploads\/2022\/05\/cropped-brasilnoticias-mini.jpg\",\"contentUrl\":\"https:\/\/brasilnoticias.org\/site\/wp-content\/uploads\/2022\/05\/cropped-brasilnoticias-mini.jpg\",\"width\":314,\"height\":86,\"caption\":\"Brasil not\u00edcias\"},\"image\":{\"@id\":\"https:\/\/brasilnoticias.org\/site\/#\/schema\/logo\/image\/\"}},{\"@type\":\"Person\",\"@id\":\"https:\/\/brasilnoticias.org\/site\/#\/schema\/person\/03bbbfe6c7634ad18c26444ea39049fa\",\"name\":\"Reda\u00e7\u00e3o\",\"image\":{\"@type\":\"ImageObject\",\"inLanguage\":\"pt-PT\",\"@id\":\"https:\/\/brasilnoticias.org\/site\/#\/schema\/person\/image\/\",\"url\":\"https:\/\/secure.gravatar.com\/avatar\/9ecaf7327a696cb23ad926fedded5f1f04d7049de9e445375d55b48c001a6e42?s=96&d=mm&r=g\",\"contentUrl\":\"https:\/\/secure.gravatar.com\/avatar\/9ecaf7327a696cb23ad926fedded5f1f04d7049de9e445375d55b48c001a6e42?s=96&d=mm&r=g\",\"caption\":\"Reda\u00e7\u00e3o\"},\"url\":\"https:\/\/brasilnoticias.org\/site\/author\/henrique\/\"}]}<\/script>\n<!-- \/ Yoast SEO plugin. -->","yoast_head_json":{"title":"Em busca de reabilita\u00e7\u00e3o, Vit\u00f3ria abre returno do Brasileir\u00e3o contra o Palmeiras neste s\u00e1bado - Brasil not\u00edcias","robots":{"index":"index","follow":"follow","max-snippet":"max-snippet:-1","max-image-preview":"max-image-preview:large","max-video-preview":"max-video-preview:-1"},"canonical":"https:\/\/brasilnoticias.org\/site\/em-busca-de-reabilitacao-vitoria-abre-returno-do-brasileirao-contra-o-palmeiras-neste-sabado\/","og_locale":"pt_PT","og_type":"article","og_title":"Em busca de reabilita\u00e7\u00e3o, Vit\u00f3ria abre returno do Brasileir\u00e3o contra o Palmeiras neste s\u00e1bado - Brasil not\u00edcias","og_description":"Partida, v\u00e1lida pela 20\u00aa rodada do campeonato, est\u00e1 marcada para 19h, no Allianz Parque (SP) Em busca de uma volta","og_url":"https:\/\/brasilnoticias.org\/site\/em-busca-de-reabilitacao-vitoria-abre-returno-do-brasileirao-contra-o-palmeiras-neste-sabado\/","og_site_name":"Brasil not\u00edcias","article_published_time":"2024-07-27T13:43:40+00:00","og_image":[{"width":1600,"height":752,"url":"https:\/\/brasilnoticias.org\/site\/wp-content\/uploads\/2024\/07\/153297em-busca-de-reabilitacao-vitoria-abre-returno-do-brasileirao-contra-o-palmeiras-neste-sabado-3.jpg","type":"image\/jpeg"}],"author":"Reda\u00e7\u00e3o","twitter_card":"summary_large_image","twitter_misc":{"Escrito por":"Reda\u00e7\u00e3o","Tempo estimado de leitura":"1 minuto"},"schema":{"@context":"https:\/\/schema.org","@graph":[{"@type":"Article","@id":"https:\/\/brasilnoticias.org\/site\/em-busca-de-reabilitacao-vitoria-abre-returno-do-brasileirao-contra-o-palmeiras-neste-sabado\/#article","isPartOf":{"@id":"https:\/\/brasilnoticias.org\/site\/em-busca-de-reabilitacao-vitoria-abre-returno-do-brasileirao-contra-o-palmeiras-neste-sabado\/"},"author":{"name":"Reda\u00e7\u00e3o","@id":"https:\/\/brasilnoticias.org\/site\/#\/schema\/person\/03bbbfe6c7634ad18c26444ea39049fa"},"headline":"Em busca de reabilita\u00e7\u00e3o, Vit\u00f3ria abre returno do Brasileir\u00e3o contra o Palmeiras neste s\u00e1bado","datePublished":"2024-07-27T13:43:40+00:00","mainEntityOfPage":{"@id":"https:\/\/brasilnoticias.org\/site\/em-busca-de-reabilitacao-vitoria-abre-returno-do-brasileirao-contra-o-palmeiras-neste-sabado\/"},"wordCount":221,"commentCount":0,"publisher":{"@id":"https:\/\/brasilnoticias.org\/site\/#organization"},"image":{"@id":"https:\/\/brasilnoticias.org\/site\/em-busca-de-reabilitacao-vitoria-abre-returno-do-brasileirao-contra-o-palmeiras-neste-sabado\/#primaryimage"},"thumbnailUrl":"https:\/\/brasilnoticias.org\/site\/wp-content\/uploads\/2024\/07\/153297em-busca-de-reabilitacao-vitoria-abre-returno-do-brasileirao-contra-o-palmeiras-neste-sabado-3.jpg","articleSection":["Esporte","\u00daltimas"],"inLanguage":"pt-PT","potentialAction":[{"@type":"CommentAction","name":"Comment","target":["https:\/\/brasilnoticias.org\/site\/em-busca-de-reabilitacao-vitoria-abre-returno-do-brasileirao-contra-o-palmeiras-neste-sabado\/#respond"]}]},{"@type":"WebPage","@id":"https:\/\/brasilnoticias.org\/site\/em-busca-de-reabilitacao-vitoria-abre-returno-do-brasileirao-contra-o-palmeiras-neste-sabado\/","url":"https:\/\/brasilnoticias.org\/site\/em-busca-de-reabilitacao-vitoria-abre-returno-do-brasileirao-contra-o-palmeiras-neste-sabado\/","name":"Em busca de reabilita\u00e7\u00e3o, Vit\u00f3ria abre returno do Brasileir\u00e3o contra o Palmeiras neste s\u00e1bado - Brasil not\u00edcias","isPartOf":{"@id":"https:\/\/brasilnoticias.org\/site\/#website"},"primaryImageOfPage":{"@id":"https:\/\/brasilnoticias.org\/site\/em-busca-de-reabilitacao-vitoria-abre-returno-do-brasileirao-contra-o-palmeiras-neste-sabado\/#primaryimage"},"image":{"@id":"https:\/\/brasilnoticias.org\/site\/em-busca-de-reabilitacao-vitoria-abre-returno-do-brasileirao-contra-o-palmeiras-neste-sabado\/#primaryimage"},"thumbnailUrl":"https:\/\/brasilnoticias.org\/site\/wp-content\/uploads\/2024\/07\/153297em-busca-de-reabilitacao-vitoria-abre-returno-do-brasileirao-contra-o-palmeiras-neste-sabado-3.jpg","datePublished":"2024-07-27T13:43:40+00:00","breadcrumb":{"@id":"https:\/\/brasilnoticias.org\/site\/em-busca-de-reabilitacao-vitoria-abre-returno-do-brasileirao-contra-o-palmeiras-neste-sabado\/#breadcrumb"},"inLanguage":"pt-PT","potentialAction":[{"@type":"ReadAction","target":["https:\/\/brasilnoticias.org\/site\/em-busca-de-reabilitacao-vitoria-abre-returno-do-brasileirao-contra-o-palmeiras-neste-sabado\/"]}]},{"@type":"ImageObject","inLanguage":"pt-PT","@id":"https:\/\/brasilnoticias.org\/site\/em-busca-de-reabilitacao-vitoria-abre-returno-do-brasileirao-contra-o-palmeiras-neste-sabado\/#primaryimage","url":"https:\/\/brasilnoticias.org\/site\/wp-content\/uploads\/2024\/07\/153297em-busca-de-reabilitacao-vitoria-abre-returno-do-brasileirao-contra-o-palmeiras-neste-sabado-3.jpg","contentUrl":"https:\/\/brasilnoticias.org\/site\/wp-content\/uploads\/2024\/07\/153297em-busca-de-reabilitacao-vitoria-abre-returno-do-brasileirao-contra-o-palmeiras-neste-sabado-3.jpg","width":1600,"height":752},{"@type":"BreadcrumbList","@id":"https:\/\/brasilnoticias.org\/site\/em-busca-de-reabilitacao-vitoria-abre-returno-do-brasileirao-contra-o-palmeiras-neste-sabado\/#breadcrumb","itemListElement":[{"@type":"ListItem","position":1,"name":"In\u00edcio","item":"https:\/\/brasilnoticias.org\/site\/"},{"@type":"ListItem","position":2,"name":"Em busca de reabilita\u00e7\u00e3o, Vit\u00f3ria abre returno do Brasileir\u00e3o contra o Palmeiras neste s\u00e1bado"}]},{"@type":"WebSite","@id":"https:\/\/brasilnoticias.org\/site\/#website","url":"https:\/\/brasilnoticias.org\/site\/","name":"Brasil not\u00edcias","description":"Brasil not\u00edcias","publisher":{"@id":"https:\/\/brasilnoticias.org\/site\/#organization"},"potentialAction":[{"@type":"SearchAction","target":{"@type":"EntryPoint","urlTemplate":"https:\/\/brasilnoticias.org\/site\/?s={search_term_string}"},"query-input":{"@type":"PropertyValueSpecification","valueRequired":true,"valueName":"search_term_string"}}],"inLanguage":"pt-PT"},{"@type":"Organization","@id":"https:\/\/brasilnoticias.org\/site\/#organization","name":"Brasil not\u00edcias","url":"https:\/\/brasilnoticias.org\/site\/","logo":{"@type":"ImageObject","inLanguage":"pt-PT","@id":"https:\/\/brasilnoticias.org\/site\/#\/schema\/logo\/image\/","url":"https:\/\/brasilnoticias.org\/site\/wp-content\/uploads\/2022\/05\/cropped-brasilnoticias-mini.jpg","contentUrl":"https:\/\/brasilnoticias.org\/site\/wp-content\/uploads\/2022\/05\/cropped-brasilnoticias-mini.jpg","width":314,"height":86,"caption":"Brasil not\u00edcias"},"image":{"@id":"https:\/\/brasilnoticias.org\/site\/#\/schema\/logo\/image\/"}},{"@type":"Person","@id":"https:\/\/brasilnoticias.org\/site\/#\/schema\/person\/03bbbfe6c7634ad18c26444ea39049fa","name":"Reda\u00e7\u00e3o","image":{"@type":"ImageObject","inLanguage":"pt-PT","@id":"https:\/\/brasilnoticias.org\/site\/#\/schema\/person\/image\/","url":"https:\/\/secure.gravatar.com\/avatar\/9ecaf7327a696cb23ad926fedded5f1f04d7049de9e445375d55b48c001a6e42?s=96&d=mm&r=g","contentUrl":"https:\/\/secure.gravatar.com\/avatar\/9ecaf7327a696cb23ad926fedded5f1f04d7049de9e445375d55b48c001a6e42?s=96&d=mm&r=g","caption":"Reda\u00e7\u00e3o"},"url":"https:\/\/brasilnoticias.org\/site\/author\/henrique\/"}]}},"_links":{"self":[{"href":"https:\/\/brasilnoticias.org\/site\/wp-json\/wp\/v2\/posts\/15216","targetHints":{"allow":["GET"]}}],"collection":[{"href":"https:\/\/brasilnoticias.org\/site\/wp-json\/wp\/v2\/posts"}],"about":[{"href":"https:\/\/brasilnoticias.org\/site\/wp-json\/wp\/v2\/types\/post"}],"author":[{"embeddable":true,"href":"https:\/\/brasilnoticias.org\/site\/wp-json\/wp\/v2\/users\/4"}],"replies":[{"embeddable":true,"href":"https:\/\/brasilnoticias.org\/site\/wp-json\/wp\/v2\/comments?post=15216"}],"version-history":[{"count":1,"href":"https:\/\/brasilnoticias.org\/site\/wp-json\/wp\/v2\/posts\/15216\/revisions"}],"predecessor-version":[{"id":15218,"href":"https:\/\/brasilnoticias.org\/site\/wp-json\/wp\/v2\/posts\/15216\/revisions\/15218"}],"wp:featuredmedia":[{"embeddable":true,"href":"https:\/\/brasilnoticias.org\/site\/wp-json\/wp\/v2\/media\/15217"}],"wp:attachment":[{"href":"https:\/\/brasilnoticias.org\/site\/wp-json\/wp\/v2\/media?parent=15216"}],"wp:term":[{"taxonomy":"category","embeddable":true,"href":"https:\/\/brasilnoticias.org\/site\/wp-json\/wp\/v2\/categories?post=15216"},{"taxonomy":"post_tag","embeddable":true,"href":"https:\/\/brasilnoticias.org\/site\/wp-json\/wp\/v2\/tags?post=15216"}],"curies":[{"name":"wp","href":"https:\/\/api.w.org\/{rel}","templated":true}]}}