{"id":1522,"date":"2022-09-24T19:19:44","date_gmt":"2022-09-24T22:19:44","guid":{"rendered":"https:\/\/brasilnoticias.org\/site\/?p=1522"},"modified":"2022-09-24T19:27:13","modified_gmt":"2022-09-24T22:27:13","slug":"ingressos-para-o-show-de-maria-bethania-em-salvador-esgotam-no-primeiro-dia-de-vendas","status":"publish","type":"post","link":"https:\/\/brasilnoticias.org\/site\/ingressos-para-o-show-de-maria-bethania-em-salvador-esgotam-no-primeiro-dia-de-vendas\/","title":{"rendered":"Ingressos para o show de Maria Beth\u00e2nia em Salvador esgotam no primeiro dia de vendas"},"content":{"rendered":"<div class=\"mc-column content-text active-extra-styles \" data-block-type=\"unstyled\" data-block-weight=\"26\" data-block-id=\"3\">\n<p class=\"content-text__container \" data-track-category=\"Link no Texto\" data-track-links=\"\">Os ingressos para o show da cantora Maria Beth\u00e2nia em\u00a0Salvador, que ser\u00e1 realizado em dezembro na Concha Ac\u00fastica do Teatro Castro Alves, est\u00e3o esgotados.<\/p>\n<\/div>\n<div class=\"wall protected-content\">\n<div class=\"mc-column content-text active-extra-styles \" data-block-type=\"unstyled\" data-block-weight=\"37\" data-block-id=\"4\">\n<p class=\"content-text__container \" data-track-category=\"Link no Texto\" data-track-links=\"\">Os ingressos come\u00e7aram a ser vendidos neste s\u00e1bado e terminaram em pouco tempo. Os valores para a plateia variaram entre R$ 120 e R$ 240. A\u00a0<span class=\"highlight highlighted\">apresenta\u00e7\u00e3o est\u00e1 marcada para o dia 7 de dezembro, \u00e0s 19h.<\/span><\/p>\n<\/div>\n<div class=\"mc-column content-text active-extra-styles\" data-block-type=\"raw\" data-block-weight=\"32\" data-block-id=\"5\">\n<div class=\"mc-column content-text active-extra-styles \" data-block-type=\"unstyled\" data-block-weight=\"32\" data-block-id=\"6\">\n<p class=\"content-text__container \" data-track-category=\"Link no Texto\" data-track-links=\"\">Ap\u00f3s o an\u00fancio do t\u00e9rmino dos ingressos, a cantora postou nas redes sociais. &#8220;Como agradecer? Assim\u2026&#8221; escreveu na legenda onde compartilha a informa\u00e7\u00e3o e um v\u00eddeo onde conversa com a plateia.<\/p>\n<\/div>\n<div class=\"content-ads content-ads--reveal\" data-block-type=\"ads\" data-block-id=\"7\">\n<div id=\"banner_materia2\" class=\"tag-manager-publicidade-container mc-has-reveal mc-has-ad-lazyload tag-manager-publicidade-banner_materia2 tag-manager-publicidade-container--carregado tag-manager-publicidade-container--visivel\" data-id=\"banner_materia2\" data-req=\"true\" data-google-query-id=\"CKqKjcS6rvoCFYm6lQIddskMQA\" data-cid=\"138402358606\" data-lid=\"6094259888\">\n<div class=\"mc-column content-text active-extra-styles \" data-block-type=\"unstyled\" data-block-weight=\"67\" data-block-id=\"8\">\n<p class=\"content-text__container \" data-track-category=\"Link no Texto\" data-track-links=\"\">&#8220;Meus amores, que coisa linda. Eu amo voc\u00eas. Amo, mas eu amo demais. Voc\u00eas n\u00e3o sabem a alegria que \u00e9 poder voltar a encontra-los. \u00c9 sempre uma coisa impressionante. Ficamos dois anos paralisados. Com a dificuldade do mundo, e continuamos um pouco, mas a gente j\u00e1 come\u00e7ar a falar e isso \u00e9 muito. Me emocionar com voc\u00eas com voc\u00eas \u00e9 muito grande para mim. Muito obrigado. Bravos!&#8221;.<\/p>\n<\/div>\n<div class=\"mc-column content-text active-extra-styles\" data-block-type=\"raw\" data-block-weight=\"7\" data-block-id=\"9\">\n<div class=\"mc-column content-text active-extra-styles \" data-block-type=\"unstyled\" data-block-weight=\"48\" data-block-id=\"11\">\n<p class=\"content-text__container \" data-track-category=\"Link no Texto\" data-track-links=\"\">Em agoste deste ano, a artista se apresentou pela primeira vez no Festival de Inverno da Bahia, em Vit\u00f3ria da Conquista, no sudoeste do estado. Mesmo com o frio de 18\u00ba, ela cantou descal\u00e7a, como de costume, e o show foi marcado por um repert\u00f3rio recheado de sucessos.<\/p>\n<\/div>\n<div class=\"content-ads content-ads--reveal\" data-block-type=\"ads\" data-block-id=\"12\">\n<div id=\"banner_materia__a7ac7522-68ab-4914-9dfd-8d808f09892b\" class=\"tag-manager-publicidade-container mc-has-reveal mc-has-ad-lazyload tag-manager-publicidade-banner_materia__a7ac7522-68ab-4914-9dfd-8d808f09892b tag-manager-publicidade-container--carregado tag-manager-publicidade-container--visivel\" data-id=\"banner_materia__a7ac7522-68ab-4914-9dfd-8d808f09892b\" data-req=\"true\" data-google-query-id=\"CPyllum6rvoCFcy0lQIdYO4Meg\" data-cid=\"138391303715\" data-lid=\"6055437536\">\n<div class=\"mc-column content-text active-extra-styles \" data-block-type=\"unstyled\" data-block-weight=\"36\" data-block-id=\"13\">\n<p class=\"content-text__container \" data-track-category=\"Link no Texto\" data-track-links=\"\">Como prometido na ocasi\u00e3o, a baiana cantou o Brasil de norte a sul. M\u00fasicas como &#8220;Sangrando&#8221;, do carioca Gonzaguinha e &#8220;\u00c9 o amor&#8221;, do goiano Zez\u00e9 de Camargo, fizeram parte da apresenta\u00e7\u00e3o, que emocionou o p\u00fablico.<\/p>\n<\/div>\n<div class=\"mc-column content-text active-extra-styles \" data-block-type=\"unstyled\" data-block-weight=\"20\" data-block-id=\"14\">\n<p class=\"content-text__container \" data-track-category=\"Link no Texto\" data-track-links=\"\">M\u00fasicas do irm\u00e3o, Caetano Veloso, tamb\u00e9m marcaram o show. &#8220;Gema&#8221; e &#8220;Um \u00cdndio&#8221; foram alguns dos sucessos interpretados pro Beth\u00e2nia.<\/p>\n<\/div>\n<div class=\"mc-column content-text active-extra-styles \" data-block-type=\"unstyled\" data-block-weight=\"8\" data-block-id=\"15\"><\/div>\n<\/div>\n<\/div>\n<div class=\"content-intertitle\"><\/div>\n<\/div>\n<\/div>\n<\/div>\n<\/div>\n<\/div>\n<p>&nbsp;<\/p>\n<p>Foto: Divulga\u00e7\u00e3o\/TV Bahia<\/p>\n<p>G1<\/p>\n","protected":false},"excerpt":{"rendered":"<p>Os ingressos para o show da cantora Maria Beth\u00e2nia em\u00a0Salvador, que ser\u00e1 realizado em dezembro na Concha Ac\u00fastica do Teatro<\/p>\n","protected":false},"author":1,"featured_media":1523,"comment_status":"open","ping_status":"open","sticky":false,"template":"","format":"standard","meta":{"colormag_page_container_layout":"default_layout","colormag_page_sidebar_layout":"default_layout","_FSMCFIC_featured_image_caption":"","_FSMCFIC_featured_image_nocaption":"","_FSMCFIC_featured_image_hide":"","footnotes":""},"categories":[2,1],"tags":[],"class_list":["post-1522","post","type-post","status-publish","format-standard","has-post-thumbnail","hentry","category-noticias","category-ultimas"],"yoast_head":"<!-- This site is optimized with the Yoast SEO plugin v27.1.1 - https:\/\/yoast.com\/product\/yoast-seo-wordpress\/ -->\n<title>Ingressos para o show de Maria Beth\u00e2nia em Salvador esgotam no primeiro dia de vendas - Brasil not\u00edcias<\/title>\n<meta name=\"robots\" content=\"index, follow, max-snippet:-1, max-image-preview:large, max-video-preview:-1\" \/>\n<link rel=\"canonical\" href=\"https:\/\/brasilnoticias.org\/site\/ingressos-para-o-show-de-maria-bethania-em-salvador-esgotam-no-primeiro-dia-de-vendas\/\" \/>\n<meta property=\"og:locale\" content=\"pt_PT\" \/>\n<meta property=\"og:type\" content=\"article\" \/>\n<meta property=\"og:title\" content=\"Ingressos para o show de Maria Beth\u00e2nia em Salvador esgotam no primeiro dia de vendas - Brasil not\u00edcias\" \/>\n<meta property=\"og:description\" content=\"Os ingressos para o show da cantora Maria Beth\u00e2nia em\u00a0Salvador, que ser\u00e1 realizado em dezembro na Concha Ac\u00fastica do Teatro\" \/>\n<meta property=\"og:url\" content=\"https:\/\/brasilnoticias.org\/site\/ingressos-para-o-show-de-maria-bethania-em-salvador-esgotam-no-primeiro-dia-de-vendas\/\" \/>\n<meta property=\"og:site_name\" content=\"Brasil not\u00edcias\" \/>\n<meta property=\"article:published_time\" content=\"2022-09-24T22:19:44+00:00\" \/>\n<meta property=\"article:modified_time\" content=\"2022-09-24T22:27:13+00:00\" \/>\n<meta property=\"og:image\" content=\"https:\/\/brasilnoticias.org\/site\/wp-content\/uploads\/2022\/09\/mmmmmmmmmmmmmmmmmm.jpg\" \/>\n\t<meta property=\"og:image:width\" content=\"640\" \/>\n\t<meta property=\"og:image:height\" content=\"360\" \/>\n\t<meta property=\"og:image:type\" content=\"image\/jpeg\" \/>\n<meta name=\"author\" content=\"Reda\u00e7\u00e3o\" \/>\n<meta name=\"twitter:card\" content=\"summary_large_image\" \/>\n<meta name=\"twitter:label1\" content=\"Escrito por\" \/>\n\t<meta name=\"twitter:data1\" content=\"Reda\u00e7\u00e3o\" \/>\n\t<meta name=\"twitter:label2\" content=\"Tempo estimado de leitura\" \/>\n\t<meta name=\"twitter:data2\" content=\"1 minuto\" \/>\n<script type=\"application\/ld+json\" class=\"yoast-schema-graph\">{\"@context\":\"https:\/\/schema.org\",\"@graph\":[{\"@type\":\"Article\",\"@id\":\"https:\/\/brasilnoticias.org\/site\/ingressos-para-o-show-de-maria-bethania-em-salvador-esgotam-no-primeiro-dia-de-vendas\/#article\",\"isPartOf\":{\"@id\":\"https:\/\/brasilnoticias.org\/site\/ingressos-para-o-show-de-maria-bethania-em-salvador-esgotam-no-primeiro-dia-de-vendas\/\"},\"author\":{\"name\":\"Reda\u00e7\u00e3o\",\"@id\":\"https:\/\/brasilnoticias.org\/site\/#\/schema\/person\/a0e05b973ec4d15c658d51911e53507b\"},\"headline\":\"Ingressos para o show de Maria Beth\u00e2nia em Salvador esgotam no primeiro dia de vendas\",\"datePublished\":\"2022-09-24T22:19:44+00:00\",\"dateModified\":\"2022-09-24T22:27:13+00:00\",\"mainEntityOfPage\":{\"@id\":\"https:\/\/brasilnoticias.org\/site\/ingressos-para-o-show-de-maria-bethania-em-salvador-esgotam-no-primeiro-dia-de-vendas\/\"},\"wordCount\":306,\"commentCount\":0,\"publisher\":{\"@id\":\"https:\/\/brasilnoticias.org\/site\/#organization\"},\"image\":{\"@id\":\"https:\/\/brasilnoticias.org\/site\/ingressos-para-o-show-de-maria-bethania-em-salvador-esgotam-no-primeiro-dia-de-vendas\/#primaryimage\"},\"thumbnailUrl\":\"https:\/\/brasilnoticias.org\/site\/wp-content\/uploads\/2022\/09\/mmmmmmmmmmmmmmmmmm.jpg\",\"articleSection\":[\"Not\u00edcias\",\"\u00daltimas\"],\"inLanguage\":\"pt-PT\",\"potentialAction\":[{\"@type\":\"CommentAction\",\"name\":\"Comment\",\"target\":[\"https:\/\/brasilnoticias.org\/site\/ingressos-para-o-show-de-maria-bethania-em-salvador-esgotam-no-primeiro-dia-de-vendas\/#respond\"]}]},{\"@type\":\"WebPage\",\"@id\":\"https:\/\/brasilnoticias.org\/site\/ingressos-para-o-show-de-maria-bethania-em-salvador-esgotam-no-primeiro-dia-de-vendas\/\",\"url\":\"https:\/\/brasilnoticias.org\/site\/ingressos-para-o-show-de-maria-bethania-em-salvador-esgotam-no-primeiro-dia-de-vendas\/\",\"name\":\"Ingressos para o show de Maria Beth\u00e2nia em Salvador esgotam no primeiro dia de vendas - Brasil not\u00edcias\",\"isPartOf\":{\"@id\":\"https:\/\/brasilnoticias.org\/site\/#website\"},\"primaryImageOfPage\":{\"@id\":\"https:\/\/brasilnoticias.org\/site\/ingressos-para-o-show-de-maria-bethania-em-salvador-esgotam-no-primeiro-dia-de-vendas\/#primaryimage\"},\"image\":{\"@id\":\"https:\/\/brasilnoticias.org\/site\/ingressos-para-o-show-de-maria-bethania-em-salvador-esgotam-no-primeiro-dia-de-vendas\/#primaryimage\"},\"thumbnailUrl\":\"https:\/\/brasilnoticias.org\/site\/wp-content\/uploads\/2022\/09\/mmmmmmmmmmmmmmmmmm.jpg\",\"datePublished\":\"2022-09-24T22:19:44+00:00\",\"dateModified\":\"2022-09-24T22:27:13+00:00\",\"breadcrumb\":{\"@id\":\"https:\/\/brasilnoticias.org\/site\/ingressos-para-o-show-de-maria-bethania-em-salvador-esgotam-no-primeiro-dia-de-vendas\/#breadcrumb\"},\"inLanguage\":\"pt-PT\",\"potentialAction\":[{\"@type\":\"ReadAction\",\"target\":[\"https:\/\/brasilnoticias.org\/site\/ingressos-para-o-show-de-maria-bethania-em-salvador-esgotam-no-primeiro-dia-de-vendas\/\"]}]},{\"@type\":\"ImageObject\",\"inLanguage\":\"pt-PT\",\"@id\":\"https:\/\/brasilnoticias.org\/site\/ingressos-para-o-show-de-maria-bethania-em-salvador-esgotam-no-primeiro-dia-de-vendas\/#primaryimage\",\"url\":\"https:\/\/brasilnoticias.org\/site\/wp-content\/uploads\/2022\/09\/mmmmmmmmmmmmmmmmmm.jpg\",\"contentUrl\":\"https:\/\/brasilnoticias.org\/site\/wp-content\/uploads\/2022\/09\/mmmmmmmmmmmmmmmmmm.jpg\",\"width\":640,\"height\":360},{\"@type\":\"BreadcrumbList\",\"@id\":\"https:\/\/brasilnoticias.org\/site\/ingressos-para-o-show-de-maria-bethania-em-salvador-esgotam-no-primeiro-dia-de-vendas\/#breadcrumb\",\"itemListElement\":[{\"@type\":\"ListItem\",\"position\":1,\"name\":\"In\u00edcio\",\"item\":\"https:\/\/brasilnoticias.org\/site\/\"},{\"@type\":\"ListItem\",\"position\":2,\"name\":\"Ingressos para o show de Maria Beth\u00e2nia em Salvador esgotam no primeiro dia de vendas\"}]},{\"@type\":\"WebSite\",\"@id\":\"https:\/\/brasilnoticias.org\/site\/#website\",\"url\":\"https:\/\/brasilnoticias.org\/site\/\",\"name\":\"Brasil not\u00edcias\",\"description\":\"Brasil not\u00edcias\",\"publisher\":{\"@id\":\"https:\/\/brasilnoticias.org\/site\/#organization\"},\"potentialAction\":[{\"@type\":\"SearchAction\",\"target\":{\"@type\":\"EntryPoint\",\"urlTemplate\":\"https:\/\/brasilnoticias.org\/site\/?s={search_term_string}\"},\"query-input\":{\"@type\":\"PropertyValueSpecification\",\"valueRequired\":true,\"valueName\":\"search_term_string\"}}],\"inLanguage\":\"pt-PT\"},{\"@type\":\"Organization\",\"@id\":\"https:\/\/brasilnoticias.org\/site\/#organization\",\"name\":\"Brasil not\u00edcias\",\"url\":\"https:\/\/brasilnoticias.org\/site\/\",\"logo\":{\"@type\":\"ImageObject\",\"inLanguage\":\"pt-PT\",\"@id\":\"https:\/\/brasilnoticias.org\/site\/#\/schema\/logo\/image\/\",\"url\":\"https:\/\/brasilnoticias.org\/site\/wp-content\/uploads\/2022\/05\/cropped-brasilnoticias-mini.jpg\",\"contentUrl\":\"https:\/\/brasilnoticias.org\/site\/wp-content\/uploads\/2022\/05\/cropped-brasilnoticias-mini.jpg\",\"width\":314,\"height\":86,\"caption\":\"Brasil not\u00edcias\"},\"image\":{\"@id\":\"https:\/\/brasilnoticias.org\/site\/#\/schema\/logo\/image\/\"}},{\"@type\":\"Person\",\"@id\":\"https:\/\/brasilnoticias.org\/site\/#\/schema\/person\/a0e05b973ec4d15c658d51911e53507b\",\"name\":\"Reda\u00e7\u00e3o\",\"image\":{\"@type\":\"ImageObject\",\"inLanguage\":\"pt-PT\",\"@id\":\"https:\/\/brasilnoticias.org\/site\/#\/schema\/person\/image\/\",\"url\":\"https:\/\/secure.gravatar.com\/avatar\/75d8b050df2de108b08ae78dfb8e374892df24a383c67db9c46a9c604f6aee9c?s=96&d=mm&r=g\",\"contentUrl\":\"https:\/\/secure.gravatar.com\/avatar\/75d8b050df2de108b08ae78dfb8e374892df24a383c67db9c46a9c604f6aee9c?s=96&d=mm&r=g\",\"caption\":\"Reda\u00e7\u00e3o\"},\"sameAs\":[\"https:\/\/brasilnoticias.org\/site\"],\"url\":\"https:\/\/brasilnoticias.org\/site\/author\/fernandozsngmail-com\/\"}]}<\/script>\n<!-- \/ Yoast SEO plugin. -->","yoast_head_json":{"title":"Ingressos para o show de Maria Beth\u00e2nia em Salvador esgotam no primeiro dia de vendas - Brasil not\u00edcias","robots":{"index":"index","follow":"follow","max-snippet":"max-snippet:-1","max-image-preview":"max-image-preview:large","max-video-preview":"max-video-preview:-1"},"canonical":"https:\/\/brasilnoticias.org\/site\/ingressos-para-o-show-de-maria-bethania-em-salvador-esgotam-no-primeiro-dia-de-vendas\/","og_locale":"pt_PT","og_type":"article","og_title":"Ingressos para o show de Maria Beth\u00e2nia em Salvador esgotam no primeiro dia de vendas - Brasil not\u00edcias","og_description":"Os ingressos para o show da cantora Maria Beth\u00e2nia em\u00a0Salvador, que ser\u00e1 realizado em dezembro na Concha Ac\u00fastica do Teatro","og_url":"https:\/\/brasilnoticias.org\/site\/ingressos-para-o-show-de-maria-bethania-em-salvador-esgotam-no-primeiro-dia-de-vendas\/","og_site_name":"Brasil not\u00edcias","article_published_time":"2022-09-24T22:19:44+00:00","article_modified_time":"2022-09-24T22:27:13+00:00","og_image":[{"width":640,"height":360,"url":"https:\/\/brasilnoticias.org\/site\/wp-content\/uploads\/2022\/09\/mmmmmmmmmmmmmmmmmm.jpg","type":"image\/jpeg"}],"author":"Reda\u00e7\u00e3o","twitter_card":"summary_large_image","twitter_misc":{"Escrito por":"Reda\u00e7\u00e3o","Tempo estimado de leitura":"1 minuto"},"schema":{"@context":"https:\/\/schema.org","@graph":[{"@type":"Article","@id":"https:\/\/brasilnoticias.org\/site\/ingressos-para-o-show-de-maria-bethania-em-salvador-esgotam-no-primeiro-dia-de-vendas\/#article","isPartOf":{"@id":"https:\/\/brasilnoticias.org\/site\/ingressos-para-o-show-de-maria-bethania-em-salvador-esgotam-no-primeiro-dia-de-vendas\/"},"author":{"name":"Reda\u00e7\u00e3o","@id":"https:\/\/brasilnoticias.org\/site\/#\/schema\/person\/a0e05b973ec4d15c658d51911e53507b"},"headline":"Ingressos para o show de Maria Beth\u00e2nia em Salvador esgotam no primeiro dia de vendas","datePublished":"2022-09-24T22:19:44+00:00","dateModified":"2022-09-24T22:27:13+00:00","mainEntityOfPage":{"@id":"https:\/\/brasilnoticias.org\/site\/ingressos-para-o-show-de-maria-bethania-em-salvador-esgotam-no-primeiro-dia-de-vendas\/"},"wordCount":306,"commentCount":0,"publisher":{"@id":"https:\/\/brasilnoticias.org\/site\/#organization"},"image":{"@id":"https:\/\/brasilnoticias.org\/site\/ingressos-para-o-show-de-maria-bethania-em-salvador-esgotam-no-primeiro-dia-de-vendas\/#primaryimage"},"thumbnailUrl":"https:\/\/brasilnoticias.org\/site\/wp-content\/uploads\/2022\/09\/mmmmmmmmmmmmmmmmmm.jpg","articleSection":["Not\u00edcias","\u00daltimas"],"inLanguage":"pt-PT","potentialAction":[{"@type":"CommentAction","name":"Comment","target":["https:\/\/brasilnoticias.org\/site\/ingressos-para-o-show-de-maria-bethania-em-salvador-esgotam-no-primeiro-dia-de-vendas\/#respond"]}]},{"@type":"WebPage","@id":"https:\/\/brasilnoticias.org\/site\/ingressos-para-o-show-de-maria-bethania-em-salvador-esgotam-no-primeiro-dia-de-vendas\/","url":"https:\/\/brasilnoticias.org\/site\/ingressos-para-o-show-de-maria-bethania-em-salvador-esgotam-no-primeiro-dia-de-vendas\/","name":"Ingressos para o show de Maria Beth\u00e2nia em Salvador esgotam no primeiro dia de vendas - Brasil not\u00edcias","isPartOf":{"@id":"https:\/\/brasilnoticias.org\/site\/#website"},"primaryImageOfPage":{"@id":"https:\/\/brasilnoticias.org\/site\/ingressos-para-o-show-de-maria-bethania-em-salvador-esgotam-no-primeiro-dia-de-vendas\/#primaryimage"},"image":{"@id":"https:\/\/brasilnoticias.org\/site\/ingressos-para-o-show-de-maria-bethania-em-salvador-esgotam-no-primeiro-dia-de-vendas\/#primaryimage"},"thumbnailUrl":"https:\/\/brasilnoticias.org\/site\/wp-content\/uploads\/2022\/09\/mmmmmmmmmmmmmmmmmm.jpg","datePublished":"2022-09-24T22:19:44+00:00","dateModified":"2022-09-24T22:27:13+00:00","breadcrumb":{"@id":"https:\/\/brasilnoticias.org\/site\/ingressos-para-o-show-de-maria-bethania-em-salvador-esgotam-no-primeiro-dia-de-vendas\/#breadcrumb"},"inLanguage":"pt-PT","potentialAction":[{"@type":"ReadAction","target":["https:\/\/brasilnoticias.org\/site\/ingressos-para-o-show-de-maria-bethania-em-salvador-esgotam-no-primeiro-dia-de-vendas\/"]}]},{"@type":"ImageObject","inLanguage":"pt-PT","@id":"https:\/\/brasilnoticias.org\/site\/ingressos-para-o-show-de-maria-bethania-em-salvador-esgotam-no-primeiro-dia-de-vendas\/#primaryimage","url":"https:\/\/brasilnoticias.org\/site\/wp-content\/uploads\/2022\/09\/mmmmmmmmmmmmmmmmmm.jpg","contentUrl":"https:\/\/brasilnoticias.org\/site\/wp-content\/uploads\/2022\/09\/mmmmmmmmmmmmmmmmmm.jpg","width":640,"height":360},{"@type":"BreadcrumbList","@id":"https:\/\/brasilnoticias.org\/site\/ingressos-para-o-show-de-maria-bethania-em-salvador-esgotam-no-primeiro-dia-de-vendas\/#breadcrumb","itemListElement":[{"@type":"ListItem","position":1,"name":"In\u00edcio","item":"https:\/\/brasilnoticias.org\/site\/"},{"@type":"ListItem","position":2,"name":"Ingressos para o show de Maria Beth\u00e2nia em Salvador esgotam no primeiro dia de vendas"}]},{"@type":"WebSite","@id":"https:\/\/brasilnoticias.org\/site\/#website","url":"https:\/\/brasilnoticias.org\/site\/","name":"Brasil not\u00edcias","description":"Brasil not\u00edcias","publisher":{"@id":"https:\/\/brasilnoticias.org\/site\/#organization"},"potentialAction":[{"@type":"SearchAction","target":{"@type":"EntryPoint","urlTemplate":"https:\/\/brasilnoticias.org\/site\/?s={search_term_string}"},"query-input":{"@type":"PropertyValueSpecification","valueRequired":true,"valueName":"search_term_string"}}],"inLanguage":"pt-PT"},{"@type":"Organization","@id":"https:\/\/brasilnoticias.org\/site\/#organization","name":"Brasil not\u00edcias","url":"https:\/\/brasilnoticias.org\/site\/","logo":{"@type":"ImageObject","inLanguage":"pt-PT","@id":"https:\/\/brasilnoticias.org\/site\/#\/schema\/logo\/image\/","url":"https:\/\/brasilnoticias.org\/site\/wp-content\/uploads\/2022\/05\/cropped-brasilnoticias-mini.jpg","contentUrl":"https:\/\/brasilnoticias.org\/site\/wp-content\/uploads\/2022\/05\/cropped-brasilnoticias-mini.jpg","width":314,"height":86,"caption":"Brasil not\u00edcias"},"image":{"@id":"https:\/\/brasilnoticias.org\/site\/#\/schema\/logo\/image\/"}},{"@type":"Person","@id":"https:\/\/brasilnoticias.org\/site\/#\/schema\/person\/a0e05b973ec4d15c658d51911e53507b","name":"Reda\u00e7\u00e3o","image":{"@type":"ImageObject","inLanguage":"pt-PT","@id":"https:\/\/brasilnoticias.org\/site\/#\/schema\/person\/image\/","url":"https:\/\/secure.gravatar.com\/avatar\/75d8b050df2de108b08ae78dfb8e374892df24a383c67db9c46a9c604f6aee9c?s=96&d=mm&r=g","contentUrl":"https:\/\/secure.gravatar.com\/avatar\/75d8b050df2de108b08ae78dfb8e374892df24a383c67db9c46a9c604f6aee9c?s=96&d=mm&r=g","caption":"Reda\u00e7\u00e3o"},"sameAs":["https:\/\/brasilnoticias.org\/site"],"url":"https:\/\/brasilnoticias.org\/site\/author\/fernandozsngmail-com\/"}]}},"_links":{"self":[{"href":"https:\/\/brasilnoticias.org\/site\/wp-json\/wp\/v2\/posts\/1522","targetHints":{"allow":["GET"]}}],"collection":[{"href":"https:\/\/brasilnoticias.org\/site\/wp-json\/wp\/v2\/posts"}],"about":[{"href":"https:\/\/brasilnoticias.org\/site\/wp-json\/wp\/v2\/types\/post"}],"author":[{"embeddable":true,"href":"https:\/\/brasilnoticias.org\/site\/wp-json\/wp\/v2\/users\/1"}],"replies":[{"embeddable":true,"href":"https:\/\/brasilnoticias.org\/site\/wp-json\/wp\/v2\/comments?post=1522"}],"version-history":[{"count":2,"href":"https:\/\/brasilnoticias.org\/site\/wp-json\/wp\/v2\/posts\/1522\/revisions"}],"predecessor-version":[{"id":1526,"href":"https:\/\/brasilnoticias.org\/site\/wp-json\/wp\/v2\/posts\/1522\/revisions\/1526"}],"wp:featuredmedia":[{"embeddable":true,"href":"https:\/\/brasilnoticias.org\/site\/wp-json\/wp\/v2\/media\/1523"}],"wp:attachment":[{"href":"https:\/\/brasilnoticias.org\/site\/wp-json\/wp\/v2\/media?parent=1522"}],"wp:term":[{"taxonomy":"category","embeddable":true,"href":"https:\/\/brasilnoticias.org\/site\/wp-json\/wp\/v2\/categories?post=1522"},{"taxonomy":"post_tag","embeddable":true,"href":"https:\/\/brasilnoticias.org\/site\/wp-json\/wp\/v2\/tags?post=1522"}],"curies":[{"name":"wp","href":"https:\/\/api.w.org\/{rel}","templated":true}]}}