{"id":15232,"date":"2024-07-29T20:01:35","date_gmt":"2024-07-29T23:01:35","guid":{"rendered":"https:\/\/brasilnoticias.org\/site\/?p=15232"},"modified":"2024-07-29T20:01:35","modified_gmt":"2024-07-29T23:01:35","slug":"justica-nega-indenizacao-para-deputada-do-pl-chamada-de-barbie-fascista-por-jornalista","status":"publish","type":"post","link":"https:\/\/brasilnoticias.org\/site\/justica-nega-indenizacao-para-deputada-do-pl-chamada-de-barbie-fascista-por-jornalista\/","title":{"rendered":"Justi\u00e7a nega indeniza\u00e7\u00e3o para deputada do PL chamada de &#8220;Barbie Fascista&#8221; por jornalista"},"content":{"rendered":"<p>O juiz defende que o jornalista n\u00e3o propagou fake news e a express\u00e3o n\u00e3o est\u00e1 associada ao g\u00eanero feminino, mas a um comportamento pol\u00edtico<\/p>\n<p>A Justi\u00e7a de Santa Catarina considerou improcedente uma a\u00e7\u00e3o movida pela deputada federal bolsonarista J\u00falia Zanatta (PL-SC) contra o jornalista Guga Noblat. A parlamentar solicitou uma indeniza\u00e7\u00e3o por danos morais de R$ 20 mil ap\u00f3s o jornalista fazer um post nas redes sociais se referindo a ela como \u201cBarbie Fascista\u201d. <\/p>\n<p>Na decis\u00e3o em primeira inst\u00e2ncia, o juiz Marcelo Carlin, do 2\u00ba Juizado Especial C\u00edvel da Comarca da Capital, negou os pedidos.  \u201cApesar das publica\u00e7\u00f5es realizadas pela parte r\u00e9 [Noblat] possu\u00edrem uma severa cr\u00edtica \u00e0 parte autora [Zanatta], entendo que, dentro do contexto f\u00e1tico, esses n\u00e3o extrapolaram a liberdade de express\u00e3o\/cr\u00edtica\u201d, disse o magistrado na senten\u00e7a que ainda cabe recurso.  <\/p>\n<p>Ainda segundo o juiz, o jornalista n\u00e3o propagou fake news e a express\u00e3o n\u00e3o est\u00e1 associada ao g\u00eanero feminino, mas, sim, a um comportamento pol\u00edtico. Al\u00e9m disso, Carlin sustenta que uma publica\u00e7\u00e3o da deputada teria gerado os coment\u00e1rios de Noblat.<\/p>\n<p>Em 2023, Zanatta foi acusada de incitar a viol\u00eancia ap\u00f3s publicar uma foto em que segurava uma carabina. Na imagem, ela vestia uma camiseta estampada com uma m\u00e3o com quatro dedos perfurada por balas, interpretada como uma alus\u00e3o ao presidente Lula (PT).<\/p>\n<p>No dia seguinte, Noblat fez uma publica\u00e7\u00e3o criticando a publica\u00e7\u00e3o da parlamentar. \u201cEi, a Barbie fascista virou deputada federal e j\u00e1 t\u00e1 fazendo bobagem\u201d, disse.<\/p>\n<p>Na a\u00e7\u00e3o, a deputada alega que o jornalista cometeu ato il\u00edcito e atingiu a sua honra e que, por conta do post, ela recebeu uma s\u00e9rie de amea\u00e7as em suas redes sociais e por meio de seu e-mail.<\/p>\n<p>A defesa de Noblat defende que a decis\u00e3o \u00e9 uma importante defesa da \u201cliberdade de express\u00e3o, fortalecendo e dando seguran\u00e7a para a insubstitu\u00edvel atua\u00e7\u00e3o cr\u00edtica dos profissionais da imprensa\u201d.<\/p>\n<p>Foto: C\u00e2mara dos Deputados<br \/>\nPor: Metro1<\/p>\n","protected":false},"excerpt":{"rendered":"<p>O juiz defende que o jornalista n\u00e3o propagou fake news e a express\u00e3o n\u00e3o est\u00e1 associada ao g\u00eanero feminino, mas<\/p>\n","protected":false},"author":4,"featured_media":15233,"comment_status":"open","ping_status":"open","sticky":false,"template":"","format":"standard","meta":{"colormag_page_container_layout":"default_layout","colormag_page_sidebar_layout":"default_layout","_FSMCFIC_featured_image_caption":"","_FSMCFIC_featured_image_nocaption":"","_FSMCFIC_featured_image_hide":"","footnotes":""},"categories":[7,1],"tags":[],"class_list":["post-15232","post","type-post","status-publish","format-standard","has-post-thumbnail","hentry","category-justica","category-ultimas"],"yoast_head":"<!-- This site is optimized with the Yoast SEO plugin v27.1.1 - https:\/\/yoast.com\/product\/yoast-seo-wordpress\/ -->\n<title>Justi\u00e7a nega indeniza\u00e7\u00e3o para deputada do PL chamada de &quot;Barbie Fascista&quot; por jornalista - Brasil not\u00edcias<\/title>\n<meta name=\"robots\" content=\"index, follow, max-snippet:-1, max-image-preview:large, max-video-preview:-1\" \/>\n<link rel=\"canonical\" href=\"https:\/\/brasilnoticias.org\/site\/justica-nega-indenizacao-para-deputada-do-pl-chamada-de-barbie-fascista-por-jornalista\/\" \/>\n<meta property=\"og:locale\" content=\"pt_PT\" \/>\n<meta property=\"og:type\" content=\"article\" \/>\n<meta property=\"og:title\" content=\"Justi\u00e7a nega indeniza\u00e7\u00e3o para deputada do PL chamada de &quot;Barbie Fascista&quot; por jornalista - Brasil not\u00edcias\" \/>\n<meta property=\"og:description\" content=\"O juiz defende que o jornalista n\u00e3o propagou fake news e a express\u00e3o n\u00e3o est\u00e1 associada ao g\u00eanero feminino, mas\" \/>\n<meta property=\"og:url\" content=\"https:\/\/brasilnoticias.org\/site\/justica-nega-indenizacao-para-deputada-do-pl-chamada-de-barbie-fascista-por-jornalista\/\" \/>\n<meta property=\"og:site_name\" content=\"Brasil not\u00edcias\" \/>\n<meta property=\"article:published_time\" content=\"2024-07-29T23:01:35+00:00\" \/>\n<meta property=\"og:image\" content=\"https:\/\/brasilnoticias.org\/site\/wp-content\/uploads\/2024\/07\/153404justica-nega-indenizacao-para-deputada-do-pl-chamada-de-barbie-fascista-por-jornalista-3.jpg\" \/>\n\t<meta property=\"og:image:width\" content=\"1600\" \/>\n\t<meta property=\"og:image:height\" content=\"752\" \/>\n\t<meta property=\"og:image:type\" content=\"image\/jpeg\" \/>\n<meta name=\"author\" content=\"Reda\u00e7\u00e3o\" \/>\n<meta name=\"twitter:card\" content=\"summary_large_image\" \/>\n<meta name=\"twitter:label1\" content=\"Escrito por\" \/>\n\t<meta name=\"twitter:data1\" content=\"Reda\u00e7\u00e3o\" \/>\n\t<meta name=\"twitter:label2\" content=\"Tempo estimado de leitura\" \/>\n\t<meta name=\"twitter:data2\" content=\"1 minuto\" \/>\n<script type=\"application\/ld+json\" class=\"yoast-schema-graph\">{\"@context\":\"https:\/\/schema.org\",\"@graph\":[{\"@type\":\"Article\",\"@id\":\"https:\/\/brasilnoticias.org\/site\/justica-nega-indenizacao-para-deputada-do-pl-chamada-de-barbie-fascista-por-jornalista\/#article\",\"isPartOf\":{\"@id\":\"https:\/\/brasilnoticias.org\/site\/justica-nega-indenizacao-para-deputada-do-pl-chamada-de-barbie-fascista-por-jornalista\/\"},\"author\":{\"name\":\"Reda\u00e7\u00e3o\",\"@id\":\"https:\/\/brasilnoticias.org\/site\/#\/schema\/person\/03bbbfe6c7634ad18c26444ea39049fa\"},\"headline\":\"Justi\u00e7a nega indeniza\u00e7\u00e3o para deputada do PL chamada de &#8220;Barbie Fascista&#8221; por jornalista\",\"datePublished\":\"2024-07-29T23:01:35+00:00\",\"mainEntityOfPage\":{\"@id\":\"https:\/\/brasilnoticias.org\/site\/justica-nega-indenizacao-para-deputada-do-pl-chamada-de-barbie-fascista-por-jornalista\/\"},\"wordCount\":370,\"commentCount\":0,\"publisher\":{\"@id\":\"https:\/\/brasilnoticias.org\/site\/#organization\"},\"image\":{\"@id\":\"https:\/\/brasilnoticias.org\/site\/justica-nega-indenizacao-para-deputada-do-pl-chamada-de-barbie-fascista-por-jornalista\/#primaryimage\"},\"thumbnailUrl\":\"https:\/\/brasilnoticias.org\/site\/wp-content\/uploads\/2024\/07\/153404justica-nega-indenizacao-para-deputada-do-pl-chamada-de-barbie-fascista-por-jornalista-3.jpg\",\"articleSection\":[\"Justi\u00e7a\",\"\u00daltimas\"],\"inLanguage\":\"pt-PT\",\"potentialAction\":[{\"@type\":\"CommentAction\",\"name\":\"Comment\",\"target\":[\"https:\/\/brasilnoticias.org\/site\/justica-nega-indenizacao-para-deputada-do-pl-chamada-de-barbie-fascista-por-jornalista\/#respond\"]}]},{\"@type\":\"WebPage\",\"@id\":\"https:\/\/brasilnoticias.org\/site\/justica-nega-indenizacao-para-deputada-do-pl-chamada-de-barbie-fascista-por-jornalista\/\",\"url\":\"https:\/\/brasilnoticias.org\/site\/justica-nega-indenizacao-para-deputada-do-pl-chamada-de-barbie-fascista-por-jornalista\/\",\"name\":\"Justi\u00e7a nega indeniza\u00e7\u00e3o para deputada do PL chamada de \\\"Barbie Fascista\\\" por jornalista - Brasil not\u00edcias\",\"isPartOf\":{\"@id\":\"https:\/\/brasilnoticias.org\/site\/#website\"},\"primaryImageOfPage\":{\"@id\":\"https:\/\/brasilnoticias.org\/site\/justica-nega-indenizacao-para-deputada-do-pl-chamada-de-barbie-fascista-por-jornalista\/#primaryimage\"},\"image\":{\"@id\":\"https:\/\/brasilnoticias.org\/site\/justica-nega-indenizacao-para-deputada-do-pl-chamada-de-barbie-fascista-por-jornalista\/#primaryimage\"},\"thumbnailUrl\":\"https:\/\/brasilnoticias.org\/site\/wp-content\/uploads\/2024\/07\/153404justica-nega-indenizacao-para-deputada-do-pl-chamada-de-barbie-fascista-por-jornalista-3.jpg\",\"datePublished\":\"2024-07-29T23:01:35+00:00\",\"breadcrumb\":{\"@id\":\"https:\/\/brasilnoticias.org\/site\/justica-nega-indenizacao-para-deputada-do-pl-chamada-de-barbie-fascista-por-jornalista\/#breadcrumb\"},\"inLanguage\":\"pt-PT\",\"potentialAction\":[{\"@type\":\"ReadAction\",\"target\":[\"https:\/\/brasilnoticias.org\/site\/justica-nega-indenizacao-para-deputada-do-pl-chamada-de-barbie-fascista-por-jornalista\/\"]}]},{\"@type\":\"ImageObject\",\"inLanguage\":\"pt-PT\",\"@id\":\"https:\/\/brasilnoticias.org\/site\/justica-nega-indenizacao-para-deputada-do-pl-chamada-de-barbie-fascista-por-jornalista\/#primaryimage\",\"url\":\"https:\/\/brasilnoticias.org\/site\/wp-content\/uploads\/2024\/07\/153404justica-nega-indenizacao-para-deputada-do-pl-chamada-de-barbie-fascista-por-jornalista-3.jpg\",\"contentUrl\":\"https:\/\/brasilnoticias.org\/site\/wp-content\/uploads\/2024\/07\/153404justica-nega-indenizacao-para-deputada-do-pl-chamada-de-barbie-fascista-por-jornalista-3.jpg\",\"width\":1600,\"height\":752},{\"@type\":\"BreadcrumbList\",\"@id\":\"https:\/\/brasilnoticias.org\/site\/justica-nega-indenizacao-para-deputada-do-pl-chamada-de-barbie-fascista-por-jornalista\/#breadcrumb\",\"itemListElement\":[{\"@type\":\"ListItem\",\"position\":1,\"name\":\"In\u00edcio\",\"item\":\"https:\/\/brasilnoticias.org\/site\/\"},{\"@type\":\"ListItem\",\"position\":2,\"name\":\"Justi\u00e7a nega indeniza\u00e7\u00e3o para deputada do PL chamada de &#8220;Barbie Fascista&#8221; por jornalista\"}]},{\"@type\":\"WebSite\",\"@id\":\"https:\/\/brasilnoticias.org\/site\/#website\",\"url\":\"https:\/\/brasilnoticias.org\/site\/\",\"name\":\"Brasil not\u00edcias\",\"description\":\"Brasil not\u00edcias\",\"publisher\":{\"@id\":\"https:\/\/brasilnoticias.org\/site\/#organization\"},\"potentialAction\":[{\"@type\":\"SearchAction\",\"target\":{\"@type\":\"EntryPoint\",\"urlTemplate\":\"https:\/\/brasilnoticias.org\/site\/?s={search_term_string}\"},\"query-input\":{\"@type\":\"PropertyValueSpecification\",\"valueRequired\":true,\"valueName\":\"search_term_string\"}}],\"inLanguage\":\"pt-PT\"},{\"@type\":\"Organization\",\"@id\":\"https:\/\/brasilnoticias.org\/site\/#organization\",\"name\":\"Brasil not\u00edcias\",\"url\":\"https:\/\/brasilnoticias.org\/site\/\",\"logo\":{\"@type\":\"ImageObject\",\"inLanguage\":\"pt-PT\",\"@id\":\"https:\/\/brasilnoticias.org\/site\/#\/schema\/logo\/image\/\",\"url\":\"https:\/\/brasilnoticias.org\/site\/wp-content\/uploads\/2022\/05\/cropped-brasilnoticias-mini.jpg\",\"contentUrl\":\"https:\/\/brasilnoticias.org\/site\/wp-content\/uploads\/2022\/05\/cropped-brasilnoticias-mini.jpg\",\"width\":314,\"height\":86,\"caption\":\"Brasil not\u00edcias\"},\"image\":{\"@id\":\"https:\/\/brasilnoticias.org\/site\/#\/schema\/logo\/image\/\"}},{\"@type\":\"Person\",\"@id\":\"https:\/\/brasilnoticias.org\/site\/#\/schema\/person\/03bbbfe6c7634ad18c26444ea39049fa\",\"name\":\"Reda\u00e7\u00e3o\",\"image\":{\"@type\":\"ImageObject\",\"inLanguage\":\"pt-PT\",\"@id\":\"https:\/\/brasilnoticias.org\/site\/#\/schema\/person\/image\/\",\"url\":\"https:\/\/secure.gravatar.com\/avatar\/9ecaf7327a696cb23ad926fedded5f1f04d7049de9e445375d55b48c001a6e42?s=96&d=mm&r=g\",\"contentUrl\":\"https:\/\/secure.gravatar.com\/avatar\/9ecaf7327a696cb23ad926fedded5f1f04d7049de9e445375d55b48c001a6e42?s=96&d=mm&r=g\",\"caption\":\"Reda\u00e7\u00e3o\"},\"url\":\"https:\/\/brasilnoticias.org\/site\/author\/henrique\/\"}]}<\/script>\n<!-- \/ Yoast SEO plugin. -->","yoast_head_json":{"title":"Justi\u00e7a nega indeniza\u00e7\u00e3o para deputada do PL chamada de \"Barbie Fascista\" por jornalista - Brasil not\u00edcias","robots":{"index":"index","follow":"follow","max-snippet":"max-snippet:-1","max-image-preview":"max-image-preview:large","max-video-preview":"max-video-preview:-1"},"canonical":"https:\/\/brasilnoticias.org\/site\/justica-nega-indenizacao-para-deputada-do-pl-chamada-de-barbie-fascista-por-jornalista\/","og_locale":"pt_PT","og_type":"article","og_title":"Justi\u00e7a nega indeniza\u00e7\u00e3o para deputada do PL chamada de \"Barbie Fascista\" por jornalista - Brasil not\u00edcias","og_description":"O juiz defende que o jornalista n\u00e3o propagou fake news e a express\u00e3o n\u00e3o est\u00e1 associada ao g\u00eanero feminino, mas","og_url":"https:\/\/brasilnoticias.org\/site\/justica-nega-indenizacao-para-deputada-do-pl-chamada-de-barbie-fascista-por-jornalista\/","og_site_name":"Brasil not\u00edcias","article_published_time":"2024-07-29T23:01:35+00:00","og_image":[{"width":1600,"height":752,"url":"https:\/\/brasilnoticias.org\/site\/wp-content\/uploads\/2024\/07\/153404justica-nega-indenizacao-para-deputada-do-pl-chamada-de-barbie-fascista-por-jornalista-3.jpg","type":"image\/jpeg"}],"author":"Reda\u00e7\u00e3o","twitter_card":"summary_large_image","twitter_misc":{"Escrito por":"Reda\u00e7\u00e3o","Tempo estimado de leitura":"1 minuto"},"schema":{"@context":"https:\/\/schema.org","@graph":[{"@type":"Article","@id":"https:\/\/brasilnoticias.org\/site\/justica-nega-indenizacao-para-deputada-do-pl-chamada-de-barbie-fascista-por-jornalista\/#article","isPartOf":{"@id":"https:\/\/brasilnoticias.org\/site\/justica-nega-indenizacao-para-deputada-do-pl-chamada-de-barbie-fascista-por-jornalista\/"},"author":{"name":"Reda\u00e7\u00e3o","@id":"https:\/\/brasilnoticias.org\/site\/#\/schema\/person\/03bbbfe6c7634ad18c26444ea39049fa"},"headline":"Justi\u00e7a nega indeniza\u00e7\u00e3o para deputada do PL chamada de &#8220;Barbie Fascista&#8221; por jornalista","datePublished":"2024-07-29T23:01:35+00:00","mainEntityOfPage":{"@id":"https:\/\/brasilnoticias.org\/site\/justica-nega-indenizacao-para-deputada-do-pl-chamada-de-barbie-fascista-por-jornalista\/"},"wordCount":370,"commentCount":0,"publisher":{"@id":"https:\/\/brasilnoticias.org\/site\/#organization"},"image":{"@id":"https:\/\/brasilnoticias.org\/site\/justica-nega-indenizacao-para-deputada-do-pl-chamada-de-barbie-fascista-por-jornalista\/#primaryimage"},"thumbnailUrl":"https:\/\/brasilnoticias.org\/site\/wp-content\/uploads\/2024\/07\/153404justica-nega-indenizacao-para-deputada-do-pl-chamada-de-barbie-fascista-por-jornalista-3.jpg","articleSection":["Justi\u00e7a","\u00daltimas"],"inLanguage":"pt-PT","potentialAction":[{"@type":"CommentAction","name":"Comment","target":["https:\/\/brasilnoticias.org\/site\/justica-nega-indenizacao-para-deputada-do-pl-chamada-de-barbie-fascista-por-jornalista\/#respond"]}]},{"@type":"WebPage","@id":"https:\/\/brasilnoticias.org\/site\/justica-nega-indenizacao-para-deputada-do-pl-chamada-de-barbie-fascista-por-jornalista\/","url":"https:\/\/brasilnoticias.org\/site\/justica-nega-indenizacao-para-deputada-do-pl-chamada-de-barbie-fascista-por-jornalista\/","name":"Justi\u00e7a nega indeniza\u00e7\u00e3o para deputada do PL chamada de \"Barbie Fascista\" por jornalista - Brasil not\u00edcias","isPartOf":{"@id":"https:\/\/brasilnoticias.org\/site\/#website"},"primaryImageOfPage":{"@id":"https:\/\/brasilnoticias.org\/site\/justica-nega-indenizacao-para-deputada-do-pl-chamada-de-barbie-fascista-por-jornalista\/#primaryimage"},"image":{"@id":"https:\/\/brasilnoticias.org\/site\/justica-nega-indenizacao-para-deputada-do-pl-chamada-de-barbie-fascista-por-jornalista\/#primaryimage"},"thumbnailUrl":"https:\/\/brasilnoticias.org\/site\/wp-content\/uploads\/2024\/07\/153404justica-nega-indenizacao-para-deputada-do-pl-chamada-de-barbie-fascista-por-jornalista-3.jpg","datePublished":"2024-07-29T23:01:35+00:00","breadcrumb":{"@id":"https:\/\/brasilnoticias.org\/site\/justica-nega-indenizacao-para-deputada-do-pl-chamada-de-barbie-fascista-por-jornalista\/#breadcrumb"},"inLanguage":"pt-PT","potentialAction":[{"@type":"ReadAction","target":["https:\/\/brasilnoticias.org\/site\/justica-nega-indenizacao-para-deputada-do-pl-chamada-de-barbie-fascista-por-jornalista\/"]}]},{"@type":"ImageObject","inLanguage":"pt-PT","@id":"https:\/\/brasilnoticias.org\/site\/justica-nega-indenizacao-para-deputada-do-pl-chamada-de-barbie-fascista-por-jornalista\/#primaryimage","url":"https:\/\/brasilnoticias.org\/site\/wp-content\/uploads\/2024\/07\/153404justica-nega-indenizacao-para-deputada-do-pl-chamada-de-barbie-fascista-por-jornalista-3.jpg","contentUrl":"https:\/\/brasilnoticias.org\/site\/wp-content\/uploads\/2024\/07\/153404justica-nega-indenizacao-para-deputada-do-pl-chamada-de-barbie-fascista-por-jornalista-3.jpg","width":1600,"height":752},{"@type":"BreadcrumbList","@id":"https:\/\/brasilnoticias.org\/site\/justica-nega-indenizacao-para-deputada-do-pl-chamada-de-barbie-fascista-por-jornalista\/#breadcrumb","itemListElement":[{"@type":"ListItem","position":1,"name":"In\u00edcio","item":"https:\/\/brasilnoticias.org\/site\/"},{"@type":"ListItem","position":2,"name":"Justi\u00e7a nega indeniza\u00e7\u00e3o para deputada do PL chamada de &#8220;Barbie Fascista&#8221; por jornalista"}]},{"@type":"WebSite","@id":"https:\/\/brasilnoticias.org\/site\/#website","url":"https:\/\/brasilnoticias.org\/site\/","name":"Brasil not\u00edcias","description":"Brasil not\u00edcias","publisher":{"@id":"https:\/\/brasilnoticias.org\/site\/#organization"},"potentialAction":[{"@type":"SearchAction","target":{"@type":"EntryPoint","urlTemplate":"https:\/\/brasilnoticias.org\/site\/?s={search_term_string}"},"query-input":{"@type":"PropertyValueSpecification","valueRequired":true,"valueName":"search_term_string"}}],"inLanguage":"pt-PT"},{"@type":"Organization","@id":"https:\/\/brasilnoticias.org\/site\/#organization","name":"Brasil not\u00edcias","url":"https:\/\/brasilnoticias.org\/site\/","logo":{"@type":"ImageObject","inLanguage":"pt-PT","@id":"https:\/\/brasilnoticias.org\/site\/#\/schema\/logo\/image\/","url":"https:\/\/brasilnoticias.org\/site\/wp-content\/uploads\/2022\/05\/cropped-brasilnoticias-mini.jpg","contentUrl":"https:\/\/brasilnoticias.org\/site\/wp-content\/uploads\/2022\/05\/cropped-brasilnoticias-mini.jpg","width":314,"height":86,"caption":"Brasil not\u00edcias"},"image":{"@id":"https:\/\/brasilnoticias.org\/site\/#\/schema\/logo\/image\/"}},{"@type":"Person","@id":"https:\/\/brasilnoticias.org\/site\/#\/schema\/person\/03bbbfe6c7634ad18c26444ea39049fa","name":"Reda\u00e7\u00e3o","image":{"@type":"ImageObject","inLanguage":"pt-PT","@id":"https:\/\/brasilnoticias.org\/site\/#\/schema\/person\/image\/","url":"https:\/\/secure.gravatar.com\/avatar\/9ecaf7327a696cb23ad926fedded5f1f04d7049de9e445375d55b48c001a6e42?s=96&d=mm&r=g","contentUrl":"https:\/\/secure.gravatar.com\/avatar\/9ecaf7327a696cb23ad926fedded5f1f04d7049de9e445375d55b48c001a6e42?s=96&d=mm&r=g","caption":"Reda\u00e7\u00e3o"},"url":"https:\/\/brasilnoticias.org\/site\/author\/henrique\/"}]}},"_links":{"self":[{"href":"https:\/\/brasilnoticias.org\/site\/wp-json\/wp\/v2\/posts\/15232","targetHints":{"allow":["GET"]}}],"collection":[{"href":"https:\/\/brasilnoticias.org\/site\/wp-json\/wp\/v2\/posts"}],"about":[{"href":"https:\/\/brasilnoticias.org\/site\/wp-json\/wp\/v2\/types\/post"}],"author":[{"embeddable":true,"href":"https:\/\/brasilnoticias.org\/site\/wp-json\/wp\/v2\/users\/4"}],"replies":[{"embeddable":true,"href":"https:\/\/brasilnoticias.org\/site\/wp-json\/wp\/v2\/comments?post=15232"}],"version-history":[{"count":1,"href":"https:\/\/brasilnoticias.org\/site\/wp-json\/wp\/v2\/posts\/15232\/revisions"}],"predecessor-version":[{"id":15234,"href":"https:\/\/brasilnoticias.org\/site\/wp-json\/wp\/v2\/posts\/15232\/revisions\/15234"}],"wp:featuredmedia":[{"embeddable":true,"href":"https:\/\/brasilnoticias.org\/site\/wp-json\/wp\/v2\/media\/15233"}],"wp:attachment":[{"href":"https:\/\/brasilnoticias.org\/site\/wp-json\/wp\/v2\/media?parent=15232"}],"wp:term":[{"taxonomy":"category","embeddable":true,"href":"https:\/\/brasilnoticias.org\/site\/wp-json\/wp\/v2\/categories?post=15232"},{"taxonomy":"post_tag","embeddable":true,"href":"https:\/\/brasilnoticias.org\/site\/wp-json\/wp\/v2\/tags?post=15232"}],"curies":[{"name":"wp","href":"https:\/\/api.w.org\/{rel}","templated":true}]}}