{"id":15235,"date":"2024-07-29T20:02:30","date_gmt":"2024-07-29T23:02:30","guid":{"rendered":"https:\/\/brasilnoticias.org\/site\/?p=15235"},"modified":"2024-07-29T20:02:30","modified_gmt":"2024-07-29T23:02:30","slug":"bruno-reis-apresenta-projetos-de-corredores-verdes-em-salvador-e-de-recuperacao-da-bacia-do-rio-camarajipe","status":"publish","type":"post","link":"https:\/\/brasilnoticias.org\/site\/bruno-reis-apresenta-projetos-de-corredores-verdes-em-salvador-e-de-recuperacao-da-bacia-do-rio-camarajipe\/","title":{"rendered":"Bruno Reis apresenta projetos de corredores verdes em Salvador e de recupera\u00e7\u00e3o da Bacia do Rio Camarajipe"},"content":{"rendered":"<p>O prefeito de Salvador e candidato \u00e0 reelei\u00e7\u00e3o, Bruno Reis (Uni\u00e3o Brasil), apresentou nesta segunda-feira (29) a representantes do setor produtivo da capital baiana algumas das propostas do seu plano de governo para os pr\u00f3ximos quatro anos. Entre elas, a ideia de criar corredores verdes nas principais avenidas de vale, onde h\u00e1 maior tr\u00e1fego de ve\u00edculos, como uma medida para mitigar as ilhas de calor nas \u00e1reas urbanas. Al\u00e9m disso, ele citou o projeto de renaturaliza\u00e7\u00e3o de toda a Bacia do Camarajipe, principal rio que corta a cidade.<\/p>\n<p>O encontro, que ocorreu no Teatro Sesc Casa do Com\u00e9rcio, reuniu lideran\u00e7as do setor produtivo baiano e empres\u00e1rios. Estiveram presentes representantes da Federa\u00e7\u00e3o do Com\u00e9rcio de Bens, Servi\u00e7os e Turismo do Estado da Bahia (Fecom\u00e9rcio-BA), Federa\u00e7\u00e3o da Agricultura e Pecu\u00e1ria da Bahia (Faeb), Federa\u00e7\u00e3o das Ind\u00fastrias do Estado da Bahia (Fieb) e Federa\u00e7\u00e3o das Empresas de Transportes dos Estados da Bahia e Sergipe (Fetrabase).<\/p>\n<p>\u201cVamos implantar nas grandes avenidas, que aqui em Salvador s\u00e3o as avenidas de vale, verdadeiros corredores verdes, que v\u00e3o se conectar entre si e com \u00e1reas verdes que j\u00e1 est\u00e3o preservadas na nossa cidade. Al\u00e9m disso, nas constru\u00e7\u00f5es em que for poss\u00edvel, vamos implantar os terra\u00e7os verdes, ou seja, coberturas verdes, conectadas a obras que ser\u00e3o baseadas em solu\u00e7\u00f5es da natureza. S\u00e3o mini-florestas, que n\u00f3s vamos implantar no entorno das esta\u00e7\u00f5es\u201d, explicou Bruno Reis.<\/p>\n<p>O prefeito destacou que o projeto se baseia numa iniciativa adotada em Medell\u00edn, segunda maior cidade da Col\u00f4mbia, que \u00e9 uma das principais refer\u00eancias em sustentabilidade na Am\u00e9rica Latina. Iniciada em 2016, a medida prev\u00ea o plantio de \u00e1rvores t\u00edpicas do clima tropical em avenidas de grande movimenta\u00e7\u00e3o, a cria\u00e7\u00e3o de jardins verticais e tetos verdes nas edifica\u00e7\u00f5es, entre outras solu\u00e7\u00f5es construtivas baseadas na natureza.<\/p>\n<p>Outra proposta \u00e9 a revitaliza\u00e7\u00e3o do Rio Camarajipe, um dos principais da capital baiana e que corta a \u00e1rea central da cidade, como as avenidas ACM, Tancredo Neves e Magalh\u00e3es Neto, desaguando no Costa Azul. \u201cSeja qual for a solu\u00e7\u00e3o que a gente vai dar em rela\u00e7\u00e3o \u00e0 concess\u00e3o do sistema de \u00e1gua e abastecimento de Salvador, isso tem que vir atrelada \u00e0 despolui\u00e7\u00e3o da Bacia do Camarajipe, que \u00e9 a principal de nossa cidade\u201d, disse Bruno Reis.<\/p>\n<p>Economia &#8211; Bruno Reis apresentou tamb\u00e9m propostas para dinamizar a economia da cidade, como a cria\u00e7\u00e3o da Escola Digital, em conv\u00eanio com o Senai Cimatec, para formar profissionais na \u00e1rea de tecnologia. O equipamento ser\u00e1 instalado no Pelourinho, como uma das principais medidas para estimular o Distrito de Inova\u00e7\u00e3o do Centro Hist\u00f3rico, que j\u00e1 conta com o Hub Salvador e o P\u00f3lo de Economia Criativa Doca 1.<\/p>\n<p>Al\u00e9m disso, o candidato \u00e0 reelei\u00e7\u00e3o apresentou um conjunto de concess\u00f5es e de Parcerias P\u00fablico-Privadas (PPP\u2019s) que pretende fazer num pr\u00f3ximo mandato, como os quiosques da nova orla, na regi\u00e3o de Jaguaribe, a nova Arena Multiuso, as \u00e1reas livres do BRT e o novo Centro de Conven\u00e7\u00f5es no Centro Hist\u00f3rico.<\/p>\n<p>\u201cAli, embaixo da Prefeitura, ser\u00e1 um novo Centro de Conven\u00e7\u00f5es. Foi autorizada uma MIP (Manifesta\u00e7\u00e3o de Interesse Privado), solicitada pelo grupo que arrematou o Pal\u00e1cio Rio Branco, para elaborar um projeto nos mesmos moldes que fizeram em S\u00e3o Paulo, de um hotel com um Centro de Conven\u00e7\u00f5es. Estima-se que esse equipamento vai lotar todos os hot\u00e9is do Centro Hist\u00f3rico e ser\u00e1 um dos principais empreendimentos para o resgate e para levar p\u00fablico para o Pelourinho. O grupo estima que pode realizar pelo menos 80 eventos grandes por ano l\u00e1\u201d, explicou Bruno Reis.<\/p>\n","protected":false},"excerpt":{"rendered":"<p>O prefeito de Salvador e candidato \u00e0 reelei\u00e7\u00e3o, Bruno Reis (Uni\u00e3o Brasil), apresentou nesta segunda-feira (29) a representantes do setor<\/p>\n","protected":false},"author":4,"featured_media":15236,"comment_status":"open","ping_status":"open","sticky":false,"template":"","format":"standard","meta":{"colormag_page_container_layout":"default_layout","colormag_page_sidebar_layout":"default_layout","_FSMCFIC_featured_image_caption":"","_FSMCFIC_featured_image_nocaption":"","_FSMCFIC_featured_image_hide":"","footnotes":""},"categories":[5,1],"tags":[],"class_list":["post-15235","post","type-post","status-publish","format-standard","has-post-thumbnail","hentry","category-politica","category-ultimas"],"yoast_head":"<!-- This site is optimized with the Yoast SEO plugin v27.1.1 - https:\/\/yoast.com\/product\/yoast-seo-wordpress\/ -->\n<title>Bruno Reis apresenta projetos de corredores verdes em Salvador e de recupera\u00e7\u00e3o da Bacia do Rio Camarajipe - Brasil not\u00edcias<\/title>\n<meta name=\"robots\" content=\"index, follow, max-snippet:-1, max-image-preview:large, max-video-preview:-1\" \/>\n<link rel=\"canonical\" href=\"https:\/\/brasilnoticias.org\/site\/bruno-reis-apresenta-projetos-de-corredores-verdes-em-salvador-e-de-recuperacao-da-bacia-do-rio-camarajipe\/\" \/>\n<meta property=\"og:locale\" content=\"pt_PT\" \/>\n<meta property=\"og:type\" content=\"article\" \/>\n<meta property=\"og:title\" content=\"Bruno Reis apresenta projetos de corredores verdes em Salvador e de recupera\u00e7\u00e3o da Bacia do Rio Camarajipe - Brasil not\u00edcias\" \/>\n<meta property=\"og:description\" content=\"O prefeito de Salvador e candidato \u00e0 reelei\u00e7\u00e3o, Bruno Reis (Uni\u00e3o Brasil), apresentou nesta segunda-feira (29) a representantes do setor\" \/>\n<meta property=\"og:url\" content=\"https:\/\/brasilnoticias.org\/site\/bruno-reis-apresenta-projetos-de-corredores-verdes-em-salvador-e-de-recuperacao-da-bacia-do-rio-camarajipe\/\" \/>\n<meta property=\"og:site_name\" content=\"Brasil not\u00edcias\" \/>\n<meta property=\"article:published_time\" content=\"2024-07-29T23:02:30+00:00\" \/>\n<meta property=\"og:image\" content=\"https:\/\/brasilnoticias.org\/site\/wp-content\/uploads\/2024\/07\/IMAGEM_NOTICIA_0-9.jpg\" \/>\n\t<meta property=\"og:image:width\" content=\"850\" \/>\n\t<meta property=\"og:image:height\" content=\"400\" \/>\n\t<meta property=\"og:image:type\" content=\"image\/jpeg\" \/>\n<meta name=\"author\" content=\"Reda\u00e7\u00e3o\" \/>\n<meta name=\"twitter:card\" content=\"summary_large_image\" \/>\n<meta name=\"twitter:label1\" content=\"Escrito por\" \/>\n\t<meta name=\"twitter:data1\" content=\"Reda\u00e7\u00e3o\" \/>\n\t<meta name=\"twitter:label2\" content=\"Tempo estimado de leitura\" \/>\n\t<meta name=\"twitter:data2\" content=\"1 minuto\" \/>\n<script type=\"application\/ld+json\" class=\"yoast-schema-graph\">{\"@context\":\"https:\/\/schema.org\",\"@graph\":[{\"@type\":\"Article\",\"@id\":\"https:\/\/brasilnoticias.org\/site\/bruno-reis-apresenta-projetos-de-corredores-verdes-em-salvador-e-de-recuperacao-da-bacia-do-rio-camarajipe\/#article\",\"isPartOf\":{\"@id\":\"https:\/\/brasilnoticias.org\/site\/bruno-reis-apresenta-projetos-de-corredores-verdes-em-salvador-e-de-recuperacao-da-bacia-do-rio-camarajipe\/\"},\"author\":{\"name\":\"Reda\u00e7\u00e3o\",\"@id\":\"https:\/\/brasilnoticias.org\/site\/#\/schema\/person\/03bbbfe6c7634ad18c26444ea39049fa\"},\"headline\":\"Bruno Reis apresenta projetos de corredores verdes em Salvador e de recupera\u00e7\u00e3o da Bacia do Rio Camarajipe\",\"datePublished\":\"2024-07-29T23:02:30+00:00\",\"mainEntityOfPage\":{\"@id\":\"https:\/\/brasilnoticias.org\/site\/bruno-reis-apresenta-projetos-de-corredores-verdes-em-salvador-e-de-recuperacao-da-bacia-do-rio-camarajipe\/\"},\"wordCount\":654,\"commentCount\":0,\"publisher\":{\"@id\":\"https:\/\/brasilnoticias.org\/site\/#organization\"},\"image\":{\"@id\":\"https:\/\/brasilnoticias.org\/site\/bruno-reis-apresenta-projetos-de-corredores-verdes-em-salvador-e-de-recuperacao-da-bacia-do-rio-camarajipe\/#primaryimage\"},\"thumbnailUrl\":\"https:\/\/brasilnoticias.org\/site\/wp-content\/uploads\/2024\/07\/IMAGEM_NOTICIA_0-9.jpg\",\"articleSection\":[\"Pol\u00edtica\",\"\u00daltimas\"],\"inLanguage\":\"pt-PT\",\"potentialAction\":[{\"@type\":\"CommentAction\",\"name\":\"Comment\",\"target\":[\"https:\/\/brasilnoticias.org\/site\/bruno-reis-apresenta-projetos-de-corredores-verdes-em-salvador-e-de-recuperacao-da-bacia-do-rio-camarajipe\/#respond\"]}]},{\"@type\":\"WebPage\",\"@id\":\"https:\/\/brasilnoticias.org\/site\/bruno-reis-apresenta-projetos-de-corredores-verdes-em-salvador-e-de-recuperacao-da-bacia-do-rio-camarajipe\/\",\"url\":\"https:\/\/brasilnoticias.org\/site\/bruno-reis-apresenta-projetos-de-corredores-verdes-em-salvador-e-de-recuperacao-da-bacia-do-rio-camarajipe\/\",\"name\":\"Bruno Reis apresenta projetos de corredores verdes em Salvador e de recupera\u00e7\u00e3o da Bacia do Rio Camarajipe - Brasil not\u00edcias\",\"isPartOf\":{\"@id\":\"https:\/\/brasilnoticias.org\/site\/#website\"},\"primaryImageOfPage\":{\"@id\":\"https:\/\/brasilnoticias.org\/site\/bruno-reis-apresenta-projetos-de-corredores-verdes-em-salvador-e-de-recuperacao-da-bacia-do-rio-camarajipe\/#primaryimage\"},\"image\":{\"@id\":\"https:\/\/brasilnoticias.org\/site\/bruno-reis-apresenta-projetos-de-corredores-verdes-em-salvador-e-de-recuperacao-da-bacia-do-rio-camarajipe\/#primaryimage\"},\"thumbnailUrl\":\"https:\/\/brasilnoticias.org\/site\/wp-content\/uploads\/2024\/07\/IMAGEM_NOTICIA_0-9.jpg\",\"datePublished\":\"2024-07-29T23:02:30+00:00\",\"breadcrumb\":{\"@id\":\"https:\/\/brasilnoticias.org\/site\/bruno-reis-apresenta-projetos-de-corredores-verdes-em-salvador-e-de-recuperacao-da-bacia-do-rio-camarajipe\/#breadcrumb\"},\"inLanguage\":\"pt-PT\",\"potentialAction\":[{\"@type\":\"ReadAction\",\"target\":[\"https:\/\/brasilnoticias.org\/site\/bruno-reis-apresenta-projetos-de-corredores-verdes-em-salvador-e-de-recuperacao-da-bacia-do-rio-camarajipe\/\"]}]},{\"@type\":\"ImageObject\",\"inLanguage\":\"pt-PT\",\"@id\":\"https:\/\/brasilnoticias.org\/site\/bruno-reis-apresenta-projetos-de-corredores-verdes-em-salvador-e-de-recuperacao-da-bacia-do-rio-camarajipe\/#primaryimage\",\"url\":\"https:\/\/brasilnoticias.org\/site\/wp-content\/uploads\/2024\/07\/IMAGEM_NOTICIA_0-9.jpg\",\"contentUrl\":\"https:\/\/brasilnoticias.org\/site\/wp-content\/uploads\/2024\/07\/IMAGEM_NOTICIA_0-9.jpg\",\"width\":850,\"height\":400},{\"@type\":\"BreadcrumbList\",\"@id\":\"https:\/\/brasilnoticias.org\/site\/bruno-reis-apresenta-projetos-de-corredores-verdes-em-salvador-e-de-recuperacao-da-bacia-do-rio-camarajipe\/#breadcrumb\",\"itemListElement\":[{\"@type\":\"ListItem\",\"position\":1,\"name\":\"In\u00edcio\",\"item\":\"https:\/\/brasilnoticias.org\/site\/\"},{\"@type\":\"ListItem\",\"position\":2,\"name\":\"Bruno Reis apresenta projetos de corredores verdes em Salvador e de recupera\u00e7\u00e3o da Bacia do Rio Camarajipe\"}]},{\"@type\":\"WebSite\",\"@id\":\"https:\/\/brasilnoticias.org\/site\/#website\",\"url\":\"https:\/\/brasilnoticias.org\/site\/\",\"name\":\"Brasil not\u00edcias\",\"description\":\"Brasil not\u00edcias\",\"publisher\":{\"@id\":\"https:\/\/brasilnoticias.org\/site\/#organization\"},\"potentialAction\":[{\"@type\":\"SearchAction\",\"target\":{\"@type\":\"EntryPoint\",\"urlTemplate\":\"https:\/\/brasilnoticias.org\/site\/?s={search_term_string}\"},\"query-input\":{\"@type\":\"PropertyValueSpecification\",\"valueRequired\":true,\"valueName\":\"search_term_string\"}}],\"inLanguage\":\"pt-PT\"},{\"@type\":\"Organization\",\"@id\":\"https:\/\/brasilnoticias.org\/site\/#organization\",\"name\":\"Brasil not\u00edcias\",\"url\":\"https:\/\/brasilnoticias.org\/site\/\",\"logo\":{\"@type\":\"ImageObject\",\"inLanguage\":\"pt-PT\",\"@id\":\"https:\/\/brasilnoticias.org\/site\/#\/schema\/logo\/image\/\",\"url\":\"https:\/\/brasilnoticias.org\/site\/wp-content\/uploads\/2022\/05\/cropped-brasilnoticias-mini.jpg\",\"contentUrl\":\"https:\/\/brasilnoticias.org\/site\/wp-content\/uploads\/2022\/05\/cropped-brasilnoticias-mini.jpg\",\"width\":314,\"height\":86,\"caption\":\"Brasil not\u00edcias\"},\"image\":{\"@id\":\"https:\/\/brasilnoticias.org\/site\/#\/schema\/logo\/image\/\"}},{\"@type\":\"Person\",\"@id\":\"https:\/\/brasilnoticias.org\/site\/#\/schema\/person\/03bbbfe6c7634ad18c26444ea39049fa\",\"name\":\"Reda\u00e7\u00e3o\",\"image\":{\"@type\":\"ImageObject\",\"inLanguage\":\"pt-PT\",\"@id\":\"https:\/\/brasilnoticias.org\/site\/#\/schema\/person\/image\/\",\"url\":\"https:\/\/secure.gravatar.com\/avatar\/9ecaf7327a696cb23ad926fedded5f1f04d7049de9e445375d55b48c001a6e42?s=96&d=mm&r=g\",\"contentUrl\":\"https:\/\/secure.gravatar.com\/avatar\/9ecaf7327a696cb23ad926fedded5f1f04d7049de9e445375d55b48c001a6e42?s=96&d=mm&r=g\",\"caption\":\"Reda\u00e7\u00e3o\"},\"url\":\"https:\/\/brasilnoticias.org\/site\/author\/henrique\/\"}]}<\/script>\n<!-- \/ Yoast SEO plugin. -->","yoast_head_json":{"title":"Bruno Reis apresenta projetos de corredores verdes em Salvador e de recupera\u00e7\u00e3o da Bacia do Rio Camarajipe - Brasil not\u00edcias","robots":{"index":"index","follow":"follow","max-snippet":"max-snippet:-1","max-image-preview":"max-image-preview:large","max-video-preview":"max-video-preview:-1"},"canonical":"https:\/\/brasilnoticias.org\/site\/bruno-reis-apresenta-projetos-de-corredores-verdes-em-salvador-e-de-recuperacao-da-bacia-do-rio-camarajipe\/","og_locale":"pt_PT","og_type":"article","og_title":"Bruno Reis apresenta projetos de corredores verdes em Salvador e de recupera\u00e7\u00e3o da Bacia do Rio Camarajipe - Brasil not\u00edcias","og_description":"O prefeito de Salvador e candidato \u00e0 reelei\u00e7\u00e3o, Bruno Reis (Uni\u00e3o Brasil), apresentou nesta segunda-feira (29) a representantes do setor","og_url":"https:\/\/brasilnoticias.org\/site\/bruno-reis-apresenta-projetos-de-corredores-verdes-em-salvador-e-de-recuperacao-da-bacia-do-rio-camarajipe\/","og_site_name":"Brasil not\u00edcias","article_published_time":"2024-07-29T23:02:30+00:00","og_image":[{"width":850,"height":400,"url":"https:\/\/brasilnoticias.org\/site\/wp-content\/uploads\/2024\/07\/IMAGEM_NOTICIA_0-9.jpg","type":"image\/jpeg"}],"author":"Reda\u00e7\u00e3o","twitter_card":"summary_large_image","twitter_misc":{"Escrito por":"Reda\u00e7\u00e3o","Tempo estimado de leitura":"1 minuto"},"schema":{"@context":"https:\/\/schema.org","@graph":[{"@type":"Article","@id":"https:\/\/brasilnoticias.org\/site\/bruno-reis-apresenta-projetos-de-corredores-verdes-em-salvador-e-de-recuperacao-da-bacia-do-rio-camarajipe\/#article","isPartOf":{"@id":"https:\/\/brasilnoticias.org\/site\/bruno-reis-apresenta-projetos-de-corredores-verdes-em-salvador-e-de-recuperacao-da-bacia-do-rio-camarajipe\/"},"author":{"name":"Reda\u00e7\u00e3o","@id":"https:\/\/brasilnoticias.org\/site\/#\/schema\/person\/03bbbfe6c7634ad18c26444ea39049fa"},"headline":"Bruno Reis apresenta projetos de corredores verdes em Salvador e de recupera\u00e7\u00e3o da Bacia do Rio Camarajipe","datePublished":"2024-07-29T23:02:30+00:00","mainEntityOfPage":{"@id":"https:\/\/brasilnoticias.org\/site\/bruno-reis-apresenta-projetos-de-corredores-verdes-em-salvador-e-de-recuperacao-da-bacia-do-rio-camarajipe\/"},"wordCount":654,"commentCount":0,"publisher":{"@id":"https:\/\/brasilnoticias.org\/site\/#organization"},"image":{"@id":"https:\/\/brasilnoticias.org\/site\/bruno-reis-apresenta-projetos-de-corredores-verdes-em-salvador-e-de-recuperacao-da-bacia-do-rio-camarajipe\/#primaryimage"},"thumbnailUrl":"https:\/\/brasilnoticias.org\/site\/wp-content\/uploads\/2024\/07\/IMAGEM_NOTICIA_0-9.jpg","articleSection":["Pol\u00edtica","\u00daltimas"],"inLanguage":"pt-PT","potentialAction":[{"@type":"CommentAction","name":"Comment","target":["https:\/\/brasilnoticias.org\/site\/bruno-reis-apresenta-projetos-de-corredores-verdes-em-salvador-e-de-recuperacao-da-bacia-do-rio-camarajipe\/#respond"]}]},{"@type":"WebPage","@id":"https:\/\/brasilnoticias.org\/site\/bruno-reis-apresenta-projetos-de-corredores-verdes-em-salvador-e-de-recuperacao-da-bacia-do-rio-camarajipe\/","url":"https:\/\/brasilnoticias.org\/site\/bruno-reis-apresenta-projetos-de-corredores-verdes-em-salvador-e-de-recuperacao-da-bacia-do-rio-camarajipe\/","name":"Bruno Reis apresenta projetos de corredores verdes em Salvador e de recupera\u00e7\u00e3o da Bacia do Rio Camarajipe - Brasil not\u00edcias","isPartOf":{"@id":"https:\/\/brasilnoticias.org\/site\/#website"},"primaryImageOfPage":{"@id":"https:\/\/brasilnoticias.org\/site\/bruno-reis-apresenta-projetos-de-corredores-verdes-em-salvador-e-de-recuperacao-da-bacia-do-rio-camarajipe\/#primaryimage"},"image":{"@id":"https:\/\/brasilnoticias.org\/site\/bruno-reis-apresenta-projetos-de-corredores-verdes-em-salvador-e-de-recuperacao-da-bacia-do-rio-camarajipe\/#primaryimage"},"thumbnailUrl":"https:\/\/brasilnoticias.org\/site\/wp-content\/uploads\/2024\/07\/IMAGEM_NOTICIA_0-9.jpg","datePublished":"2024-07-29T23:02:30+00:00","breadcrumb":{"@id":"https:\/\/brasilnoticias.org\/site\/bruno-reis-apresenta-projetos-de-corredores-verdes-em-salvador-e-de-recuperacao-da-bacia-do-rio-camarajipe\/#breadcrumb"},"inLanguage":"pt-PT","potentialAction":[{"@type":"ReadAction","target":["https:\/\/brasilnoticias.org\/site\/bruno-reis-apresenta-projetos-de-corredores-verdes-em-salvador-e-de-recuperacao-da-bacia-do-rio-camarajipe\/"]}]},{"@type":"ImageObject","inLanguage":"pt-PT","@id":"https:\/\/brasilnoticias.org\/site\/bruno-reis-apresenta-projetos-de-corredores-verdes-em-salvador-e-de-recuperacao-da-bacia-do-rio-camarajipe\/#primaryimage","url":"https:\/\/brasilnoticias.org\/site\/wp-content\/uploads\/2024\/07\/IMAGEM_NOTICIA_0-9.jpg","contentUrl":"https:\/\/brasilnoticias.org\/site\/wp-content\/uploads\/2024\/07\/IMAGEM_NOTICIA_0-9.jpg","width":850,"height":400},{"@type":"BreadcrumbList","@id":"https:\/\/brasilnoticias.org\/site\/bruno-reis-apresenta-projetos-de-corredores-verdes-em-salvador-e-de-recuperacao-da-bacia-do-rio-camarajipe\/#breadcrumb","itemListElement":[{"@type":"ListItem","position":1,"name":"In\u00edcio","item":"https:\/\/brasilnoticias.org\/site\/"},{"@type":"ListItem","position":2,"name":"Bruno Reis apresenta projetos de corredores verdes em Salvador e de recupera\u00e7\u00e3o da Bacia do Rio Camarajipe"}]},{"@type":"WebSite","@id":"https:\/\/brasilnoticias.org\/site\/#website","url":"https:\/\/brasilnoticias.org\/site\/","name":"Brasil not\u00edcias","description":"Brasil not\u00edcias","publisher":{"@id":"https:\/\/brasilnoticias.org\/site\/#organization"},"potentialAction":[{"@type":"SearchAction","target":{"@type":"EntryPoint","urlTemplate":"https:\/\/brasilnoticias.org\/site\/?s={search_term_string}"},"query-input":{"@type":"PropertyValueSpecification","valueRequired":true,"valueName":"search_term_string"}}],"inLanguage":"pt-PT"},{"@type":"Organization","@id":"https:\/\/brasilnoticias.org\/site\/#organization","name":"Brasil not\u00edcias","url":"https:\/\/brasilnoticias.org\/site\/","logo":{"@type":"ImageObject","inLanguage":"pt-PT","@id":"https:\/\/brasilnoticias.org\/site\/#\/schema\/logo\/image\/","url":"https:\/\/brasilnoticias.org\/site\/wp-content\/uploads\/2022\/05\/cropped-brasilnoticias-mini.jpg","contentUrl":"https:\/\/brasilnoticias.org\/site\/wp-content\/uploads\/2022\/05\/cropped-brasilnoticias-mini.jpg","width":314,"height":86,"caption":"Brasil not\u00edcias"},"image":{"@id":"https:\/\/brasilnoticias.org\/site\/#\/schema\/logo\/image\/"}},{"@type":"Person","@id":"https:\/\/brasilnoticias.org\/site\/#\/schema\/person\/03bbbfe6c7634ad18c26444ea39049fa","name":"Reda\u00e7\u00e3o","image":{"@type":"ImageObject","inLanguage":"pt-PT","@id":"https:\/\/brasilnoticias.org\/site\/#\/schema\/person\/image\/","url":"https:\/\/secure.gravatar.com\/avatar\/9ecaf7327a696cb23ad926fedded5f1f04d7049de9e445375d55b48c001a6e42?s=96&d=mm&r=g","contentUrl":"https:\/\/secure.gravatar.com\/avatar\/9ecaf7327a696cb23ad926fedded5f1f04d7049de9e445375d55b48c001a6e42?s=96&d=mm&r=g","caption":"Reda\u00e7\u00e3o"},"url":"https:\/\/brasilnoticias.org\/site\/author\/henrique\/"}]}},"_links":{"self":[{"href":"https:\/\/brasilnoticias.org\/site\/wp-json\/wp\/v2\/posts\/15235","targetHints":{"allow":["GET"]}}],"collection":[{"href":"https:\/\/brasilnoticias.org\/site\/wp-json\/wp\/v2\/posts"}],"about":[{"href":"https:\/\/brasilnoticias.org\/site\/wp-json\/wp\/v2\/types\/post"}],"author":[{"embeddable":true,"href":"https:\/\/brasilnoticias.org\/site\/wp-json\/wp\/v2\/users\/4"}],"replies":[{"embeddable":true,"href":"https:\/\/brasilnoticias.org\/site\/wp-json\/wp\/v2\/comments?post=15235"}],"version-history":[{"count":1,"href":"https:\/\/brasilnoticias.org\/site\/wp-json\/wp\/v2\/posts\/15235\/revisions"}],"predecessor-version":[{"id":15237,"href":"https:\/\/brasilnoticias.org\/site\/wp-json\/wp\/v2\/posts\/15235\/revisions\/15237"}],"wp:featuredmedia":[{"embeddable":true,"href":"https:\/\/brasilnoticias.org\/site\/wp-json\/wp\/v2\/media\/15236"}],"wp:attachment":[{"href":"https:\/\/brasilnoticias.org\/site\/wp-json\/wp\/v2\/media?parent=15235"}],"wp:term":[{"taxonomy":"category","embeddable":true,"href":"https:\/\/brasilnoticias.org\/site\/wp-json\/wp\/v2\/categories?post=15235"},{"taxonomy":"post_tag","embeddable":true,"href":"https:\/\/brasilnoticias.org\/site\/wp-json\/wp\/v2\/tags?post=15235"}],"curies":[{"name":"wp","href":"https:\/\/api.w.org\/{rel}","templated":true}]}}