{"id":15241,"date":"2024-07-29T20:04:39","date_gmt":"2024-07-29T23:04:39","guid":{"rendered":"https:\/\/brasilnoticias.org\/site\/?p=15241"},"modified":"2024-07-29T20:04:39","modified_gmt":"2024-07-29T23:04:39","slug":"justica-eleitoral-determina-prioridade-de-convencao-para-chapa-de-juninho-no-municipio-de-sao-gabriel","status":"publish","type":"post","link":"https:\/\/brasilnoticias.org\/site\/justica-eleitoral-determina-prioridade-de-convencao-para-chapa-de-juninho-no-municipio-de-sao-gabriel\/","title":{"rendered":"Justi\u00e7a Eleitoral determina prioridade de Conven\u00e7\u00e3o para Chapa de Juninho no munic\u00edpio de S\u00e3o Gabriel"},"content":{"rendered":"<p>Em decis\u00e3o, o Juiz Eleitoral Fernando Ant\u00f4nio Sales Abreu, da 95\u00aa Zona Eleitoral de Irec\u00ea, determinou que a chapa de Juninho, pr\u00e9-candidato a prefeito do munic\u00edpio baiano de de S\u00e3o Gabriel, filiado do MDB, ter\u00e1 prioridade para realizar sua conven\u00e7\u00e3o partid\u00e1ria na cidade. A situa\u00e7\u00e3o ocorreu ap\u00f3s a tentativa do advers\u00e1rio Mateus Machado Rocha (PT) de realizar um evento simult\u00e2neo.<\/p>\n<p>Juninho, representado pelos advogados Samuel Miranda Concei\u00e7\u00e3o, Ronaldo Moreira de Oliveira e Carlos Larangeira Medeiros, assegurou o cumprimento das exig\u00eancias legais ao comunicar com anteced\u00eancia \u00e0 Justi\u00e7a Eleitoral e \u00e0 Pol\u00edcia Militar sobre a conven\u00e7\u00e3o. A decis\u00e3o judicial levou em conta o curto per\u00edodo para as conven\u00e7\u00f5es partid\u00e1rias, de 20 de julho a 5 de agosto. A iniciativa se fez necess\u00e1ria pela infraestrutura limitada de S\u00e3o Gabriel, que n\u00e3o comportaria dois eventos de grande porte no mesmo dia.<\/p>\n<p>O Juiz Fernando Ant\u00f4nio Sales Abreu sublinhou que \u201ca presen\u00e7a limitada de for\u00e7as de seguran\u00e7a compromete a capacidade de garantir a ordem p\u00fablica e a prote\u00e7\u00e3o dos participantes\u201d. Ap\u00f3s toda essa mobiliza\u00e7\u00e3o ficou definido que a conven\u00e7\u00e3o de Juninho est\u00e1 marcada para quatro de agosto de 2024, enquanto Mateus dever\u00e1 reprogramar sua data, sob pena de multa de R$ 50.000,00 e poss\u00edvel crime de desobedi\u00eancia.<\/p>\n<p>Em declara\u00e7\u00f5es, Juninho e seu vice, Ninho de Enoque, enfatizaram a import\u00e2ncia da transpar\u00eancia e do respeito \u00e0s normas eleitorais. \u201cEstamos aqui para garantir que tudo ocorra de maneira justa e organizada. Essa decis\u00e3o demonstra nosso compromisso com uma elei\u00e7\u00e3o limpa,\u201d afirmou Juninho. Ninho refor\u00e7ou: \u201cEssa vit\u00f3ria \u00e9 um passo crucial para garantir que a democracia prevale\u00e7a.\u201d, opinou.<\/p>\n","protected":false},"excerpt":{"rendered":"<p>Em decis\u00e3o, o Juiz Eleitoral Fernando Ant\u00f4nio Sales Abreu, da 95\u00aa Zona Eleitoral de Irec\u00ea, determinou que a chapa de<\/p>\n","protected":false},"author":4,"featured_media":15242,"comment_status":"open","ping_status":"open","sticky":false,"template":"","format":"standard","meta":{"colormag_page_container_layout":"default_layout","colormag_page_sidebar_layout":"default_layout","_FSMCFIC_featured_image_caption":"","_FSMCFIC_featured_image_nocaption":"","_FSMCFIC_featured_image_hide":"","footnotes":""},"categories":[5,1],"tags":[],"class_list":["post-15241","post","type-post","status-publish","format-standard","has-post-thumbnail","hentry","category-politica","category-ultimas"],"yoast_head":"<!-- This site is optimized with the Yoast SEO plugin v27.1.1 - https:\/\/yoast.com\/product\/yoast-seo-wordpress\/ -->\n<title>Justi\u00e7a Eleitoral determina prioridade de Conven\u00e7\u00e3o para Chapa de Juninho no munic\u00edpio de S\u00e3o Gabriel - Brasil not\u00edcias<\/title>\n<meta name=\"robots\" content=\"index, follow, max-snippet:-1, max-image-preview:large, max-video-preview:-1\" \/>\n<link rel=\"canonical\" href=\"https:\/\/brasilnoticias.org\/site\/justica-eleitoral-determina-prioridade-de-convencao-para-chapa-de-juninho-no-municipio-de-sao-gabriel\/\" \/>\n<meta property=\"og:locale\" content=\"pt_PT\" \/>\n<meta property=\"og:type\" content=\"article\" \/>\n<meta property=\"og:title\" content=\"Justi\u00e7a Eleitoral determina prioridade de Conven\u00e7\u00e3o para Chapa de Juninho no munic\u00edpio de S\u00e3o Gabriel - Brasil not\u00edcias\" \/>\n<meta property=\"og:description\" content=\"Em decis\u00e3o, o Juiz Eleitoral Fernando Ant\u00f4nio Sales Abreu, da 95\u00aa Zona Eleitoral de Irec\u00ea, determinou que a chapa de\" \/>\n<meta property=\"og:url\" content=\"https:\/\/brasilnoticias.org\/site\/justica-eleitoral-determina-prioridade-de-convencao-para-chapa-de-juninho-no-municipio-de-sao-gabriel\/\" \/>\n<meta property=\"og:site_name\" content=\"Brasil not\u00edcias\" \/>\n<meta property=\"article:published_time\" content=\"2024-07-29T23:04:39+00:00\" \/>\n<meta property=\"og:image\" content=\"https:\/\/brasilnoticias.org\/site\/wp-content\/uploads\/2024\/07\/IMAGEM_NOTICIA_0-2-2.jpg\" \/>\n\t<meta property=\"og:image:width\" content=\"850\" \/>\n\t<meta property=\"og:image:height\" content=\"400\" \/>\n\t<meta property=\"og:image:type\" content=\"image\/jpeg\" \/>\n<meta name=\"author\" content=\"Reda\u00e7\u00e3o\" \/>\n<meta name=\"twitter:card\" content=\"summary_large_image\" \/>\n<meta name=\"twitter:label1\" content=\"Escrito por\" \/>\n\t<meta name=\"twitter:data1\" content=\"Reda\u00e7\u00e3o\" \/>\n<script type=\"application\/ld+json\" class=\"yoast-schema-graph\">{\"@context\":\"https:\/\/schema.org\",\"@graph\":[{\"@type\":\"Article\",\"@id\":\"https:\/\/brasilnoticias.org\/site\/justica-eleitoral-determina-prioridade-de-convencao-para-chapa-de-juninho-no-municipio-de-sao-gabriel\/#article\",\"isPartOf\":{\"@id\":\"https:\/\/brasilnoticias.org\/site\/justica-eleitoral-determina-prioridade-de-convencao-para-chapa-de-juninho-no-municipio-de-sao-gabriel\/\"},\"author\":{\"name\":\"Reda\u00e7\u00e3o\",\"@id\":\"https:\/\/brasilnoticias.org\/site\/#\/schema\/person\/03bbbfe6c7634ad18c26444ea39049fa\"},\"headline\":\"Justi\u00e7a Eleitoral determina prioridade de Conven\u00e7\u00e3o para Chapa de Juninho no munic\u00edpio de S\u00e3o Gabriel\",\"datePublished\":\"2024-07-29T23:04:39+00:00\",\"mainEntityOfPage\":{\"@id\":\"https:\/\/brasilnoticias.org\/site\/justica-eleitoral-determina-prioridade-de-convencao-para-chapa-de-juninho-no-municipio-de-sao-gabriel\/\"},\"wordCount\":315,\"commentCount\":0,\"publisher\":{\"@id\":\"https:\/\/brasilnoticias.org\/site\/#organization\"},\"image\":{\"@id\":\"https:\/\/brasilnoticias.org\/site\/justica-eleitoral-determina-prioridade-de-convencao-para-chapa-de-juninho-no-municipio-de-sao-gabriel\/#primaryimage\"},\"thumbnailUrl\":\"https:\/\/brasilnoticias.org\/site\/wp-content\/uploads\/2024\/07\/IMAGEM_NOTICIA_0-2-2.jpg\",\"articleSection\":[\"Pol\u00edtica\",\"\u00daltimas\"],\"inLanguage\":\"pt-PT\",\"potentialAction\":[{\"@type\":\"CommentAction\",\"name\":\"Comment\",\"target\":[\"https:\/\/brasilnoticias.org\/site\/justica-eleitoral-determina-prioridade-de-convencao-para-chapa-de-juninho-no-municipio-de-sao-gabriel\/#respond\"]}]},{\"@type\":\"WebPage\",\"@id\":\"https:\/\/brasilnoticias.org\/site\/justica-eleitoral-determina-prioridade-de-convencao-para-chapa-de-juninho-no-municipio-de-sao-gabriel\/\",\"url\":\"https:\/\/brasilnoticias.org\/site\/justica-eleitoral-determina-prioridade-de-convencao-para-chapa-de-juninho-no-municipio-de-sao-gabriel\/\",\"name\":\"Justi\u00e7a Eleitoral determina prioridade de Conven\u00e7\u00e3o para Chapa de Juninho no munic\u00edpio de S\u00e3o Gabriel - Brasil not\u00edcias\",\"isPartOf\":{\"@id\":\"https:\/\/brasilnoticias.org\/site\/#website\"},\"primaryImageOfPage\":{\"@id\":\"https:\/\/brasilnoticias.org\/site\/justica-eleitoral-determina-prioridade-de-convencao-para-chapa-de-juninho-no-municipio-de-sao-gabriel\/#primaryimage\"},\"image\":{\"@id\":\"https:\/\/brasilnoticias.org\/site\/justica-eleitoral-determina-prioridade-de-convencao-para-chapa-de-juninho-no-municipio-de-sao-gabriel\/#primaryimage\"},\"thumbnailUrl\":\"https:\/\/brasilnoticias.org\/site\/wp-content\/uploads\/2024\/07\/IMAGEM_NOTICIA_0-2-2.jpg\",\"datePublished\":\"2024-07-29T23:04:39+00:00\",\"breadcrumb\":{\"@id\":\"https:\/\/brasilnoticias.org\/site\/justica-eleitoral-determina-prioridade-de-convencao-para-chapa-de-juninho-no-municipio-de-sao-gabriel\/#breadcrumb\"},\"inLanguage\":\"pt-PT\",\"potentialAction\":[{\"@type\":\"ReadAction\",\"target\":[\"https:\/\/brasilnoticias.org\/site\/justica-eleitoral-determina-prioridade-de-convencao-para-chapa-de-juninho-no-municipio-de-sao-gabriel\/\"]}]},{\"@type\":\"ImageObject\",\"inLanguage\":\"pt-PT\",\"@id\":\"https:\/\/brasilnoticias.org\/site\/justica-eleitoral-determina-prioridade-de-convencao-para-chapa-de-juninho-no-municipio-de-sao-gabriel\/#primaryimage\",\"url\":\"https:\/\/brasilnoticias.org\/site\/wp-content\/uploads\/2024\/07\/IMAGEM_NOTICIA_0-2-2.jpg\",\"contentUrl\":\"https:\/\/brasilnoticias.org\/site\/wp-content\/uploads\/2024\/07\/IMAGEM_NOTICIA_0-2-2.jpg\",\"width\":850,\"height\":400},{\"@type\":\"BreadcrumbList\",\"@id\":\"https:\/\/brasilnoticias.org\/site\/justica-eleitoral-determina-prioridade-de-convencao-para-chapa-de-juninho-no-municipio-de-sao-gabriel\/#breadcrumb\",\"itemListElement\":[{\"@type\":\"ListItem\",\"position\":1,\"name\":\"In\u00edcio\",\"item\":\"https:\/\/brasilnoticias.org\/site\/\"},{\"@type\":\"ListItem\",\"position\":2,\"name\":\"Justi\u00e7a Eleitoral determina prioridade de Conven\u00e7\u00e3o para Chapa de Juninho no munic\u00edpio de S\u00e3o Gabriel\"}]},{\"@type\":\"WebSite\",\"@id\":\"https:\/\/brasilnoticias.org\/site\/#website\",\"url\":\"https:\/\/brasilnoticias.org\/site\/\",\"name\":\"Brasil not\u00edcias\",\"description\":\"Brasil not\u00edcias\",\"publisher\":{\"@id\":\"https:\/\/brasilnoticias.org\/site\/#organization\"},\"potentialAction\":[{\"@type\":\"SearchAction\",\"target\":{\"@type\":\"EntryPoint\",\"urlTemplate\":\"https:\/\/brasilnoticias.org\/site\/?s={search_term_string}\"},\"query-input\":{\"@type\":\"PropertyValueSpecification\",\"valueRequired\":true,\"valueName\":\"search_term_string\"}}],\"inLanguage\":\"pt-PT\"},{\"@type\":\"Organization\",\"@id\":\"https:\/\/brasilnoticias.org\/site\/#organization\",\"name\":\"Brasil not\u00edcias\",\"url\":\"https:\/\/brasilnoticias.org\/site\/\",\"logo\":{\"@type\":\"ImageObject\",\"inLanguage\":\"pt-PT\",\"@id\":\"https:\/\/brasilnoticias.org\/site\/#\/schema\/logo\/image\/\",\"url\":\"https:\/\/brasilnoticias.org\/site\/wp-content\/uploads\/2022\/05\/cropped-brasilnoticias-mini.jpg\",\"contentUrl\":\"https:\/\/brasilnoticias.org\/site\/wp-content\/uploads\/2022\/05\/cropped-brasilnoticias-mini.jpg\",\"width\":314,\"height\":86,\"caption\":\"Brasil not\u00edcias\"},\"image\":{\"@id\":\"https:\/\/brasilnoticias.org\/site\/#\/schema\/logo\/image\/\"}},{\"@type\":\"Person\",\"@id\":\"https:\/\/brasilnoticias.org\/site\/#\/schema\/person\/03bbbfe6c7634ad18c26444ea39049fa\",\"name\":\"Reda\u00e7\u00e3o\",\"image\":{\"@type\":\"ImageObject\",\"inLanguage\":\"pt-PT\",\"@id\":\"https:\/\/brasilnoticias.org\/site\/#\/schema\/person\/image\/\",\"url\":\"https:\/\/secure.gravatar.com\/avatar\/9ecaf7327a696cb23ad926fedded5f1f04d7049de9e445375d55b48c001a6e42?s=96&d=mm&r=g\",\"contentUrl\":\"https:\/\/secure.gravatar.com\/avatar\/9ecaf7327a696cb23ad926fedded5f1f04d7049de9e445375d55b48c001a6e42?s=96&d=mm&r=g\",\"caption\":\"Reda\u00e7\u00e3o\"},\"url\":\"https:\/\/brasilnoticias.org\/site\/author\/henrique\/\"}]}<\/script>\n<!-- \/ Yoast SEO plugin. -->","yoast_head_json":{"title":"Justi\u00e7a Eleitoral determina prioridade de Conven\u00e7\u00e3o para Chapa de Juninho no munic\u00edpio de S\u00e3o Gabriel - Brasil not\u00edcias","robots":{"index":"index","follow":"follow","max-snippet":"max-snippet:-1","max-image-preview":"max-image-preview:large","max-video-preview":"max-video-preview:-1"},"canonical":"https:\/\/brasilnoticias.org\/site\/justica-eleitoral-determina-prioridade-de-convencao-para-chapa-de-juninho-no-municipio-de-sao-gabriel\/","og_locale":"pt_PT","og_type":"article","og_title":"Justi\u00e7a Eleitoral determina prioridade de Conven\u00e7\u00e3o para Chapa de Juninho no munic\u00edpio de S\u00e3o Gabriel - Brasil not\u00edcias","og_description":"Em decis\u00e3o, o Juiz Eleitoral Fernando Ant\u00f4nio Sales Abreu, da 95\u00aa Zona Eleitoral de Irec\u00ea, determinou que a chapa de","og_url":"https:\/\/brasilnoticias.org\/site\/justica-eleitoral-determina-prioridade-de-convencao-para-chapa-de-juninho-no-municipio-de-sao-gabriel\/","og_site_name":"Brasil not\u00edcias","article_published_time":"2024-07-29T23:04:39+00:00","og_image":[{"width":850,"height":400,"url":"https:\/\/brasilnoticias.org\/site\/wp-content\/uploads\/2024\/07\/IMAGEM_NOTICIA_0-2-2.jpg","type":"image\/jpeg"}],"author":"Reda\u00e7\u00e3o","twitter_card":"summary_large_image","twitter_misc":{"Escrito por":"Reda\u00e7\u00e3o"},"schema":{"@context":"https:\/\/schema.org","@graph":[{"@type":"Article","@id":"https:\/\/brasilnoticias.org\/site\/justica-eleitoral-determina-prioridade-de-convencao-para-chapa-de-juninho-no-municipio-de-sao-gabriel\/#article","isPartOf":{"@id":"https:\/\/brasilnoticias.org\/site\/justica-eleitoral-determina-prioridade-de-convencao-para-chapa-de-juninho-no-municipio-de-sao-gabriel\/"},"author":{"name":"Reda\u00e7\u00e3o","@id":"https:\/\/brasilnoticias.org\/site\/#\/schema\/person\/03bbbfe6c7634ad18c26444ea39049fa"},"headline":"Justi\u00e7a Eleitoral determina prioridade de Conven\u00e7\u00e3o para Chapa de Juninho no munic\u00edpio de S\u00e3o Gabriel","datePublished":"2024-07-29T23:04:39+00:00","mainEntityOfPage":{"@id":"https:\/\/brasilnoticias.org\/site\/justica-eleitoral-determina-prioridade-de-convencao-para-chapa-de-juninho-no-municipio-de-sao-gabriel\/"},"wordCount":315,"commentCount":0,"publisher":{"@id":"https:\/\/brasilnoticias.org\/site\/#organization"},"image":{"@id":"https:\/\/brasilnoticias.org\/site\/justica-eleitoral-determina-prioridade-de-convencao-para-chapa-de-juninho-no-municipio-de-sao-gabriel\/#primaryimage"},"thumbnailUrl":"https:\/\/brasilnoticias.org\/site\/wp-content\/uploads\/2024\/07\/IMAGEM_NOTICIA_0-2-2.jpg","articleSection":["Pol\u00edtica","\u00daltimas"],"inLanguage":"pt-PT","potentialAction":[{"@type":"CommentAction","name":"Comment","target":["https:\/\/brasilnoticias.org\/site\/justica-eleitoral-determina-prioridade-de-convencao-para-chapa-de-juninho-no-municipio-de-sao-gabriel\/#respond"]}]},{"@type":"WebPage","@id":"https:\/\/brasilnoticias.org\/site\/justica-eleitoral-determina-prioridade-de-convencao-para-chapa-de-juninho-no-municipio-de-sao-gabriel\/","url":"https:\/\/brasilnoticias.org\/site\/justica-eleitoral-determina-prioridade-de-convencao-para-chapa-de-juninho-no-municipio-de-sao-gabriel\/","name":"Justi\u00e7a Eleitoral determina prioridade de Conven\u00e7\u00e3o para Chapa de Juninho no munic\u00edpio de S\u00e3o Gabriel - Brasil not\u00edcias","isPartOf":{"@id":"https:\/\/brasilnoticias.org\/site\/#website"},"primaryImageOfPage":{"@id":"https:\/\/brasilnoticias.org\/site\/justica-eleitoral-determina-prioridade-de-convencao-para-chapa-de-juninho-no-municipio-de-sao-gabriel\/#primaryimage"},"image":{"@id":"https:\/\/brasilnoticias.org\/site\/justica-eleitoral-determina-prioridade-de-convencao-para-chapa-de-juninho-no-municipio-de-sao-gabriel\/#primaryimage"},"thumbnailUrl":"https:\/\/brasilnoticias.org\/site\/wp-content\/uploads\/2024\/07\/IMAGEM_NOTICIA_0-2-2.jpg","datePublished":"2024-07-29T23:04:39+00:00","breadcrumb":{"@id":"https:\/\/brasilnoticias.org\/site\/justica-eleitoral-determina-prioridade-de-convencao-para-chapa-de-juninho-no-municipio-de-sao-gabriel\/#breadcrumb"},"inLanguage":"pt-PT","potentialAction":[{"@type":"ReadAction","target":["https:\/\/brasilnoticias.org\/site\/justica-eleitoral-determina-prioridade-de-convencao-para-chapa-de-juninho-no-municipio-de-sao-gabriel\/"]}]},{"@type":"ImageObject","inLanguage":"pt-PT","@id":"https:\/\/brasilnoticias.org\/site\/justica-eleitoral-determina-prioridade-de-convencao-para-chapa-de-juninho-no-municipio-de-sao-gabriel\/#primaryimage","url":"https:\/\/brasilnoticias.org\/site\/wp-content\/uploads\/2024\/07\/IMAGEM_NOTICIA_0-2-2.jpg","contentUrl":"https:\/\/brasilnoticias.org\/site\/wp-content\/uploads\/2024\/07\/IMAGEM_NOTICIA_0-2-2.jpg","width":850,"height":400},{"@type":"BreadcrumbList","@id":"https:\/\/brasilnoticias.org\/site\/justica-eleitoral-determina-prioridade-de-convencao-para-chapa-de-juninho-no-municipio-de-sao-gabriel\/#breadcrumb","itemListElement":[{"@type":"ListItem","position":1,"name":"In\u00edcio","item":"https:\/\/brasilnoticias.org\/site\/"},{"@type":"ListItem","position":2,"name":"Justi\u00e7a Eleitoral determina prioridade de Conven\u00e7\u00e3o para Chapa de Juninho no munic\u00edpio de S\u00e3o Gabriel"}]},{"@type":"WebSite","@id":"https:\/\/brasilnoticias.org\/site\/#website","url":"https:\/\/brasilnoticias.org\/site\/","name":"Brasil not\u00edcias","description":"Brasil not\u00edcias","publisher":{"@id":"https:\/\/brasilnoticias.org\/site\/#organization"},"potentialAction":[{"@type":"SearchAction","target":{"@type":"EntryPoint","urlTemplate":"https:\/\/brasilnoticias.org\/site\/?s={search_term_string}"},"query-input":{"@type":"PropertyValueSpecification","valueRequired":true,"valueName":"search_term_string"}}],"inLanguage":"pt-PT"},{"@type":"Organization","@id":"https:\/\/brasilnoticias.org\/site\/#organization","name":"Brasil not\u00edcias","url":"https:\/\/brasilnoticias.org\/site\/","logo":{"@type":"ImageObject","inLanguage":"pt-PT","@id":"https:\/\/brasilnoticias.org\/site\/#\/schema\/logo\/image\/","url":"https:\/\/brasilnoticias.org\/site\/wp-content\/uploads\/2022\/05\/cropped-brasilnoticias-mini.jpg","contentUrl":"https:\/\/brasilnoticias.org\/site\/wp-content\/uploads\/2022\/05\/cropped-brasilnoticias-mini.jpg","width":314,"height":86,"caption":"Brasil not\u00edcias"},"image":{"@id":"https:\/\/brasilnoticias.org\/site\/#\/schema\/logo\/image\/"}},{"@type":"Person","@id":"https:\/\/brasilnoticias.org\/site\/#\/schema\/person\/03bbbfe6c7634ad18c26444ea39049fa","name":"Reda\u00e7\u00e3o","image":{"@type":"ImageObject","inLanguage":"pt-PT","@id":"https:\/\/brasilnoticias.org\/site\/#\/schema\/person\/image\/","url":"https:\/\/secure.gravatar.com\/avatar\/9ecaf7327a696cb23ad926fedded5f1f04d7049de9e445375d55b48c001a6e42?s=96&d=mm&r=g","contentUrl":"https:\/\/secure.gravatar.com\/avatar\/9ecaf7327a696cb23ad926fedded5f1f04d7049de9e445375d55b48c001a6e42?s=96&d=mm&r=g","caption":"Reda\u00e7\u00e3o"},"url":"https:\/\/brasilnoticias.org\/site\/author\/henrique\/"}]}},"_links":{"self":[{"href":"https:\/\/brasilnoticias.org\/site\/wp-json\/wp\/v2\/posts\/15241","targetHints":{"allow":["GET"]}}],"collection":[{"href":"https:\/\/brasilnoticias.org\/site\/wp-json\/wp\/v2\/posts"}],"about":[{"href":"https:\/\/brasilnoticias.org\/site\/wp-json\/wp\/v2\/types\/post"}],"author":[{"embeddable":true,"href":"https:\/\/brasilnoticias.org\/site\/wp-json\/wp\/v2\/users\/4"}],"replies":[{"embeddable":true,"href":"https:\/\/brasilnoticias.org\/site\/wp-json\/wp\/v2\/comments?post=15241"}],"version-history":[{"count":1,"href":"https:\/\/brasilnoticias.org\/site\/wp-json\/wp\/v2\/posts\/15241\/revisions"}],"predecessor-version":[{"id":15243,"href":"https:\/\/brasilnoticias.org\/site\/wp-json\/wp\/v2\/posts\/15241\/revisions\/15243"}],"wp:featuredmedia":[{"embeddable":true,"href":"https:\/\/brasilnoticias.org\/site\/wp-json\/wp\/v2\/media\/15242"}],"wp:attachment":[{"href":"https:\/\/brasilnoticias.org\/site\/wp-json\/wp\/v2\/media?parent=15241"}],"wp:term":[{"taxonomy":"category","embeddable":true,"href":"https:\/\/brasilnoticias.org\/site\/wp-json\/wp\/v2\/categories?post=15241"},{"taxonomy":"post_tag","embeddable":true,"href":"https:\/\/brasilnoticias.org\/site\/wp-json\/wp\/v2\/tags?post=15241"}],"curies":[{"name":"wp","href":"https:\/\/api.w.org\/{rel}","templated":true}]}}