{"id":15250,"date":"2024-07-30T18:47:34","date_gmt":"2024-07-30T21:47:34","guid":{"rendered":"https:\/\/brasilnoticias.org\/site\/?p=15250"},"modified":"2024-07-30T18:47:34","modified_gmt":"2024-07-30T21:47:34","slug":"governo-deu-as-costas-para-a-saude-da-bahia-diz-alan-sanches-apos-protesto-na-paralela-pedir-por-regulacao-de-pacientes-idosas","status":"publish","type":"post","link":"https:\/\/brasilnoticias.org\/site\/governo-deu-as-costas-para-a-saude-da-bahia-diz-alan-sanches-apos-protesto-na-paralela-pedir-por-regulacao-de-pacientes-idosas\/","title":{"rendered":"Governo deu as costas para a sa\u00fade da Bahia, diz Alan Sanches ap\u00f3s protesto na Paralela pedir por regula\u00e7\u00e3o de pacientes idosas"},"content":{"rendered":"<p>O deputado estadual Alan Sanches (Uni\u00e3o Brasil), l\u00edder da oposi\u00e7\u00e3o na Assembleia Legislativa da Bahia (AL-BA), chamou de \u201ccrueldade\u201d o que o Governo do Estadual tem feito na fila da regula\u00e7\u00e3o de sa\u00fade. Nesta segunda-feira (29), familiares de duas idosas, ambas de 71 anos, realizaram um protesto na Avenida Paralela, uma das mais importantes de Salvador, suplicando por atendimento hospitalar. <\/p>\n<p>A manifesta\u00e7\u00e3o contra a demora no servi\u00e7o de regula\u00e7\u00e3o das pacientes interditou as pistas no sentido Bairro da Paz e provocou um engarrafamento de tr\u00eas quil\u00f4metros. Na noite desta segunda, o grupo voltou a protestar. <\/p>\n<p>\u201cN\u00f3s j\u00e1 temos denunciado h\u00e1 bastante tempo essa neglig\u00eancia do governo estadual com a fila da regula\u00e7\u00e3o, mas parece que a cada dia que passa a situa\u00e7\u00e3o fica ainda pior. Veja que agora as pessoas est\u00e3o t\u00e3o desesperadas que est\u00e3o travando as pistas da cidade para ver se finalmente s\u00e3o enxergadas pelo Governo do Estado. E olhe que esse \u00e9 o governo que diz que cuida de gente\u201d, criticou Alan Sanches, cobrando uma rea\u00e7\u00e3o urgente da Secretaria de Sa\u00fade do Estado da Bahia (Sesab). <\/p>\n<p>Segundo familiares, as idosas est\u00e3o na unidade de Pronto Atendimento de Urg\u00eancia e Emerg\u00eancia Dr. Orlando Imbassahy, no bairro da Paz, uma delas h\u00e1 mais de duas semanas.<\/p>\n<p>\u201cO governador passou a campanha eleitoral prometendo zerar a fila da regula\u00e7\u00e3o, mas depois de eleito deu as costas para a sa\u00fade p\u00fablica e a gente continua, infelizmente, vendo casos como esses se repetindo dia ap\u00f3s dia na Bahia\u201d, alertou o deputado Alan Sanches.<\/p>\n<p><strong>Foto: Divulga\u00e7\u00e3o\/ALBA<\/strong><\/p>\n","protected":false},"excerpt":{"rendered":"<p>O deputado estadual Alan Sanches (Uni\u00e3o Brasil), l\u00edder da oposi\u00e7\u00e3o na Assembleia Legislativa da Bahia (AL-BA), chamou de \u201ccrueldade\u201d o<\/p>\n","protected":false},"author":4,"featured_media":15251,"comment_status":"open","ping_status":"open","sticky":false,"template":"","format":"standard","meta":{"colormag_page_container_layout":"default_layout","colormag_page_sidebar_layout":"default_layout","_FSMCFIC_featured_image_caption":"","_FSMCFIC_featured_image_nocaption":"","_FSMCFIC_featured_image_hide":"","footnotes":""},"categories":[5,1],"tags":[],"class_list":["post-15250","post","type-post","status-publish","format-standard","has-post-thumbnail","hentry","category-politica","category-ultimas"],"yoast_head":"<!-- This site is optimized with the Yoast SEO plugin v27.1.1 - https:\/\/yoast.com\/product\/yoast-seo-wordpress\/ -->\n<title>Governo deu as costas para a sa\u00fade da Bahia, diz Alan Sanches ap\u00f3s protesto na Paralela pedir por regula\u00e7\u00e3o de pacientes idosas - Brasil not\u00edcias<\/title>\n<meta name=\"robots\" content=\"index, follow, max-snippet:-1, max-image-preview:large, max-video-preview:-1\" \/>\n<link rel=\"canonical\" href=\"https:\/\/brasilnoticias.org\/site\/governo-deu-as-costas-para-a-saude-da-bahia-diz-alan-sanches-apos-protesto-na-paralela-pedir-por-regulacao-de-pacientes-idosas\/\" \/>\n<meta property=\"og:locale\" content=\"pt_PT\" \/>\n<meta property=\"og:type\" content=\"article\" \/>\n<meta property=\"og:title\" content=\"Governo deu as costas para a sa\u00fade da Bahia, diz Alan Sanches ap\u00f3s protesto na Paralela pedir por regula\u00e7\u00e3o de pacientes idosas - Brasil not\u00edcias\" \/>\n<meta property=\"og:description\" content=\"O deputado estadual Alan Sanches (Uni\u00e3o Brasil), l\u00edder da oposi\u00e7\u00e3o na Assembleia Legislativa da Bahia (AL-BA), chamou de \u201ccrueldade\u201d o\" \/>\n<meta property=\"og:url\" content=\"https:\/\/brasilnoticias.org\/site\/governo-deu-as-costas-para-a-saude-da-bahia-diz-alan-sanches-apos-protesto-na-paralela-pedir-por-regulacao-de-pacientes-idosas\/\" \/>\n<meta property=\"og:site_name\" content=\"Brasil not\u00edcias\" \/>\n<meta property=\"article:published_time\" content=\"2024-07-30T21:47:34+00:00\" \/>\n<meta property=\"og:image\" content=\"https:\/\/brasilnoticias.org\/site\/wp-content\/uploads\/2024\/07\/IMAGEM_NOTICIA_0-10.jpg\" \/>\n\t<meta property=\"og:image:width\" content=\"850\" \/>\n\t<meta property=\"og:image:height\" content=\"400\" \/>\n\t<meta property=\"og:image:type\" content=\"image\/jpeg\" \/>\n<meta name=\"author\" content=\"Reda\u00e7\u00e3o\" \/>\n<meta name=\"twitter:card\" content=\"summary_large_image\" \/>\n<meta name=\"twitter:label1\" content=\"Escrito por\" \/>\n\t<meta name=\"twitter:data1\" content=\"Reda\u00e7\u00e3o\" \/>\n<script type=\"application\/ld+json\" class=\"yoast-schema-graph\">{\"@context\":\"https:\/\/schema.org\",\"@graph\":[{\"@type\":\"Article\",\"@id\":\"https:\/\/brasilnoticias.org\/site\/governo-deu-as-costas-para-a-saude-da-bahia-diz-alan-sanches-apos-protesto-na-paralela-pedir-por-regulacao-de-pacientes-idosas\/#article\",\"isPartOf\":{\"@id\":\"https:\/\/brasilnoticias.org\/site\/governo-deu-as-costas-para-a-saude-da-bahia-diz-alan-sanches-apos-protesto-na-paralela-pedir-por-regulacao-de-pacientes-idosas\/\"},\"author\":{\"name\":\"Reda\u00e7\u00e3o\",\"@id\":\"https:\/\/brasilnoticias.org\/site\/#\/schema\/person\/03bbbfe6c7634ad18c26444ea39049fa\"},\"headline\":\"Governo deu as costas para a sa\u00fade da Bahia, diz Alan Sanches ap\u00f3s protesto na Paralela pedir por regula\u00e7\u00e3o de pacientes idosas\",\"datePublished\":\"2024-07-30T21:47:34+00:00\",\"mainEntityOfPage\":{\"@id\":\"https:\/\/brasilnoticias.org\/site\/governo-deu-as-costas-para-a-saude-da-bahia-diz-alan-sanches-apos-protesto-na-paralela-pedir-por-regulacao-de-pacientes-idosas\/\"},\"wordCount\":304,\"commentCount\":0,\"publisher\":{\"@id\":\"https:\/\/brasilnoticias.org\/site\/#organization\"},\"image\":{\"@id\":\"https:\/\/brasilnoticias.org\/site\/governo-deu-as-costas-para-a-saude-da-bahia-diz-alan-sanches-apos-protesto-na-paralela-pedir-por-regulacao-de-pacientes-idosas\/#primaryimage\"},\"thumbnailUrl\":\"https:\/\/brasilnoticias.org\/site\/wp-content\/uploads\/2024\/07\/IMAGEM_NOTICIA_0-10.jpg\",\"articleSection\":[\"Pol\u00edtica\",\"\u00daltimas\"],\"inLanguage\":\"pt-PT\",\"potentialAction\":[{\"@type\":\"CommentAction\",\"name\":\"Comment\",\"target\":[\"https:\/\/brasilnoticias.org\/site\/governo-deu-as-costas-para-a-saude-da-bahia-diz-alan-sanches-apos-protesto-na-paralela-pedir-por-regulacao-de-pacientes-idosas\/#respond\"]}]},{\"@type\":\"WebPage\",\"@id\":\"https:\/\/brasilnoticias.org\/site\/governo-deu-as-costas-para-a-saude-da-bahia-diz-alan-sanches-apos-protesto-na-paralela-pedir-por-regulacao-de-pacientes-idosas\/\",\"url\":\"https:\/\/brasilnoticias.org\/site\/governo-deu-as-costas-para-a-saude-da-bahia-diz-alan-sanches-apos-protesto-na-paralela-pedir-por-regulacao-de-pacientes-idosas\/\",\"name\":\"Governo deu as costas para a sa\u00fade da Bahia, diz Alan Sanches ap\u00f3s protesto na Paralela pedir por regula\u00e7\u00e3o de pacientes idosas - Brasil not\u00edcias\",\"isPartOf\":{\"@id\":\"https:\/\/brasilnoticias.org\/site\/#website\"},\"primaryImageOfPage\":{\"@id\":\"https:\/\/brasilnoticias.org\/site\/governo-deu-as-costas-para-a-saude-da-bahia-diz-alan-sanches-apos-protesto-na-paralela-pedir-por-regulacao-de-pacientes-idosas\/#primaryimage\"},\"image\":{\"@id\":\"https:\/\/brasilnoticias.org\/site\/governo-deu-as-costas-para-a-saude-da-bahia-diz-alan-sanches-apos-protesto-na-paralela-pedir-por-regulacao-de-pacientes-idosas\/#primaryimage\"},\"thumbnailUrl\":\"https:\/\/brasilnoticias.org\/site\/wp-content\/uploads\/2024\/07\/IMAGEM_NOTICIA_0-10.jpg\",\"datePublished\":\"2024-07-30T21:47:34+00:00\",\"breadcrumb\":{\"@id\":\"https:\/\/brasilnoticias.org\/site\/governo-deu-as-costas-para-a-saude-da-bahia-diz-alan-sanches-apos-protesto-na-paralela-pedir-por-regulacao-de-pacientes-idosas\/#breadcrumb\"},\"inLanguage\":\"pt-PT\",\"potentialAction\":[{\"@type\":\"ReadAction\",\"target\":[\"https:\/\/brasilnoticias.org\/site\/governo-deu-as-costas-para-a-saude-da-bahia-diz-alan-sanches-apos-protesto-na-paralela-pedir-por-regulacao-de-pacientes-idosas\/\"]}]},{\"@type\":\"ImageObject\",\"inLanguage\":\"pt-PT\",\"@id\":\"https:\/\/brasilnoticias.org\/site\/governo-deu-as-costas-para-a-saude-da-bahia-diz-alan-sanches-apos-protesto-na-paralela-pedir-por-regulacao-de-pacientes-idosas\/#primaryimage\",\"url\":\"https:\/\/brasilnoticias.org\/site\/wp-content\/uploads\/2024\/07\/IMAGEM_NOTICIA_0-10.jpg\",\"contentUrl\":\"https:\/\/brasilnoticias.org\/site\/wp-content\/uploads\/2024\/07\/IMAGEM_NOTICIA_0-10.jpg\",\"width\":850,\"height\":400},{\"@type\":\"BreadcrumbList\",\"@id\":\"https:\/\/brasilnoticias.org\/site\/governo-deu-as-costas-para-a-saude-da-bahia-diz-alan-sanches-apos-protesto-na-paralela-pedir-por-regulacao-de-pacientes-idosas\/#breadcrumb\",\"itemListElement\":[{\"@type\":\"ListItem\",\"position\":1,\"name\":\"In\u00edcio\",\"item\":\"https:\/\/brasilnoticias.org\/site\/\"},{\"@type\":\"ListItem\",\"position\":2,\"name\":\"Governo deu as costas para a sa\u00fade da Bahia, diz Alan Sanches ap\u00f3s protesto na Paralela pedir por regula\u00e7\u00e3o de pacientes idosas\"}]},{\"@type\":\"WebSite\",\"@id\":\"https:\/\/brasilnoticias.org\/site\/#website\",\"url\":\"https:\/\/brasilnoticias.org\/site\/\",\"name\":\"Brasil not\u00edcias\",\"description\":\"Brasil not\u00edcias\",\"publisher\":{\"@id\":\"https:\/\/brasilnoticias.org\/site\/#organization\"},\"potentialAction\":[{\"@type\":\"SearchAction\",\"target\":{\"@type\":\"EntryPoint\",\"urlTemplate\":\"https:\/\/brasilnoticias.org\/site\/?s={search_term_string}\"},\"query-input\":{\"@type\":\"PropertyValueSpecification\",\"valueRequired\":true,\"valueName\":\"search_term_string\"}}],\"inLanguage\":\"pt-PT\"},{\"@type\":\"Organization\",\"@id\":\"https:\/\/brasilnoticias.org\/site\/#organization\",\"name\":\"Brasil not\u00edcias\",\"url\":\"https:\/\/brasilnoticias.org\/site\/\",\"logo\":{\"@type\":\"ImageObject\",\"inLanguage\":\"pt-PT\",\"@id\":\"https:\/\/brasilnoticias.org\/site\/#\/schema\/logo\/image\/\",\"url\":\"https:\/\/brasilnoticias.org\/site\/wp-content\/uploads\/2022\/05\/cropped-brasilnoticias-mini.jpg\",\"contentUrl\":\"https:\/\/brasilnoticias.org\/site\/wp-content\/uploads\/2022\/05\/cropped-brasilnoticias-mini.jpg\",\"width\":314,\"height\":86,\"caption\":\"Brasil not\u00edcias\"},\"image\":{\"@id\":\"https:\/\/brasilnoticias.org\/site\/#\/schema\/logo\/image\/\"}},{\"@type\":\"Person\",\"@id\":\"https:\/\/brasilnoticias.org\/site\/#\/schema\/person\/03bbbfe6c7634ad18c26444ea39049fa\",\"name\":\"Reda\u00e7\u00e3o\",\"image\":{\"@type\":\"ImageObject\",\"inLanguage\":\"pt-PT\",\"@id\":\"https:\/\/brasilnoticias.org\/site\/#\/schema\/person\/image\/\",\"url\":\"https:\/\/secure.gravatar.com\/avatar\/9ecaf7327a696cb23ad926fedded5f1f04d7049de9e445375d55b48c001a6e42?s=96&d=mm&r=g\",\"contentUrl\":\"https:\/\/secure.gravatar.com\/avatar\/9ecaf7327a696cb23ad926fedded5f1f04d7049de9e445375d55b48c001a6e42?s=96&d=mm&r=g\",\"caption\":\"Reda\u00e7\u00e3o\"},\"url\":\"https:\/\/brasilnoticias.org\/site\/author\/henrique\/\"}]}<\/script>\n<!-- \/ Yoast SEO plugin. -->","yoast_head_json":{"title":"Governo deu as costas para a sa\u00fade da Bahia, diz Alan Sanches ap\u00f3s protesto na Paralela pedir por regula\u00e7\u00e3o de pacientes idosas - Brasil not\u00edcias","robots":{"index":"index","follow":"follow","max-snippet":"max-snippet:-1","max-image-preview":"max-image-preview:large","max-video-preview":"max-video-preview:-1"},"canonical":"https:\/\/brasilnoticias.org\/site\/governo-deu-as-costas-para-a-saude-da-bahia-diz-alan-sanches-apos-protesto-na-paralela-pedir-por-regulacao-de-pacientes-idosas\/","og_locale":"pt_PT","og_type":"article","og_title":"Governo deu as costas para a sa\u00fade da Bahia, diz Alan Sanches ap\u00f3s protesto na Paralela pedir por regula\u00e7\u00e3o de pacientes idosas - Brasil not\u00edcias","og_description":"O deputado estadual Alan Sanches (Uni\u00e3o Brasil), l\u00edder da oposi\u00e7\u00e3o na Assembleia Legislativa da Bahia (AL-BA), chamou de \u201ccrueldade\u201d o","og_url":"https:\/\/brasilnoticias.org\/site\/governo-deu-as-costas-para-a-saude-da-bahia-diz-alan-sanches-apos-protesto-na-paralela-pedir-por-regulacao-de-pacientes-idosas\/","og_site_name":"Brasil not\u00edcias","article_published_time":"2024-07-30T21:47:34+00:00","og_image":[{"width":850,"height":400,"url":"https:\/\/brasilnoticias.org\/site\/wp-content\/uploads\/2024\/07\/IMAGEM_NOTICIA_0-10.jpg","type":"image\/jpeg"}],"author":"Reda\u00e7\u00e3o","twitter_card":"summary_large_image","twitter_misc":{"Escrito por":"Reda\u00e7\u00e3o"},"schema":{"@context":"https:\/\/schema.org","@graph":[{"@type":"Article","@id":"https:\/\/brasilnoticias.org\/site\/governo-deu-as-costas-para-a-saude-da-bahia-diz-alan-sanches-apos-protesto-na-paralela-pedir-por-regulacao-de-pacientes-idosas\/#article","isPartOf":{"@id":"https:\/\/brasilnoticias.org\/site\/governo-deu-as-costas-para-a-saude-da-bahia-diz-alan-sanches-apos-protesto-na-paralela-pedir-por-regulacao-de-pacientes-idosas\/"},"author":{"name":"Reda\u00e7\u00e3o","@id":"https:\/\/brasilnoticias.org\/site\/#\/schema\/person\/03bbbfe6c7634ad18c26444ea39049fa"},"headline":"Governo deu as costas para a sa\u00fade da Bahia, diz Alan Sanches ap\u00f3s protesto na Paralela pedir por regula\u00e7\u00e3o de pacientes idosas","datePublished":"2024-07-30T21:47:34+00:00","mainEntityOfPage":{"@id":"https:\/\/brasilnoticias.org\/site\/governo-deu-as-costas-para-a-saude-da-bahia-diz-alan-sanches-apos-protesto-na-paralela-pedir-por-regulacao-de-pacientes-idosas\/"},"wordCount":304,"commentCount":0,"publisher":{"@id":"https:\/\/brasilnoticias.org\/site\/#organization"},"image":{"@id":"https:\/\/brasilnoticias.org\/site\/governo-deu-as-costas-para-a-saude-da-bahia-diz-alan-sanches-apos-protesto-na-paralela-pedir-por-regulacao-de-pacientes-idosas\/#primaryimage"},"thumbnailUrl":"https:\/\/brasilnoticias.org\/site\/wp-content\/uploads\/2024\/07\/IMAGEM_NOTICIA_0-10.jpg","articleSection":["Pol\u00edtica","\u00daltimas"],"inLanguage":"pt-PT","potentialAction":[{"@type":"CommentAction","name":"Comment","target":["https:\/\/brasilnoticias.org\/site\/governo-deu-as-costas-para-a-saude-da-bahia-diz-alan-sanches-apos-protesto-na-paralela-pedir-por-regulacao-de-pacientes-idosas\/#respond"]}]},{"@type":"WebPage","@id":"https:\/\/brasilnoticias.org\/site\/governo-deu-as-costas-para-a-saude-da-bahia-diz-alan-sanches-apos-protesto-na-paralela-pedir-por-regulacao-de-pacientes-idosas\/","url":"https:\/\/brasilnoticias.org\/site\/governo-deu-as-costas-para-a-saude-da-bahia-diz-alan-sanches-apos-protesto-na-paralela-pedir-por-regulacao-de-pacientes-idosas\/","name":"Governo deu as costas para a sa\u00fade da Bahia, diz Alan Sanches ap\u00f3s protesto na Paralela pedir por regula\u00e7\u00e3o de pacientes idosas - Brasil not\u00edcias","isPartOf":{"@id":"https:\/\/brasilnoticias.org\/site\/#website"},"primaryImageOfPage":{"@id":"https:\/\/brasilnoticias.org\/site\/governo-deu-as-costas-para-a-saude-da-bahia-diz-alan-sanches-apos-protesto-na-paralela-pedir-por-regulacao-de-pacientes-idosas\/#primaryimage"},"image":{"@id":"https:\/\/brasilnoticias.org\/site\/governo-deu-as-costas-para-a-saude-da-bahia-diz-alan-sanches-apos-protesto-na-paralela-pedir-por-regulacao-de-pacientes-idosas\/#primaryimage"},"thumbnailUrl":"https:\/\/brasilnoticias.org\/site\/wp-content\/uploads\/2024\/07\/IMAGEM_NOTICIA_0-10.jpg","datePublished":"2024-07-30T21:47:34+00:00","breadcrumb":{"@id":"https:\/\/brasilnoticias.org\/site\/governo-deu-as-costas-para-a-saude-da-bahia-diz-alan-sanches-apos-protesto-na-paralela-pedir-por-regulacao-de-pacientes-idosas\/#breadcrumb"},"inLanguage":"pt-PT","potentialAction":[{"@type":"ReadAction","target":["https:\/\/brasilnoticias.org\/site\/governo-deu-as-costas-para-a-saude-da-bahia-diz-alan-sanches-apos-protesto-na-paralela-pedir-por-regulacao-de-pacientes-idosas\/"]}]},{"@type":"ImageObject","inLanguage":"pt-PT","@id":"https:\/\/brasilnoticias.org\/site\/governo-deu-as-costas-para-a-saude-da-bahia-diz-alan-sanches-apos-protesto-na-paralela-pedir-por-regulacao-de-pacientes-idosas\/#primaryimage","url":"https:\/\/brasilnoticias.org\/site\/wp-content\/uploads\/2024\/07\/IMAGEM_NOTICIA_0-10.jpg","contentUrl":"https:\/\/brasilnoticias.org\/site\/wp-content\/uploads\/2024\/07\/IMAGEM_NOTICIA_0-10.jpg","width":850,"height":400},{"@type":"BreadcrumbList","@id":"https:\/\/brasilnoticias.org\/site\/governo-deu-as-costas-para-a-saude-da-bahia-diz-alan-sanches-apos-protesto-na-paralela-pedir-por-regulacao-de-pacientes-idosas\/#breadcrumb","itemListElement":[{"@type":"ListItem","position":1,"name":"In\u00edcio","item":"https:\/\/brasilnoticias.org\/site\/"},{"@type":"ListItem","position":2,"name":"Governo deu as costas para a sa\u00fade da Bahia, diz Alan Sanches ap\u00f3s protesto na Paralela pedir por regula\u00e7\u00e3o de pacientes idosas"}]},{"@type":"WebSite","@id":"https:\/\/brasilnoticias.org\/site\/#website","url":"https:\/\/brasilnoticias.org\/site\/","name":"Brasil not\u00edcias","description":"Brasil not\u00edcias","publisher":{"@id":"https:\/\/brasilnoticias.org\/site\/#organization"},"potentialAction":[{"@type":"SearchAction","target":{"@type":"EntryPoint","urlTemplate":"https:\/\/brasilnoticias.org\/site\/?s={search_term_string}"},"query-input":{"@type":"PropertyValueSpecification","valueRequired":true,"valueName":"search_term_string"}}],"inLanguage":"pt-PT"},{"@type":"Organization","@id":"https:\/\/brasilnoticias.org\/site\/#organization","name":"Brasil not\u00edcias","url":"https:\/\/brasilnoticias.org\/site\/","logo":{"@type":"ImageObject","inLanguage":"pt-PT","@id":"https:\/\/brasilnoticias.org\/site\/#\/schema\/logo\/image\/","url":"https:\/\/brasilnoticias.org\/site\/wp-content\/uploads\/2022\/05\/cropped-brasilnoticias-mini.jpg","contentUrl":"https:\/\/brasilnoticias.org\/site\/wp-content\/uploads\/2022\/05\/cropped-brasilnoticias-mini.jpg","width":314,"height":86,"caption":"Brasil not\u00edcias"},"image":{"@id":"https:\/\/brasilnoticias.org\/site\/#\/schema\/logo\/image\/"}},{"@type":"Person","@id":"https:\/\/brasilnoticias.org\/site\/#\/schema\/person\/03bbbfe6c7634ad18c26444ea39049fa","name":"Reda\u00e7\u00e3o","image":{"@type":"ImageObject","inLanguage":"pt-PT","@id":"https:\/\/brasilnoticias.org\/site\/#\/schema\/person\/image\/","url":"https:\/\/secure.gravatar.com\/avatar\/9ecaf7327a696cb23ad926fedded5f1f04d7049de9e445375d55b48c001a6e42?s=96&d=mm&r=g","contentUrl":"https:\/\/secure.gravatar.com\/avatar\/9ecaf7327a696cb23ad926fedded5f1f04d7049de9e445375d55b48c001a6e42?s=96&d=mm&r=g","caption":"Reda\u00e7\u00e3o"},"url":"https:\/\/brasilnoticias.org\/site\/author\/henrique\/"}]}},"_links":{"self":[{"href":"https:\/\/brasilnoticias.org\/site\/wp-json\/wp\/v2\/posts\/15250","targetHints":{"allow":["GET"]}}],"collection":[{"href":"https:\/\/brasilnoticias.org\/site\/wp-json\/wp\/v2\/posts"}],"about":[{"href":"https:\/\/brasilnoticias.org\/site\/wp-json\/wp\/v2\/types\/post"}],"author":[{"embeddable":true,"href":"https:\/\/brasilnoticias.org\/site\/wp-json\/wp\/v2\/users\/4"}],"replies":[{"embeddable":true,"href":"https:\/\/brasilnoticias.org\/site\/wp-json\/wp\/v2\/comments?post=15250"}],"version-history":[{"count":1,"href":"https:\/\/brasilnoticias.org\/site\/wp-json\/wp\/v2\/posts\/15250\/revisions"}],"predecessor-version":[{"id":15252,"href":"https:\/\/brasilnoticias.org\/site\/wp-json\/wp\/v2\/posts\/15250\/revisions\/15252"}],"wp:featuredmedia":[{"embeddable":true,"href":"https:\/\/brasilnoticias.org\/site\/wp-json\/wp\/v2\/media\/15251"}],"wp:attachment":[{"href":"https:\/\/brasilnoticias.org\/site\/wp-json\/wp\/v2\/media?parent=15250"}],"wp:term":[{"taxonomy":"category","embeddable":true,"href":"https:\/\/brasilnoticias.org\/site\/wp-json\/wp\/v2\/categories?post=15250"},{"taxonomy":"post_tag","embeddable":true,"href":"https:\/\/brasilnoticias.org\/site\/wp-json\/wp\/v2\/tags?post=15250"}],"curies":[{"name":"wp","href":"https:\/\/api.w.org\/{rel}","templated":true}]}}