{"id":15253,"date":"2024-07-30T18:48:21","date_gmt":"2024-07-30T21:48:21","guid":{"rendered":"https:\/\/brasilnoticias.org\/site\/?p=15253"},"modified":"2024-07-30T18:48:21","modified_gmt":"2024-07-30T21:48:21","slug":"em-sabatina-na-casa-do-comercio-bruno-reis-apresenta-pacote-para-salvador-com-r45-bilhoes-em-investimentos-publicos","status":"publish","type":"post","link":"https:\/\/brasilnoticias.org\/site\/em-sabatina-na-casa-do-comercio-bruno-reis-apresenta-pacote-para-salvador-com-r45-bilhoes-em-investimentos-publicos\/","title":{"rendered":"Em sabatina na Casa do Com\u00e9rcio, Bruno Reis apresenta pacote para Salvador com R$4,5 bilh\u00f5es em investimentos p\u00fablicos"},"content":{"rendered":"<p>O prefeito de Salvador e candidato \u00e0 reelei\u00e7\u00e3o Bruno Reis (Uni\u00e3o Brasil) apresentou nesta segunda-feira (29) o pacote de R$ 4,5 bilh\u00f5es em investimentos p\u00fablicos que pretende fazer pelos pr\u00f3ximos quatro anos caso seja reconduzido ao cargo. Os recursos, j\u00e1 assegurados junto a organismos internacionais, contemplam, por exemplo, os projetos do Telef\u00e9rico do Sub\u00farbio Ferrovi\u00e1rio, a implanta\u00e7\u00e3o do BRS na orla e a renova\u00e7\u00e3o completa do transporte coletivo, que ser\u00e1 100% climatizada e ter\u00e1 a segunda maior frota el\u00e9trica do Brasil.<\/p>\n<p>Bruno participou de uma sabatina de candidatos promovida por entidades do setor produtivo e empres\u00e1rios da capital baiana, realizada no Teatro Sesc Casa do Com\u00e9rcio. O evento reuniu representantes da Federa\u00e7\u00e3o do Com\u00e9rcio de Bens, Servi\u00e7os e Turismo do Estado da Bahia (Fecom\u00e9rcio-BA), Federa\u00e7\u00e3o da Agricultura e Pecu\u00e1ria da Bahia (Faeb), Federa\u00e7\u00e3o das Ind\u00fastrias do Estado da Bahia (Fieb) e Federa\u00e7\u00e3o das Empresas de Transportes dos Estados da Bahia e Sergipe (Fetrabase).<\/p>\n<p>Com recursos de US$125 milh\u00f5es j\u00e1 assegurados pelo CAF (Banco de Desenvolvimento da Am\u00e9rica Latina e Caribe), o Programa de Inclus\u00e3o Social e Territorial de Salvador prev\u00ea um pacote de a\u00e7\u00f5es, desde a capacita\u00e7\u00e3o de m\u00e3o de obra da popula\u00e7\u00e3o carente at\u00e9 solu\u00e7\u00f5es de mobilidade, como o primeiro telef\u00e9rico da capital baiana. O equipamento ligar\u00e1 a regi\u00e3o do Man\u00e9 Dend\u00ea, no Sub\u00farbio Ferrovi\u00e1rio, ao sistema do Metr\u00f4 de Salvador.<\/p>\n<p>Ainda na \u00e1rea de mobilidade, Bruno Reis afirmou que pretende investir no BRS (Bus Rapid System), que ter\u00e1 faixas exclusivas para \u00f4nibus na orla de Salvador. Al\u00e9m disso, com recursos j\u00e1 assegurados junto ao Banco Mundial, vai adquirir mais \u00f4nibus el\u00e9tricos, fazendo com que a capital baiana tenha a segunda maior frota el\u00e9trica do pa\u00eds, e construir outro terminal de recarga para estes ve\u00edculos, desta vez no Vale dos Barris.<\/p>\n<p>\u201cTeremos 100% da frota de \u00f4nibus de Salvador equipada com ar-condicionado, porque a Prefeitura est\u00e1 comprando 300 \u00f4nibus e as empresas t\u00eam obriga\u00e7\u00e3o, por conta de um TAC (Termo de Ajustamento de Conduta), de renovar 10% da frota ao ano. Al\u00e9m disso, vamos ter a segunda maior frota el\u00e9trica do Brasil, para equilibrar os custos do sistema. Vamos resolver o problema do transporte p\u00fablico, mesmo sem qualquer tipo de incentivo do Governo do Estado ou da Uni\u00e3o, sem subs\u00eddio, sem qualquer tipo de apoio na pol\u00edtica do combust\u00edvel\u201d, afirmou Bruno Reis.<\/p>\n<p>Tamb\u00e9m fazem parte do pacote de investimentos p\u00fablicos para os pr\u00f3ximos quatro anos a conclus\u00e3o das obras da Escola de M\u00fasica e Artes Maestro Letieres Leite e a Casa de Espet\u00e1culos, no Com\u00e9rcio; a Arena Esportiva Multiuso, na Boca do Rio; o Novo Centro de Conven\u00e7\u00f5es no Pelourinho; o programa habitacional do Centro Hist\u00f3rico; a implanta\u00e7\u00e3o de corredores verdes nas avenidas de vale da cidade; e a renaturaliza\u00e7\u00e3o da Bacia do Rio Camarajipe, uma das maiores da capital baiana.<\/p>\n<p>Economia criativa &#8211; Um estudo contratado elaborou um mapa da economia criativa de Salvador, com tr\u00eas potenciais: o audiovisual, a cultura e a \u00e1rea tech. \u201cNa \u00e1rea cultural, n\u00f3s estamos dando um show. Inauguramos 12 equipamentos culturais nos \u00faltimos anos\u201d, disse o prefeito, ao citar espa\u00e7os como a Galeria Mercado, a Casa das Hist\u00f3rias, a Casa do Carnaval e o Memorial 2 de julho. <\/p>\n<p>Entre as iniciativas de sucesso j\u00e1 implantadas, est\u00e1 o SalCine, primeiro programa de desenvolvimento do audiovisual da cidade, criado com o objetivo de desenvolver a cadeia de produ\u00e7\u00e3o, cria\u00e7\u00e3o e economia do mercado audiovisual, atuando atrav\u00e9s dos eixos de forma\u00e7\u00e3o, infraestrutura, financiamento, neg\u00f3cios e institucionalidades e film commission. \u201cN\u00e3o s\u00f3 criamos a SalCine, como estamos investindo R$20 milh\u00f5es em diversos editais, para estimular esse setor da nossa economia\u201d, lembrou o candidato \u00e0 reelei\u00e7\u00e3o.<\/p>\n<p>O candidato do Uni\u00e3o Brasil destacou ainda o plano de cria\u00e7\u00e3o da Escola Digital no Centro Hist\u00f3rico, em parceria com o Senai Cimatec, para a forma\u00e7\u00e3o de carreiras digitais e reten\u00e7\u00e3o de talentos na cidade. \u201cSe no Centro Antigo temos um rico patrim\u00f4nio arquitet\u00f4nico, n\u00f3s queremos tamb\u00e9m ter ali presentes a modernidade e a tecnologia. Salvador estava nas \u00faltimas posi\u00e7\u00f5es na produ\u00e7\u00e3o de startups, incubadoras e aceleradoras. Hoje somos a primeira do Nordeste, a s\u00e9tima do Brasil, e vamos para as primeiras posi\u00e7\u00f5es\u201d, disse.<\/p>\n<p>Evento &#8211; Ainda no evento no Teatro Sesc Casa do Com\u00e9rcio, o candidato \u00e0 reelei\u00e7\u00e3o fez um balan\u00e7o dos seus quatro anos de gest\u00e3o, citando programas de incentivos fiscais como o Renova Centro, e a melhoria do ambiente de neg\u00f3cios, atrav\u00e9s de iniciativas como o Invista Salvador. Tamb\u00e9m citou projetos realizados, como a implanta\u00e7\u00e3o completa do BRT; o Novo Man\u00e9 Dend\u00ea, no Sub\u00farbio; a constru\u00e7\u00e3o de 52 novas escolas; e a abertura de tr\u00eas novos hospitais municipais: Maternidade e da Crian\u00e7a, do Homem e Veterin\u00e1rio.<\/p>\n","protected":false},"excerpt":{"rendered":"<p>O prefeito de Salvador e candidato \u00e0 reelei\u00e7\u00e3o Bruno Reis (Uni\u00e3o Brasil) apresentou nesta segunda-feira (29) o pacote de R$<\/p>\n","protected":false},"author":4,"featured_media":15254,"comment_status":"open","ping_status":"open","sticky":false,"template":"","format":"standard","meta":{"colormag_page_container_layout":"default_layout","colormag_page_sidebar_layout":"default_layout","_FSMCFIC_featured_image_caption":"","_FSMCFIC_featured_image_nocaption":"","_FSMCFIC_featured_image_hide":"","footnotes":""},"categories":[5,1],"tags":[],"class_list":["post-15253","post","type-post","status-publish","format-standard","has-post-thumbnail","hentry","category-politica","category-ultimas"],"yoast_head":"<!-- This site is optimized with the Yoast SEO plugin v27.1.1 - https:\/\/yoast.com\/product\/yoast-seo-wordpress\/ -->\n<title>Em sabatina na Casa do Com\u00e9rcio, Bruno Reis apresenta pacote para Salvador com R$4,5 bilh\u00f5es em investimentos p\u00fablicos - Brasil not\u00edcias<\/title>\n<meta name=\"robots\" content=\"index, follow, max-snippet:-1, max-image-preview:large, max-video-preview:-1\" \/>\n<link rel=\"canonical\" href=\"https:\/\/brasilnoticias.org\/site\/em-sabatina-na-casa-do-comercio-bruno-reis-apresenta-pacote-para-salvador-com-r45-bilhoes-em-investimentos-publicos\/\" \/>\n<meta property=\"og:locale\" content=\"pt_PT\" \/>\n<meta property=\"og:type\" content=\"article\" \/>\n<meta property=\"og:title\" content=\"Em sabatina na Casa do Com\u00e9rcio, Bruno Reis apresenta pacote para Salvador com R$4,5 bilh\u00f5es em investimentos p\u00fablicos - Brasil not\u00edcias\" \/>\n<meta property=\"og:description\" content=\"O prefeito de Salvador e candidato \u00e0 reelei\u00e7\u00e3o Bruno Reis (Uni\u00e3o Brasil) apresentou nesta segunda-feira (29) o pacote de R$\" \/>\n<meta property=\"og:url\" content=\"https:\/\/brasilnoticias.org\/site\/em-sabatina-na-casa-do-comercio-bruno-reis-apresenta-pacote-para-salvador-com-r45-bilhoes-em-investimentos-publicos\/\" \/>\n<meta property=\"og:site_name\" content=\"Brasil not\u00edcias\" \/>\n<meta property=\"article:published_time\" content=\"2024-07-30T21:48:21+00:00\" \/>\n<meta property=\"og:image\" content=\"https:\/\/brasilnoticias.org\/site\/wp-content\/uploads\/2024\/07\/IMAGEM_NOTICIA_0-1-4.jpg\" \/>\n\t<meta property=\"og:image:width\" content=\"850\" \/>\n\t<meta property=\"og:image:height\" content=\"400\" \/>\n\t<meta property=\"og:image:type\" content=\"image\/jpeg\" \/>\n<meta name=\"author\" content=\"Reda\u00e7\u00e3o\" \/>\n<meta name=\"twitter:card\" content=\"summary_large_image\" \/>\n<meta name=\"twitter:label1\" content=\"Escrito por\" \/>\n\t<meta name=\"twitter:data1\" content=\"Reda\u00e7\u00e3o\" \/>\n<script type=\"application\/ld+json\" class=\"yoast-schema-graph\">{\"@context\":\"https:\/\/schema.org\",\"@graph\":[{\"@type\":\"Article\",\"@id\":\"https:\/\/brasilnoticias.org\/site\/em-sabatina-na-casa-do-comercio-bruno-reis-apresenta-pacote-para-salvador-com-r45-bilhoes-em-investimentos-publicos\/#article\",\"isPartOf\":{\"@id\":\"https:\/\/brasilnoticias.org\/site\/em-sabatina-na-casa-do-comercio-bruno-reis-apresenta-pacote-para-salvador-com-r45-bilhoes-em-investimentos-publicos\/\"},\"author\":{\"name\":\"Reda\u00e7\u00e3o\",\"@id\":\"https:\/\/brasilnoticias.org\/site\/#\/schema\/person\/03bbbfe6c7634ad18c26444ea39049fa\"},\"headline\":\"Em sabatina na Casa do Com\u00e9rcio, Bruno Reis apresenta pacote para Salvador com R$4,5 bilh\u00f5es em investimentos p\u00fablicos\",\"datePublished\":\"2024-07-30T21:48:21+00:00\",\"mainEntityOfPage\":{\"@id\":\"https:\/\/brasilnoticias.org\/site\/em-sabatina-na-casa-do-comercio-bruno-reis-apresenta-pacote-para-salvador-com-r45-bilhoes-em-investimentos-publicos\/\"},\"wordCount\":874,\"commentCount\":0,\"publisher\":{\"@id\":\"https:\/\/brasilnoticias.org\/site\/#organization\"},\"image\":{\"@id\":\"https:\/\/brasilnoticias.org\/site\/em-sabatina-na-casa-do-comercio-bruno-reis-apresenta-pacote-para-salvador-com-r45-bilhoes-em-investimentos-publicos\/#primaryimage\"},\"thumbnailUrl\":\"https:\/\/brasilnoticias.org\/site\/wp-content\/uploads\/2024\/07\/IMAGEM_NOTICIA_0-1-4.jpg\",\"articleSection\":[\"Pol\u00edtica\",\"\u00daltimas\"],\"inLanguage\":\"pt-PT\",\"potentialAction\":[{\"@type\":\"CommentAction\",\"name\":\"Comment\",\"target\":[\"https:\/\/brasilnoticias.org\/site\/em-sabatina-na-casa-do-comercio-bruno-reis-apresenta-pacote-para-salvador-com-r45-bilhoes-em-investimentos-publicos\/#respond\"]}]},{\"@type\":\"WebPage\",\"@id\":\"https:\/\/brasilnoticias.org\/site\/em-sabatina-na-casa-do-comercio-bruno-reis-apresenta-pacote-para-salvador-com-r45-bilhoes-em-investimentos-publicos\/\",\"url\":\"https:\/\/brasilnoticias.org\/site\/em-sabatina-na-casa-do-comercio-bruno-reis-apresenta-pacote-para-salvador-com-r45-bilhoes-em-investimentos-publicos\/\",\"name\":\"Em sabatina na Casa do Com\u00e9rcio, Bruno Reis apresenta pacote para Salvador com R$4,5 bilh\u00f5es em investimentos p\u00fablicos - Brasil not\u00edcias\",\"isPartOf\":{\"@id\":\"https:\/\/brasilnoticias.org\/site\/#website\"},\"primaryImageOfPage\":{\"@id\":\"https:\/\/brasilnoticias.org\/site\/em-sabatina-na-casa-do-comercio-bruno-reis-apresenta-pacote-para-salvador-com-r45-bilhoes-em-investimentos-publicos\/#primaryimage\"},\"image\":{\"@id\":\"https:\/\/brasilnoticias.org\/site\/em-sabatina-na-casa-do-comercio-bruno-reis-apresenta-pacote-para-salvador-com-r45-bilhoes-em-investimentos-publicos\/#primaryimage\"},\"thumbnailUrl\":\"https:\/\/brasilnoticias.org\/site\/wp-content\/uploads\/2024\/07\/IMAGEM_NOTICIA_0-1-4.jpg\",\"datePublished\":\"2024-07-30T21:48:21+00:00\",\"breadcrumb\":{\"@id\":\"https:\/\/brasilnoticias.org\/site\/em-sabatina-na-casa-do-comercio-bruno-reis-apresenta-pacote-para-salvador-com-r45-bilhoes-em-investimentos-publicos\/#breadcrumb\"},\"inLanguage\":\"pt-PT\",\"potentialAction\":[{\"@type\":\"ReadAction\",\"target\":[\"https:\/\/brasilnoticias.org\/site\/em-sabatina-na-casa-do-comercio-bruno-reis-apresenta-pacote-para-salvador-com-r45-bilhoes-em-investimentos-publicos\/\"]}]},{\"@type\":\"ImageObject\",\"inLanguage\":\"pt-PT\",\"@id\":\"https:\/\/brasilnoticias.org\/site\/em-sabatina-na-casa-do-comercio-bruno-reis-apresenta-pacote-para-salvador-com-r45-bilhoes-em-investimentos-publicos\/#primaryimage\",\"url\":\"https:\/\/brasilnoticias.org\/site\/wp-content\/uploads\/2024\/07\/IMAGEM_NOTICIA_0-1-4.jpg\",\"contentUrl\":\"https:\/\/brasilnoticias.org\/site\/wp-content\/uploads\/2024\/07\/IMAGEM_NOTICIA_0-1-4.jpg\",\"width\":850,\"height\":400},{\"@type\":\"BreadcrumbList\",\"@id\":\"https:\/\/brasilnoticias.org\/site\/em-sabatina-na-casa-do-comercio-bruno-reis-apresenta-pacote-para-salvador-com-r45-bilhoes-em-investimentos-publicos\/#breadcrumb\",\"itemListElement\":[{\"@type\":\"ListItem\",\"position\":1,\"name\":\"In\u00edcio\",\"item\":\"https:\/\/brasilnoticias.org\/site\/\"},{\"@type\":\"ListItem\",\"position\":2,\"name\":\"Em sabatina na Casa do Com\u00e9rcio, Bruno Reis apresenta pacote para Salvador com R$4,5 bilh\u00f5es em investimentos p\u00fablicos\"}]},{\"@type\":\"WebSite\",\"@id\":\"https:\/\/brasilnoticias.org\/site\/#website\",\"url\":\"https:\/\/brasilnoticias.org\/site\/\",\"name\":\"Brasil not\u00edcias\",\"description\":\"Brasil not\u00edcias\",\"publisher\":{\"@id\":\"https:\/\/brasilnoticias.org\/site\/#organization\"},\"potentialAction\":[{\"@type\":\"SearchAction\",\"target\":{\"@type\":\"EntryPoint\",\"urlTemplate\":\"https:\/\/brasilnoticias.org\/site\/?s={search_term_string}\"},\"query-input\":{\"@type\":\"PropertyValueSpecification\",\"valueRequired\":true,\"valueName\":\"search_term_string\"}}],\"inLanguage\":\"pt-PT\"},{\"@type\":\"Organization\",\"@id\":\"https:\/\/brasilnoticias.org\/site\/#organization\",\"name\":\"Brasil not\u00edcias\",\"url\":\"https:\/\/brasilnoticias.org\/site\/\",\"logo\":{\"@type\":\"ImageObject\",\"inLanguage\":\"pt-PT\",\"@id\":\"https:\/\/brasilnoticias.org\/site\/#\/schema\/logo\/image\/\",\"url\":\"https:\/\/brasilnoticias.org\/site\/wp-content\/uploads\/2022\/05\/cropped-brasilnoticias-mini.jpg\",\"contentUrl\":\"https:\/\/brasilnoticias.org\/site\/wp-content\/uploads\/2022\/05\/cropped-brasilnoticias-mini.jpg\",\"width\":314,\"height\":86,\"caption\":\"Brasil not\u00edcias\"},\"image\":{\"@id\":\"https:\/\/brasilnoticias.org\/site\/#\/schema\/logo\/image\/\"}},{\"@type\":\"Person\",\"@id\":\"https:\/\/brasilnoticias.org\/site\/#\/schema\/person\/03bbbfe6c7634ad18c26444ea39049fa\",\"name\":\"Reda\u00e7\u00e3o\",\"image\":{\"@type\":\"ImageObject\",\"inLanguage\":\"pt-PT\",\"@id\":\"https:\/\/brasilnoticias.org\/site\/#\/schema\/person\/image\/\",\"url\":\"https:\/\/secure.gravatar.com\/avatar\/9ecaf7327a696cb23ad926fedded5f1f04d7049de9e445375d55b48c001a6e42?s=96&d=mm&r=g\",\"contentUrl\":\"https:\/\/secure.gravatar.com\/avatar\/9ecaf7327a696cb23ad926fedded5f1f04d7049de9e445375d55b48c001a6e42?s=96&d=mm&r=g\",\"caption\":\"Reda\u00e7\u00e3o\"},\"url\":\"https:\/\/brasilnoticias.org\/site\/author\/henrique\/\"}]}<\/script>\n<!-- \/ Yoast SEO plugin. -->","yoast_head_json":{"title":"Em sabatina na Casa do Com\u00e9rcio, Bruno Reis apresenta pacote para Salvador com R$4,5 bilh\u00f5es em investimentos p\u00fablicos - Brasil not\u00edcias","robots":{"index":"index","follow":"follow","max-snippet":"max-snippet:-1","max-image-preview":"max-image-preview:large","max-video-preview":"max-video-preview:-1"},"canonical":"https:\/\/brasilnoticias.org\/site\/em-sabatina-na-casa-do-comercio-bruno-reis-apresenta-pacote-para-salvador-com-r45-bilhoes-em-investimentos-publicos\/","og_locale":"pt_PT","og_type":"article","og_title":"Em sabatina na Casa do Com\u00e9rcio, Bruno Reis apresenta pacote para Salvador com R$4,5 bilh\u00f5es em investimentos p\u00fablicos - Brasil not\u00edcias","og_description":"O prefeito de Salvador e candidato \u00e0 reelei\u00e7\u00e3o Bruno Reis (Uni\u00e3o Brasil) apresentou nesta segunda-feira (29) o pacote de R$","og_url":"https:\/\/brasilnoticias.org\/site\/em-sabatina-na-casa-do-comercio-bruno-reis-apresenta-pacote-para-salvador-com-r45-bilhoes-em-investimentos-publicos\/","og_site_name":"Brasil not\u00edcias","article_published_time":"2024-07-30T21:48:21+00:00","og_image":[{"width":850,"height":400,"url":"https:\/\/brasilnoticias.org\/site\/wp-content\/uploads\/2024\/07\/IMAGEM_NOTICIA_0-1-4.jpg","type":"image\/jpeg"}],"author":"Reda\u00e7\u00e3o","twitter_card":"summary_large_image","twitter_misc":{"Escrito por":"Reda\u00e7\u00e3o"},"schema":{"@context":"https:\/\/schema.org","@graph":[{"@type":"Article","@id":"https:\/\/brasilnoticias.org\/site\/em-sabatina-na-casa-do-comercio-bruno-reis-apresenta-pacote-para-salvador-com-r45-bilhoes-em-investimentos-publicos\/#article","isPartOf":{"@id":"https:\/\/brasilnoticias.org\/site\/em-sabatina-na-casa-do-comercio-bruno-reis-apresenta-pacote-para-salvador-com-r45-bilhoes-em-investimentos-publicos\/"},"author":{"name":"Reda\u00e7\u00e3o","@id":"https:\/\/brasilnoticias.org\/site\/#\/schema\/person\/03bbbfe6c7634ad18c26444ea39049fa"},"headline":"Em sabatina na Casa do Com\u00e9rcio, Bruno Reis apresenta pacote para Salvador com R$4,5 bilh\u00f5es em investimentos p\u00fablicos","datePublished":"2024-07-30T21:48:21+00:00","mainEntityOfPage":{"@id":"https:\/\/brasilnoticias.org\/site\/em-sabatina-na-casa-do-comercio-bruno-reis-apresenta-pacote-para-salvador-com-r45-bilhoes-em-investimentos-publicos\/"},"wordCount":874,"commentCount":0,"publisher":{"@id":"https:\/\/brasilnoticias.org\/site\/#organization"},"image":{"@id":"https:\/\/brasilnoticias.org\/site\/em-sabatina-na-casa-do-comercio-bruno-reis-apresenta-pacote-para-salvador-com-r45-bilhoes-em-investimentos-publicos\/#primaryimage"},"thumbnailUrl":"https:\/\/brasilnoticias.org\/site\/wp-content\/uploads\/2024\/07\/IMAGEM_NOTICIA_0-1-4.jpg","articleSection":["Pol\u00edtica","\u00daltimas"],"inLanguage":"pt-PT","potentialAction":[{"@type":"CommentAction","name":"Comment","target":["https:\/\/brasilnoticias.org\/site\/em-sabatina-na-casa-do-comercio-bruno-reis-apresenta-pacote-para-salvador-com-r45-bilhoes-em-investimentos-publicos\/#respond"]}]},{"@type":"WebPage","@id":"https:\/\/brasilnoticias.org\/site\/em-sabatina-na-casa-do-comercio-bruno-reis-apresenta-pacote-para-salvador-com-r45-bilhoes-em-investimentos-publicos\/","url":"https:\/\/brasilnoticias.org\/site\/em-sabatina-na-casa-do-comercio-bruno-reis-apresenta-pacote-para-salvador-com-r45-bilhoes-em-investimentos-publicos\/","name":"Em sabatina na Casa do Com\u00e9rcio, Bruno Reis apresenta pacote para Salvador com R$4,5 bilh\u00f5es em investimentos p\u00fablicos - Brasil not\u00edcias","isPartOf":{"@id":"https:\/\/brasilnoticias.org\/site\/#website"},"primaryImageOfPage":{"@id":"https:\/\/brasilnoticias.org\/site\/em-sabatina-na-casa-do-comercio-bruno-reis-apresenta-pacote-para-salvador-com-r45-bilhoes-em-investimentos-publicos\/#primaryimage"},"image":{"@id":"https:\/\/brasilnoticias.org\/site\/em-sabatina-na-casa-do-comercio-bruno-reis-apresenta-pacote-para-salvador-com-r45-bilhoes-em-investimentos-publicos\/#primaryimage"},"thumbnailUrl":"https:\/\/brasilnoticias.org\/site\/wp-content\/uploads\/2024\/07\/IMAGEM_NOTICIA_0-1-4.jpg","datePublished":"2024-07-30T21:48:21+00:00","breadcrumb":{"@id":"https:\/\/brasilnoticias.org\/site\/em-sabatina-na-casa-do-comercio-bruno-reis-apresenta-pacote-para-salvador-com-r45-bilhoes-em-investimentos-publicos\/#breadcrumb"},"inLanguage":"pt-PT","potentialAction":[{"@type":"ReadAction","target":["https:\/\/brasilnoticias.org\/site\/em-sabatina-na-casa-do-comercio-bruno-reis-apresenta-pacote-para-salvador-com-r45-bilhoes-em-investimentos-publicos\/"]}]},{"@type":"ImageObject","inLanguage":"pt-PT","@id":"https:\/\/brasilnoticias.org\/site\/em-sabatina-na-casa-do-comercio-bruno-reis-apresenta-pacote-para-salvador-com-r45-bilhoes-em-investimentos-publicos\/#primaryimage","url":"https:\/\/brasilnoticias.org\/site\/wp-content\/uploads\/2024\/07\/IMAGEM_NOTICIA_0-1-4.jpg","contentUrl":"https:\/\/brasilnoticias.org\/site\/wp-content\/uploads\/2024\/07\/IMAGEM_NOTICIA_0-1-4.jpg","width":850,"height":400},{"@type":"BreadcrumbList","@id":"https:\/\/brasilnoticias.org\/site\/em-sabatina-na-casa-do-comercio-bruno-reis-apresenta-pacote-para-salvador-com-r45-bilhoes-em-investimentos-publicos\/#breadcrumb","itemListElement":[{"@type":"ListItem","position":1,"name":"In\u00edcio","item":"https:\/\/brasilnoticias.org\/site\/"},{"@type":"ListItem","position":2,"name":"Em sabatina na Casa do Com\u00e9rcio, Bruno Reis apresenta pacote para Salvador com R$4,5 bilh\u00f5es em investimentos p\u00fablicos"}]},{"@type":"WebSite","@id":"https:\/\/brasilnoticias.org\/site\/#website","url":"https:\/\/brasilnoticias.org\/site\/","name":"Brasil not\u00edcias","description":"Brasil not\u00edcias","publisher":{"@id":"https:\/\/brasilnoticias.org\/site\/#organization"},"potentialAction":[{"@type":"SearchAction","target":{"@type":"EntryPoint","urlTemplate":"https:\/\/brasilnoticias.org\/site\/?s={search_term_string}"},"query-input":{"@type":"PropertyValueSpecification","valueRequired":true,"valueName":"search_term_string"}}],"inLanguage":"pt-PT"},{"@type":"Organization","@id":"https:\/\/brasilnoticias.org\/site\/#organization","name":"Brasil not\u00edcias","url":"https:\/\/brasilnoticias.org\/site\/","logo":{"@type":"ImageObject","inLanguage":"pt-PT","@id":"https:\/\/brasilnoticias.org\/site\/#\/schema\/logo\/image\/","url":"https:\/\/brasilnoticias.org\/site\/wp-content\/uploads\/2022\/05\/cropped-brasilnoticias-mini.jpg","contentUrl":"https:\/\/brasilnoticias.org\/site\/wp-content\/uploads\/2022\/05\/cropped-brasilnoticias-mini.jpg","width":314,"height":86,"caption":"Brasil not\u00edcias"},"image":{"@id":"https:\/\/brasilnoticias.org\/site\/#\/schema\/logo\/image\/"}},{"@type":"Person","@id":"https:\/\/brasilnoticias.org\/site\/#\/schema\/person\/03bbbfe6c7634ad18c26444ea39049fa","name":"Reda\u00e7\u00e3o","image":{"@type":"ImageObject","inLanguage":"pt-PT","@id":"https:\/\/brasilnoticias.org\/site\/#\/schema\/person\/image\/","url":"https:\/\/secure.gravatar.com\/avatar\/9ecaf7327a696cb23ad926fedded5f1f04d7049de9e445375d55b48c001a6e42?s=96&d=mm&r=g","contentUrl":"https:\/\/secure.gravatar.com\/avatar\/9ecaf7327a696cb23ad926fedded5f1f04d7049de9e445375d55b48c001a6e42?s=96&d=mm&r=g","caption":"Reda\u00e7\u00e3o"},"url":"https:\/\/brasilnoticias.org\/site\/author\/henrique\/"}]}},"_links":{"self":[{"href":"https:\/\/brasilnoticias.org\/site\/wp-json\/wp\/v2\/posts\/15253","targetHints":{"allow":["GET"]}}],"collection":[{"href":"https:\/\/brasilnoticias.org\/site\/wp-json\/wp\/v2\/posts"}],"about":[{"href":"https:\/\/brasilnoticias.org\/site\/wp-json\/wp\/v2\/types\/post"}],"author":[{"embeddable":true,"href":"https:\/\/brasilnoticias.org\/site\/wp-json\/wp\/v2\/users\/4"}],"replies":[{"embeddable":true,"href":"https:\/\/brasilnoticias.org\/site\/wp-json\/wp\/v2\/comments?post=15253"}],"version-history":[{"count":1,"href":"https:\/\/brasilnoticias.org\/site\/wp-json\/wp\/v2\/posts\/15253\/revisions"}],"predecessor-version":[{"id":15255,"href":"https:\/\/brasilnoticias.org\/site\/wp-json\/wp\/v2\/posts\/15253\/revisions\/15255"}],"wp:featuredmedia":[{"embeddable":true,"href":"https:\/\/brasilnoticias.org\/site\/wp-json\/wp\/v2\/media\/15254"}],"wp:attachment":[{"href":"https:\/\/brasilnoticias.org\/site\/wp-json\/wp\/v2\/media?parent=15253"}],"wp:term":[{"taxonomy":"category","embeddable":true,"href":"https:\/\/brasilnoticias.org\/site\/wp-json\/wp\/v2\/categories?post=15253"},{"taxonomy":"post_tag","embeddable":true,"href":"https:\/\/brasilnoticias.org\/site\/wp-json\/wp\/v2\/tags?post=15253"}],"curies":[{"name":"wp","href":"https:\/\/api.w.org\/{rel}","templated":true}]}}