{"id":15267,"date":"2024-07-30T18:58:12","date_gmt":"2024-07-30T21:58:12","guid":{"rendered":"https:\/\/brasilnoticias.org\/site\/?p=15267"},"modified":"2024-07-30T18:58:12","modified_gmt":"2024-07-30T21:58:12","slug":"governador-do-rio-de-janeiro-claudio-castro-e-indiciado-pela-policia-federal","status":"publish","type":"post","link":"https:\/\/brasilnoticias.org\/site\/governador-do-rio-de-janeiro-claudio-castro-e-indiciado-pela-policia-federal\/","title":{"rendered":"Governador do Rio de Janeiro, Cl\u00e1udio Castro \u00e9 indiciado pela Pol\u00edcia Federal"},"content":{"rendered":"<p>Segundo a Pol\u00edcia Federal, o governador teria recebido, entre 2017 e 2019, aproximadamente R$ 400 mil em pagamentos indevidos<\/p>\n<p>O governador do Rio de Janeiro, Cl\u00e1udio Castro, foi indiciado pela Pol\u00edcia Federal por corrup\u00e7\u00e3o passiva e peculato. A investiga\u00e7\u00e3o em quest\u00e3o apurou supostos desvios de recursos de programas do governo no per\u00edodo em que Castro era vereador e depois vice-governador.<\/p>\n<p>Agora, a Procuradoria-Geral da Rep\u00fablica (PGR) deve decidir se apresenta ou n\u00e3o uma den\u00fancia contra o governador e se solicita mais dilig\u00eancias \u00e0 PF ou o arquivamento do caso.<\/p>\n<p>A defesa de Castro afirma que ainda n\u00e3o tem conhecimento oficial do indiciamento. Mas anteriormente o governador j\u00e1 havia negado irregularidades e alegado que as acusa\u00e7\u00f5es eram &#8220;velhas&#8221; e &#8220;infundadas&#8221;. Segundo a PF, o governador teria recebido, entre 2017 e 2019, aproximadamente R$ 400 mil em pagamentos indevidos.<\/p>\n<p>O relat\u00f3rio final das investiga\u00e7\u00f5es do caso foi remetido ao Superior Tribunal de Justi\u00e7a (STJ), que \u00e9 quem tem prerrogativa para julgar governadores. O relator do caso \u00e9 o ministro Raul Ara\u00fajo. <\/p>\n<p><strong>Foto: Divulga\u00e7\u00e3o\/Rafael Campos<br \/>\nPor: Metro1<\/strong><\/p>\n","protected":false},"excerpt":{"rendered":"<p>Segundo a Pol\u00edcia Federal, o governador teria recebido, entre 2017 e 2019, aproximadamente R$ 400 mil em pagamentos indevidos O<\/p>\n","protected":false},"author":4,"featured_media":15268,"comment_status":"open","ping_status":"open","sticky":false,"template":"","format":"standard","meta":{"colormag_page_container_layout":"default_layout","colormag_page_sidebar_layout":"default_layout","_FSMCFIC_featured_image_caption":"","_FSMCFIC_featured_image_nocaption":"","_FSMCFIC_featured_image_hide":"","footnotes":""},"categories":[5,1],"tags":[],"class_list":["post-15267","post","type-post","status-publish","format-standard","has-post-thumbnail","hentry","category-politica","category-ultimas"],"yoast_head":"<!-- This site is optimized with the Yoast SEO plugin v27.1.1 - https:\/\/yoast.com\/product\/yoast-seo-wordpress\/ -->\n<title>Governador do Rio de Janeiro, Cl\u00e1udio Castro \u00e9 indiciado pela Pol\u00edcia Federal - Brasil not\u00edcias<\/title>\n<meta name=\"robots\" content=\"index, follow, max-snippet:-1, max-image-preview:large, max-video-preview:-1\" \/>\n<link rel=\"canonical\" href=\"https:\/\/brasilnoticias.org\/site\/governador-do-rio-de-janeiro-claudio-castro-e-indiciado-pela-policia-federal\/\" \/>\n<meta property=\"og:locale\" content=\"pt_PT\" \/>\n<meta property=\"og:type\" content=\"article\" \/>\n<meta property=\"og:title\" content=\"Governador do Rio de Janeiro, Cl\u00e1udio Castro \u00e9 indiciado pela Pol\u00edcia Federal - Brasil not\u00edcias\" \/>\n<meta property=\"og:description\" content=\"Segundo a Pol\u00edcia Federal, o governador teria recebido, entre 2017 e 2019, aproximadamente R$ 400 mil em pagamentos indevidos O\" \/>\n<meta property=\"og:url\" content=\"https:\/\/brasilnoticias.org\/site\/governador-do-rio-de-janeiro-claudio-castro-e-indiciado-pela-policia-federal\/\" \/>\n<meta property=\"og:site_name\" content=\"Brasil not\u00edcias\" \/>\n<meta property=\"article:published_time\" content=\"2024-07-30T21:58:12+00:00\" \/>\n<meta property=\"og:image\" content=\"https:\/\/brasilnoticias.org\/site\/wp-content\/uploads\/2024\/07\/153431governador-do-rio-de-janeiro-claudio-castro-e-indiciado-pela-policia-federal-3.jpg\" \/>\n\t<meta property=\"og:image:width\" content=\"1600\" \/>\n\t<meta property=\"og:image:height\" content=\"752\" \/>\n\t<meta property=\"og:image:type\" content=\"image\/jpeg\" \/>\n<meta name=\"author\" content=\"Reda\u00e7\u00e3o\" \/>\n<meta name=\"twitter:card\" content=\"summary_large_image\" \/>\n<meta name=\"twitter:label1\" content=\"Escrito por\" \/>\n\t<meta name=\"twitter:data1\" content=\"Reda\u00e7\u00e3o\" \/>\n\t<meta name=\"twitter:label2\" content=\"Tempo estimado de leitura\" \/>\n\t<meta name=\"twitter:data2\" content=\"1 minuto\" \/>\n<script type=\"application\/ld+json\" class=\"yoast-schema-graph\">{\"@context\":\"https:\/\/schema.org\",\"@graph\":[{\"@type\":\"Article\",\"@id\":\"https:\/\/brasilnoticias.org\/site\/governador-do-rio-de-janeiro-claudio-castro-e-indiciado-pela-policia-federal\/#article\",\"isPartOf\":{\"@id\":\"https:\/\/brasilnoticias.org\/site\/governador-do-rio-de-janeiro-claudio-castro-e-indiciado-pela-policia-federal\/\"},\"author\":{\"name\":\"Reda\u00e7\u00e3o\",\"@id\":\"https:\/\/brasilnoticias.org\/site\/#\/schema\/person\/03bbbfe6c7634ad18c26444ea39049fa\"},\"headline\":\"Governador do Rio de Janeiro, Cl\u00e1udio Castro \u00e9 indiciado pela Pol\u00edcia Federal\",\"datePublished\":\"2024-07-30T21:58:12+00:00\",\"mainEntityOfPage\":{\"@id\":\"https:\/\/brasilnoticias.org\/site\/governador-do-rio-de-janeiro-claudio-castro-e-indiciado-pela-policia-federal\/\"},\"wordCount\":197,\"commentCount\":0,\"publisher\":{\"@id\":\"https:\/\/brasilnoticias.org\/site\/#organization\"},\"image\":{\"@id\":\"https:\/\/brasilnoticias.org\/site\/governador-do-rio-de-janeiro-claudio-castro-e-indiciado-pela-policia-federal\/#primaryimage\"},\"thumbnailUrl\":\"https:\/\/brasilnoticias.org\/site\/wp-content\/uploads\/2024\/07\/153431governador-do-rio-de-janeiro-claudio-castro-e-indiciado-pela-policia-federal-3.jpg\",\"articleSection\":[\"Pol\u00edtica\",\"\u00daltimas\"],\"inLanguage\":\"pt-PT\",\"potentialAction\":[{\"@type\":\"CommentAction\",\"name\":\"Comment\",\"target\":[\"https:\/\/brasilnoticias.org\/site\/governador-do-rio-de-janeiro-claudio-castro-e-indiciado-pela-policia-federal\/#respond\"]}]},{\"@type\":\"WebPage\",\"@id\":\"https:\/\/brasilnoticias.org\/site\/governador-do-rio-de-janeiro-claudio-castro-e-indiciado-pela-policia-federal\/\",\"url\":\"https:\/\/brasilnoticias.org\/site\/governador-do-rio-de-janeiro-claudio-castro-e-indiciado-pela-policia-federal\/\",\"name\":\"Governador do Rio de Janeiro, Cl\u00e1udio Castro \u00e9 indiciado pela Pol\u00edcia Federal - Brasil not\u00edcias\",\"isPartOf\":{\"@id\":\"https:\/\/brasilnoticias.org\/site\/#website\"},\"primaryImageOfPage\":{\"@id\":\"https:\/\/brasilnoticias.org\/site\/governador-do-rio-de-janeiro-claudio-castro-e-indiciado-pela-policia-federal\/#primaryimage\"},\"image\":{\"@id\":\"https:\/\/brasilnoticias.org\/site\/governador-do-rio-de-janeiro-claudio-castro-e-indiciado-pela-policia-federal\/#primaryimage\"},\"thumbnailUrl\":\"https:\/\/brasilnoticias.org\/site\/wp-content\/uploads\/2024\/07\/153431governador-do-rio-de-janeiro-claudio-castro-e-indiciado-pela-policia-federal-3.jpg\",\"datePublished\":\"2024-07-30T21:58:12+00:00\",\"breadcrumb\":{\"@id\":\"https:\/\/brasilnoticias.org\/site\/governador-do-rio-de-janeiro-claudio-castro-e-indiciado-pela-policia-federal\/#breadcrumb\"},\"inLanguage\":\"pt-PT\",\"potentialAction\":[{\"@type\":\"ReadAction\",\"target\":[\"https:\/\/brasilnoticias.org\/site\/governador-do-rio-de-janeiro-claudio-castro-e-indiciado-pela-policia-federal\/\"]}]},{\"@type\":\"ImageObject\",\"inLanguage\":\"pt-PT\",\"@id\":\"https:\/\/brasilnoticias.org\/site\/governador-do-rio-de-janeiro-claudio-castro-e-indiciado-pela-policia-federal\/#primaryimage\",\"url\":\"https:\/\/brasilnoticias.org\/site\/wp-content\/uploads\/2024\/07\/153431governador-do-rio-de-janeiro-claudio-castro-e-indiciado-pela-policia-federal-3.jpg\",\"contentUrl\":\"https:\/\/brasilnoticias.org\/site\/wp-content\/uploads\/2024\/07\/153431governador-do-rio-de-janeiro-claudio-castro-e-indiciado-pela-policia-federal-3.jpg\",\"width\":1600,\"height\":752},{\"@type\":\"BreadcrumbList\",\"@id\":\"https:\/\/brasilnoticias.org\/site\/governador-do-rio-de-janeiro-claudio-castro-e-indiciado-pela-policia-federal\/#breadcrumb\",\"itemListElement\":[{\"@type\":\"ListItem\",\"position\":1,\"name\":\"In\u00edcio\",\"item\":\"https:\/\/brasilnoticias.org\/site\/\"},{\"@type\":\"ListItem\",\"position\":2,\"name\":\"Governador do Rio de Janeiro, Cl\u00e1udio Castro \u00e9 indiciado pela Pol\u00edcia Federal\"}]},{\"@type\":\"WebSite\",\"@id\":\"https:\/\/brasilnoticias.org\/site\/#website\",\"url\":\"https:\/\/brasilnoticias.org\/site\/\",\"name\":\"Brasil not\u00edcias\",\"description\":\"Brasil not\u00edcias\",\"publisher\":{\"@id\":\"https:\/\/brasilnoticias.org\/site\/#organization\"},\"potentialAction\":[{\"@type\":\"SearchAction\",\"target\":{\"@type\":\"EntryPoint\",\"urlTemplate\":\"https:\/\/brasilnoticias.org\/site\/?s={search_term_string}\"},\"query-input\":{\"@type\":\"PropertyValueSpecification\",\"valueRequired\":true,\"valueName\":\"search_term_string\"}}],\"inLanguage\":\"pt-PT\"},{\"@type\":\"Organization\",\"@id\":\"https:\/\/brasilnoticias.org\/site\/#organization\",\"name\":\"Brasil not\u00edcias\",\"url\":\"https:\/\/brasilnoticias.org\/site\/\",\"logo\":{\"@type\":\"ImageObject\",\"inLanguage\":\"pt-PT\",\"@id\":\"https:\/\/brasilnoticias.org\/site\/#\/schema\/logo\/image\/\",\"url\":\"https:\/\/brasilnoticias.org\/site\/wp-content\/uploads\/2022\/05\/cropped-brasilnoticias-mini.jpg\",\"contentUrl\":\"https:\/\/brasilnoticias.org\/site\/wp-content\/uploads\/2022\/05\/cropped-brasilnoticias-mini.jpg\",\"width\":314,\"height\":86,\"caption\":\"Brasil not\u00edcias\"},\"image\":{\"@id\":\"https:\/\/brasilnoticias.org\/site\/#\/schema\/logo\/image\/\"}},{\"@type\":\"Person\",\"@id\":\"https:\/\/brasilnoticias.org\/site\/#\/schema\/person\/03bbbfe6c7634ad18c26444ea39049fa\",\"name\":\"Reda\u00e7\u00e3o\",\"image\":{\"@type\":\"ImageObject\",\"inLanguage\":\"pt-PT\",\"@id\":\"https:\/\/brasilnoticias.org\/site\/#\/schema\/person\/image\/\",\"url\":\"https:\/\/secure.gravatar.com\/avatar\/9ecaf7327a696cb23ad926fedded5f1f04d7049de9e445375d55b48c001a6e42?s=96&d=mm&r=g\",\"contentUrl\":\"https:\/\/secure.gravatar.com\/avatar\/9ecaf7327a696cb23ad926fedded5f1f04d7049de9e445375d55b48c001a6e42?s=96&d=mm&r=g\",\"caption\":\"Reda\u00e7\u00e3o\"},\"url\":\"https:\/\/brasilnoticias.org\/site\/author\/henrique\/\"}]}<\/script>\n<!-- \/ Yoast SEO plugin. -->","yoast_head_json":{"title":"Governador do Rio de Janeiro, Cl\u00e1udio Castro \u00e9 indiciado pela Pol\u00edcia Federal - Brasil not\u00edcias","robots":{"index":"index","follow":"follow","max-snippet":"max-snippet:-1","max-image-preview":"max-image-preview:large","max-video-preview":"max-video-preview:-1"},"canonical":"https:\/\/brasilnoticias.org\/site\/governador-do-rio-de-janeiro-claudio-castro-e-indiciado-pela-policia-federal\/","og_locale":"pt_PT","og_type":"article","og_title":"Governador do Rio de Janeiro, Cl\u00e1udio Castro \u00e9 indiciado pela Pol\u00edcia Federal - Brasil not\u00edcias","og_description":"Segundo a Pol\u00edcia Federal, o governador teria recebido, entre 2017 e 2019, aproximadamente R$ 400 mil em pagamentos indevidos O","og_url":"https:\/\/brasilnoticias.org\/site\/governador-do-rio-de-janeiro-claudio-castro-e-indiciado-pela-policia-federal\/","og_site_name":"Brasil not\u00edcias","article_published_time":"2024-07-30T21:58:12+00:00","og_image":[{"width":1600,"height":752,"url":"https:\/\/brasilnoticias.org\/site\/wp-content\/uploads\/2024\/07\/153431governador-do-rio-de-janeiro-claudio-castro-e-indiciado-pela-policia-federal-3.jpg","type":"image\/jpeg"}],"author":"Reda\u00e7\u00e3o","twitter_card":"summary_large_image","twitter_misc":{"Escrito por":"Reda\u00e7\u00e3o","Tempo estimado de leitura":"1 minuto"},"schema":{"@context":"https:\/\/schema.org","@graph":[{"@type":"Article","@id":"https:\/\/brasilnoticias.org\/site\/governador-do-rio-de-janeiro-claudio-castro-e-indiciado-pela-policia-federal\/#article","isPartOf":{"@id":"https:\/\/brasilnoticias.org\/site\/governador-do-rio-de-janeiro-claudio-castro-e-indiciado-pela-policia-federal\/"},"author":{"name":"Reda\u00e7\u00e3o","@id":"https:\/\/brasilnoticias.org\/site\/#\/schema\/person\/03bbbfe6c7634ad18c26444ea39049fa"},"headline":"Governador do Rio de Janeiro, Cl\u00e1udio Castro \u00e9 indiciado pela Pol\u00edcia Federal","datePublished":"2024-07-30T21:58:12+00:00","mainEntityOfPage":{"@id":"https:\/\/brasilnoticias.org\/site\/governador-do-rio-de-janeiro-claudio-castro-e-indiciado-pela-policia-federal\/"},"wordCount":197,"commentCount":0,"publisher":{"@id":"https:\/\/brasilnoticias.org\/site\/#organization"},"image":{"@id":"https:\/\/brasilnoticias.org\/site\/governador-do-rio-de-janeiro-claudio-castro-e-indiciado-pela-policia-federal\/#primaryimage"},"thumbnailUrl":"https:\/\/brasilnoticias.org\/site\/wp-content\/uploads\/2024\/07\/153431governador-do-rio-de-janeiro-claudio-castro-e-indiciado-pela-policia-federal-3.jpg","articleSection":["Pol\u00edtica","\u00daltimas"],"inLanguage":"pt-PT","potentialAction":[{"@type":"CommentAction","name":"Comment","target":["https:\/\/brasilnoticias.org\/site\/governador-do-rio-de-janeiro-claudio-castro-e-indiciado-pela-policia-federal\/#respond"]}]},{"@type":"WebPage","@id":"https:\/\/brasilnoticias.org\/site\/governador-do-rio-de-janeiro-claudio-castro-e-indiciado-pela-policia-federal\/","url":"https:\/\/brasilnoticias.org\/site\/governador-do-rio-de-janeiro-claudio-castro-e-indiciado-pela-policia-federal\/","name":"Governador do Rio de Janeiro, Cl\u00e1udio Castro \u00e9 indiciado pela Pol\u00edcia Federal - Brasil not\u00edcias","isPartOf":{"@id":"https:\/\/brasilnoticias.org\/site\/#website"},"primaryImageOfPage":{"@id":"https:\/\/brasilnoticias.org\/site\/governador-do-rio-de-janeiro-claudio-castro-e-indiciado-pela-policia-federal\/#primaryimage"},"image":{"@id":"https:\/\/brasilnoticias.org\/site\/governador-do-rio-de-janeiro-claudio-castro-e-indiciado-pela-policia-federal\/#primaryimage"},"thumbnailUrl":"https:\/\/brasilnoticias.org\/site\/wp-content\/uploads\/2024\/07\/153431governador-do-rio-de-janeiro-claudio-castro-e-indiciado-pela-policia-federal-3.jpg","datePublished":"2024-07-30T21:58:12+00:00","breadcrumb":{"@id":"https:\/\/brasilnoticias.org\/site\/governador-do-rio-de-janeiro-claudio-castro-e-indiciado-pela-policia-federal\/#breadcrumb"},"inLanguage":"pt-PT","potentialAction":[{"@type":"ReadAction","target":["https:\/\/brasilnoticias.org\/site\/governador-do-rio-de-janeiro-claudio-castro-e-indiciado-pela-policia-federal\/"]}]},{"@type":"ImageObject","inLanguage":"pt-PT","@id":"https:\/\/brasilnoticias.org\/site\/governador-do-rio-de-janeiro-claudio-castro-e-indiciado-pela-policia-federal\/#primaryimage","url":"https:\/\/brasilnoticias.org\/site\/wp-content\/uploads\/2024\/07\/153431governador-do-rio-de-janeiro-claudio-castro-e-indiciado-pela-policia-federal-3.jpg","contentUrl":"https:\/\/brasilnoticias.org\/site\/wp-content\/uploads\/2024\/07\/153431governador-do-rio-de-janeiro-claudio-castro-e-indiciado-pela-policia-federal-3.jpg","width":1600,"height":752},{"@type":"BreadcrumbList","@id":"https:\/\/brasilnoticias.org\/site\/governador-do-rio-de-janeiro-claudio-castro-e-indiciado-pela-policia-federal\/#breadcrumb","itemListElement":[{"@type":"ListItem","position":1,"name":"In\u00edcio","item":"https:\/\/brasilnoticias.org\/site\/"},{"@type":"ListItem","position":2,"name":"Governador do Rio de Janeiro, Cl\u00e1udio Castro \u00e9 indiciado pela Pol\u00edcia Federal"}]},{"@type":"WebSite","@id":"https:\/\/brasilnoticias.org\/site\/#website","url":"https:\/\/brasilnoticias.org\/site\/","name":"Brasil not\u00edcias","description":"Brasil not\u00edcias","publisher":{"@id":"https:\/\/brasilnoticias.org\/site\/#organization"},"potentialAction":[{"@type":"SearchAction","target":{"@type":"EntryPoint","urlTemplate":"https:\/\/brasilnoticias.org\/site\/?s={search_term_string}"},"query-input":{"@type":"PropertyValueSpecification","valueRequired":true,"valueName":"search_term_string"}}],"inLanguage":"pt-PT"},{"@type":"Organization","@id":"https:\/\/brasilnoticias.org\/site\/#organization","name":"Brasil not\u00edcias","url":"https:\/\/brasilnoticias.org\/site\/","logo":{"@type":"ImageObject","inLanguage":"pt-PT","@id":"https:\/\/brasilnoticias.org\/site\/#\/schema\/logo\/image\/","url":"https:\/\/brasilnoticias.org\/site\/wp-content\/uploads\/2022\/05\/cropped-brasilnoticias-mini.jpg","contentUrl":"https:\/\/brasilnoticias.org\/site\/wp-content\/uploads\/2022\/05\/cropped-brasilnoticias-mini.jpg","width":314,"height":86,"caption":"Brasil not\u00edcias"},"image":{"@id":"https:\/\/brasilnoticias.org\/site\/#\/schema\/logo\/image\/"}},{"@type":"Person","@id":"https:\/\/brasilnoticias.org\/site\/#\/schema\/person\/03bbbfe6c7634ad18c26444ea39049fa","name":"Reda\u00e7\u00e3o","image":{"@type":"ImageObject","inLanguage":"pt-PT","@id":"https:\/\/brasilnoticias.org\/site\/#\/schema\/person\/image\/","url":"https:\/\/secure.gravatar.com\/avatar\/9ecaf7327a696cb23ad926fedded5f1f04d7049de9e445375d55b48c001a6e42?s=96&d=mm&r=g","contentUrl":"https:\/\/secure.gravatar.com\/avatar\/9ecaf7327a696cb23ad926fedded5f1f04d7049de9e445375d55b48c001a6e42?s=96&d=mm&r=g","caption":"Reda\u00e7\u00e3o"},"url":"https:\/\/brasilnoticias.org\/site\/author\/henrique\/"}]}},"_links":{"self":[{"href":"https:\/\/brasilnoticias.org\/site\/wp-json\/wp\/v2\/posts\/15267","targetHints":{"allow":["GET"]}}],"collection":[{"href":"https:\/\/brasilnoticias.org\/site\/wp-json\/wp\/v2\/posts"}],"about":[{"href":"https:\/\/brasilnoticias.org\/site\/wp-json\/wp\/v2\/types\/post"}],"author":[{"embeddable":true,"href":"https:\/\/brasilnoticias.org\/site\/wp-json\/wp\/v2\/users\/4"}],"replies":[{"embeddable":true,"href":"https:\/\/brasilnoticias.org\/site\/wp-json\/wp\/v2\/comments?post=15267"}],"version-history":[{"count":1,"href":"https:\/\/brasilnoticias.org\/site\/wp-json\/wp\/v2\/posts\/15267\/revisions"}],"predecessor-version":[{"id":15269,"href":"https:\/\/brasilnoticias.org\/site\/wp-json\/wp\/v2\/posts\/15267\/revisions\/15269"}],"wp:featuredmedia":[{"embeddable":true,"href":"https:\/\/brasilnoticias.org\/site\/wp-json\/wp\/v2\/media\/15268"}],"wp:attachment":[{"href":"https:\/\/brasilnoticias.org\/site\/wp-json\/wp\/v2\/media?parent=15267"}],"wp:term":[{"taxonomy":"category","embeddable":true,"href":"https:\/\/brasilnoticias.org\/site\/wp-json\/wp\/v2\/categories?post=15267"},{"taxonomy":"post_tag","embeddable":true,"href":"https:\/\/brasilnoticias.org\/site\/wp-json\/wp\/v2\/tags?post=15267"}],"curies":[{"name":"wp","href":"https:\/\/api.w.org\/{rel}","templated":true}]}}