{"id":15273,"date":"2024-07-31T09:18:42","date_gmt":"2024-07-31T12:18:42","guid":{"rendered":"https:\/\/brasilnoticias.org\/site\/?p=15273"},"modified":"2024-07-31T09:18:42","modified_gmt":"2024-07-31T12:18:42","slug":"deputados-federais-baianos-estouram-verba-de-gabinete-referente-ao-1o-semestre-veja-ranking","status":"publish","type":"post","link":"https:\/\/brasilnoticias.org\/site\/deputados-federais-baianos-estouram-verba-de-gabinete-referente-ao-1o-semestre-veja-ranking\/","title":{"rendered":"Deputados federais baianos estouram verba de gabinete referente ao 1\u00ba semestre; veja ranking"},"content":{"rendered":"<p>Os gastos de boa parte dos deputados federais baianos parecem n\u00e3o estar t\u00e3o equilibrados quanto poderiam. De acordo com dados consultados pelo BNews junto ao portal da C\u00e2mara dos Deputados, dos 39 parlamentares baianos na Casa, 15 deles, ou 38,46%, quase estouraram a verba de gabinete referente ao primeiro semestre de 2024 \u2014 no caso, passaram de 99% em gastos com sal\u00e1rios de assessores entre janeiro de junho.<\/p>\n<p>Inscreva-se no canal do BNews no WhatsApp<\/p>\n<p>Atualmente, cada deputado tem R$ 125.478,70 por m\u00eas para pagar sal\u00e1rios de at\u00e9 25 secret\u00e1rios parlamentares que trabalham para o mandato, seja em Bras\u00edlia ou na Bahia. Eles s\u00e3o contratados diretamente pelos deputados, com sal\u00e1rios que variam entre R$ 1.492,60 e R$ 17.638,64.<\/p>\n<p>De acordo com o levantamento elaborado pelo BNews, no total, 37 dos 39 parlamentares baianos ultrapassaram 90% da utiliza\u00e7\u00e3o da verba de gabinete.<\/p>\n<p>Inclusive, o deputado federal Daniel Almeida (PCdoB) foi o que quase n\u00e3o se salvou no pente fino da reportagem. O parlamentar liderou o ranking dos \u201cgast\u00f5es\u201d, utilizando praticamente 100% das verbas de gabinete destinadas a ele \u2014 R$ 745.662,73 (99,99%).<\/p>\n<p>A segunda posi\u00e7\u00e3o ficou com Jos\u00e9 Rocha (Uni\u00e3o Brasil), que gastou R$ 745.095,61 (99.91%). Os deputados Charles Fernandes (PSD) e Capit\u00e3o Alden (PL) completam o p\u00f3dio com um empate t\u00e9cnico. Ambos usaram 99,89% da verba de gabinete, R$ 744.962,63 e R$ 744.959,59, respectivamente.<\/p>\n<p>No geral, apenas dois parlamentares baianos conseguiram ser mais \u201cecon\u00f4micos\u201d  em rela\u00e7\u00e3o aos demais quanto \u00e0 utiliza\u00e7\u00e3o dessas cifras, sequer alcan\u00e7ando os 90%. Foram eles: Paulo Magalh\u00e3es (PSD) \u2014 R$ 632.905,56 (84.87%) \u2014 e M\u00e1rcio Marinho (Republicanos) \u2014 com R$ 665.807,20 (89.28%).<\/p>\n<p>Confira abaixo a lista completa deputados federais baianos que ultrapassaram 99% dos gastos com verba de gabinete:<\/p>\n<p>Daniel Almeida (PCdoB) &#8211; R$ 745.662,73 (99.99%)<br \/>\nJos\u00e9 Rocha (Uni\u00e3o Brasil) &#8211; R$ 745.095,61 (99.91%)<br \/>\nCharles Fernandes (PSD) &#8211; R$ 744.962,63 (99.89%)<br \/>\nCapit\u00e3o Alden (PL) &#8211; R$ 744.959,59 (99.89%)<br \/>\nValmir Assun\u00e7\u00e3o (PT) &#8211; R$ 744.409,77 (99.82%)<br \/>\nOtto Alencar Filho (PSD) &#8211; R$ 743.957,10 (99.76%)<br \/>\nAlex Santana (Republicanos) &#8211; R$ 743.467,16 (99.69%)<br \/>\nJosias Gomes (PT) &#8211; R$ 742.756,88 (99.6%)<br \/>\nLeur Lomanto J\u00fanior (Uni\u00e3o Brasil) &#8211; R$ 742.604,51 (99.58%)<br \/>\nAntonio Brito (PSD) &#8211; R$ 741.948,21 (99.49%)<br \/>\nDal Barreto (Uni\u00e3o Brasil) &#8211; R$ 740.857,44 (99.34%)<br \/>\nRaimundo Costa (Podemos) &#8211; R$ 740.137,53 (99.24%)<br \/>\nRoberta Roma (PL) &#8211; R$ 739.665,37 (99.18%)<br \/>\nF\u00e9lix Mendon\u00e7a J\u00fanior (PDT) &#8211; R$ 739.524,53 (99.16%)<br \/>\nAlice Portugal (PCdoB) &#8211; R$ 738.765,88 (99.06%)<\/p>\n<p>Classifica\u00e7\u00e3o Indicativa: Livre<\/p>\n<p>Foto: C\u00e2mara dos Deputados \/ Arte: Thiago Teixeira<br \/>\nPor: Thiago Teixeira\/BNews<\/p>\n","protected":false},"excerpt":{"rendered":"<p>Os gastos de boa parte dos deputados federais baianos parecem n\u00e3o estar t\u00e3o equilibrados quanto poderiam. De acordo com dados<\/p>\n","protected":false},"author":4,"featured_media":15274,"comment_status":"open","ping_status":"open","sticky":false,"template":"","format":"standard","meta":{"colormag_page_container_layout":"default_layout","colormag_page_sidebar_layout":"default_layout","_FSMCFIC_featured_image_caption":"","_FSMCFIC_featured_image_nocaption":"","_FSMCFIC_featured_image_hide":"","footnotes":""},"categories":[5,1],"tags":[],"class_list":["post-15273","post","type-post","status-publish","format-standard","has-post-thumbnail","hentry","category-politica","category-ultimas"],"yoast_head":"<!-- This site is optimized with the Yoast SEO plugin v27.1.1 - https:\/\/yoast.com\/product\/yoast-seo-wordpress\/ -->\n<title>Deputados federais baianos estouram verba de gabinete referente ao 1\u00ba semestre; veja ranking - Brasil not\u00edcias<\/title>\n<meta name=\"robots\" content=\"index, follow, max-snippet:-1, max-image-preview:large, max-video-preview:-1\" \/>\n<link rel=\"canonical\" href=\"https:\/\/brasilnoticias.org\/site\/deputados-federais-baianos-estouram-verba-de-gabinete-referente-ao-1o-semestre-veja-ranking\/\" \/>\n<meta property=\"og:locale\" content=\"pt_PT\" \/>\n<meta property=\"og:type\" content=\"article\" \/>\n<meta property=\"og:title\" content=\"Deputados federais baianos estouram verba de gabinete referente ao 1\u00ba semestre; veja ranking - Brasil not\u00edcias\" \/>\n<meta property=\"og:description\" content=\"Os gastos de boa parte dos deputados federais baianos parecem n\u00e3o estar t\u00e3o equilibrados quanto poderiam. De acordo com dados\" \/>\n<meta property=\"og:url\" content=\"https:\/\/brasilnoticias.org\/site\/deputados-federais-baianos-estouram-verba-de-gabinete-referente-ao-1o-semestre-veja-ranking\/\" \/>\n<meta property=\"og:site_name\" content=\"Brasil not\u00edcias\" \/>\n<meta property=\"article:published_time\" content=\"2024-07-31T12:18:42+00:00\" \/>\n<meta property=\"og:image\" content=\"https:\/\/brasilnoticias.org\/site\/wp-content\/uploads\/2024\/07\/design_sem_nome_uxOwVzE_widelg.webp\" \/>\n\t<meta property=\"og:image:width\" content=\"800\" \/>\n\t<meta property=\"og:image:height\" content=\"450\" \/>\n\t<meta property=\"og:image:type\" content=\"image\/webp\" \/>\n<meta name=\"author\" content=\"Reda\u00e7\u00e3o\" \/>\n<meta name=\"twitter:card\" content=\"summary_large_image\" \/>\n<meta name=\"twitter:label1\" content=\"Escrito por\" \/>\n\t<meta name=\"twitter:data1\" content=\"Reda\u00e7\u00e3o\" \/>\n<script type=\"application\/ld+json\" class=\"yoast-schema-graph\">{\"@context\":\"https:\/\/schema.org\",\"@graph\":[{\"@type\":\"Article\",\"@id\":\"https:\/\/brasilnoticias.org\/site\/deputados-federais-baianos-estouram-verba-de-gabinete-referente-ao-1o-semestre-veja-ranking\/#article\",\"isPartOf\":{\"@id\":\"https:\/\/brasilnoticias.org\/site\/deputados-federais-baianos-estouram-verba-de-gabinete-referente-ao-1o-semestre-veja-ranking\/\"},\"author\":{\"name\":\"Reda\u00e7\u00e3o\",\"@id\":\"https:\/\/brasilnoticias.org\/site\/#\/schema\/person\/03bbbfe6c7634ad18c26444ea39049fa\"},\"headline\":\"Deputados federais baianos estouram verba de gabinete referente ao 1\u00ba semestre; veja ranking\",\"datePublished\":\"2024-07-31T12:18:42+00:00\",\"mainEntityOfPage\":{\"@id\":\"https:\/\/brasilnoticias.org\/site\/deputados-federais-baianos-estouram-verba-de-gabinete-referente-ao-1o-semestre-veja-ranking\/\"},\"wordCount\":393,\"commentCount\":0,\"publisher\":{\"@id\":\"https:\/\/brasilnoticias.org\/site\/#organization\"},\"image\":{\"@id\":\"https:\/\/brasilnoticias.org\/site\/deputados-federais-baianos-estouram-verba-de-gabinete-referente-ao-1o-semestre-veja-ranking\/#primaryimage\"},\"thumbnailUrl\":\"https:\/\/brasilnoticias.org\/site\/wp-content\/uploads\/2024\/07\/design_sem_nome_uxOwVzE_widelg.webp\",\"articleSection\":[\"Pol\u00edtica\",\"\u00daltimas\"],\"inLanguage\":\"pt-PT\",\"potentialAction\":[{\"@type\":\"CommentAction\",\"name\":\"Comment\",\"target\":[\"https:\/\/brasilnoticias.org\/site\/deputados-federais-baianos-estouram-verba-de-gabinete-referente-ao-1o-semestre-veja-ranking\/#respond\"]}]},{\"@type\":\"WebPage\",\"@id\":\"https:\/\/brasilnoticias.org\/site\/deputados-federais-baianos-estouram-verba-de-gabinete-referente-ao-1o-semestre-veja-ranking\/\",\"url\":\"https:\/\/brasilnoticias.org\/site\/deputados-federais-baianos-estouram-verba-de-gabinete-referente-ao-1o-semestre-veja-ranking\/\",\"name\":\"Deputados federais baianos estouram verba de gabinete referente ao 1\u00ba semestre; veja ranking - Brasil not\u00edcias\",\"isPartOf\":{\"@id\":\"https:\/\/brasilnoticias.org\/site\/#website\"},\"primaryImageOfPage\":{\"@id\":\"https:\/\/brasilnoticias.org\/site\/deputados-federais-baianos-estouram-verba-de-gabinete-referente-ao-1o-semestre-veja-ranking\/#primaryimage\"},\"image\":{\"@id\":\"https:\/\/brasilnoticias.org\/site\/deputados-federais-baianos-estouram-verba-de-gabinete-referente-ao-1o-semestre-veja-ranking\/#primaryimage\"},\"thumbnailUrl\":\"https:\/\/brasilnoticias.org\/site\/wp-content\/uploads\/2024\/07\/design_sem_nome_uxOwVzE_widelg.webp\",\"datePublished\":\"2024-07-31T12:18:42+00:00\",\"breadcrumb\":{\"@id\":\"https:\/\/brasilnoticias.org\/site\/deputados-federais-baianos-estouram-verba-de-gabinete-referente-ao-1o-semestre-veja-ranking\/#breadcrumb\"},\"inLanguage\":\"pt-PT\",\"potentialAction\":[{\"@type\":\"ReadAction\",\"target\":[\"https:\/\/brasilnoticias.org\/site\/deputados-federais-baianos-estouram-verba-de-gabinete-referente-ao-1o-semestre-veja-ranking\/\"]}]},{\"@type\":\"ImageObject\",\"inLanguage\":\"pt-PT\",\"@id\":\"https:\/\/brasilnoticias.org\/site\/deputados-federais-baianos-estouram-verba-de-gabinete-referente-ao-1o-semestre-veja-ranking\/#primaryimage\",\"url\":\"https:\/\/brasilnoticias.org\/site\/wp-content\/uploads\/2024\/07\/design_sem_nome_uxOwVzE_widelg.webp\",\"contentUrl\":\"https:\/\/brasilnoticias.org\/site\/wp-content\/uploads\/2024\/07\/design_sem_nome_uxOwVzE_widelg.webp\",\"width\":800,\"height\":450},{\"@type\":\"BreadcrumbList\",\"@id\":\"https:\/\/brasilnoticias.org\/site\/deputados-federais-baianos-estouram-verba-de-gabinete-referente-ao-1o-semestre-veja-ranking\/#breadcrumb\",\"itemListElement\":[{\"@type\":\"ListItem\",\"position\":1,\"name\":\"In\u00edcio\",\"item\":\"https:\/\/brasilnoticias.org\/site\/\"},{\"@type\":\"ListItem\",\"position\":2,\"name\":\"Deputados federais baianos estouram verba de gabinete referente ao 1\u00ba semestre; veja ranking\"}]},{\"@type\":\"WebSite\",\"@id\":\"https:\/\/brasilnoticias.org\/site\/#website\",\"url\":\"https:\/\/brasilnoticias.org\/site\/\",\"name\":\"Brasil not\u00edcias\",\"description\":\"Brasil not\u00edcias\",\"publisher\":{\"@id\":\"https:\/\/brasilnoticias.org\/site\/#organization\"},\"potentialAction\":[{\"@type\":\"SearchAction\",\"target\":{\"@type\":\"EntryPoint\",\"urlTemplate\":\"https:\/\/brasilnoticias.org\/site\/?s={search_term_string}\"},\"query-input\":{\"@type\":\"PropertyValueSpecification\",\"valueRequired\":true,\"valueName\":\"search_term_string\"}}],\"inLanguage\":\"pt-PT\"},{\"@type\":\"Organization\",\"@id\":\"https:\/\/brasilnoticias.org\/site\/#organization\",\"name\":\"Brasil not\u00edcias\",\"url\":\"https:\/\/brasilnoticias.org\/site\/\",\"logo\":{\"@type\":\"ImageObject\",\"inLanguage\":\"pt-PT\",\"@id\":\"https:\/\/brasilnoticias.org\/site\/#\/schema\/logo\/image\/\",\"url\":\"https:\/\/brasilnoticias.org\/site\/wp-content\/uploads\/2022\/05\/cropped-brasilnoticias-mini.jpg\",\"contentUrl\":\"https:\/\/brasilnoticias.org\/site\/wp-content\/uploads\/2022\/05\/cropped-brasilnoticias-mini.jpg\",\"width\":314,\"height\":86,\"caption\":\"Brasil not\u00edcias\"},\"image\":{\"@id\":\"https:\/\/brasilnoticias.org\/site\/#\/schema\/logo\/image\/\"}},{\"@type\":\"Person\",\"@id\":\"https:\/\/brasilnoticias.org\/site\/#\/schema\/person\/03bbbfe6c7634ad18c26444ea39049fa\",\"name\":\"Reda\u00e7\u00e3o\",\"image\":{\"@type\":\"ImageObject\",\"inLanguage\":\"pt-PT\",\"@id\":\"https:\/\/brasilnoticias.org\/site\/#\/schema\/person\/image\/\",\"url\":\"https:\/\/secure.gravatar.com\/avatar\/9ecaf7327a696cb23ad926fedded5f1f04d7049de9e445375d55b48c001a6e42?s=96&d=mm&r=g\",\"contentUrl\":\"https:\/\/secure.gravatar.com\/avatar\/9ecaf7327a696cb23ad926fedded5f1f04d7049de9e445375d55b48c001a6e42?s=96&d=mm&r=g\",\"caption\":\"Reda\u00e7\u00e3o\"},\"url\":\"https:\/\/brasilnoticias.org\/site\/author\/henrique\/\"}]}<\/script>\n<!-- \/ Yoast SEO plugin. -->","yoast_head_json":{"title":"Deputados federais baianos estouram verba de gabinete referente ao 1\u00ba semestre; veja ranking - Brasil not\u00edcias","robots":{"index":"index","follow":"follow","max-snippet":"max-snippet:-1","max-image-preview":"max-image-preview:large","max-video-preview":"max-video-preview:-1"},"canonical":"https:\/\/brasilnoticias.org\/site\/deputados-federais-baianos-estouram-verba-de-gabinete-referente-ao-1o-semestre-veja-ranking\/","og_locale":"pt_PT","og_type":"article","og_title":"Deputados federais baianos estouram verba de gabinete referente ao 1\u00ba semestre; veja ranking - Brasil not\u00edcias","og_description":"Os gastos de boa parte dos deputados federais baianos parecem n\u00e3o estar t\u00e3o equilibrados quanto poderiam. De acordo com dados","og_url":"https:\/\/brasilnoticias.org\/site\/deputados-federais-baianos-estouram-verba-de-gabinete-referente-ao-1o-semestre-veja-ranking\/","og_site_name":"Brasil not\u00edcias","article_published_time":"2024-07-31T12:18:42+00:00","og_image":[{"width":800,"height":450,"url":"https:\/\/brasilnoticias.org\/site\/wp-content\/uploads\/2024\/07\/design_sem_nome_uxOwVzE_widelg.webp","type":"image\/webp"}],"author":"Reda\u00e7\u00e3o","twitter_card":"summary_large_image","twitter_misc":{"Escrito por":"Reda\u00e7\u00e3o"},"schema":{"@context":"https:\/\/schema.org","@graph":[{"@type":"Article","@id":"https:\/\/brasilnoticias.org\/site\/deputados-federais-baianos-estouram-verba-de-gabinete-referente-ao-1o-semestre-veja-ranking\/#article","isPartOf":{"@id":"https:\/\/brasilnoticias.org\/site\/deputados-federais-baianos-estouram-verba-de-gabinete-referente-ao-1o-semestre-veja-ranking\/"},"author":{"name":"Reda\u00e7\u00e3o","@id":"https:\/\/brasilnoticias.org\/site\/#\/schema\/person\/03bbbfe6c7634ad18c26444ea39049fa"},"headline":"Deputados federais baianos estouram verba de gabinete referente ao 1\u00ba semestre; veja ranking","datePublished":"2024-07-31T12:18:42+00:00","mainEntityOfPage":{"@id":"https:\/\/brasilnoticias.org\/site\/deputados-federais-baianos-estouram-verba-de-gabinete-referente-ao-1o-semestre-veja-ranking\/"},"wordCount":393,"commentCount":0,"publisher":{"@id":"https:\/\/brasilnoticias.org\/site\/#organization"},"image":{"@id":"https:\/\/brasilnoticias.org\/site\/deputados-federais-baianos-estouram-verba-de-gabinete-referente-ao-1o-semestre-veja-ranking\/#primaryimage"},"thumbnailUrl":"https:\/\/brasilnoticias.org\/site\/wp-content\/uploads\/2024\/07\/design_sem_nome_uxOwVzE_widelg.webp","articleSection":["Pol\u00edtica","\u00daltimas"],"inLanguage":"pt-PT","potentialAction":[{"@type":"CommentAction","name":"Comment","target":["https:\/\/brasilnoticias.org\/site\/deputados-federais-baianos-estouram-verba-de-gabinete-referente-ao-1o-semestre-veja-ranking\/#respond"]}]},{"@type":"WebPage","@id":"https:\/\/brasilnoticias.org\/site\/deputados-federais-baianos-estouram-verba-de-gabinete-referente-ao-1o-semestre-veja-ranking\/","url":"https:\/\/brasilnoticias.org\/site\/deputados-federais-baianos-estouram-verba-de-gabinete-referente-ao-1o-semestre-veja-ranking\/","name":"Deputados federais baianos estouram verba de gabinete referente ao 1\u00ba semestre; veja ranking - Brasil not\u00edcias","isPartOf":{"@id":"https:\/\/brasilnoticias.org\/site\/#website"},"primaryImageOfPage":{"@id":"https:\/\/brasilnoticias.org\/site\/deputados-federais-baianos-estouram-verba-de-gabinete-referente-ao-1o-semestre-veja-ranking\/#primaryimage"},"image":{"@id":"https:\/\/brasilnoticias.org\/site\/deputados-federais-baianos-estouram-verba-de-gabinete-referente-ao-1o-semestre-veja-ranking\/#primaryimage"},"thumbnailUrl":"https:\/\/brasilnoticias.org\/site\/wp-content\/uploads\/2024\/07\/design_sem_nome_uxOwVzE_widelg.webp","datePublished":"2024-07-31T12:18:42+00:00","breadcrumb":{"@id":"https:\/\/brasilnoticias.org\/site\/deputados-federais-baianos-estouram-verba-de-gabinete-referente-ao-1o-semestre-veja-ranking\/#breadcrumb"},"inLanguage":"pt-PT","potentialAction":[{"@type":"ReadAction","target":["https:\/\/brasilnoticias.org\/site\/deputados-federais-baianos-estouram-verba-de-gabinete-referente-ao-1o-semestre-veja-ranking\/"]}]},{"@type":"ImageObject","inLanguage":"pt-PT","@id":"https:\/\/brasilnoticias.org\/site\/deputados-federais-baianos-estouram-verba-de-gabinete-referente-ao-1o-semestre-veja-ranking\/#primaryimage","url":"https:\/\/brasilnoticias.org\/site\/wp-content\/uploads\/2024\/07\/design_sem_nome_uxOwVzE_widelg.webp","contentUrl":"https:\/\/brasilnoticias.org\/site\/wp-content\/uploads\/2024\/07\/design_sem_nome_uxOwVzE_widelg.webp","width":800,"height":450},{"@type":"BreadcrumbList","@id":"https:\/\/brasilnoticias.org\/site\/deputados-federais-baianos-estouram-verba-de-gabinete-referente-ao-1o-semestre-veja-ranking\/#breadcrumb","itemListElement":[{"@type":"ListItem","position":1,"name":"In\u00edcio","item":"https:\/\/brasilnoticias.org\/site\/"},{"@type":"ListItem","position":2,"name":"Deputados federais baianos estouram verba de gabinete referente ao 1\u00ba semestre; veja ranking"}]},{"@type":"WebSite","@id":"https:\/\/brasilnoticias.org\/site\/#website","url":"https:\/\/brasilnoticias.org\/site\/","name":"Brasil not\u00edcias","description":"Brasil not\u00edcias","publisher":{"@id":"https:\/\/brasilnoticias.org\/site\/#organization"},"potentialAction":[{"@type":"SearchAction","target":{"@type":"EntryPoint","urlTemplate":"https:\/\/brasilnoticias.org\/site\/?s={search_term_string}"},"query-input":{"@type":"PropertyValueSpecification","valueRequired":true,"valueName":"search_term_string"}}],"inLanguage":"pt-PT"},{"@type":"Organization","@id":"https:\/\/brasilnoticias.org\/site\/#organization","name":"Brasil not\u00edcias","url":"https:\/\/brasilnoticias.org\/site\/","logo":{"@type":"ImageObject","inLanguage":"pt-PT","@id":"https:\/\/brasilnoticias.org\/site\/#\/schema\/logo\/image\/","url":"https:\/\/brasilnoticias.org\/site\/wp-content\/uploads\/2022\/05\/cropped-brasilnoticias-mini.jpg","contentUrl":"https:\/\/brasilnoticias.org\/site\/wp-content\/uploads\/2022\/05\/cropped-brasilnoticias-mini.jpg","width":314,"height":86,"caption":"Brasil not\u00edcias"},"image":{"@id":"https:\/\/brasilnoticias.org\/site\/#\/schema\/logo\/image\/"}},{"@type":"Person","@id":"https:\/\/brasilnoticias.org\/site\/#\/schema\/person\/03bbbfe6c7634ad18c26444ea39049fa","name":"Reda\u00e7\u00e3o","image":{"@type":"ImageObject","inLanguage":"pt-PT","@id":"https:\/\/brasilnoticias.org\/site\/#\/schema\/person\/image\/","url":"https:\/\/secure.gravatar.com\/avatar\/9ecaf7327a696cb23ad926fedded5f1f04d7049de9e445375d55b48c001a6e42?s=96&d=mm&r=g","contentUrl":"https:\/\/secure.gravatar.com\/avatar\/9ecaf7327a696cb23ad926fedded5f1f04d7049de9e445375d55b48c001a6e42?s=96&d=mm&r=g","caption":"Reda\u00e7\u00e3o"},"url":"https:\/\/brasilnoticias.org\/site\/author\/henrique\/"}]}},"_links":{"self":[{"href":"https:\/\/brasilnoticias.org\/site\/wp-json\/wp\/v2\/posts\/15273","targetHints":{"allow":["GET"]}}],"collection":[{"href":"https:\/\/brasilnoticias.org\/site\/wp-json\/wp\/v2\/posts"}],"about":[{"href":"https:\/\/brasilnoticias.org\/site\/wp-json\/wp\/v2\/types\/post"}],"author":[{"embeddable":true,"href":"https:\/\/brasilnoticias.org\/site\/wp-json\/wp\/v2\/users\/4"}],"replies":[{"embeddable":true,"href":"https:\/\/brasilnoticias.org\/site\/wp-json\/wp\/v2\/comments?post=15273"}],"version-history":[{"count":1,"href":"https:\/\/brasilnoticias.org\/site\/wp-json\/wp\/v2\/posts\/15273\/revisions"}],"predecessor-version":[{"id":15275,"href":"https:\/\/brasilnoticias.org\/site\/wp-json\/wp\/v2\/posts\/15273\/revisions\/15275"}],"wp:featuredmedia":[{"embeddable":true,"href":"https:\/\/brasilnoticias.org\/site\/wp-json\/wp\/v2\/media\/15274"}],"wp:attachment":[{"href":"https:\/\/brasilnoticias.org\/site\/wp-json\/wp\/v2\/media?parent=15273"}],"wp:term":[{"taxonomy":"category","embeddable":true,"href":"https:\/\/brasilnoticias.org\/site\/wp-json\/wp\/v2\/categories?post=15273"},{"taxonomy":"post_tag","embeddable":true,"href":"https:\/\/brasilnoticias.org\/site\/wp-json\/wp\/v2\/tags?post=15273"}],"curies":[{"name":"wp","href":"https:\/\/api.w.org\/{rel}","templated":true}]}}