{"id":15282,"date":"2024-07-31T19:09:14","date_gmt":"2024-07-31T22:09:14","guid":{"rendered":"https:\/\/brasilnoticias.org\/site\/?p=15282"},"modified":"2024-07-31T19:09:14","modified_gmt":"2024-07-31T22:09:14","slug":"kamala-harris-sera-unica-candidata-indicada-em-convencao-dos-democratas","status":"publish","type":"post","link":"https:\/\/brasilnoticias.org\/site\/kamala-harris-sera-unica-candidata-indicada-em-convencao-dos-democratas\/","title":{"rendered":"Kamala Harris ser\u00e1 \u00fanica candidata indicada em Conven\u00e7\u00e3o dos Democratas"},"content":{"rendered":"<p>Candidatura ser\u00e1 oficializada em vota\u00e7\u00e3o virtual entre 1\u00ba e 5 de agosto]<\/p>\n<p>Partido Democrata norte-amertricano indicar\u00e1 apenas uma representante \u00e0 presid\u00eancia: a atual vice Kamala Harris. A candidatura ser\u00e1 oficializada em vota\u00e7\u00e3o virtual entre 1\u00ba e 5 de agosto, mas 99% dos delegados j\u00e1 assinaram a peti\u00e7\u00e3o de nomea\u00e7\u00e3o de Harris, segundo o CND (Comit\u00ea Nacional Democrata) nesta ter\u00e7a-feira (30).<\/p>\n<p>Quando Kamala Harris chegou ao Senado no in\u00edcio de 2017, ela era apenas a sexta pessoa negra a ganhar a elei\u00e7\u00e3o. Na \u00faltima segunda-feira, Kamala fez um discurso em um evento de campanha e afirmou: &#8220;Enfrentei criminosos de todos os tipos: predadores que abusaram de mulheres, fraudadores que enganaram consumidores, trapaceiros que quebraram as regras para seu pr\u00f3prio benef\u00edcio. Ent\u00e3o, ou\u00e7am-me quando digo: eu conhe\u00e7o o tipo de Donald Trump.&#8221;<\/p>\n<p>Logo ap\u00f3s a desist\u00eancia da Biden pela corrida eleitoral, Kamala recebeu apoio do presidente pela nomea\u00e7\u00e3o. A expectativa \u00e9 que um candidato a vice-presidente na chapa Democrata seja anunciado na segunda (5). Assim, na ter\u00e7a-feira (6) ela far\u00e1 o com\u00edcio com a pessoa escolhida na Filad\u00e9lfia, segundo fontes ouvidas pela Reuters.<\/p>\n<p><strong>Foto: Lawrence Jackson\/Flickr Biden<br \/>\nPor: Metro1<\/strong><\/p>\n","protected":false},"excerpt":{"rendered":"<p>Candidatura ser\u00e1 oficializada em vota\u00e7\u00e3o virtual entre 1\u00ba e 5 de agosto] Partido Democrata norte-amertricano indicar\u00e1 apenas uma representante \u00e0<\/p>\n","protected":false},"author":4,"featured_media":15283,"comment_status":"open","ping_status":"open","sticky":false,"template":"","format":"standard","meta":{"colormag_page_container_layout":"default_layout","colormag_page_sidebar_layout":"default_layout","_FSMCFIC_featured_image_caption":"","_FSMCFIC_featured_image_nocaption":"","_FSMCFIC_featured_image_hide":"","footnotes":""},"categories":[6,1],"tags":[],"class_list":["post-15282","post","type-post","status-publish","format-standard","has-post-thumbnail","hentry","category-mundo","category-ultimas"],"yoast_head":"<!-- This site is optimized with the Yoast SEO plugin v27.1.1 - https:\/\/yoast.com\/product\/yoast-seo-wordpress\/ -->\n<title>Kamala Harris ser\u00e1 \u00fanica candidata indicada em Conven\u00e7\u00e3o dos Democratas - Brasil not\u00edcias<\/title>\n<meta name=\"robots\" content=\"index, follow, max-snippet:-1, max-image-preview:large, max-video-preview:-1\" \/>\n<link rel=\"canonical\" href=\"https:\/\/brasilnoticias.org\/site\/kamala-harris-sera-unica-candidata-indicada-em-convencao-dos-democratas\/\" \/>\n<meta property=\"og:locale\" content=\"pt_PT\" \/>\n<meta property=\"og:type\" content=\"article\" \/>\n<meta property=\"og:title\" content=\"Kamala Harris ser\u00e1 \u00fanica candidata indicada em Conven\u00e7\u00e3o dos Democratas - Brasil not\u00edcias\" \/>\n<meta property=\"og:description\" content=\"Candidatura ser\u00e1 oficializada em vota\u00e7\u00e3o virtual entre 1\u00ba e 5 de agosto] Partido Democrata norte-amertricano indicar\u00e1 apenas uma representante \u00e0\" \/>\n<meta property=\"og:url\" content=\"https:\/\/brasilnoticias.org\/site\/kamala-harris-sera-unica-candidata-indicada-em-convencao-dos-democratas\/\" \/>\n<meta property=\"og:site_name\" content=\"Brasil not\u00edcias\" \/>\n<meta property=\"article:published_time\" content=\"2024-07-31T22:09:14+00:00\" \/>\n<meta property=\"og:image\" content=\"https:\/\/brasilnoticias.org\/site\/wp-content\/uploads\/2024\/07\/153492kamala-harris-sera-unica-candidata-indicada-em-convencao-dos-democratas-3.jpg\" \/>\n\t<meta property=\"og:image:width\" content=\"1600\" \/>\n\t<meta property=\"og:image:height\" content=\"752\" \/>\n\t<meta property=\"og:image:type\" content=\"image\/jpeg\" \/>\n<meta name=\"author\" content=\"Reda\u00e7\u00e3o\" \/>\n<meta name=\"twitter:card\" content=\"summary_large_image\" \/>\n<meta name=\"twitter:label1\" content=\"Escrito por\" \/>\n\t<meta name=\"twitter:data1\" content=\"Reda\u00e7\u00e3o\" \/>\n\t<meta name=\"twitter:label2\" content=\"Tempo estimado de leitura\" \/>\n\t<meta name=\"twitter:data2\" content=\"1 minuto\" \/>\n<script type=\"application\/ld+json\" class=\"yoast-schema-graph\">{\"@context\":\"https:\/\/schema.org\",\"@graph\":[{\"@type\":\"Article\",\"@id\":\"https:\/\/brasilnoticias.org\/site\/kamala-harris-sera-unica-candidata-indicada-em-convencao-dos-democratas\/#article\",\"isPartOf\":{\"@id\":\"https:\/\/brasilnoticias.org\/site\/kamala-harris-sera-unica-candidata-indicada-em-convencao-dos-democratas\/\"},\"author\":{\"name\":\"Reda\u00e7\u00e3o\",\"@id\":\"https:\/\/brasilnoticias.org\/site\/#\/schema\/person\/03bbbfe6c7634ad18c26444ea39049fa\"},\"headline\":\"Kamala Harris ser\u00e1 \u00fanica candidata indicada em Conven\u00e7\u00e3o dos Democratas\",\"datePublished\":\"2024-07-31T22:09:14+00:00\",\"mainEntityOfPage\":{\"@id\":\"https:\/\/brasilnoticias.org\/site\/kamala-harris-sera-unica-candidata-indicada-em-convencao-dos-democratas\/\"},\"wordCount\":207,\"commentCount\":0,\"publisher\":{\"@id\":\"https:\/\/brasilnoticias.org\/site\/#organization\"},\"image\":{\"@id\":\"https:\/\/brasilnoticias.org\/site\/kamala-harris-sera-unica-candidata-indicada-em-convencao-dos-democratas\/#primaryimage\"},\"thumbnailUrl\":\"https:\/\/brasilnoticias.org\/site\/wp-content\/uploads\/2024\/07\/153492kamala-harris-sera-unica-candidata-indicada-em-convencao-dos-democratas-3.jpg\",\"articleSection\":[\"Mundo\",\"\u00daltimas\"],\"inLanguage\":\"pt-PT\",\"potentialAction\":[{\"@type\":\"CommentAction\",\"name\":\"Comment\",\"target\":[\"https:\/\/brasilnoticias.org\/site\/kamala-harris-sera-unica-candidata-indicada-em-convencao-dos-democratas\/#respond\"]}]},{\"@type\":\"WebPage\",\"@id\":\"https:\/\/brasilnoticias.org\/site\/kamala-harris-sera-unica-candidata-indicada-em-convencao-dos-democratas\/\",\"url\":\"https:\/\/brasilnoticias.org\/site\/kamala-harris-sera-unica-candidata-indicada-em-convencao-dos-democratas\/\",\"name\":\"Kamala Harris ser\u00e1 \u00fanica candidata indicada em Conven\u00e7\u00e3o dos Democratas - Brasil not\u00edcias\",\"isPartOf\":{\"@id\":\"https:\/\/brasilnoticias.org\/site\/#website\"},\"primaryImageOfPage\":{\"@id\":\"https:\/\/brasilnoticias.org\/site\/kamala-harris-sera-unica-candidata-indicada-em-convencao-dos-democratas\/#primaryimage\"},\"image\":{\"@id\":\"https:\/\/brasilnoticias.org\/site\/kamala-harris-sera-unica-candidata-indicada-em-convencao-dos-democratas\/#primaryimage\"},\"thumbnailUrl\":\"https:\/\/brasilnoticias.org\/site\/wp-content\/uploads\/2024\/07\/153492kamala-harris-sera-unica-candidata-indicada-em-convencao-dos-democratas-3.jpg\",\"datePublished\":\"2024-07-31T22:09:14+00:00\",\"breadcrumb\":{\"@id\":\"https:\/\/brasilnoticias.org\/site\/kamala-harris-sera-unica-candidata-indicada-em-convencao-dos-democratas\/#breadcrumb\"},\"inLanguage\":\"pt-PT\",\"potentialAction\":[{\"@type\":\"ReadAction\",\"target\":[\"https:\/\/brasilnoticias.org\/site\/kamala-harris-sera-unica-candidata-indicada-em-convencao-dos-democratas\/\"]}]},{\"@type\":\"ImageObject\",\"inLanguage\":\"pt-PT\",\"@id\":\"https:\/\/brasilnoticias.org\/site\/kamala-harris-sera-unica-candidata-indicada-em-convencao-dos-democratas\/#primaryimage\",\"url\":\"https:\/\/brasilnoticias.org\/site\/wp-content\/uploads\/2024\/07\/153492kamala-harris-sera-unica-candidata-indicada-em-convencao-dos-democratas-3.jpg\",\"contentUrl\":\"https:\/\/brasilnoticias.org\/site\/wp-content\/uploads\/2024\/07\/153492kamala-harris-sera-unica-candidata-indicada-em-convencao-dos-democratas-3.jpg\",\"width\":1600,\"height\":752},{\"@type\":\"BreadcrumbList\",\"@id\":\"https:\/\/brasilnoticias.org\/site\/kamala-harris-sera-unica-candidata-indicada-em-convencao-dos-democratas\/#breadcrumb\",\"itemListElement\":[{\"@type\":\"ListItem\",\"position\":1,\"name\":\"In\u00edcio\",\"item\":\"https:\/\/brasilnoticias.org\/site\/\"},{\"@type\":\"ListItem\",\"position\":2,\"name\":\"Kamala Harris ser\u00e1 \u00fanica candidata indicada em Conven\u00e7\u00e3o dos Democratas\"}]},{\"@type\":\"WebSite\",\"@id\":\"https:\/\/brasilnoticias.org\/site\/#website\",\"url\":\"https:\/\/brasilnoticias.org\/site\/\",\"name\":\"Brasil not\u00edcias\",\"description\":\"Brasil not\u00edcias\",\"publisher\":{\"@id\":\"https:\/\/brasilnoticias.org\/site\/#organization\"},\"potentialAction\":[{\"@type\":\"SearchAction\",\"target\":{\"@type\":\"EntryPoint\",\"urlTemplate\":\"https:\/\/brasilnoticias.org\/site\/?s={search_term_string}\"},\"query-input\":{\"@type\":\"PropertyValueSpecification\",\"valueRequired\":true,\"valueName\":\"search_term_string\"}}],\"inLanguage\":\"pt-PT\"},{\"@type\":\"Organization\",\"@id\":\"https:\/\/brasilnoticias.org\/site\/#organization\",\"name\":\"Brasil not\u00edcias\",\"url\":\"https:\/\/brasilnoticias.org\/site\/\",\"logo\":{\"@type\":\"ImageObject\",\"inLanguage\":\"pt-PT\",\"@id\":\"https:\/\/brasilnoticias.org\/site\/#\/schema\/logo\/image\/\",\"url\":\"https:\/\/brasilnoticias.org\/site\/wp-content\/uploads\/2022\/05\/cropped-brasilnoticias-mini.jpg\",\"contentUrl\":\"https:\/\/brasilnoticias.org\/site\/wp-content\/uploads\/2022\/05\/cropped-brasilnoticias-mini.jpg\",\"width\":314,\"height\":86,\"caption\":\"Brasil not\u00edcias\"},\"image\":{\"@id\":\"https:\/\/brasilnoticias.org\/site\/#\/schema\/logo\/image\/\"}},{\"@type\":\"Person\",\"@id\":\"https:\/\/brasilnoticias.org\/site\/#\/schema\/person\/03bbbfe6c7634ad18c26444ea39049fa\",\"name\":\"Reda\u00e7\u00e3o\",\"image\":{\"@type\":\"ImageObject\",\"inLanguage\":\"pt-PT\",\"@id\":\"https:\/\/brasilnoticias.org\/site\/#\/schema\/person\/image\/\",\"url\":\"https:\/\/secure.gravatar.com\/avatar\/9ecaf7327a696cb23ad926fedded5f1f04d7049de9e445375d55b48c001a6e42?s=96&d=mm&r=g\",\"contentUrl\":\"https:\/\/secure.gravatar.com\/avatar\/9ecaf7327a696cb23ad926fedded5f1f04d7049de9e445375d55b48c001a6e42?s=96&d=mm&r=g\",\"caption\":\"Reda\u00e7\u00e3o\"},\"url\":\"https:\/\/brasilnoticias.org\/site\/author\/henrique\/\"}]}<\/script>\n<!-- \/ Yoast SEO plugin. -->","yoast_head_json":{"title":"Kamala Harris ser\u00e1 \u00fanica candidata indicada em Conven\u00e7\u00e3o dos Democratas - Brasil not\u00edcias","robots":{"index":"index","follow":"follow","max-snippet":"max-snippet:-1","max-image-preview":"max-image-preview:large","max-video-preview":"max-video-preview:-1"},"canonical":"https:\/\/brasilnoticias.org\/site\/kamala-harris-sera-unica-candidata-indicada-em-convencao-dos-democratas\/","og_locale":"pt_PT","og_type":"article","og_title":"Kamala Harris ser\u00e1 \u00fanica candidata indicada em Conven\u00e7\u00e3o dos Democratas - Brasil not\u00edcias","og_description":"Candidatura ser\u00e1 oficializada em vota\u00e7\u00e3o virtual entre 1\u00ba e 5 de agosto] Partido Democrata norte-amertricano indicar\u00e1 apenas uma representante \u00e0","og_url":"https:\/\/brasilnoticias.org\/site\/kamala-harris-sera-unica-candidata-indicada-em-convencao-dos-democratas\/","og_site_name":"Brasil not\u00edcias","article_published_time":"2024-07-31T22:09:14+00:00","og_image":[{"width":1600,"height":752,"url":"https:\/\/brasilnoticias.org\/site\/wp-content\/uploads\/2024\/07\/153492kamala-harris-sera-unica-candidata-indicada-em-convencao-dos-democratas-3.jpg","type":"image\/jpeg"}],"author":"Reda\u00e7\u00e3o","twitter_card":"summary_large_image","twitter_misc":{"Escrito por":"Reda\u00e7\u00e3o","Tempo estimado de leitura":"1 minuto"},"schema":{"@context":"https:\/\/schema.org","@graph":[{"@type":"Article","@id":"https:\/\/brasilnoticias.org\/site\/kamala-harris-sera-unica-candidata-indicada-em-convencao-dos-democratas\/#article","isPartOf":{"@id":"https:\/\/brasilnoticias.org\/site\/kamala-harris-sera-unica-candidata-indicada-em-convencao-dos-democratas\/"},"author":{"name":"Reda\u00e7\u00e3o","@id":"https:\/\/brasilnoticias.org\/site\/#\/schema\/person\/03bbbfe6c7634ad18c26444ea39049fa"},"headline":"Kamala Harris ser\u00e1 \u00fanica candidata indicada em Conven\u00e7\u00e3o dos Democratas","datePublished":"2024-07-31T22:09:14+00:00","mainEntityOfPage":{"@id":"https:\/\/brasilnoticias.org\/site\/kamala-harris-sera-unica-candidata-indicada-em-convencao-dos-democratas\/"},"wordCount":207,"commentCount":0,"publisher":{"@id":"https:\/\/brasilnoticias.org\/site\/#organization"},"image":{"@id":"https:\/\/brasilnoticias.org\/site\/kamala-harris-sera-unica-candidata-indicada-em-convencao-dos-democratas\/#primaryimage"},"thumbnailUrl":"https:\/\/brasilnoticias.org\/site\/wp-content\/uploads\/2024\/07\/153492kamala-harris-sera-unica-candidata-indicada-em-convencao-dos-democratas-3.jpg","articleSection":["Mundo","\u00daltimas"],"inLanguage":"pt-PT","potentialAction":[{"@type":"CommentAction","name":"Comment","target":["https:\/\/brasilnoticias.org\/site\/kamala-harris-sera-unica-candidata-indicada-em-convencao-dos-democratas\/#respond"]}]},{"@type":"WebPage","@id":"https:\/\/brasilnoticias.org\/site\/kamala-harris-sera-unica-candidata-indicada-em-convencao-dos-democratas\/","url":"https:\/\/brasilnoticias.org\/site\/kamala-harris-sera-unica-candidata-indicada-em-convencao-dos-democratas\/","name":"Kamala Harris ser\u00e1 \u00fanica candidata indicada em Conven\u00e7\u00e3o dos Democratas - Brasil not\u00edcias","isPartOf":{"@id":"https:\/\/brasilnoticias.org\/site\/#website"},"primaryImageOfPage":{"@id":"https:\/\/brasilnoticias.org\/site\/kamala-harris-sera-unica-candidata-indicada-em-convencao-dos-democratas\/#primaryimage"},"image":{"@id":"https:\/\/brasilnoticias.org\/site\/kamala-harris-sera-unica-candidata-indicada-em-convencao-dos-democratas\/#primaryimage"},"thumbnailUrl":"https:\/\/brasilnoticias.org\/site\/wp-content\/uploads\/2024\/07\/153492kamala-harris-sera-unica-candidata-indicada-em-convencao-dos-democratas-3.jpg","datePublished":"2024-07-31T22:09:14+00:00","breadcrumb":{"@id":"https:\/\/brasilnoticias.org\/site\/kamala-harris-sera-unica-candidata-indicada-em-convencao-dos-democratas\/#breadcrumb"},"inLanguage":"pt-PT","potentialAction":[{"@type":"ReadAction","target":["https:\/\/brasilnoticias.org\/site\/kamala-harris-sera-unica-candidata-indicada-em-convencao-dos-democratas\/"]}]},{"@type":"ImageObject","inLanguage":"pt-PT","@id":"https:\/\/brasilnoticias.org\/site\/kamala-harris-sera-unica-candidata-indicada-em-convencao-dos-democratas\/#primaryimage","url":"https:\/\/brasilnoticias.org\/site\/wp-content\/uploads\/2024\/07\/153492kamala-harris-sera-unica-candidata-indicada-em-convencao-dos-democratas-3.jpg","contentUrl":"https:\/\/brasilnoticias.org\/site\/wp-content\/uploads\/2024\/07\/153492kamala-harris-sera-unica-candidata-indicada-em-convencao-dos-democratas-3.jpg","width":1600,"height":752},{"@type":"BreadcrumbList","@id":"https:\/\/brasilnoticias.org\/site\/kamala-harris-sera-unica-candidata-indicada-em-convencao-dos-democratas\/#breadcrumb","itemListElement":[{"@type":"ListItem","position":1,"name":"In\u00edcio","item":"https:\/\/brasilnoticias.org\/site\/"},{"@type":"ListItem","position":2,"name":"Kamala Harris ser\u00e1 \u00fanica candidata indicada em Conven\u00e7\u00e3o dos Democratas"}]},{"@type":"WebSite","@id":"https:\/\/brasilnoticias.org\/site\/#website","url":"https:\/\/brasilnoticias.org\/site\/","name":"Brasil not\u00edcias","description":"Brasil not\u00edcias","publisher":{"@id":"https:\/\/brasilnoticias.org\/site\/#organization"},"potentialAction":[{"@type":"SearchAction","target":{"@type":"EntryPoint","urlTemplate":"https:\/\/brasilnoticias.org\/site\/?s={search_term_string}"},"query-input":{"@type":"PropertyValueSpecification","valueRequired":true,"valueName":"search_term_string"}}],"inLanguage":"pt-PT"},{"@type":"Organization","@id":"https:\/\/brasilnoticias.org\/site\/#organization","name":"Brasil not\u00edcias","url":"https:\/\/brasilnoticias.org\/site\/","logo":{"@type":"ImageObject","inLanguage":"pt-PT","@id":"https:\/\/brasilnoticias.org\/site\/#\/schema\/logo\/image\/","url":"https:\/\/brasilnoticias.org\/site\/wp-content\/uploads\/2022\/05\/cropped-brasilnoticias-mini.jpg","contentUrl":"https:\/\/brasilnoticias.org\/site\/wp-content\/uploads\/2022\/05\/cropped-brasilnoticias-mini.jpg","width":314,"height":86,"caption":"Brasil not\u00edcias"},"image":{"@id":"https:\/\/brasilnoticias.org\/site\/#\/schema\/logo\/image\/"}},{"@type":"Person","@id":"https:\/\/brasilnoticias.org\/site\/#\/schema\/person\/03bbbfe6c7634ad18c26444ea39049fa","name":"Reda\u00e7\u00e3o","image":{"@type":"ImageObject","inLanguage":"pt-PT","@id":"https:\/\/brasilnoticias.org\/site\/#\/schema\/person\/image\/","url":"https:\/\/secure.gravatar.com\/avatar\/9ecaf7327a696cb23ad926fedded5f1f04d7049de9e445375d55b48c001a6e42?s=96&d=mm&r=g","contentUrl":"https:\/\/secure.gravatar.com\/avatar\/9ecaf7327a696cb23ad926fedded5f1f04d7049de9e445375d55b48c001a6e42?s=96&d=mm&r=g","caption":"Reda\u00e7\u00e3o"},"url":"https:\/\/brasilnoticias.org\/site\/author\/henrique\/"}]}},"_links":{"self":[{"href":"https:\/\/brasilnoticias.org\/site\/wp-json\/wp\/v2\/posts\/15282","targetHints":{"allow":["GET"]}}],"collection":[{"href":"https:\/\/brasilnoticias.org\/site\/wp-json\/wp\/v2\/posts"}],"about":[{"href":"https:\/\/brasilnoticias.org\/site\/wp-json\/wp\/v2\/types\/post"}],"author":[{"embeddable":true,"href":"https:\/\/brasilnoticias.org\/site\/wp-json\/wp\/v2\/users\/4"}],"replies":[{"embeddable":true,"href":"https:\/\/brasilnoticias.org\/site\/wp-json\/wp\/v2\/comments?post=15282"}],"version-history":[{"count":1,"href":"https:\/\/brasilnoticias.org\/site\/wp-json\/wp\/v2\/posts\/15282\/revisions"}],"predecessor-version":[{"id":15284,"href":"https:\/\/brasilnoticias.org\/site\/wp-json\/wp\/v2\/posts\/15282\/revisions\/15284"}],"wp:featuredmedia":[{"embeddable":true,"href":"https:\/\/brasilnoticias.org\/site\/wp-json\/wp\/v2\/media\/15283"}],"wp:attachment":[{"href":"https:\/\/brasilnoticias.org\/site\/wp-json\/wp\/v2\/media?parent=15282"}],"wp:term":[{"taxonomy":"category","embeddable":true,"href":"https:\/\/brasilnoticias.org\/site\/wp-json\/wp\/v2\/categories?post=15282"},{"taxonomy":"post_tag","embeddable":true,"href":"https:\/\/brasilnoticias.org\/site\/wp-json\/wp\/v2\/tags?post=15282"}],"curies":[{"name":"wp","href":"https:\/\/api.w.org\/{rel}","templated":true}]}}