{"id":15288,"date":"2024-07-31T19:12:01","date_gmt":"2024-07-31T22:12:01","guid":{"rendered":"https:\/\/brasilnoticias.org\/site\/?p=15288"},"modified":"2024-07-31T19:12:01","modified_gmt":"2024-07-31T22:12:01","slug":"presidente-do-bahia-direita-defende-expulsao-de-membros-do-pl-por-aliancas-com-partidos-de-esquerda","status":"publish","type":"post","link":"https:\/\/brasilnoticias.org\/site\/presidente-do-bahia-direita-defende-expulsao-de-membros-do-pl-por-aliancas-com-partidos-de-esquerda\/","title":{"rendered":"Presidente do Bahia Direita defende expuls\u00e3o de membros do PL por alian\u00e7as com partidos de esquerda"},"content":{"rendered":"<p>Presidente do grupo Bahia Direita, Alexandre Moreira, pr\u00e9-candidato a vereador de Salvador, afirmou que membros do seu partido que mant\u00eam alian\u00e7as com governos do PT devem ser expulsos da sigla. <\/p>\n<p>O aliado do ex-presidente Jair Bolsonaro foi enf\u00e1tico ao criticar coliga\u00e7\u00f5es eleitorais com partidos de esquerda, como PT, PCdoB e PSOL. &#8220;O PL s\u00f3 se tornou o maior partido do Brasil gra\u00e7as ao presidente Bolsonaro. Temos bandeiras muito bem definidas e um estatuto claro\u201d, disse Moreira.<\/p>\n<p>\u201cN\u00e3o podemos ficar calados diante das in\u00fameras den\u00fancias que temos recebido. Defendo a expuls\u00e3o daqueles que n\u00e3o t\u00eam compromisso com a nossa agenda conservadora, pois est\u00e3o manchando a imagem do partido&#8221;, acrescentou.<\/p>\n<p>A declara\u00e7\u00e3o refor\u00e7a a posi\u00e7\u00e3o do candidato contra alian\u00e7as que, segundo ele, \u201cdesrespeitam os princ\u00edpios e valores defendidos pelo partido e por Bolsonaro\u201d. Moreira destacou a import\u00e2ncia de manter a integridade do PL e garantir que todos os seus membros estejam alinhados com as pautas conservadoras da sigla.<\/p>\n","protected":false},"excerpt":{"rendered":"<p>Presidente do grupo Bahia Direita, Alexandre Moreira, pr\u00e9-candidato a vereador de Salvador, afirmou que membros do seu partido que mant\u00eam<\/p>\n","protected":false},"author":4,"featured_media":15289,"comment_status":"open","ping_status":"open","sticky":false,"template":"","format":"standard","meta":{"colormag_page_container_layout":"default_layout","colormag_page_sidebar_layout":"default_layout","_FSMCFIC_featured_image_caption":"","_FSMCFIC_featured_image_nocaption":"","_FSMCFIC_featured_image_hide":"","footnotes":""},"categories":[5,1],"tags":[],"class_list":["post-15288","post","type-post","status-publish","format-standard","has-post-thumbnail","hentry","category-politica","category-ultimas"],"yoast_head":"<!-- This site is optimized with the Yoast SEO plugin v27.1.1 - https:\/\/yoast.com\/product\/yoast-seo-wordpress\/ -->\n<title>Presidente do Bahia Direita defende expuls\u00e3o de membros do PL por alian\u00e7as com partidos de esquerda - Brasil not\u00edcias<\/title>\n<meta name=\"robots\" content=\"index, follow, max-snippet:-1, max-image-preview:large, max-video-preview:-1\" \/>\n<link rel=\"canonical\" href=\"https:\/\/brasilnoticias.org\/site\/presidente-do-bahia-direita-defende-expulsao-de-membros-do-pl-por-aliancas-com-partidos-de-esquerda\/\" \/>\n<meta property=\"og:locale\" content=\"pt_PT\" \/>\n<meta property=\"og:type\" content=\"article\" \/>\n<meta property=\"og:title\" content=\"Presidente do Bahia Direita defende expuls\u00e3o de membros do PL por alian\u00e7as com partidos de esquerda - Brasil not\u00edcias\" \/>\n<meta property=\"og:description\" content=\"Presidente do grupo Bahia Direita, Alexandre Moreira, pr\u00e9-candidato a vereador de Salvador, afirmou que membros do seu partido que mant\u00eam\" \/>\n<meta property=\"og:url\" content=\"https:\/\/brasilnoticias.org\/site\/presidente-do-bahia-direita-defende-expulsao-de-membros-do-pl-por-aliancas-com-partidos-de-esquerda\/\" \/>\n<meta property=\"og:site_name\" content=\"Brasil not\u00edcias\" \/>\n<meta property=\"article:published_time\" content=\"2024-07-31T22:12:01+00:00\" \/>\n<meta property=\"og:image\" content=\"https:\/\/brasilnoticias.org\/site\/wp-content\/uploads\/2024\/07\/IMAGEM_NOTICIA_0-3-2.jpg\" \/>\n\t<meta property=\"og:image:width\" content=\"850\" \/>\n\t<meta property=\"og:image:height\" content=\"400\" \/>\n\t<meta property=\"og:image:type\" content=\"image\/jpeg\" \/>\n<meta name=\"author\" content=\"Reda\u00e7\u00e3o\" \/>\n<meta name=\"twitter:card\" content=\"summary_large_image\" \/>\n<meta name=\"twitter:label1\" content=\"Escrito por\" \/>\n\t<meta name=\"twitter:data1\" content=\"Reda\u00e7\u00e3o\" \/>\n\t<meta name=\"twitter:label2\" content=\"Tempo estimado de leitura\" \/>\n\t<meta name=\"twitter:data2\" content=\"1 minuto\" \/>\n<script type=\"application\/ld+json\" class=\"yoast-schema-graph\">{\"@context\":\"https:\/\/schema.org\",\"@graph\":[{\"@type\":\"Article\",\"@id\":\"https:\/\/brasilnoticias.org\/site\/presidente-do-bahia-direita-defende-expulsao-de-membros-do-pl-por-aliancas-com-partidos-de-esquerda\/#article\",\"isPartOf\":{\"@id\":\"https:\/\/brasilnoticias.org\/site\/presidente-do-bahia-direita-defende-expulsao-de-membros-do-pl-por-aliancas-com-partidos-de-esquerda\/\"},\"author\":{\"name\":\"Reda\u00e7\u00e3o\",\"@id\":\"https:\/\/brasilnoticias.org\/site\/#\/schema\/person\/03bbbfe6c7634ad18c26444ea39049fa\"},\"headline\":\"Presidente do Bahia Direita defende expuls\u00e3o de membros do PL por alian\u00e7as com partidos de esquerda\",\"datePublished\":\"2024-07-31T22:12:01+00:00\",\"mainEntityOfPage\":{\"@id\":\"https:\/\/brasilnoticias.org\/site\/presidente-do-bahia-direita-defende-expulsao-de-membros-do-pl-por-aliancas-com-partidos-de-esquerda\/\"},\"wordCount\":193,\"commentCount\":0,\"publisher\":{\"@id\":\"https:\/\/brasilnoticias.org\/site\/#organization\"},\"image\":{\"@id\":\"https:\/\/brasilnoticias.org\/site\/presidente-do-bahia-direita-defende-expulsao-de-membros-do-pl-por-aliancas-com-partidos-de-esquerda\/#primaryimage\"},\"thumbnailUrl\":\"https:\/\/brasilnoticias.org\/site\/wp-content\/uploads\/2024\/07\/IMAGEM_NOTICIA_0-3-2.jpg\",\"articleSection\":[\"Pol\u00edtica\",\"\u00daltimas\"],\"inLanguage\":\"pt-PT\",\"potentialAction\":[{\"@type\":\"CommentAction\",\"name\":\"Comment\",\"target\":[\"https:\/\/brasilnoticias.org\/site\/presidente-do-bahia-direita-defende-expulsao-de-membros-do-pl-por-aliancas-com-partidos-de-esquerda\/#respond\"]}]},{\"@type\":\"WebPage\",\"@id\":\"https:\/\/brasilnoticias.org\/site\/presidente-do-bahia-direita-defende-expulsao-de-membros-do-pl-por-aliancas-com-partidos-de-esquerda\/\",\"url\":\"https:\/\/brasilnoticias.org\/site\/presidente-do-bahia-direita-defende-expulsao-de-membros-do-pl-por-aliancas-com-partidos-de-esquerda\/\",\"name\":\"Presidente do Bahia Direita defende expuls\u00e3o de membros do PL por alian\u00e7as com partidos de esquerda - Brasil not\u00edcias\",\"isPartOf\":{\"@id\":\"https:\/\/brasilnoticias.org\/site\/#website\"},\"primaryImageOfPage\":{\"@id\":\"https:\/\/brasilnoticias.org\/site\/presidente-do-bahia-direita-defende-expulsao-de-membros-do-pl-por-aliancas-com-partidos-de-esquerda\/#primaryimage\"},\"image\":{\"@id\":\"https:\/\/brasilnoticias.org\/site\/presidente-do-bahia-direita-defende-expulsao-de-membros-do-pl-por-aliancas-com-partidos-de-esquerda\/#primaryimage\"},\"thumbnailUrl\":\"https:\/\/brasilnoticias.org\/site\/wp-content\/uploads\/2024\/07\/IMAGEM_NOTICIA_0-3-2.jpg\",\"datePublished\":\"2024-07-31T22:12:01+00:00\",\"breadcrumb\":{\"@id\":\"https:\/\/brasilnoticias.org\/site\/presidente-do-bahia-direita-defende-expulsao-de-membros-do-pl-por-aliancas-com-partidos-de-esquerda\/#breadcrumb\"},\"inLanguage\":\"pt-PT\",\"potentialAction\":[{\"@type\":\"ReadAction\",\"target\":[\"https:\/\/brasilnoticias.org\/site\/presidente-do-bahia-direita-defende-expulsao-de-membros-do-pl-por-aliancas-com-partidos-de-esquerda\/\"]}]},{\"@type\":\"ImageObject\",\"inLanguage\":\"pt-PT\",\"@id\":\"https:\/\/brasilnoticias.org\/site\/presidente-do-bahia-direita-defende-expulsao-de-membros-do-pl-por-aliancas-com-partidos-de-esquerda\/#primaryimage\",\"url\":\"https:\/\/brasilnoticias.org\/site\/wp-content\/uploads\/2024\/07\/IMAGEM_NOTICIA_0-3-2.jpg\",\"contentUrl\":\"https:\/\/brasilnoticias.org\/site\/wp-content\/uploads\/2024\/07\/IMAGEM_NOTICIA_0-3-2.jpg\",\"width\":850,\"height\":400},{\"@type\":\"BreadcrumbList\",\"@id\":\"https:\/\/brasilnoticias.org\/site\/presidente-do-bahia-direita-defende-expulsao-de-membros-do-pl-por-aliancas-com-partidos-de-esquerda\/#breadcrumb\",\"itemListElement\":[{\"@type\":\"ListItem\",\"position\":1,\"name\":\"In\u00edcio\",\"item\":\"https:\/\/brasilnoticias.org\/site\/\"},{\"@type\":\"ListItem\",\"position\":2,\"name\":\"Presidente do Bahia Direita defende expuls\u00e3o de membros do PL por alian\u00e7as com partidos de esquerda\"}]},{\"@type\":\"WebSite\",\"@id\":\"https:\/\/brasilnoticias.org\/site\/#website\",\"url\":\"https:\/\/brasilnoticias.org\/site\/\",\"name\":\"Brasil not\u00edcias\",\"description\":\"Brasil not\u00edcias\",\"publisher\":{\"@id\":\"https:\/\/brasilnoticias.org\/site\/#organization\"},\"potentialAction\":[{\"@type\":\"SearchAction\",\"target\":{\"@type\":\"EntryPoint\",\"urlTemplate\":\"https:\/\/brasilnoticias.org\/site\/?s={search_term_string}\"},\"query-input\":{\"@type\":\"PropertyValueSpecification\",\"valueRequired\":true,\"valueName\":\"search_term_string\"}}],\"inLanguage\":\"pt-PT\"},{\"@type\":\"Organization\",\"@id\":\"https:\/\/brasilnoticias.org\/site\/#organization\",\"name\":\"Brasil not\u00edcias\",\"url\":\"https:\/\/brasilnoticias.org\/site\/\",\"logo\":{\"@type\":\"ImageObject\",\"inLanguage\":\"pt-PT\",\"@id\":\"https:\/\/brasilnoticias.org\/site\/#\/schema\/logo\/image\/\",\"url\":\"https:\/\/brasilnoticias.org\/site\/wp-content\/uploads\/2022\/05\/cropped-brasilnoticias-mini.jpg\",\"contentUrl\":\"https:\/\/brasilnoticias.org\/site\/wp-content\/uploads\/2022\/05\/cropped-brasilnoticias-mini.jpg\",\"width\":314,\"height\":86,\"caption\":\"Brasil not\u00edcias\"},\"image\":{\"@id\":\"https:\/\/brasilnoticias.org\/site\/#\/schema\/logo\/image\/\"}},{\"@type\":\"Person\",\"@id\":\"https:\/\/brasilnoticias.org\/site\/#\/schema\/person\/03bbbfe6c7634ad18c26444ea39049fa\",\"name\":\"Reda\u00e7\u00e3o\",\"image\":{\"@type\":\"ImageObject\",\"inLanguage\":\"pt-PT\",\"@id\":\"https:\/\/brasilnoticias.org\/site\/#\/schema\/person\/image\/\",\"url\":\"https:\/\/secure.gravatar.com\/avatar\/9ecaf7327a696cb23ad926fedded5f1f04d7049de9e445375d55b48c001a6e42?s=96&d=mm&r=g\",\"contentUrl\":\"https:\/\/secure.gravatar.com\/avatar\/9ecaf7327a696cb23ad926fedded5f1f04d7049de9e445375d55b48c001a6e42?s=96&d=mm&r=g\",\"caption\":\"Reda\u00e7\u00e3o\"},\"url\":\"https:\/\/brasilnoticias.org\/site\/author\/henrique\/\"}]}<\/script>\n<!-- \/ Yoast SEO plugin. -->","yoast_head_json":{"title":"Presidente do Bahia Direita defende expuls\u00e3o de membros do PL por alian\u00e7as com partidos de esquerda - Brasil not\u00edcias","robots":{"index":"index","follow":"follow","max-snippet":"max-snippet:-1","max-image-preview":"max-image-preview:large","max-video-preview":"max-video-preview:-1"},"canonical":"https:\/\/brasilnoticias.org\/site\/presidente-do-bahia-direita-defende-expulsao-de-membros-do-pl-por-aliancas-com-partidos-de-esquerda\/","og_locale":"pt_PT","og_type":"article","og_title":"Presidente do Bahia Direita defende expuls\u00e3o de membros do PL por alian\u00e7as com partidos de esquerda - Brasil not\u00edcias","og_description":"Presidente do grupo Bahia Direita, Alexandre Moreira, pr\u00e9-candidato a vereador de Salvador, afirmou que membros do seu partido que mant\u00eam","og_url":"https:\/\/brasilnoticias.org\/site\/presidente-do-bahia-direita-defende-expulsao-de-membros-do-pl-por-aliancas-com-partidos-de-esquerda\/","og_site_name":"Brasil not\u00edcias","article_published_time":"2024-07-31T22:12:01+00:00","og_image":[{"width":850,"height":400,"url":"https:\/\/brasilnoticias.org\/site\/wp-content\/uploads\/2024\/07\/IMAGEM_NOTICIA_0-3-2.jpg","type":"image\/jpeg"}],"author":"Reda\u00e7\u00e3o","twitter_card":"summary_large_image","twitter_misc":{"Escrito por":"Reda\u00e7\u00e3o","Tempo estimado de leitura":"1 minuto"},"schema":{"@context":"https:\/\/schema.org","@graph":[{"@type":"Article","@id":"https:\/\/brasilnoticias.org\/site\/presidente-do-bahia-direita-defende-expulsao-de-membros-do-pl-por-aliancas-com-partidos-de-esquerda\/#article","isPartOf":{"@id":"https:\/\/brasilnoticias.org\/site\/presidente-do-bahia-direita-defende-expulsao-de-membros-do-pl-por-aliancas-com-partidos-de-esquerda\/"},"author":{"name":"Reda\u00e7\u00e3o","@id":"https:\/\/brasilnoticias.org\/site\/#\/schema\/person\/03bbbfe6c7634ad18c26444ea39049fa"},"headline":"Presidente do Bahia Direita defende expuls\u00e3o de membros do PL por alian\u00e7as com partidos de esquerda","datePublished":"2024-07-31T22:12:01+00:00","mainEntityOfPage":{"@id":"https:\/\/brasilnoticias.org\/site\/presidente-do-bahia-direita-defende-expulsao-de-membros-do-pl-por-aliancas-com-partidos-de-esquerda\/"},"wordCount":193,"commentCount":0,"publisher":{"@id":"https:\/\/brasilnoticias.org\/site\/#organization"},"image":{"@id":"https:\/\/brasilnoticias.org\/site\/presidente-do-bahia-direita-defende-expulsao-de-membros-do-pl-por-aliancas-com-partidos-de-esquerda\/#primaryimage"},"thumbnailUrl":"https:\/\/brasilnoticias.org\/site\/wp-content\/uploads\/2024\/07\/IMAGEM_NOTICIA_0-3-2.jpg","articleSection":["Pol\u00edtica","\u00daltimas"],"inLanguage":"pt-PT","potentialAction":[{"@type":"CommentAction","name":"Comment","target":["https:\/\/brasilnoticias.org\/site\/presidente-do-bahia-direita-defende-expulsao-de-membros-do-pl-por-aliancas-com-partidos-de-esquerda\/#respond"]}]},{"@type":"WebPage","@id":"https:\/\/brasilnoticias.org\/site\/presidente-do-bahia-direita-defende-expulsao-de-membros-do-pl-por-aliancas-com-partidos-de-esquerda\/","url":"https:\/\/brasilnoticias.org\/site\/presidente-do-bahia-direita-defende-expulsao-de-membros-do-pl-por-aliancas-com-partidos-de-esquerda\/","name":"Presidente do Bahia Direita defende expuls\u00e3o de membros do PL por alian\u00e7as com partidos de esquerda - Brasil not\u00edcias","isPartOf":{"@id":"https:\/\/brasilnoticias.org\/site\/#website"},"primaryImageOfPage":{"@id":"https:\/\/brasilnoticias.org\/site\/presidente-do-bahia-direita-defende-expulsao-de-membros-do-pl-por-aliancas-com-partidos-de-esquerda\/#primaryimage"},"image":{"@id":"https:\/\/brasilnoticias.org\/site\/presidente-do-bahia-direita-defende-expulsao-de-membros-do-pl-por-aliancas-com-partidos-de-esquerda\/#primaryimage"},"thumbnailUrl":"https:\/\/brasilnoticias.org\/site\/wp-content\/uploads\/2024\/07\/IMAGEM_NOTICIA_0-3-2.jpg","datePublished":"2024-07-31T22:12:01+00:00","breadcrumb":{"@id":"https:\/\/brasilnoticias.org\/site\/presidente-do-bahia-direita-defende-expulsao-de-membros-do-pl-por-aliancas-com-partidos-de-esquerda\/#breadcrumb"},"inLanguage":"pt-PT","potentialAction":[{"@type":"ReadAction","target":["https:\/\/brasilnoticias.org\/site\/presidente-do-bahia-direita-defende-expulsao-de-membros-do-pl-por-aliancas-com-partidos-de-esquerda\/"]}]},{"@type":"ImageObject","inLanguage":"pt-PT","@id":"https:\/\/brasilnoticias.org\/site\/presidente-do-bahia-direita-defende-expulsao-de-membros-do-pl-por-aliancas-com-partidos-de-esquerda\/#primaryimage","url":"https:\/\/brasilnoticias.org\/site\/wp-content\/uploads\/2024\/07\/IMAGEM_NOTICIA_0-3-2.jpg","contentUrl":"https:\/\/brasilnoticias.org\/site\/wp-content\/uploads\/2024\/07\/IMAGEM_NOTICIA_0-3-2.jpg","width":850,"height":400},{"@type":"BreadcrumbList","@id":"https:\/\/brasilnoticias.org\/site\/presidente-do-bahia-direita-defende-expulsao-de-membros-do-pl-por-aliancas-com-partidos-de-esquerda\/#breadcrumb","itemListElement":[{"@type":"ListItem","position":1,"name":"In\u00edcio","item":"https:\/\/brasilnoticias.org\/site\/"},{"@type":"ListItem","position":2,"name":"Presidente do Bahia Direita defende expuls\u00e3o de membros do PL por alian\u00e7as com partidos de esquerda"}]},{"@type":"WebSite","@id":"https:\/\/brasilnoticias.org\/site\/#website","url":"https:\/\/brasilnoticias.org\/site\/","name":"Brasil not\u00edcias","description":"Brasil not\u00edcias","publisher":{"@id":"https:\/\/brasilnoticias.org\/site\/#organization"},"potentialAction":[{"@type":"SearchAction","target":{"@type":"EntryPoint","urlTemplate":"https:\/\/brasilnoticias.org\/site\/?s={search_term_string}"},"query-input":{"@type":"PropertyValueSpecification","valueRequired":true,"valueName":"search_term_string"}}],"inLanguage":"pt-PT"},{"@type":"Organization","@id":"https:\/\/brasilnoticias.org\/site\/#organization","name":"Brasil not\u00edcias","url":"https:\/\/brasilnoticias.org\/site\/","logo":{"@type":"ImageObject","inLanguage":"pt-PT","@id":"https:\/\/brasilnoticias.org\/site\/#\/schema\/logo\/image\/","url":"https:\/\/brasilnoticias.org\/site\/wp-content\/uploads\/2022\/05\/cropped-brasilnoticias-mini.jpg","contentUrl":"https:\/\/brasilnoticias.org\/site\/wp-content\/uploads\/2022\/05\/cropped-brasilnoticias-mini.jpg","width":314,"height":86,"caption":"Brasil not\u00edcias"},"image":{"@id":"https:\/\/brasilnoticias.org\/site\/#\/schema\/logo\/image\/"}},{"@type":"Person","@id":"https:\/\/brasilnoticias.org\/site\/#\/schema\/person\/03bbbfe6c7634ad18c26444ea39049fa","name":"Reda\u00e7\u00e3o","image":{"@type":"ImageObject","inLanguage":"pt-PT","@id":"https:\/\/brasilnoticias.org\/site\/#\/schema\/person\/image\/","url":"https:\/\/secure.gravatar.com\/avatar\/9ecaf7327a696cb23ad926fedded5f1f04d7049de9e445375d55b48c001a6e42?s=96&d=mm&r=g","contentUrl":"https:\/\/secure.gravatar.com\/avatar\/9ecaf7327a696cb23ad926fedded5f1f04d7049de9e445375d55b48c001a6e42?s=96&d=mm&r=g","caption":"Reda\u00e7\u00e3o"},"url":"https:\/\/brasilnoticias.org\/site\/author\/henrique\/"}]}},"_links":{"self":[{"href":"https:\/\/brasilnoticias.org\/site\/wp-json\/wp\/v2\/posts\/15288","targetHints":{"allow":["GET"]}}],"collection":[{"href":"https:\/\/brasilnoticias.org\/site\/wp-json\/wp\/v2\/posts"}],"about":[{"href":"https:\/\/brasilnoticias.org\/site\/wp-json\/wp\/v2\/types\/post"}],"author":[{"embeddable":true,"href":"https:\/\/brasilnoticias.org\/site\/wp-json\/wp\/v2\/users\/4"}],"replies":[{"embeddable":true,"href":"https:\/\/brasilnoticias.org\/site\/wp-json\/wp\/v2\/comments?post=15288"}],"version-history":[{"count":1,"href":"https:\/\/brasilnoticias.org\/site\/wp-json\/wp\/v2\/posts\/15288\/revisions"}],"predecessor-version":[{"id":15290,"href":"https:\/\/brasilnoticias.org\/site\/wp-json\/wp\/v2\/posts\/15288\/revisions\/15290"}],"wp:featuredmedia":[{"embeddable":true,"href":"https:\/\/brasilnoticias.org\/site\/wp-json\/wp\/v2\/media\/15289"}],"wp:attachment":[{"href":"https:\/\/brasilnoticias.org\/site\/wp-json\/wp\/v2\/media?parent=15288"}],"wp:term":[{"taxonomy":"category","embeddable":true,"href":"https:\/\/brasilnoticias.org\/site\/wp-json\/wp\/v2\/categories?post=15288"},{"taxonomy":"post_tag","embeddable":true,"href":"https:\/\/brasilnoticias.org\/site\/wp-json\/wp\/v2\/tags?post=15288"}],"curies":[{"name":"wp","href":"https:\/\/api.w.org\/{rel}","templated":true}]}}