{"id":15312,"date":"2024-08-02T21:14:52","date_gmt":"2024-08-03T00:14:52","guid":{"rendered":"https:\/\/brasilnoticias.org\/site\/?p=15312"},"modified":"2024-08-02T21:14:52","modified_gmt":"2024-08-03T00:14:52","slug":"ministro-flavio-dino-determina-que-congressista-so-pode-destinar-emenda-a-seu-estado","status":"publish","type":"post","link":"https:\/\/brasilnoticias.org\/site\/ministro-flavio-dino-determina-que-congressista-so-pode-destinar-emenda-a-seu-estado\/","title":{"rendered":"Ministro Fl\u00e1vio Dino determina que congressista s\u00f3 pode destinar emenda a seu Estado"},"content":{"rendered":"<p>Ministro do STF fixou o prazo de 30 dias para que Executivo e Legislativo complementem informa\u00e7\u00f5es sobre a transpar\u00eancia das RP-9<\/p>\n<p>O ministro Fl\u00e1vio Dino, do Supremo Tribunal Federal (STF) determinou que parlamentares s\u00f3 podem destinar emendas aos estados pelos quais foram eleitos, proibindo, portanto, os repasses a outras unidades de federa\u00e7\u00e3o.<\/p>\n<p>A exce\u00e7\u00e3o s\u00f3 vale quando houver projeto de \u00e2mbito nacional cuja execu\u00e7\u00e3o ultrapasse os limites territoriais do Estado do parlamentar. Al\u00e9m disso, os pagamentos s\u00f3 poder\u00e3o ser feitos pelo Executivo mediante \u201cpr\u00e9via e total transpar\u00eancia e rastreabilidade\u201d. Dino tamb\u00e9m deu 30 dias para que o Poder Executivo e o Congresso Nacional esclare\u00e7am as provid\u00eancias tomadas para \u201cassegurar a rastreabilidade, a comparabilidade e a publicidade dos dados or\u00e7ament\u00e1rios\u201d.<\/p>\n<p>Em um m\u00eas, a Controladoria-Geral da Uni\u00e3o (CGU) dever\u00e1 apresentar dados referentes aos dez munic\u00edpios mais beneficiados por emendas parlamentares entre 2020 e 2023, detalhando em que est\u00e1gio est\u00e3o as obras ou projetos financiados com esse tipo de verba. Foi dado prazo de 90 dias para que a CGU fa\u00e7a uma auditoria de todos os repasses de emendas parlamentares, de qualquer modalidade, em benef\u00edcio de organiza\u00e7\u00f5es n\u00e3o-governamentais e demais entidades do terceiro setor, de 2020 at\u00e9 hoje.<\/p>\n<p>Foto: Rosinei Coutinho\/SCO\/STF<br \/>\nPor: Metro1<\/p>\n","protected":false},"excerpt":{"rendered":"<p>Ministro do STF fixou o prazo de 30 dias para que Executivo e Legislativo complementem informa\u00e7\u00f5es sobre a transpar\u00eancia das<\/p>\n","protected":false},"author":4,"featured_media":15313,"comment_status":"open","ping_status":"open","sticky":false,"template":"","format":"standard","meta":{"colormag_page_container_layout":"default_layout","colormag_page_sidebar_layout":"default_layout","_FSMCFIC_featured_image_caption":"","_FSMCFIC_featured_image_nocaption":"","_FSMCFIC_featured_image_hide":"","footnotes":""},"categories":[5,1],"tags":[],"class_list":["post-15312","post","type-post","status-publish","format-standard","has-post-thumbnail","hentry","category-politica","category-ultimas"],"yoast_head":"<!-- This site is optimized with the Yoast SEO plugin v27.1.1 - https:\/\/yoast.com\/product\/yoast-seo-wordpress\/ -->\n<title>Ministro Fl\u00e1vio Dino determina que congressista s\u00f3 pode destinar emenda a seu Estado - Brasil not\u00edcias<\/title>\n<meta name=\"robots\" content=\"index, follow, max-snippet:-1, max-image-preview:large, max-video-preview:-1\" \/>\n<link rel=\"canonical\" href=\"https:\/\/brasilnoticias.org\/site\/ministro-flavio-dino-determina-que-congressista-so-pode-destinar-emenda-a-seu-estado\/\" \/>\n<meta property=\"og:locale\" content=\"pt_PT\" \/>\n<meta property=\"og:type\" content=\"article\" \/>\n<meta property=\"og:title\" content=\"Ministro Fl\u00e1vio Dino determina que congressista s\u00f3 pode destinar emenda a seu Estado - Brasil not\u00edcias\" \/>\n<meta property=\"og:description\" content=\"Ministro do STF fixou o prazo de 30 dias para que Executivo e Legislativo complementem informa\u00e7\u00f5es sobre a transpar\u00eancia das\" \/>\n<meta property=\"og:url\" content=\"https:\/\/brasilnoticias.org\/site\/ministro-flavio-dino-determina-que-congressista-so-pode-destinar-emenda-a-seu-estado\/\" \/>\n<meta property=\"og:site_name\" content=\"Brasil not\u00edcias\" \/>\n<meta property=\"article:published_time\" content=\"2024-08-03T00:14:52+00:00\" \/>\n<meta property=\"og:image\" content=\"https:\/\/brasilnoticias.org\/site\/wp-content\/uploads\/2024\/08\/153606ministro-flavio-dino-determina-que-congressista-so-pode-destinar-emenda-a-seu-estado-3.jpg\" \/>\n\t<meta property=\"og:image:width\" content=\"1600\" \/>\n\t<meta property=\"og:image:height\" content=\"752\" \/>\n\t<meta property=\"og:image:type\" content=\"image\/jpeg\" \/>\n<meta name=\"author\" content=\"Reda\u00e7\u00e3o\" \/>\n<meta name=\"twitter:card\" content=\"summary_large_image\" \/>\n<meta name=\"twitter:label1\" content=\"Escrito por\" \/>\n\t<meta name=\"twitter:data1\" content=\"Reda\u00e7\u00e3o\" \/>\n\t<meta name=\"twitter:label2\" content=\"Tempo estimado de leitura\" \/>\n\t<meta name=\"twitter:data2\" content=\"1 minuto\" \/>\n<script type=\"application\/ld+json\" class=\"yoast-schema-graph\">{\"@context\":\"https:\/\/schema.org\",\"@graph\":[{\"@type\":\"Article\",\"@id\":\"https:\/\/brasilnoticias.org\/site\/ministro-flavio-dino-determina-que-congressista-so-pode-destinar-emenda-a-seu-estado\/#article\",\"isPartOf\":{\"@id\":\"https:\/\/brasilnoticias.org\/site\/ministro-flavio-dino-determina-que-congressista-so-pode-destinar-emenda-a-seu-estado\/\"},\"author\":{\"name\":\"Reda\u00e7\u00e3o\",\"@id\":\"https:\/\/brasilnoticias.org\/site\/#\/schema\/person\/03bbbfe6c7634ad18c26444ea39049fa\"},\"headline\":\"Ministro Fl\u00e1vio Dino determina que congressista s\u00f3 pode destinar emenda a seu Estado\",\"datePublished\":\"2024-08-03T00:14:52+00:00\",\"mainEntityOfPage\":{\"@id\":\"https:\/\/brasilnoticias.org\/site\/ministro-flavio-dino-determina-que-congressista-so-pode-destinar-emenda-a-seu-estado\/\"},\"wordCount\":235,\"commentCount\":0,\"publisher\":{\"@id\":\"https:\/\/brasilnoticias.org\/site\/#organization\"},\"image\":{\"@id\":\"https:\/\/brasilnoticias.org\/site\/ministro-flavio-dino-determina-que-congressista-so-pode-destinar-emenda-a-seu-estado\/#primaryimage\"},\"thumbnailUrl\":\"https:\/\/brasilnoticias.org\/site\/wp-content\/uploads\/2024\/08\/153606ministro-flavio-dino-determina-que-congressista-so-pode-destinar-emenda-a-seu-estado-3.jpg\",\"articleSection\":[\"Pol\u00edtica\",\"\u00daltimas\"],\"inLanguage\":\"pt-PT\",\"potentialAction\":[{\"@type\":\"CommentAction\",\"name\":\"Comment\",\"target\":[\"https:\/\/brasilnoticias.org\/site\/ministro-flavio-dino-determina-que-congressista-so-pode-destinar-emenda-a-seu-estado\/#respond\"]}]},{\"@type\":\"WebPage\",\"@id\":\"https:\/\/brasilnoticias.org\/site\/ministro-flavio-dino-determina-que-congressista-so-pode-destinar-emenda-a-seu-estado\/\",\"url\":\"https:\/\/brasilnoticias.org\/site\/ministro-flavio-dino-determina-que-congressista-so-pode-destinar-emenda-a-seu-estado\/\",\"name\":\"Ministro Fl\u00e1vio Dino determina que congressista s\u00f3 pode destinar emenda a seu Estado - Brasil not\u00edcias\",\"isPartOf\":{\"@id\":\"https:\/\/brasilnoticias.org\/site\/#website\"},\"primaryImageOfPage\":{\"@id\":\"https:\/\/brasilnoticias.org\/site\/ministro-flavio-dino-determina-que-congressista-so-pode-destinar-emenda-a-seu-estado\/#primaryimage\"},\"image\":{\"@id\":\"https:\/\/brasilnoticias.org\/site\/ministro-flavio-dino-determina-que-congressista-so-pode-destinar-emenda-a-seu-estado\/#primaryimage\"},\"thumbnailUrl\":\"https:\/\/brasilnoticias.org\/site\/wp-content\/uploads\/2024\/08\/153606ministro-flavio-dino-determina-que-congressista-so-pode-destinar-emenda-a-seu-estado-3.jpg\",\"datePublished\":\"2024-08-03T00:14:52+00:00\",\"breadcrumb\":{\"@id\":\"https:\/\/brasilnoticias.org\/site\/ministro-flavio-dino-determina-que-congressista-so-pode-destinar-emenda-a-seu-estado\/#breadcrumb\"},\"inLanguage\":\"pt-PT\",\"potentialAction\":[{\"@type\":\"ReadAction\",\"target\":[\"https:\/\/brasilnoticias.org\/site\/ministro-flavio-dino-determina-que-congressista-so-pode-destinar-emenda-a-seu-estado\/\"]}]},{\"@type\":\"ImageObject\",\"inLanguage\":\"pt-PT\",\"@id\":\"https:\/\/brasilnoticias.org\/site\/ministro-flavio-dino-determina-que-congressista-so-pode-destinar-emenda-a-seu-estado\/#primaryimage\",\"url\":\"https:\/\/brasilnoticias.org\/site\/wp-content\/uploads\/2024\/08\/153606ministro-flavio-dino-determina-que-congressista-so-pode-destinar-emenda-a-seu-estado-3.jpg\",\"contentUrl\":\"https:\/\/brasilnoticias.org\/site\/wp-content\/uploads\/2024\/08\/153606ministro-flavio-dino-determina-que-congressista-so-pode-destinar-emenda-a-seu-estado-3.jpg\",\"width\":1600,\"height\":752},{\"@type\":\"BreadcrumbList\",\"@id\":\"https:\/\/brasilnoticias.org\/site\/ministro-flavio-dino-determina-que-congressista-so-pode-destinar-emenda-a-seu-estado\/#breadcrumb\",\"itemListElement\":[{\"@type\":\"ListItem\",\"position\":1,\"name\":\"In\u00edcio\",\"item\":\"https:\/\/brasilnoticias.org\/site\/\"},{\"@type\":\"ListItem\",\"position\":2,\"name\":\"Ministro Fl\u00e1vio Dino determina que congressista s\u00f3 pode destinar emenda a seu Estado\"}]},{\"@type\":\"WebSite\",\"@id\":\"https:\/\/brasilnoticias.org\/site\/#website\",\"url\":\"https:\/\/brasilnoticias.org\/site\/\",\"name\":\"Brasil not\u00edcias\",\"description\":\"Brasil not\u00edcias\",\"publisher\":{\"@id\":\"https:\/\/brasilnoticias.org\/site\/#organization\"},\"potentialAction\":[{\"@type\":\"SearchAction\",\"target\":{\"@type\":\"EntryPoint\",\"urlTemplate\":\"https:\/\/brasilnoticias.org\/site\/?s={search_term_string}\"},\"query-input\":{\"@type\":\"PropertyValueSpecification\",\"valueRequired\":true,\"valueName\":\"search_term_string\"}}],\"inLanguage\":\"pt-PT\"},{\"@type\":\"Organization\",\"@id\":\"https:\/\/brasilnoticias.org\/site\/#organization\",\"name\":\"Brasil not\u00edcias\",\"url\":\"https:\/\/brasilnoticias.org\/site\/\",\"logo\":{\"@type\":\"ImageObject\",\"inLanguage\":\"pt-PT\",\"@id\":\"https:\/\/brasilnoticias.org\/site\/#\/schema\/logo\/image\/\",\"url\":\"https:\/\/brasilnoticias.org\/site\/wp-content\/uploads\/2022\/05\/cropped-brasilnoticias-mini.jpg\",\"contentUrl\":\"https:\/\/brasilnoticias.org\/site\/wp-content\/uploads\/2022\/05\/cropped-brasilnoticias-mini.jpg\",\"width\":314,\"height\":86,\"caption\":\"Brasil not\u00edcias\"},\"image\":{\"@id\":\"https:\/\/brasilnoticias.org\/site\/#\/schema\/logo\/image\/\"}},{\"@type\":\"Person\",\"@id\":\"https:\/\/brasilnoticias.org\/site\/#\/schema\/person\/03bbbfe6c7634ad18c26444ea39049fa\",\"name\":\"Reda\u00e7\u00e3o\",\"image\":{\"@type\":\"ImageObject\",\"inLanguage\":\"pt-PT\",\"@id\":\"https:\/\/brasilnoticias.org\/site\/#\/schema\/person\/image\/\",\"url\":\"https:\/\/secure.gravatar.com\/avatar\/9ecaf7327a696cb23ad926fedded5f1f04d7049de9e445375d55b48c001a6e42?s=96&d=mm&r=g\",\"contentUrl\":\"https:\/\/secure.gravatar.com\/avatar\/9ecaf7327a696cb23ad926fedded5f1f04d7049de9e445375d55b48c001a6e42?s=96&d=mm&r=g\",\"caption\":\"Reda\u00e7\u00e3o\"},\"url\":\"https:\/\/brasilnoticias.org\/site\/author\/henrique\/\"}]}<\/script>\n<!-- \/ Yoast SEO plugin. -->","yoast_head_json":{"title":"Ministro Fl\u00e1vio Dino determina que congressista s\u00f3 pode destinar emenda a seu Estado - Brasil not\u00edcias","robots":{"index":"index","follow":"follow","max-snippet":"max-snippet:-1","max-image-preview":"max-image-preview:large","max-video-preview":"max-video-preview:-1"},"canonical":"https:\/\/brasilnoticias.org\/site\/ministro-flavio-dino-determina-que-congressista-so-pode-destinar-emenda-a-seu-estado\/","og_locale":"pt_PT","og_type":"article","og_title":"Ministro Fl\u00e1vio Dino determina que congressista s\u00f3 pode destinar emenda a seu Estado - Brasil not\u00edcias","og_description":"Ministro do STF fixou o prazo de 30 dias para que Executivo e Legislativo complementem informa\u00e7\u00f5es sobre a transpar\u00eancia das","og_url":"https:\/\/brasilnoticias.org\/site\/ministro-flavio-dino-determina-que-congressista-so-pode-destinar-emenda-a-seu-estado\/","og_site_name":"Brasil not\u00edcias","article_published_time":"2024-08-03T00:14:52+00:00","og_image":[{"width":1600,"height":752,"url":"https:\/\/brasilnoticias.org\/site\/wp-content\/uploads\/2024\/08\/153606ministro-flavio-dino-determina-que-congressista-so-pode-destinar-emenda-a-seu-estado-3.jpg","type":"image\/jpeg"}],"author":"Reda\u00e7\u00e3o","twitter_card":"summary_large_image","twitter_misc":{"Escrito por":"Reda\u00e7\u00e3o","Tempo estimado de leitura":"1 minuto"},"schema":{"@context":"https:\/\/schema.org","@graph":[{"@type":"Article","@id":"https:\/\/brasilnoticias.org\/site\/ministro-flavio-dino-determina-que-congressista-so-pode-destinar-emenda-a-seu-estado\/#article","isPartOf":{"@id":"https:\/\/brasilnoticias.org\/site\/ministro-flavio-dino-determina-que-congressista-so-pode-destinar-emenda-a-seu-estado\/"},"author":{"name":"Reda\u00e7\u00e3o","@id":"https:\/\/brasilnoticias.org\/site\/#\/schema\/person\/03bbbfe6c7634ad18c26444ea39049fa"},"headline":"Ministro Fl\u00e1vio Dino determina que congressista s\u00f3 pode destinar emenda a seu Estado","datePublished":"2024-08-03T00:14:52+00:00","mainEntityOfPage":{"@id":"https:\/\/brasilnoticias.org\/site\/ministro-flavio-dino-determina-que-congressista-so-pode-destinar-emenda-a-seu-estado\/"},"wordCount":235,"commentCount":0,"publisher":{"@id":"https:\/\/brasilnoticias.org\/site\/#organization"},"image":{"@id":"https:\/\/brasilnoticias.org\/site\/ministro-flavio-dino-determina-que-congressista-so-pode-destinar-emenda-a-seu-estado\/#primaryimage"},"thumbnailUrl":"https:\/\/brasilnoticias.org\/site\/wp-content\/uploads\/2024\/08\/153606ministro-flavio-dino-determina-que-congressista-so-pode-destinar-emenda-a-seu-estado-3.jpg","articleSection":["Pol\u00edtica","\u00daltimas"],"inLanguage":"pt-PT","potentialAction":[{"@type":"CommentAction","name":"Comment","target":["https:\/\/brasilnoticias.org\/site\/ministro-flavio-dino-determina-que-congressista-so-pode-destinar-emenda-a-seu-estado\/#respond"]}]},{"@type":"WebPage","@id":"https:\/\/brasilnoticias.org\/site\/ministro-flavio-dino-determina-que-congressista-so-pode-destinar-emenda-a-seu-estado\/","url":"https:\/\/brasilnoticias.org\/site\/ministro-flavio-dino-determina-que-congressista-so-pode-destinar-emenda-a-seu-estado\/","name":"Ministro Fl\u00e1vio Dino determina que congressista s\u00f3 pode destinar emenda a seu Estado - Brasil not\u00edcias","isPartOf":{"@id":"https:\/\/brasilnoticias.org\/site\/#website"},"primaryImageOfPage":{"@id":"https:\/\/brasilnoticias.org\/site\/ministro-flavio-dino-determina-que-congressista-so-pode-destinar-emenda-a-seu-estado\/#primaryimage"},"image":{"@id":"https:\/\/brasilnoticias.org\/site\/ministro-flavio-dino-determina-que-congressista-so-pode-destinar-emenda-a-seu-estado\/#primaryimage"},"thumbnailUrl":"https:\/\/brasilnoticias.org\/site\/wp-content\/uploads\/2024\/08\/153606ministro-flavio-dino-determina-que-congressista-so-pode-destinar-emenda-a-seu-estado-3.jpg","datePublished":"2024-08-03T00:14:52+00:00","breadcrumb":{"@id":"https:\/\/brasilnoticias.org\/site\/ministro-flavio-dino-determina-que-congressista-so-pode-destinar-emenda-a-seu-estado\/#breadcrumb"},"inLanguage":"pt-PT","potentialAction":[{"@type":"ReadAction","target":["https:\/\/brasilnoticias.org\/site\/ministro-flavio-dino-determina-que-congressista-so-pode-destinar-emenda-a-seu-estado\/"]}]},{"@type":"ImageObject","inLanguage":"pt-PT","@id":"https:\/\/brasilnoticias.org\/site\/ministro-flavio-dino-determina-que-congressista-so-pode-destinar-emenda-a-seu-estado\/#primaryimage","url":"https:\/\/brasilnoticias.org\/site\/wp-content\/uploads\/2024\/08\/153606ministro-flavio-dino-determina-que-congressista-so-pode-destinar-emenda-a-seu-estado-3.jpg","contentUrl":"https:\/\/brasilnoticias.org\/site\/wp-content\/uploads\/2024\/08\/153606ministro-flavio-dino-determina-que-congressista-so-pode-destinar-emenda-a-seu-estado-3.jpg","width":1600,"height":752},{"@type":"BreadcrumbList","@id":"https:\/\/brasilnoticias.org\/site\/ministro-flavio-dino-determina-que-congressista-so-pode-destinar-emenda-a-seu-estado\/#breadcrumb","itemListElement":[{"@type":"ListItem","position":1,"name":"In\u00edcio","item":"https:\/\/brasilnoticias.org\/site\/"},{"@type":"ListItem","position":2,"name":"Ministro Fl\u00e1vio Dino determina que congressista s\u00f3 pode destinar emenda a seu Estado"}]},{"@type":"WebSite","@id":"https:\/\/brasilnoticias.org\/site\/#website","url":"https:\/\/brasilnoticias.org\/site\/","name":"Brasil not\u00edcias","description":"Brasil not\u00edcias","publisher":{"@id":"https:\/\/brasilnoticias.org\/site\/#organization"},"potentialAction":[{"@type":"SearchAction","target":{"@type":"EntryPoint","urlTemplate":"https:\/\/brasilnoticias.org\/site\/?s={search_term_string}"},"query-input":{"@type":"PropertyValueSpecification","valueRequired":true,"valueName":"search_term_string"}}],"inLanguage":"pt-PT"},{"@type":"Organization","@id":"https:\/\/brasilnoticias.org\/site\/#organization","name":"Brasil not\u00edcias","url":"https:\/\/brasilnoticias.org\/site\/","logo":{"@type":"ImageObject","inLanguage":"pt-PT","@id":"https:\/\/brasilnoticias.org\/site\/#\/schema\/logo\/image\/","url":"https:\/\/brasilnoticias.org\/site\/wp-content\/uploads\/2022\/05\/cropped-brasilnoticias-mini.jpg","contentUrl":"https:\/\/brasilnoticias.org\/site\/wp-content\/uploads\/2022\/05\/cropped-brasilnoticias-mini.jpg","width":314,"height":86,"caption":"Brasil not\u00edcias"},"image":{"@id":"https:\/\/brasilnoticias.org\/site\/#\/schema\/logo\/image\/"}},{"@type":"Person","@id":"https:\/\/brasilnoticias.org\/site\/#\/schema\/person\/03bbbfe6c7634ad18c26444ea39049fa","name":"Reda\u00e7\u00e3o","image":{"@type":"ImageObject","inLanguage":"pt-PT","@id":"https:\/\/brasilnoticias.org\/site\/#\/schema\/person\/image\/","url":"https:\/\/secure.gravatar.com\/avatar\/9ecaf7327a696cb23ad926fedded5f1f04d7049de9e445375d55b48c001a6e42?s=96&d=mm&r=g","contentUrl":"https:\/\/secure.gravatar.com\/avatar\/9ecaf7327a696cb23ad926fedded5f1f04d7049de9e445375d55b48c001a6e42?s=96&d=mm&r=g","caption":"Reda\u00e7\u00e3o"},"url":"https:\/\/brasilnoticias.org\/site\/author\/henrique\/"}]}},"_links":{"self":[{"href":"https:\/\/brasilnoticias.org\/site\/wp-json\/wp\/v2\/posts\/15312","targetHints":{"allow":["GET"]}}],"collection":[{"href":"https:\/\/brasilnoticias.org\/site\/wp-json\/wp\/v2\/posts"}],"about":[{"href":"https:\/\/brasilnoticias.org\/site\/wp-json\/wp\/v2\/types\/post"}],"author":[{"embeddable":true,"href":"https:\/\/brasilnoticias.org\/site\/wp-json\/wp\/v2\/users\/4"}],"replies":[{"embeddable":true,"href":"https:\/\/brasilnoticias.org\/site\/wp-json\/wp\/v2\/comments?post=15312"}],"version-history":[{"count":1,"href":"https:\/\/brasilnoticias.org\/site\/wp-json\/wp\/v2\/posts\/15312\/revisions"}],"predecessor-version":[{"id":15314,"href":"https:\/\/brasilnoticias.org\/site\/wp-json\/wp\/v2\/posts\/15312\/revisions\/15314"}],"wp:featuredmedia":[{"embeddable":true,"href":"https:\/\/brasilnoticias.org\/site\/wp-json\/wp\/v2\/media\/15313"}],"wp:attachment":[{"href":"https:\/\/brasilnoticias.org\/site\/wp-json\/wp\/v2\/media?parent=15312"}],"wp:term":[{"taxonomy":"category","embeddable":true,"href":"https:\/\/brasilnoticias.org\/site\/wp-json\/wp\/v2\/categories?post=15312"},{"taxonomy":"post_tag","embeddable":true,"href":"https:\/\/brasilnoticias.org\/site\/wp-json\/wp\/v2\/tags?post=15312"}],"curies":[{"name":"wp","href":"https:\/\/api.w.org\/{rel}","templated":true}]}}