{"id":15315,"date":"2024-08-02T21:29:46","date_gmt":"2024-08-03T00:29:46","guid":{"rendered":"https:\/\/brasilnoticias.org\/site\/?p=15315"},"modified":"2024-08-02T21:29:46","modified_gmt":"2024-08-03T00:29:46","slug":"estou-cheio-de-ministros-que-nao-votaram-em-mim-mas-nao-quero-saber-afirma-lula","status":"publish","type":"post","link":"https:\/\/brasilnoticias.org\/site\/estou-cheio-de-ministros-que-nao-votaram-em-mim-mas-nao-quero-saber-afirma-lula\/","title":{"rendered":"&#8220;Estou cheio de ministros que n\u00e3o votaram em mim, mas n\u00e3o quero saber&#8221;, afirma Lula"},"content":{"rendered":"<p>Em solenidade no Cear\u00e1, presidente justifica que fez alian\u00e7as com v\u00e1rios partidos e n\u00e3o considera um problema ter no governo quem n\u00e3o o apoiou antes<\/p>\n<p>O presidente Luiz In\u00e1cio Lula da Silva (PT) afirmou que v\u00e1rios de seus ministros n\u00e3o votaram nele, mas que isso n\u00e3o \u00e9 um problema. Ele deu a declara\u00e7\u00e3o em cerim\u00f4nia no Porto do Pec\u00e9m, no Cear\u00e1, nesta sexta-feira (2).<\/p>\n<p>Lula fez elogios \u00e0 sua equipe de auxiliares. Tamb\u00e9m mencionou as alian\u00e7as que fez fora da esquerda para obter votos suficientes no Congresso Nacional para aprovar seus projetos. E disse: \u201cEu estou cheio de ministro, de gente que n\u00e3o votou em mim. Eu estou cheio de ministros, de pessoas de partidos que votaram contra mim. Eu n\u00e3o quero saber, eu ganhei as elei\u00e7\u00f5es, voc\u00eas perderam, agora vamos trabalhar\u201d.<\/p>\n<p>No mesmo evento, o petista afirmou que pol\u00edticos e o Minist\u00e9rio da Fazenda s\u00f3 trabalham com press\u00e3o. Lula falava sobre o programa P\u00e9-de-Meia, que ter\u00e1 uma amplia\u00e7\u00e3o anunciada ainda nesta sexta. Mencionou a evas\u00e3o de jovens do ensino m\u00e9dio. Em seguida, disse: \u201cEu falei, \u2018vamos encontrar uma solu\u00e7\u00e3o\u2019. Se n\u00e3o tiver dinheiro, vamos l\u00e1 para o Dario [Durigan, secret\u00e1rio-executivo da Fazenda]. Se ele reclamar, vamos for\u00e7ar. Porque tanto pol\u00edtico, presidente, quanto o Minist\u00e9rio da Fazenda, s\u00f3 trabalha com press\u00e3o. Se a gente n\u00e3o pressionar, n\u00e3o sai\u201d, declarou Lula.<\/p>\n<p>Foto: Ricardo Stuckert\/PR<br \/>\nPor: Metro1<\/p>\n","protected":false},"excerpt":{"rendered":"<p>Em solenidade no Cear\u00e1, presidente justifica que fez alian\u00e7as com v\u00e1rios partidos e n\u00e3o considera um problema ter no governo<\/p>\n","protected":false},"author":4,"featured_media":15316,"comment_status":"open","ping_status":"open","sticky":false,"template":"","format":"standard","meta":{"colormag_page_container_layout":"default_layout","colormag_page_sidebar_layout":"default_layout","_FSMCFIC_featured_image_caption":"","_FSMCFIC_featured_image_nocaption":"","_FSMCFIC_featured_image_hide":"","footnotes":""},"categories":[5,1],"tags":[],"class_list":["post-15315","post","type-post","status-publish","format-standard","has-post-thumbnail","hentry","category-politica","category-ultimas"],"yoast_head":"<!-- This site is optimized with the Yoast SEO plugin v27.1.1 - https:\/\/yoast.com\/product\/yoast-seo-wordpress\/ -->\n<title>&quot;Estou cheio de ministros que n\u00e3o votaram em mim, mas n\u00e3o quero saber&quot;, afirma Lula - Brasil not\u00edcias<\/title>\n<meta name=\"robots\" content=\"index, follow, max-snippet:-1, max-image-preview:large, max-video-preview:-1\" \/>\n<link rel=\"canonical\" href=\"https:\/\/brasilnoticias.org\/site\/estou-cheio-de-ministros-que-nao-votaram-em-mim-mas-nao-quero-saber-afirma-lula\/\" \/>\n<meta property=\"og:locale\" content=\"pt_PT\" \/>\n<meta property=\"og:type\" content=\"article\" \/>\n<meta property=\"og:title\" content=\"&quot;Estou cheio de ministros que n\u00e3o votaram em mim, mas n\u00e3o quero saber&quot;, afirma Lula - Brasil not\u00edcias\" \/>\n<meta property=\"og:description\" content=\"Em solenidade no Cear\u00e1, presidente justifica que fez alian\u00e7as com v\u00e1rios partidos e n\u00e3o considera um problema ter no governo\" \/>\n<meta property=\"og:url\" content=\"https:\/\/brasilnoticias.org\/site\/estou-cheio-de-ministros-que-nao-votaram-em-mim-mas-nao-quero-saber-afirma-lula\/\" \/>\n<meta property=\"og:site_name\" content=\"Brasil not\u00edcias\" \/>\n<meta property=\"article:published_time\" content=\"2024-08-03T00:29:46+00:00\" \/>\n<meta property=\"og:image\" content=\"https:\/\/brasilnoticias.org\/site\/wp-content\/uploads\/2024\/08\/153607estou-cheio-de-ministros-que-nao-votaram-em-mim-mas-nao-quero-saber-afirma-lula-3.jpg\" \/>\n\t<meta property=\"og:image:width\" content=\"1600\" \/>\n\t<meta property=\"og:image:height\" content=\"752\" \/>\n\t<meta property=\"og:image:type\" content=\"image\/jpeg\" \/>\n<meta name=\"author\" content=\"Reda\u00e7\u00e3o\" \/>\n<meta name=\"twitter:card\" content=\"summary_large_image\" \/>\n<meta name=\"twitter:label1\" content=\"Escrito por\" \/>\n\t<meta name=\"twitter:data1\" content=\"Reda\u00e7\u00e3o\" \/>\n\t<meta name=\"twitter:label2\" content=\"Tempo estimado de leitura\" \/>\n\t<meta name=\"twitter:data2\" content=\"1 minuto\" \/>\n<script type=\"application\/ld+json\" class=\"yoast-schema-graph\">{\"@context\":\"https:\/\/schema.org\",\"@graph\":[{\"@type\":\"Article\",\"@id\":\"https:\/\/brasilnoticias.org\/site\/estou-cheio-de-ministros-que-nao-votaram-em-mim-mas-nao-quero-saber-afirma-lula\/#article\",\"isPartOf\":{\"@id\":\"https:\/\/brasilnoticias.org\/site\/estou-cheio-de-ministros-que-nao-votaram-em-mim-mas-nao-quero-saber-afirma-lula\/\"},\"author\":{\"name\":\"Reda\u00e7\u00e3o\",\"@id\":\"https:\/\/brasilnoticias.org\/site\/#\/schema\/person\/03bbbfe6c7634ad18c26444ea39049fa\"},\"headline\":\"&#8220;Estou cheio de ministros que n\u00e3o votaram em mim, mas n\u00e3o quero saber&#8221;, afirma Lula\",\"datePublished\":\"2024-08-03T00:29:46+00:00\",\"mainEntityOfPage\":{\"@id\":\"https:\/\/brasilnoticias.org\/site\/estou-cheio-de-ministros-que-nao-votaram-em-mim-mas-nao-quero-saber-afirma-lula\/\"},\"wordCount\":273,\"commentCount\":0,\"publisher\":{\"@id\":\"https:\/\/brasilnoticias.org\/site\/#organization\"},\"image\":{\"@id\":\"https:\/\/brasilnoticias.org\/site\/estou-cheio-de-ministros-que-nao-votaram-em-mim-mas-nao-quero-saber-afirma-lula\/#primaryimage\"},\"thumbnailUrl\":\"https:\/\/brasilnoticias.org\/site\/wp-content\/uploads\/2024\/08\/153607estou-cheio-de-ministros-que-nao-votaram-em-mim-mas-nao-quero-saber-afirma-lula-3.jpg\",\"articleSection\":[\"Pol\u00edtica\",\"\u00daltimas\"],\"inLanguage\":\"pt-PT\",\"potentialAction\":[{\"@type\":\"CommentAction\",\"name\":\"Comment\",\"target\":[\"https:\/\/brasilnoticias.org\/site\/estou-cheio-de-ministros-que-nao-votaram-em-mim-mas-nao-quero-saber-afirma-lula\/#respond\"]}]},{\"@type\":\"WebPage\",\"@id\":\"https:\/\/brasilnoticias.org\/site\/estou-cheio-de-ministros-que-nao-votaram-em-mim-mas-nao-quero-saber-afirma-lula\/\",\"url\":\"https:\/\/brasilnoticias.org\/site\/estou-cheio-de-ministros-que-nao-votaram-em-mim-mas-nao-quero-saber-afirma-lula\/\",\"name\":\"\\\"Estou cheio de ministros que n\u00e3o votaram em mim, mas n\u00e3o quero saber\\\", afirma Lula - Brasil not\u00edcias\",\"isPartOf\":{\"@id\":\"https:\/\/brasilnoticias.org\/site\/#website\"},\"primaryImageOfPage\":{\"@id\":\"https:\/\/brasilnoticias.org\/site\/estou-cheio-de-ministros-que-nao-votaram-em-mim-mas-nao-quero-saber-afirma-lula\/#primaryimage\"},\"image\":{\"@id\":\"https:\/\/brasilnoticias.org\/site\/estou-cheio-de-ministros-que-nao-votaram-em-mim-mas-nao-quero-saber-afirma-lula\/#primaryimage\"},\"thumbnailUrl\":\"https:\/\/brasilnoticias.org\/site\/wp-content\/uploads\/2024\/08\/153607estou-cheio-de-ministros-que-nao-votaram-em-mim-mas-nao-quero-saber-afirma-lula-3.jpg\",\"datePublished\":\"2024-08-03T00:29:46+00:00\",\"breadcrumb\":{\"@id\":\"https:\/\/brasilnoticias.org\/site\/estou-cheio-de-ministros-que-nao-votaram-em-mim-mas-nao-quero-saber-afirma-lula\/#breadcrumb\"},\"inLanguage\":\"pt-PT\",\"potentialAction\":[{\"@type\":\"ReadAction\",\"target\":[\"https:\/\/brasilnoticias.org\/site\/estou-cheio-de-ministros-que-nao-votaram-em-mim-mas-nao-quero-saber-afirma-lula\/\"]}]},{\"@type\":\"ImageObject\",\"inLanguage\":\"pt-PT\",\"@id\":\"https:\/\/brasilnoticias.org\/site\/estou-cheio-de-ministros-que-nao-votaram-em-mim-mas-nao-quero-saber-afirma-lula\/#primaryimage\",\"url\":\"https:\/\/brasilnoticias.org\/site\/wp-content\/uploads\/2024\/08\/153607estou-cheio-de-ministros-que-nao-votaram-em-mim-mas-nao-quero-saber-afirma-lula-3.jpg\",\"contentUrl\":\"https:\/\/brasilnoticias.org\/site\/wp-content\/uploads\/2024\/08\/153607estou-cheio-de-ministros-que-nao-votaram-em-mim-mas-nao-quero-saber-afirma-lula-3.jpg\",\"width\":1600,\"height\":752},{\"@type\":\"BreadcrumbList\",\"@id\":\"https:\/\/brasilnoticias.org\/site\/estou-cheio-de-ministros-que-nao-votaram-em-mim-mas-nao-quero-saber-afirma-lula\/#breadcrumb\",\"itemListElement\":[{\"@type\":\"ListItem\",\"position\":1,\"name\":\"In\u00edcio\",\"item\":\"https:\/\/brasilnoticias.org\/site\/\"},{\"@type\":\"ListItem\",\"position\":2,\"name\":\"&#8220;Estou cheio de ministros que n\u00e3o votaram em mim, mas n\u00e3o quero saber&#8221;, afirma Lula\"}]},{\"@type\":\"WebSite\",\"@id\":\"https:\/\/brasilnoticias.org\/site\/#website\",\"url\":\"https:\/\/brasilnoticias.org\/site\/\",\"name\":\"Brasil not\u00edcias\",\"description\":\"Brasil not\u00edcias\",\"publisher\":{\"@id\":\"https:\/\/brasilnoticias.org\/site\/#organization\"},\"potentialAction\":[{\"@type\":\"SearchAction\",\"target\":{\"@type\":\"EntryPoint\",\"urlTemplate\":\"https:\/\/brasilnoticias.org\/site\/?s={search_term_string}\"},\"query-input\":{\"@type\":\"PropertyValueSpecification\",\"valueRequired\":true,\"valueName\":\"search_term_string\"}}],\"inLanguage\":\"pt-PT\"},{\"@type\":\"Organization\",\"@id\":\"https:\/\/brasilnoticias.org\/site\/#organization\",\"name\":\"Brasil not\u00edcias\",\"url\":\"https:\/\/brasilnoticias.org\/site\/\",\"logo\":{\"@type\":\"ImageObject\",\"inLanguage\":\"pt-PT\",\"@id\":\"https:\/\/brasilnoticias.org\/site\/#\/schema\/logo\/image\/\",\"url\":\"https:\/\/brasilnoticias.org\/site\/wp-content\/uploads\/2022\/05\/cropped-brasilnoticias-mini.jpg\",\"contentUrl\":\"https:\/\/brasilnoticias.org\/site\/wp-content\/uploads\/2022\/05\/cropped-brasilnoticias-mini.jpg\",\"width\":314,\"height\":86,\"caption\":\"Brasil not\u00edcias\"},\"image\":{\"@id\":\"https:\/\/brasilnoticias.org\/site\/#\/schema\/logo\/image\/\"}},{\"@type\":\"Person\",\"@id\":\"https:\/\/brasilnoticias.org\/site\/#\/schema\/person\/03bbbfe6c7634ad18c26444ea39049fa\",\"name\":\"Reda\u00e7\u00e3o\",\"image\":{\"@type\":\"ImageObject\",\"inLanguage\":\"pt-PT\",\"@id\":\"https:\/\/brasilnoticias.org\/site\/#\/schema\/person\/image\/\",\"url\":\"https:\/\/secure.gravatar.com\/avatar\/9ecaf7327a696cb23ad926fedded5f1f04d7049de9e445375d55b48c001a6e42?s=96&d=mm&r=g\",\"contentUrl\":\"https:\/\/secure.gravatar.com\/avatar\/9ecaf7327a696cb23ad926fedded5f1f04d7049de9e445375d55b48c001a6e42?s=96&d=mm&r=g\",\"caption\":\"Reda\u00e7\u00e3o\"},\"url\":\"https:\/\/brasilnoticias.org\/site\/author\/henrique\/\"}]}<\/script>\n<!-- \/ Yoast SEO plugin. -->","yoast_head_json":{"title":"\"Estou cheio de ministros que n\u00e3o votaram em mim, mas n\u00e3o quero saber\", afirma Lula - Brasil not\u00edcias","robots":{"index":"index","follow":"follow","max-snippet":"max-snippet:-1","max-image-preview":"max-image-preview:large","max-video-preview":"max-video-preview:-1"},"canonical":"https:\/\/brasilnoticias.org\/site\/estou-cheio-de-ministros-que-nao-votaram-em-mim-mas-nao-quero-saber-afirma-lula\/","og_locale":"pt_PT","og_type":"article","og_title":"\"Estou cheio de ministros que n\u00e3o votaram em mim, mas n\u00e3o quero saber\", afirma Lula - Brasil not\u00edcias","og_description":"Em solenidade no Cear\u00e1, presidente justifica que fez alian\u00e7as com v\u00e1rios partidos e n\u00e3o considera um problema ter no governo","og_url":"https:\/\/brasilnoticias.org\/site\/estou-cheio-de-ministros-que-nao-votaram-em-mim-mas-nao-quero-saber-afirma-lula\/","og_site_name":"Brasil not\u00edcias","article_published_time":"2024-08-03T00:29:46+00:00","og_image":[{"width":1600,"height":752,"url":"https:\/\/brasilnoticias.org\/site\/wp-content\/uploads\/2024\/08\/153607estou-cheio-de-ministros-que-nao-votaram-em-mim-mas-nao-quero-saber-afirma-lula-3.jpg","type":"image\/jpeg"}],"author":"Reda\u00e7\u00e3o","twitter_card":"summary_large_image","twitter_misc":{"Escrito por":"Reda\u00e7\u00e3o","Tempo estimado de leitura":"1 minuto"},"schema":{"@context":"https:\/\/schema.org","@graph":[{"@type":"Article","@id":"https:\/\/brasilnoticias.org\/site\/estou-cheio-de-ministros-que-nao-votaram-em-mim-mas-nao-quero-saber-afirma-lula\/#article","isPartOf":{"@id":"https:\/\/brasilnoticias.org\/site\/estou-cheio-de-ministros-que-nao-votaram-em-mim-mas-nao-quero-saber-afirma-lula\/"},"author":{"name":"Reda\u00e7\u00e3o","@id":"https:\/\/brasilnoticias.org\/site\/#\/schema\/person\/03bbbfe6c7634ad18c26444ea39049fa"},"headline":"&#8220;Estou cheio de ministros que n\u00e3o votaram em mim, mas n\u00e3o quero saber&#8221;, afirma Lula","datePublished":"2024-08-03T00:29:46+00:00","mainEntityOfPage":{"@id":"https:\/\/brasilnoticias.org\/site\/estou-cheio-de-ministros-que-nao-votaram-em-mim-mas-nao-quero-saber-afirma-lula\/"},"wordCount":273,"commentCount":0,"publisher":{"@id":"https:\/\/brasilnoticias.org\/site\/#organization"},"image":{"@id":"https:\/\/brasilnoticias.org\/site\/estou-cheio-de-ministros-que-nao-votaram-em-mim-mas-nao-quero-saber-afirma-lula\/#primaryimage"},"thumbnailUrl":"https:\/\/brasilnoticias.org\/site\/wp-content\/uploads\/2024\/08\/153607estou-cheio-de-ministros-que-nao-votaram-em-mim-mas-nao-quero-saber-afirma-lula-3.jpg","articleSection":["Pol\u00edtica","\u00daltimas"],"inLanguage":"pt-PT","potentialAction":[{"@type":"CommentAction","name":"Comment","target":["https:\/\/brasilnoticias.org\/site\/estou-cheio-de-ministros-que-nao-votaram-em-mim-mas-nao-quero-saber-afirma-lula\/#respond"]}]},{"@type":"WebPage","@id":"https:\/\/brasilnoticias.org\/site\/estou-cheio-de-ministros-que-nao-votaram-em-mim-mas-nao-quero-saber-afirma-lula\/","url":"https:\/\/brasilnoticias.org\/site\/estou-cheio-de-ministros-que-nao-votaram-em-mim-mas-nao-quero-saber-afirma-lula\/","name":"\"Estou cheio de ministros que n\u00e3o votaram em mim, mas n\u00e3o quero saber\", afirma Lula - Brasil not\u00edcias","isPartOf":{"@id":"https:\/\/brasilnoticias.org\/site\/#website"},"primaryImageOfPage":{"@id":"https:\/\/brasilnoticias.org\/site\/estou-cheio-de-ministros-que-nao-votaram-em-mim-mas-nao-quero-saber-afirma-lula\/#primaryimage"},"image":{"@id":"https:\/\/brasilnoticias.org\/site\/estou-cheio-de-ministros-que-nao-votaram-em-mim-mas-nao-quero-saber-afirma-lula\/#primaryimage"},"thumbnailUrl":"https:\/\/brasilnoticias.org\/site\/wp-content\/uploads\/2024\/08\/153607estou-cheio-de-ministros-que-nao-votaram-em-mim-mas-nao-quero-saber-afirma-lula-3.jpg","datePublished":"2024-08-03T00:29:46+00:00","breadcrumb":{"@id":"https:\/\/brasilnoticias.org\/site\/estou-cheio-de-ministros-que-nao-votaram-em-mim-mas-nao-quero-saber-afirma-lula\/#breadcrumb"},"inLanguage":"pt-PT","potentialAction":[{"@type":"ReadAction","target":["https:\/\/brasilnoticias.org\/site\/estou-cheio-de-ministros-que-nao-votaram-em-mim-mas-nao-quero-saber-afirma-lula\/"]}]},{"@type":"ImageObject","inLanguage":"pt-PT","@id":"https:\/\/brasilnoticias.org\/site\/estou-cheio-de-ministros-que-nao-votaram-em-mim-mas-nao-quero-saber-afirma-lula\/#primaryimage","url":"https:\/\/brasilnoticias.org\/site\/wp-content\/uploads\/2024\/08\/153607estou-cheio-de-ministros-que-nao-votaram-em-mim-mas-nao-quero-saber-afirma-lula-3.jpg","contentUrl":"https:\/\/brasilnoticias.org\/site\/wp-content\/uploads\/2024\/08\/153607estou-cheio-de-ministros-que-nao-votaram-em-mim-mas-nao-quero-saber-afirma-lula-3.jpg","width":1600,"height":752},{"@type":"BreadcrumbList","@id":"https:\/\/brasilnoticias.org\/site\/estou-cheio-de-ministros-que-nao-votaram-em-mim-mas-nao-quero-saber-afirma-lula\/#breadcrumb","itemListElement":[{"@type":"ListItem","position":1,"name":"In\u00edcio","item":"https:\/\/brasilnoticias.org\/site\/"},{"@type":"ListItem","position":2,"name":"&#8220;Estou cheio de ministros que n\u00e3o votaram em mim, mas n\u00e3o quero saber&#8221;, afirma Lula"}]},{"@type":"WebSite","@id":"https:\/\/brasilnoticias.org\/site\/#website","url":"https:\/\/brasilnoticias.org\/site\/","name":"Brasil not\u00edcias","description":"Brasil not\u00edcias","publisher":{"@id":"https:\/\/brasilnoticias.org\/site\/#organization"},"potentialAction":[{"@type":"SearchAction","target":{"@type":"EntryPoint","urlTemplate":"https:\/\/brasilnoticias.org\/site\/?s={search_term_string}"},"query-input":{"@type":"PropertyValueSpecification","valueRequired":true,"valueName":"search_term_string"}}],"inLanguage":"pt-PT"},{"@type":"Organization","@id":"https:\/\/brasilnoticias.org\/site\/#organization","name":"Brasil not\u00edcias","url":"https:\/\/brasilnoticias.org\/site\/","logo":{"@type":"ImageObject","inLanguage":"pt-PT","@id":"https:\/\/brasilnoticias.org\/site\/#\/schema\/logo\/image\/","url":"https:\/\/brasilnoticias.org\/site\/wp-content\/uploads\/2022\/05\/cropped-brasilnoticias-mini.jpg","contentUrl":"https:\/\/brasilnoticias.org\/site\/wp-content\/uploads\/2022\/05\/cropped-brasilnoticias-mini.jpg","width":314,"height":86,"caption":"Brasil not\u00edcias"},"image":{"@id":"https:\/\/brasilnoticias.org\/site\/#\/schema\/logo\/image\/"}},{"@type":"Person","@id":"https:\/\/brasilnoticias.org\/site\/#\/schema\/person\/03bbbfe6c7634ad18c26444ea39049fa","name":"Reda\u00e7\u00e3o","image":{"@type":"ImageObject","inLanguage":"pt-PT","@id":"https:\/\/brasilnoticias.org\/site\/#\/schema\/person\/image\/","url":"https:\/\/secure.gravatar.com\/avatar\/9ecaf7327a696cb23ad926fedded5f1f04d7049de9e445375d55b48c001a6e42?s=96&d=mm&r=g","contentUrl":"https:\/\/secure.gravatar.com\/avatar\/9ecaf7327a696cb23ad926fedded5f1f04d7049de9e445375d55b48c001a6e42?s=96&d=mm&r=g","caption":"Reda\u00e7\u00e3o"},"url":"https:\/\/brasilnoticias.org\/site\/author\/henrique\/"}]}},"_links":{"self":[{"href":"https:\/\/brasilnoticias.org\/site\/wp-json\/wp\/v2\/posts\/15315","targetHints":{"allow":["GET"]}}],"collection":[{"href":"https:\/\/brasilnoticias.org\/site\/wp-json\/wp\/v2\/posts"}],"about":[{"href":"https:\/\/brasilnoticias.org\/site\/wp-json\/wp\/v2\/types\/post"}],"author":[{"embeddable":true,"href":"https:\/\/brasilnoticias.org\/site\/wp-json\/wp\/v2\/users\/4"}],"replies":[{"embeddable":true,"href":"https:\/\/brasilnoticias.org\/site\/wp-json\/wp\/v2\/comments?post=15315"}],"version-history":[{"count":1,"href":"https:\/\/brasilnoticias.org\/site\/wp-json\/wp\/v2\/posts\/15315\/revisions"}],"predecessor-version":[{"id":15317,"href":"https:\/\/brasilnoticias.org\/site\/wp-json\/wp\/v2\/posts\/15315\/revisions\/15317"}],"wp:featuredmedia":[{"embeddable":true,"href":"https:\/\/brasilnoticias.org\/site\/wp-json\/wp\/v2\/media\/15316"}],"wp:attachment":[{"href":"https:\/\/brasilnoticias.org\/site\/wp-json\/wp\/v2\/media?parent=15315"}],"wp:term":[{"taxonomy":"category","embeddable":true,"href":"https:\/\/brasilnoticias.org\/site\/wp-json\/wp\/v2\/categories?post=15315"},{"taxonomy":"post_tag","embeddable":true,"href":"https:\/\/brasilnoticias.org\/site\/wp-json\/wp\/v2\/tags?post=15315"}],"curies":[{"name":"wp","href":"https:\/\/api.w.org\/{rel}","templated":true}]}}