{"id":15336,"date":"2024-08-03T13:12:25","date_gmt":"2024-08-03T16:12:25","guid":{"rendered":"https:\/\/brasilnoticias.org\/site\/?p=15336"},"modified":"2024-08-03T13:12:25","modified_gmt":"2024-08-03T16:12:25","slug":"apos-ouro-de-bia-brasil-conquista-bronze-em-cima-da-italia-pelo-judo-em-equipes","status":"publish","type":"post","link":"https:\/\/brasilnoticias.org\/site\/apos-ouro-de-bia-brasil-conquista-bronze-em-cima-da-italia-pelo-judo-em-equipes\/","title":{"rendered":"Ap\u00f3s ouro de Bia, Brasil conquista bronze em cima da It\u00e1lia pelo jud\u00f4 em equipes"},"content":{"rendered":"<p>A disputa foi uma melhor de sete que terminou em 4 x 3<\/p>\n<p>Brasil e It\u00e1lia se enfrentaram no jud\u00f4 por equipes pelo bronze das Olimp\u00edadas de Paris 2024, neste s\u00e1bado (3) e os brasileiros garantiram mais uma medalha no jud\u00f4. A disputa foi uma melhor de sete que terminou em 4 x 3.<\/p>\n<p>Rafael Macedo e Beatriz Souza &#8211; primeiro ouro ol\u00edmpico do Brasil &#8211; venceram as duas primeiras lutas para abrir a vantagem de 2 x 0. A medalhista foi quem resolveu o confronto dela em segundos com um Ippon em Asya Tavano. Macedo precisou levar para derrubar seu primeiro oponente.Era ela contra Veronica Toniolo de novo. Rafaela aplicou uma wazari de cara, o lance precisou ser revisado e foi confirmado.<\/p>\n<p><strong>Foto: Miriam Jeske\/COB<br \/>\nPor: Metro1<\/strong><\/p>\n","protected":false},"excerpt":{"rendered":"<p>A disputa foi uma melhor de sete que terminou em 4 x 3 Brasil e It\u00e1lia se enfrentaram no jud\u00f4<\/p>\n","protected":false},"author":4,"featured_media":15337,"comment_status":"open","ping_status":"open","sticky":false,"template":"","format":"standard","meta":{"colormag_page_container_layout":"default_layout","colormag_page_sidebar_layout":"default_layout","_FSMCFIC_featured_image_caption":"","_FSMCFIC_featured_image_nocaption":"","_FSMCFIC_featured_image_hide":"","footnotes":""},"categories":[4,1],"tags":[],"class_list":["post-15336","post","type-post","status-publish","format-standard","has-post-thumbnail","hentry","category-esporte","category-ultimas"],"yoast_head":"<!-- This site is optimized with the Yoast SEO plugin v27.1.1 - https:\/\/yoast.com\/product\/yoast-seo-wordpress\/ -->\n<title>Ap\u00f3s ouro de Bia, Brasil conquista bronze em cima da It\u00e1lia pelo jud\u00f4 em equipes - Brasil not\u00edcias<\/title>\n<meta name=\"robots\" content=\"index, follow, max-snippet:-1, max-image-preview:large, max-video-preview:-1\" \/>\n<link rel=\"canonical\" href=\"https:\/\/brasilnoticias.org\/site\/apos-ouro-de-bia-brasil-conquista-bronze-em-cima-da-italia-pelo-judo-em-equipes\/\" \/>\n<meta property=\"og:locale\" content=\"pt_PT\" \/>\n<meta property=\"og:type\" content=\"article\" \/>\n<meta property=\"og:title\" content=\"Ap\u00f3s ouro de Bia, Brasil conquista bronze em cima da It\u00e1lia pelo jud\u00f4 em equipes - Brasil not\u00edcias\" \/>\n<meta property=\"og:description\" content=\"A disputa foi uma melhor de sete que terminou em 4 x 3 Brasil e It\u00e1lia se enfrentaram no jud\u00f4\" \/>\n<meta property=\"og:url\" content=\"https:\/\/brasilnoticias.org\/site\/apos-ouro-de-bia-brasil-conquista-bronze-em-cima-da-italia-pelo-judo-em-equipes\/\" \/>\n<meta property=\"og:site_name\" content=\"Brasil not\u00edcias\" \/>\n<meta property=\"article:published_time\" content=\"2024-08-03T16:12:25+00:00\" \/>\n<meta property=\"og:image\" content=\"https:\/\/brasilnoticias.org\/site\/wp-content\/uploads\/2024\/08\/153621apos-ouro-de-bia-brasil-conquista-bronze-em-cima-da-italia-pelo-judo-em-equipes-3.jpg\" \/>\n\t<meta property=\"og:image:width\" content=\"1600\" \/>\n\t<meta property=\"og:image:height\" content=\"752\" \/>\n\t<meta property=\"og:image:type\" content=\"image\/jpeg\" \/>\n<meta name=\"author\" content=\"Reda\u00e7\u00e3o\" \/>\n<meta name=\"twitter:card\" content=\"summary_large_image\" \/>\n<meta name=\"twitter:label1\" content=\"Escrito por\" \/>\n\t<meta name=\"twitter:data1\" content=\"Reda\u00e7\u00e3o\" \/>\n\t<meta name=\"twitter:label2\" content=\"Tempo estimado de leitura\" \/>\n\t<meta name=\"twitter:data2\" content=\"1 minuto\" \/>\n<script type=\"application\/ld+json\" class=\"yoast-schema-graph\">{\"@context\":\"https:\/\/schema.org\",\"@graph\":[{\"@type\":\"Article\",\"@id\":\"https:\/\/brasilnoticias.org\/site\/apos-ouro-de-bia-brasil-conquista-bronze-em-cima-da-italia-pelo-judo-em-equipes\/#article\",\"isPartOf\":{\"@id\":\"https:\/\/brasilnoticias.org\/site\/apos-ouro-de-bia-brasil-conquista-bronze-em-cima-da-italia-pelo-judo-em-equipes\/\"},\"author\":{\"name\":\"Reda\u00e7\u00e3o\",\"@id\":\"https:\/\/brasilnoticias.org\/site\/#\/schema\/person\/03bbbfe6c7634ad18c26444ea39049fa\"},\"headline\":\"Ap\u00f3s ouro de Bia, Brasil conquista bronze em cima da It\u00e1lia pelo jud\u00f4 em equipes\",\"datePublished\":\"2024-08-03T16:12:25+00:00\",\"mainEntityOfPage\":{\"@id\":\"https:\/\/brasilnoticias.org\/site\/apos-ouro-de-bia-brasil-conquista-bronze-em-cima-da-italia-pelo-judo-em-equipes\/\"},\"wordCount\":143,\"commentCount\":0,\"publisher\":{\"@id\":\"https:\/\/brasilnoticias.org\/site\/#organization\"},\"image\":{\"@id\":\"https:\/\/brasilnoticias.org\/site\/apos-ouro-de-bia-brasil-conquista-bronze-em-cima-da-italia-pelo-judo-em-equipes\/#primaryimage\"},\"thumbnailUrl\":\"https:\/\/brasilnoticias.org\/site\/wp-content\/uploads\/2024\/08\/153621apos-ouro-de-bia-brasil-conquista-bronze-em-cima-da-italia-pelo-judo-em-equipes-3.jpg\",\"articleSection\":[\"Esporte\",\"\u00daltimas\"],\"inLanguage\":\"pt-PT\",\"potentialAction\":[{\"@type\":\"CommentAction\",\"name\":\"Comment\",\"target\":[\"https:\/\/brasilnoticias.org\/site\/apos-ouro-de-bia-brasil-conquista-bronze-em-cima-da-italia-pelo-judo-em-equipes\/#respond\"]}]},{\"@type\":\"WebPage\",\"@id\":\"https:\/\/brasilnoticias.org\/site\/apos-ouro-de-bia-brasil-conquista-bronze-em-cima-da-italia-pelo-judo-em-equipes\/\",\"url\":\"https:\/\/brasilnoticias.org\/site\/apos-ouro-de-bia-brasil-conquista-bronze-em-cima-da-italia-pelo-judo-em-equipes\/\",\"name\":\"Ap\u00f3s ouro de Bia, Brasil conquista bronze em cima da It\u00e1lia pelo jud\u00f4 em equipes - Brasil not\u00edcias\",\"isPartOf\":{\"@id\":\"https:\/\/brasilnoticias.org\/site\/#website\"},\"primaryImageOfPage\":{\"@id\":\"https:\/\/brasilnoticias.org\/site\/apos-ouro-de-bia-brasil-conquista-bronze-em-cima-da-italia-pelo-judo-em-equipes\/#primaryimage\"},\"image\":{\"@id\":\"https:\/\/brasilnoticias.org\/site\/apos-ouro-de-bia-brasil-conquista-bronze-em-cima-da-italia-pelo-judo-em-equipes\/#primaryimage\"},\"thumbnailUrl\":\"https:\/\/brasilnoticias.org\/site\/wp-content\/uploads\/2024\/08\/153621apos-ouro-de-bia-brasil-conquista-bronze-em-cima-da-italia-pelo-judo-em-equipes-3.jpg\",\"datePublished\":\"2024-08-03T16:12:25+00:00\",\"breadcrumb\":{\"@id\":\"https:\/\/brasilnoticias.org\/site\/apos-ouro-de-bia-brasil-conquista-bronze-em-cima-da-italia-pelo-judo-em-equipes\/#breadcrumb\"},\"inLanguage\":\"pt-PT\",\"potentialAction\":[{\"@type\":\"ReadAction\",\"target\":[\"https:\/\/brasilnoticias.org\/site\/apos-ouro-de-bia-brasil-conquista-bronze-em-cima-da-italia-pelo-judo-em-equipes\/\"]}]},{\"@type\":\"ImageObject\",\"inLanguage\":\"pt-PT\",\"@id\":\"https:\/\/brasilnoticias.org\/site\/apos-ouro-de-bia-brasil-conquista-bronze-em-cima-da-italia-pelo-judo-em-equipes\/#primaryimage\",\"url\":\"https:\/\/brasilnoticias.org\/site\/wp-content\/uploads\/2024\/08\/153621apos-ouro-de-bia-brasil-conquista-bronze-em-cima-da-italia-pelo-judo-em-equipes-3.jpg\",\"contentUrl\":\"https:\/\/brasilnoticias.org\/site\/wp-content\/uploads\/2024\/08\/153621apos-ouro-de-bia-brasil-conquista-bronze-em-cima-da-italia-pelo-judo-em-equipes-3.jpg\",\"width\":1600,\"height\":752},{\"@type\":\"BreadcrumbList\",\"@id\":\"https:\/\/brasilnoticias.org\/site\/apos-ouro-de-bia-brasil-conquista-bronze-em-cima-da-italia-pelo-judo-em-equipes\/#breadcrumb\",\"itemListElement\":[{\"@type\":\"ListItem\",\"position\":1,\"name\":\"In\u00edcio\",\"item\":\"https:\/\/brasilnoticias.org\/site\/\"},{\"@type\":\"ListItem\",\"position\":2,\"name\":\"Ap\u00f3s ouro de Bia, Brasil conquista bronze em cima da It\u00e1lia pelo jud\u00f4 em equipes\"}]},{\"@type\":\"WebSite\",\"@id\":\"https:\/\/brasilnoticias.org\/site\/#website\",\"url\":\"https:\/\/brasilnoticias.org\/site\/\",\"name\":\"Brasil not\u00edcias\",\"description\":\"Brasil not\u00edcias\",\"publisher\":{\"@id\":\"https:\/\/brasilnoticias.org\/site\/#organization\"},\"potentialAction\":[{\"@type\":\"SearchAction\",\"target\":{\"@type\":\"EntryPoint\",\"urlTemplate\":\"https:\/\/brasilnoticias.org\/site\/?s={search_term_string}\"},\"query-input\":{\"@type\":\"PropertyValueSpecification\",\"valueRequired\":true,\"valueName\":\"search_term_string\"}}],\"inLanguage\":\"pt-PT\"},{\"@type\":\"Organization\",\"@id\":\"https:\/\/brasilnoticias.org\/site\/#organization\",\"name\":\"Brasil not\u00edcias\",\"url\":\"https:\/\/brasilnoticias.org\/site\/\",\"logo\":{\"@type\":\"ImageObject\",\"inLanguage\":\"pt-PT\",\"@id\":\"https:\/\/brasilnoticias.org\/site\/#\/schema\/logo\/image\/\",\"url\":\"https:\/\/brasilnoticias.org\/site\/wp-content\/uploads\/2022\/05\/cropped-brasilnoticias-mini.jpg\",\"contentUrl\":\"https:\/\/brasilnoticias.org\/site\/wp-content\/uploads\/2022\/05\/cropped-brasilnoticias-mini.jpg\",\"width\":314,\"height\":86,\"caption\":\"Brasil not\u00edcias\"},\"image\":{\"@id\":\"https:\/\/brasilnoticias.org\/site\/#\/schema\/logo\/image\/\"}},{\"@type\":\"Person\",\"@id\":\"https:\/\/brasilnoticias.org\/site\/#\/schema\/person\/03bbbfe6c7634ad18c26444ea39049fa\",\"name\":\"Reda\u00e7\u00e3o\",\"image\":{\"@type\":\"ImageObject\",\"inLanguage\":\"pt-PT\",\"@id\":\"https:\/\/brasilnoticias.org\/site\/#\/schema\/person\/image\/\",\"url\":\"https:\/\/secure.gravatar.com\/avatar\/9ecaf7327a696cb23ad926fedded5f1f04d7049de9e445375d55b48c001a6e42?s=96&d=mm&r=g\",\"contentUrl\":\"https:\/\/secure.gravatar.com\/avatar\/9ecaf7327a696cb23ad926fedded5f1f04d7049de9e445375d55b48c001a6e42?s=96&d=mm&r=g\",\"caption\":\"Reda\u00e7\u00e3o\"},\"url\":\"https:\/\/brasilnoticias.org\/site\/author\/henrique\/\"}]}<\/script>\n<!-- \/ Yoast SEO plugin. -->","yoast_head_json":{"title":"Ap\u00f3s ouro de Bia, Brasil conquista bronze em cima da It\u00e1lia pelo jud\u00f4 em equipes - Brasil not\u00edcias","robots":{"index":"index","follow":"follow","max-snippet":"max-snippet:-1","max-image-preview":"max-image-preview:large","max-video-preview":"max-video-preview:-1"},"canonical":"https:\/\/brasilnoticias.org\/site\/apos-ouro-de-bia-brasil-conquista-bronze-em-cima-da-italia-pelo-judo-em-equipes\/","og_locale":"pt_PT","og_type":"article","og_title":"Ap\u00f3s ouro de Bia, Brasil conquista bronze em cima da It\u00e1lia pelo jud\u00f4 em equipes - Brasil not\u00edcias","og_description":"A disputa foi uma melhor de sete que terminou em 4 x 3 Brasil e It\u00e1lia se enfrentaram no jud\u00f4","og_url":"https:\/\/brasilnoticias.org\/site\/apos-ouro-de-bia-brasil-conquista-bronze-em-cima-da-italia-pelo-judo-em-equipes\/","og_site_name":"Brasil not\u00edcias","article_published_time":"2024-08-03T16:12:25+00:00","og_image":[{"width":1600,"height":752,"url":"https:\/\/brasilnoticias.org\/site\/wp-content\/uploads\/2024\/08\/153621apos-ouro-de-bia-brasil-conquista-bronze-em-cima-da-italia-pelo-judo-em-equipes-3.jpg","type":"image\/jpeg"}],"author":"Reda\u00e7\u00e3o","twitter_card":"summary_large_image","twitter_misc":{"Escrito por":"Reda\u00e7\u00e3o","Tempo estimado de leitura":"1 minuto"},"schema":{"@context":"https:\/\/schema.org","@graph":[{"@type":"Article","@id":"https:\/\/brasilnoticias.org\/site\/apos-ouro-de-bia-brasil-conquista-bronze-em-cima-da-italia-pelo-judo-em-equipes\/#article","isPartOf":{"@id":"https:\/\/brasilnoticias.org\/site\/apos-ouro-de-bia-brasil-conquista-bronze-em-cima-da-italia-pelo-judo-em-equipes\/"},"author":{"name":"Reda\u00e7\u00e3o","@id":"https:\/\/brasilnoticias.org\/site\/#\/schema\/person\/03bbbfe6c7634ad18c26444ea39049fa"},"headline":"Ap\u00f3s ouro de Bia, Brasil conquista bronze em cima da It\u00e1lia pelo jud\u00f4 em equipes","datePublished":"2024-08-03T16:12:25+00:00","mainEntityOfPage":{"@id":"https:\/\/brasilnoticias.org\/site\/apos-ouro-de-bia-brasil-conquista-bronze-em-cima-da-italia-pelo-judo-em-equipes\/"},"wordCount":143,"commentCount":0,"publisher":{"@id":"https:\/\/brasilnoticias.org\/site\/#organization"},"image":{"@id":"https:\/\/brasilnoticias.org\/site\/apos-ouro-de-bia-brasil-conquista-bronze-em-cima-da-italia-pelo-judo-em-equipes\/#primaryimage"},"thumbnailUrl":"https:\/\/brasilnoticias.org\/site\/wp-content\/uploads\/2024\/08\/153621apos-ouro-de-bia-brasil-conquista-bronze-em-cima-da-italia-pelo-judo-em-equipes-3.jpg","articleSection":["Esporte","\u00daltimas"],"inLanguage":"pt-PT","potentialAction":[{"@type":"CommentAction","name":"Comment","target":["https:\/\/brasilnoticias.org\/site\/apos-ouro-de-bia-brasil-conquista-bronze-em-cima-da-italia-pelo-judo-em-equipes\/#respond"]}]},{"@type":"WebPage","@id":"https:\/\/brasilnoticias.org\/site\/apos-ouro-de-bia-brasil-conquista-bronze-em-cima-da-italia-pelo-judo-em-equipes\/","url":"https:\/\/brasilnoticias.org\/site\/apos-ouro-de-bia-brasil-conquista-bronze-em-cima-da-italia-pelo-judo-em-equipes\/","name":"Ap\u00f3s ouro de Bia, Brasil conquista bronze em cima da It\u00e1lia pelo jud\u00f4 em equipes - Brasil not\u00edcias","isPartOf":{"@id":"https:\/\/brasilnoticias.org\/site\/#website"},"primaryImageOfPage":{"@id":"https:\/\/brasilnoticias.org\/site\/apos-ouro-de-bia-brasil-conquista-bronze-em-cima-da-italia-pelo-judo-em-equipes\/#primaryimage"},"image":{"@id":"https:\/\/brasilnoticias.org\/site\/apos-ouro-de-bia-brasil-conquista-bronze-em-cima-da-italia-pelo-judo-em-equipes\/#primaryimage"},"thumbnailUrl":"https:\/\/brasilnoticias.org\/site\/wp-content\/uploads\/2024\/08\/153621apos-ouro-de-bia-brasil-conquista-bronze-em-cima-da-italia-pelo-judo-em-equipes-3.jpg","datePublished":"2024-08-03T16:12:25+00:00","breadcrumb":{"@id":"https:\/\/brasilnoticias.org\/site\/apos-ouro-de-bia-brasil-conquista-bronze-em-cima-da-italia-pelo-judo-em-equipes\/#breadcrumb"},"inLanguage":"pt-PT","potentialAction":[{"@type":"ReadAction","target":["https:\/\/brasilnoticias.org\/site\/apos-ouro-de-bia-brasil-conquista-bronze-em-cima-da-italia-pelo-judo-em-equipes\/"]}]},{"@type":"ImageObject","inLanguage":"pt-PT","@id":"https:\/\/brasilnoticias.org\/site\/apos-ouro-de-bia-brasil-conquista-bronze-em-cima-da-italia-pelo-judo-em-equipes\/#primaryimage","url":"https:\/\/brasilnoticias.org\/site\/wp-content\/uploads\/2024\/08\/153621apos-ouro-de-bia-brasil-conquista-bronze-em-cima-da-italia-pelo-judo-em-equipes-3.jpg","contentUrl":"https:\/\/brasilnoticias.org\/site\/wp-content\/uploads\/2024\/08\/153621apos-ouro-de-bia-brasil-conquista-bronze-em-cima-da-italia-pelo-judo-em-equipes-3.jpg","width":1600,"height":752},{"@type":"BreadcrumbList","@id":"https:\/\/brasilnoticias.org\/site\/apos-ouro-de-bia-brasil-conquista-bronze-em-cima-da-italia-pelo-judo-em-equipes\/#breadcrumb","itemListElement":[{"@type":"ListItem","position":1,"name":"In\u00edcio","item":"https:\/\/brasilnoticias.org\/site\/"},{"@type":"ListItem","position":2,"name":"Ap\u00f3s ouro de Bia, Brasil conquista bronze em cima da It\u00e1lia pelo jud\u00f4 em equipes"}]},{"@type":"WebSite","@id":"https:\/\/brasilnoticias.org\/site\/#website","url":"https:\/\/brasilnoticias.org\/site\/","name":"Brasil not\u00edcias","description":"Brasil not\u00edcias","publisher":{"@id":"https:\/\/brasilnoticias.org\/site\/#organization"},"potentialAction":[{"@type":"SearchAction","target":{"@type":"EntryPoint","urlTemplate":"https:\/\/brasilnoticias.org\/site\/?s={search_term_string}"},"query-input":{"@type":"PropertyValueSpecification","valueRequired":true,"valueName":"search_term_string"}}],"inLanguage":"pt-PT"},{"@type":"Organization","@id":"https:\/\/brasilnoticias.org\/site\/#organization","name":"Brasil not\u00edcias","url":"https:\/\/brasilnoticias.org\/site\/","logo":{"@type":"ImageObject","inLanguage":"pt-PT","@id":"https:\/\/brasilnoticias.org\/site\/#\/schema\/logo\/image\/","url":"https:\/\/brasilnoticias.org\/site\/wp-content\/uploads\/2022\/05\/cropped-brasilnoticias-mini.jpg","contentUrl":"https:\/\/brasilnoticias.org\/site\/wp-content\/uploads\/2022\/05\/cropped-brasilnoticias-mini.jpg","width":314,"height":86,"caption":"Brasil not\u00edcias"},"image":{"@id":"https:\/\/brasilnoticias.org\/site\/#\/schema\/logo\/image\/"}},{"@type":"Person","@id":"https:\/\/brasilnoticias.org\/site\/#\/schema\/person\/03bbbfe6c7634ad18c26444ea39049fa","name":"Reda\u00e7\u00e3o","image":{"@type":"ImageObject","inLanguage":"pt-PT","@id":"https:\/\/brasilnoticias.org\/site\/#\/schema\/person\/image\/","url":"https:\/\/secure.gravatar.com\/avatar\/9ecaf7327a696cb23ad926fedded5f1f04d7049de9e445375d55b48c001a6e42?s=96&d=mm&r=g","contentUrl":"https:\/\/secure.gravatar.com\/avatar\/9ecaf7327a696cb23ad926fedded5f1f04d7049de9e445375d55b48c001a6e42?s=96&d=mm&r=g","caption":"Reda\u00e7\u00e3o"},"url":"https:\/\/brasilnoticias.org\/site\/author\/henrique\/"}]}},"_links":{"self":[{"href":"https:\/\/brasilnoticias.org\/site\/wp-json\/wp\/v2\/posts\/15336","targetHints":{"allow":["GET"]}}],"collection":[{"href":"https:\/\/brasilnoticias.org\/site\/wp-json\/wp\/v2\/posts"}],"about":[{"href":"https:\/\/brasilnoticias.org\/site\/wp-json\/wp\/v2\/types\/post"}],"author":[{"embeddable":true,"href":"https:\/\/brasilnoticias.org\/site\/wp-json\/wp\/v2\/users\/4"}],"replies":[{"embeddable":true,"href":"https:\/\/brasilnoticias.org\/site\/wp-json\/wp\/v2\/comments?post=15336"}],"version-history":[{"count":1,"href":"https:\/\/brasilnoticias.org\/site\/wp-json\/wp\/v2\/posts\/15336\/revisions"}],"predecessor-version":[{"id":15338,"href":"https:\/\/brasilnoticias.org\/site\/wp-json\/wp\/v2\/posts\/15336\/revisions\/15338"}],"wp:featuredmedia":[{"embeddable":true,"href":"https:\/\/brasilnoticias.org\/site\/wp-json\/wp\/v2\/media\/15337"}],"wp:attachment":[{"href":"https:\/\/brasilnoticias.org\/site\/wp-json\/wp\/v2\/media?parent=15336"}],"wp:term":[{"taxonomy":"category","embeddable":true,"href":"https:\/\/brasilnoticias.org\/site\/wp-json\/wp\/v2\/categories?post=15336"},{"taxonomy":"post_tag","embeddable":true,"href":"https:\/\/brasilnoticias.org\/site\/wp-json\/wp\/v2\/tags?post=15336"}],"curies":[{"name":"wp","href":"https:\/\/api.w.org\/{rel}","templated":true}]}}