{"id":1535,"date":"2022-09-25T07:20:52","date_gmt":"2022-09-25T10:20:52","guid":{"rendered":"https:\/\/brasilnoticias.org\/site\/?p=1535"},"modified":"2022-09-24T20:21:53","modified_gmt":"2022-09-24T23:21:53","slug":"em-ato-em-sao-paulo-lula-pede-a-eleitores-que-comparecam-as-urnas-para-poderem-cobrar-eleitos","status":"publish","type":"post","link":"https:\/\/brasilnoticias.org\/site\/em-ato-em-sao-paulo-lula-pede-a-eleitores-que-comparecam-as-urnas-para-poderem-cobrar-eleitos\/","title":{"rendered":"Em ato em S\u00e3o Paulo, Lula pede a eleitores que compare\u00e7am \u00e0s urnas para poderem cobrar eleitos"},"content":{"rendered":"<p>O ex-presidente Lula, candidato do PT \u00e0 Presid\u00eancia nas elei\u00e7\u00f5es deste ano, pediu neste s\u00e1bado (24) a seus apoiadores que compare\u00e7am \u00e0s urnas no pr\u00f3ximo dia 2 de outubro para poder cobrar os candidatos eleitos.<\/p>\n<p>Lula fez o pedido ao discursar a apoiadores em um ato em S\u00e3o Paulo, do qual tamb\u00e9m participaram pol\u00edticos aliados do ex-presidente, entre os quais o ex-ministro Fernando Haddad (PT), candidato a governador do estado; o ex-governador M\u00e1rcio Fran\u00e7a (PSB), candidato a senador; a ex-ministra Marina Silva; e o ex-governador Geraldo Alckmin (PSB), candidato a vice na chapa de Lula.<\/p>\n<p>&#8220;Qual o problema de a gente n\u00e3o votar? Se a gente n\u00e3o votar, perde autoridade moral de cobrar. Ent\u00e3o, vejam, \u00e9 importante comparecer. A gente n\u00e3o pode ter 20% de absten\u00e7\u00e3o, 10% de voto nulo. \u00c9 importante a gente convencer nesses pr\u00f3ximos dias cada pessoa a ir votar. Compare\u00e7am e votem. Escolha sua deputada, seu deputado, seu governador, seu senador e seu presidente. Para, depois, voc\u00ea ter o direito de cobrar das pessoas&#8221;, declarou Lula no evento.<\/p>\n<p>Pesquisa Datafolha divulgada na \u00faltima quinta (22) mostrou que 4% dos eleitores avaliam votar nulo neste ano. O levantamento n\u00e3o apresentou proje\u00e7\u00f5es sobre eventual absten\u00e7\u00e3o.<\/p>\n<p>Ainda no discurso, Lula voltou a dizer que ir\u00e1 retomar o programa habitacional Minha Casa, Minha Vida, transformado em Casa Verde e Amarela no governo do presidente Jair Bolsonaro (PL), candidato \u00e0 reelei\u00e7\u00e3o.<\/p>\n<p>O candidato do PT tamb\u00e9m voltou a dizer que adotar\u00e1 medidas para gerar emprego. Segundo os dados do Instituto Brasileiro de Geografia e Estat\u00edstica (IBGE), o n\u00edvel de desemprego atingiu 9,3% da popula\u00e7\u00e3o (10,1 milh\u00f5es de pessoas) em junho deste ano.<\/p>\n<p>&#8220;A economia brasileira, j\u00e1 faz anos que n\u00e3o cresce. Se a economia n\u00e3o cresce, n\u00e3o gera emprego. Se n\u00e3o gera emprego, n\u00e3o gera sal\u00e1rio. Se n\u00e3o gera sal\u00e1rio, n\u00e3o gera consumo. Se n\u00e3o gera consumo, n\u00e3o movimenta o com\u00e9rcio. Se n\u00e3o movimenta o com\u00e9rcio, n\u00e3o gera emprego. A\u00ed, a gente fica desempregado&#8221;, disse.<\/p>\n<p>Viol\u00eancia nas periferias<br \/>\nAinda no discurso deste s\u00e1bado, Lula voltou a defender que os governantes precisa adotar medidas para garantir que os moradores das periferias tenham acesso a servi\u00e7os p\u00fablicos, diminuindo assim, segundo ele, os \u00edndices de viol\u00eancia.<\/p>\n<p>Recentemente em uma agenda no Rio de Janeiro, Lula disse que a &#8220;guerra&#8221; nas favelas n\u00e3o se d\u00e1 pela falta ou pelo excesso de pol\u00edcia, mas, sim, pela aus\u00eancia do poder p\u00fablico.<\/p>\n<p>&#8220;Meninas e meninos com 18, 19 anos aqui na periferia saem para procurar emprego e n\u00e3o conseguem arrumar porque n\u00e3o t\u00eam experi\u00eancia. Depois, muitas vezes, essas crian\u00e7as ficam desanimadas, desesperadas porque querem trabalhar, comprar um t\u00eanis, comprar uma cal\u00e7a, comprar comida e n\u00e3o t\u00eam dinheiro. A\u00ed, vem a pol\u00edcia, e cada menino negro que ela encontra, vem atirando de forma desordenada sem que a pessoa desse nenhum motivo&#8221;, disse Lula neste s\u00e1bado.<\/p>\n<p>&#8220;Na verdade, a viol\u00eancia que existe na periferia n\u00e3o \u00e9 do povo, \u00e9 do Estado brasileiro, que n\u00e3o cuida do povo como ele merece. Cad\u00ea a sa\u00fade na periferia? Cad\u00ea a educa\u00e7\u00e3o na periferia? Cad\u00ea o lazer na periferia? Cad\u00ea a cultura na periferia? Cad\u00ea \u00e1gua tratada, esgoto? N\u00e3o, o povo pobre vai, cada vez mais, sendo tocado para longe do centro, cada vez mais vai sendo empurrado&#8221;, declarou.<\/p>\n<p>G1<br \/>\n Foto: Reprodu\u00e7\u00e3o<\/p>\n","protected":false},"excerpt":{"rendered":"<p>O ex-presidente Lula, candidato do PT \u00e0 Presid\u00eancia nas elei\u00e7\u00f5es deste ano, pediu neste s\u00e1bado (24) a seus apoiadores que<\/p>\n","protected":false},"author":1,"featured_media":1536,"comment_status":"open","ping_status":"open","sticky":false,"template":"","format":"standard","meta":{"colormag_page_container_layout":"default_layout","colormag_page_sidebar_layout":"default_layout","_FSMCFIC_featured_image_caption":"","_FSMCFIC_featured_image_nocaption":"","_FSMCFIC_featured_image_hide":"","footnotes":""},"categories":[5,1],"tags":[],"class_list":["post-1535","post","type-post","status-publish","format-standard","has-post-thumbnail","hentry","category-politica","category-ultimas"],"yoast_head":"<!-- This site is optimized with the Yoast SEO plugin v27.1.1 - https:\/\/yoast.com\/product\/yoast-seo-wordpress\/ -->\n<title>Em ato em S\u00e3o Paulo, Lula pede a eleitores que compare\u00e7am \u00e0s urnas para poderem cobrar eleitos - Brasil not\u00edcias<\/title>\n<meta name=\"robots\" content=\"index, follow, max-snippet:-1, max-image-preview:large, max-video-preview:-1\" \/>\n<link rel=\"canonical\" href=\"https:\/\/brasilnoticias.org\/site\/em-ato-em-sao-paulo-lula-pede-a-eleitores-que-comparecam-as-urnas-para-poderem-cobrar-eleitos\/\" \/>\n<meta property=\"og:locale\" content=\"pt_PT\" \/>\n<meta property=\"og:type\" content=\"article\" \/>\n<meta property=\"og:title\" content=\"Em ato em S\u00e3o Paulo, Lula pede a eleitores que compare\u00e7am \u00e0s urnas para poderem cobrar eleitos - Brasil not\u00edcias\" \/>\n<meta property=\"og:description\" content=\"O ex-presidente Lula, candidato do PT \u00e0 Presid\u00eancia nas elei\u00e7\u00f5es deste ano, pediu neste s\u00e1bado (24) a seus apoiadores que\" \/>\n<meta property=\"og:url\" content=\"https:\/\/brasilnoticias.org\/site\/em-ato-em-sao-paulo-lula-pede-a-eleitores-que-comparecam-as-urnas-para-poderem-cobrar-eleitos\/\" \/>\n<meta property=\"og:site_name\" content=\"Brasil not\u00edcias\" \/>\n<meta property=\"article:published_time\" content=\"2022-09-25T10:20:52+00:00\" \/>\n<meta property=\"og:image\" content=\"https:\/\/brasilnoticias.org\/site\/wp-content\/uploads\/2022\/09\/lula-sp.jpg\" \/>\n\t<meta property=\"og:image:width\" content=\"640\" \/>\n\t<meta property=\"og:image:height\" content=\"337\" \/>\n\t<meta property=\"og:image:type\" content=\"image\/jpeg\" \/>\n<meta name=\"author\" content=\"Reda\u00e7\u00e3o\" \/>\n<meta name=\"twitter:card\" content=\"summary_large_image\" \/>\n<meta name=\"twitter:label1\" content=\"Escrito por\" \/>\n\t<meta name=\"twitter:data1\" content=\"Reda\u00e7\u00e3o\" \/>\n\t<meta name=\"twitter:label2\" content=\"Tempo estimado de leitura\" \/>\n\t<meta name=\"twitter:data2\" content=\"3 minutos\" \/>\n<script type=\"application\/ld+json\" class=\"yoast-schema-graph\">{\"@context\":\"https:\/\/schema.org\",\"@graph\":[{\"@type\":\"Article\",\"@id\":\"https:\/\/brasilnoticias.org\/site\/em-ato-em-sao-paulo-lula-pede-a-eleitores-que-comparecam-as-urnas-para-poderem-cobrar-eleitos\/#article\",\"isPartOf\":{\"@id\":\"https:\/\/brasilnoticias.org\/site\/em-ato-em-sao-paulo-lula-pede-a-eleitores-que-comparecam-as-urnas-para-poderem-cobrar-eleitos\/\"},\"author\":{\"name\":\"Reda\u00e7\u00e3o\",\"@id\":\"https:\/\/brasilnoticias.org\/site\/#\/schema\/person\/a0e05b973ec4d15c658d51911e53507b\"},\"headline\":\"Em ato em S\u00e3o Paulo, Lula pede a eleitores que compare\u00e7am \u00e0s urnas para poderem cobrar eleitos\",\"datePublished\":\"2022-09-25T10:20:52+00:00\",\"mainEntityOfPage\":{\"@id\":\"https:\/\/brasilnoticias.org\/site\/em-ato-em-sao-paulo-lula-pede-a-eleitores-que-comparecam-as-urnas-para-poderem-cobrar-eleitos\/\"},\"wordCount\":609,\"commentCount\":0,\"publisher\":{\"@id\":\"https:\/\/brasilnoticias.org\/site\/#organization\"},\"image\":{\"@id\":\"https:\/\/brasilnoticias.org\/site\/em-ato-em-sao-paulo-lula-pede-a-eleitores-que-comparecam-as-urnas-para-poderem-cobrar-eleitos\/#primaryimage\"},\"thumbnailUrl\":\"https:\/\/brasilnoticias.org\/site\/wp-content\/uploads\/2022\/09\/lula-sp.jpg\",\"articleSection\":[\"Pol\u00edtica\",\"\u00daltimas\"],\"inLanguage\":\"pt-PT\",\"potentialAction\":[{\"@type\":\"CommentAction\",\"name\":\"Comment\",\"target\":[\"https:\/\/brasilnoticias.org\/site\/em-ato-em-sao-paulo-lula-pede-a-eleitores-que-comparecam-as-urnas-para-poderem-cobrar-eleitos\/#respond\"]}]},{\"@type\":\"WebPage\",\"@id\":\"https:\/\/brasilnoticias.org\/site\/em-ato-em-sao-paulo-lula-pede-a-eleitores-que-comparecam-as-urnas-para-poderem-cobrar-eleitos\/\",\"url\":\"https:\/\/brasilnoticias.org\/site\/em-ato-em-sao-paulo-lula-pede-a-eleitores-que-comparecam-as-urnas-para-poderem-cobrar-eleitos\/\",\"name\":\"Em ato em S\u00e3o Paulo, Lula pede a eleitores que compare\u00e7am \u00e0s urnas para poderem cobrar eleitos - Brasil not\u00edcias\",\"isPartOf\":{\"@id\":\"https:\/\/brasilnoticias.org\/site\/#website\"},\"primaryImageOfPage\":{\"@id\":\"https:\/\/brasilnoticias.org\/site\/em-ato-em-sao-paulo-lula-pede-a-eleitores-que-comparecam-as-urnas-para-poderem-cobrar-eleitos\/#primaryimage\"},\"image\":{\"@id\":\"https:\/\/brasilnoticias.org\/site\/em-ato-em-sao-paulo-lula-pede-a-eleitores-que-comparecam-as-urnas-para-poderem-cobrar-eleitos\/#primaryimage\"},\"thumbnailUrl\":\"https:\/\/brasilnoticias.org\/site\/wp-content\/uploads\/2022\/09\/lula-sp.jpg\",\"datePublished\":\"2022-09-25T10:20:52+00:00\",\"breadcrumb\":{\"@id\":\"https:\/\/brasilnoticias.org\/site\/em-ato-em-sao-paulo-lula-pede-a-eleitores-que-comparecam-as-urnas-para-poderem-cobrar-eleitos\/#breadcrumb\"},\"inLanguage\":\"pt-PT\",\"potentialAction\":[{\"@type\":\"ReadAction\",\"target\":[\"https:\/\/brasilnoticias.org\/site\/em-ato-em-sao-paulo-lula-pede-a-eleitores-que-comparecam-as-urnas-para-poderem-cobrar-eleitos\/\"]}]},{\"@type\":\"ImageObject\",\"inLanguage\":\"pt-PT\",\"@id\":\"https:\/\/brasilnoticias.org\/site\/em-ato-em-sao-paulo-lula-pede-a-eleitores-que-comparecam-as-urnas-para-poderem-cobrar-eleitos\/#primaryimage\",\"url\":\"https:\/\/brasilnoticias.org\/site\/wp-content\/uploads\/2022\/09\/lula-sp.jpg\",\"contentUrl\":\"https:\/\/brasilnoticias.org\/site\/wp-content\/uploads\/2022\/09\/lula-sp.jpg\",\"width\":640,\"height\":337},{\"@type\":\"BreadcrumbList\",\"@id\":\"https:\/\/brasilnoticias.org\/site\/em-ato-em-sao-paulo-lula-pede-a-eleitores-que-comparecam-as-urnas-para-poderem-cobrar-eleitos\/#breadcrumb\",\"itemListElement\":[{\"@type\":\"ListItem\",\"position\":1,\"name\":\"In\u00edcio\",\"item\":\"https:\/\/brasilnoticias.org\/site\/\"},{\"@type\":\"ListItem\",\"position\":2,\"name\":\"Em ato em S\u00e3o Paulo, Lula pede a eleitores que compare\u00e7am \u00e0s urnas para poderem cobrar eleitos\"}]},{\"@type\":\"WebSite\",\"@id\":\"https:\/\/brasilnoticias.org\/site\/#website\",\"url\":\"https:\/\/brasilnoticias.org\/site\/\",\"name\":\"Brasil not\u00edcias\",\"description\":\"Brasil not\u00edcias\",\"publisher\":{\"@id\":\"https:\/\/brasilnoticias.org\/site\/#organization\"},\"potentialAction\":[{\"@type\":\"SearchAction\",\"target\":{\"@type\":\"EntryPoint\",\"urlTemplate\":\"https:\/\/brasilnoticias.org\/site\/?s={search_term_string}\"},\"query-input\":{\"@type\":\"PropertyValueSpecification\",\"valueRequired\":true,\"valueName\":\"search_term_string\"}}],\"inLanguage\":\"pt-PT\"},{\"@type\":\"Organization\",\"@id\":\"https:\/\/brasilnoticias.org\/site\/#organization\",\"name\":\"Brasil not\u00edcias\",\"url\":\"https:\/\/brasilnoticias.org\/site\/\",\"logo\":{\"@type\":\"ImageObject\",\"inLanguage\":\"pt-PT\",\"@id\":\"https:\/\/brasilnoticias.org\/site\/#\/schema\/logo\/image\/\",\"url\":\"https:\/\/brasilnoticias.org\/site\/wp-content\/uploads\/2022\/05\/cropped-brasilnoticias-mini.jpg\",\"contentUrl\":\"https:\/\/brasilnoticias.org\/site\/wp-content\/uploads\/2022\/05\/cropped-brasilnoticias-mini.jpg\",\"width\":314,\"height\":86,\"caption\":\"Brasil not\u00edcias\"},\"image\":{\"@id\":\"https:\/\/brasilnoticias.org\/site\/#\/schema\/logo\/image\/\"}},{\"@type\":\"Person\",\"@id\":\"https:\/\/brasilnoticias.org\/site\/#\/schema\/person\/a0e05b973ec4d15c658d51911e53507b\",\"name\":\"Reda\u00e7\u00e3o\",\"image\":{\"@type\":\"ImageObject\",\"inLanguage\":\"pt-PT\",\"@id\":\"https:\/\/brasilnoticias.org\/site\/#\/schema\/person\/image\/\",\"url\":\"https:\/\/secure.gravatar.com\/avatar\/75d8b050df2de108b08ae78dfb8e374892df24a383c67db9c46a9c604f6aee9c?s=96&d=mm&r=g\",\"contentUrl\":\"https:\/\/secure.gravatar.com\/avatar\/75d8b050df2de108b08ae78dfb8e374892df24a383c67db9c46a9c604f6aee9c?s=96&d=mm&r=g\",\"caption\":\"Reda\u00e7\u00e3o\"},\"sameAs\":[\"https:\/\/brasilnoticias.org\/site\"],\"url\":\"https:\/\/brasilnoticias.org\/site\/author\/fernandozsngmail-com\/\"}]}<\/script>\n<!-- \/ Yoast SEO plugin. -->","yoast_head_json":{"title":"Em ato em S\u00e3o Paulo, Lula pede a eleitores que compare\u00e7am \u00e0s urnas para poderem cobrar eleitos - Brasil not\u00edcias","robots":{"index":"index","follow":"follow","max-snippet":"max-snippet:-1","max-image-preview":"max-image-preview:large","max-video-preview":"max-video-preview:-1"},"canonical":"https:\/\/brasilnoticias.org\/site\/em-ato-em-sao-paulo-lula-pede-a-eleitores-que-comparecam-as-urnas-para-poderem-cobrar-eleitos\/","og_locale":"pt_PT","og_type":"article","og_title":"Em ato em S\u00e3o Paulo, Lula pede a eleitores que compare\u00e7am \u00e0s urnas para poderem cobrar eleitos - Brasil not\u00edcias","og_description":"O ex-presidente Lula, candidato do PT \u00e0 Presid\u00eancia nas elei\u00e7\u00f5es deste ano, pediu neste s\u00e1bado (24) a seus apoiadores que","og_url":"https:\/\/brasilnoticias.org\/site\/em-ato-em-sao-paulo-lula-pede-a-eleitores-que-comparecam-as-urnas-para-poderem-cobrar-eleitos\/","og_site_name":"Brasil not\u00edcias","article_published_time":"2022-09-25T10:20:52+00:00","og_image":[{"width":640,"height":337,"url":"https:\/\/brasilnoticias.org\/site\/wp-content\/uploads\/2022\/09\/lula-sp.jpg","type":"image\/jpeg"}],"author":"Reda\u00e7\u00e3o","twitter_card":"summary_large_image","twitter_misc":{"Escrito por":"Reda\u00e7\u00e3o","Tempo estimado de leitura":"3 minutos"},"schema":{"@context":"https:\/\/schema.org","@graph":[{"@type":"Article","@id":"https:\/\/brasilnoticias.org\/site\/em-ato-em-sao-paulo-lula-pede-a-eleitores-que-comparecam-as-urnas-para-poderem-cobrar-eleitos\/#article","isPartOf":{"@id":"https:\/\/brasilnoticias.org\/site\/em-ato-em-sao-paulo-lula-pede-a-eleitores-que-comparecam-as-urnas-para-poderem-cobrar-eleitos\/"},"author":{"name":"Reda\u00e7\u00e3o","@id":"https:\/\/brasilnoticias.org\/site\/#\/schema\/person\/a0e05b973ec4d15c658d51911e53507b"},"headline":"Em ato em S\u00e3o Paulo, Lula pede a eleitores que compare\u00e7am \u00e0s urnas para poderem cobrar eleitos","datePublished":"2022-09-25T10:20:52+00:00","mainEntityOfPage":{"@id":"https:\/\/brasilnoticias.org\/site\/em-ato-em-sao-paulo-lula-pede-a-eleitores-que-comparecam-as-urnas-para-poderem-cobrar-eleitos\/"},"wordCount":609,"commentCount":0,"publisher":{"@id":"https:\/\/brasilnoticias.org\/site\/#organization"},"image":{"@id":"https:\/\/brasilnoticias.org\/site\/em-ato-em-sao-paulo-lula-pede-a-eleitores-que-comparecam-as-urnas-para-poderem-cobrar-eleitos\/#primaryimage"},"thumbnailUrl":"https:\/\/brasilnoticias.org\/site\/wp-content\/uploads\/2022\/09\/lula-sp.jpg","articleSection":["Pol\u00edtica","\u00daltimas"],"inLanguage":"pt-PT","potentialAction":[{"@type":"CommentAction","name":"Comment","target":["https:\/\/brasilnoticias.org\/site\/em-ato-em-sao-paulo-lula-pede-a-eleitores-que-comparecam-as-urnas-para-poderem-cobrar-eleitos\/#respond"]}]},{"@type":"WebPage","@id":"https:\/\/brasilnoticias.org\/site\/em-ato-em-sao-paulo-lula-pede-a-eleitores-que-comparecam-as-urnas-para-poderem-cobrar-eleitos\/","url":"https:\/\/brasilnoticias.org\/site\/em-ato-em-sao-paulo-lula-pede-a-eleitores-que-comparecam-as-urnas-para-poderem-cobrar-eleitos\/","name":"Em ato em S\u00e3o Paulo, Lula pede a eleitores que compare\u00e7am \u00e0s urnas para poderem cobrar eleitos - Brasil not\u00edcias","isPartOf":{"@id":"https:\/\/brasilnoticias.org\/site\/#website"},"primaryImageOfPage":{"@id":"https:\/\/brasilnoticias.org\/site\/em-ato-em-sao-paulo-lula-pede-a-eleitores-que-comparecam-as-urnas-para-poderem-cobrar-eleitos\/#primaryimage"},"image":{"@id":"https:\/\/brasilnoticias.org\/site\/em-ato-em-sao-paulo-lula-pede-a-eleitores-que-comparecam-as-urnas-para-poderem-cobrar-eleitos\/#primaryimage"},"thumbnailUrl":"https:\/\/brasilnoticias.org\/site\/wp-content\/uploads\/2022\/09\/lula-sp.jpg","datePublished":"2022-09-25T10:20:52+00:00","breadcrumb":{"@id":"https:\/\/brasilnoticias.org\/site\/em-ato-em-sao-paulo-lula-pede-a-eleitores-que-comparecam-as-urnas-para-poderem-cobrar-eleitos\/#breadcrumb"},"inLanguage":"pt-PT","potentialAction":[{"@type":"ReadAction","target":["https:\/\/brasilnoticias.org\/site\/em-ato-em-sao-paulo-lula-pede-a-eleitores-que-comparecam-as-urnas-para-poderem-cobrar-eleitos\/"]}]},{"@type":"ImageObject","inLanguage":"pt-PT","@id":"https:\/\/brasilnoticias.org\/site\/em-ato-em-sao-paulo-lula-pede-a-eleitores-que-comparecam-as-urnas-para-poderem-cobrar-eleitos\/#primaryimage","url":"https:\/\/brasilnoticias.org\/site\/wp-content\/uploads\/2022\/09\/lula-sp.jpg","contentUrl":"https:\/\/brasilnoticias.org\/site\/wp-content\/uploads\/2022\/09\/lula-sp.jpg","width":640,"height":337},{"@type":"BreadcrumbList","@id":"https:\/\/brasilnoticias.org\/site\/em-ato-em-sao-paulo-lula-pede-a-eleitores-que-comparecam-as-urnas-para-poderem-cobrar-eleitos\/#breadcrumb","itemListElement":[{"@type":"ListItem","position":1,"name":"In\u00edcio","item":"https:\/\/brasilnoticias.org\/site\/"},{"@type":"ListItem","position":2,"name":"Em ato em S\u00e3o Paulo, Lula pede a eleitores que compare\u00e7am \u00e0s urnas para poderem cobrar eleitos"}]},{"@type":"WebSite","@id":"https:\/\/brasilnoticias.org\/site\/#website","url":"https:\/\/brasilnoticias.org\/site\/","name":"Brasil not\u00edcias","description":"Brasil not\u00edcias","publisher":{"@id":"https:\/\/brasilnoticias.org\/site\/#organization"},"potentialAction":[{"@type":"SearchAction","target":{"@type":"EntryPoint","urlTemplate":"https:\/\/brasilnoticias.org\/site\/?s={search_term_string}"},"query-input":{"@type":"PropertyValueSpecification","valueRequired":true,"valueName":"search_term_string"}}],"inLanguage":"pt-PT"},{"@type":"Organization","@id":"https:\/\/brasilnoticias.org\/site\/#organization","name":"Brasil not\u00edcias","url":"https:\/\/brasilnoticias.org\/site\/","logo":{"@type":"ImageObject","inLanguage":"pt-PT","@id":"https:\/\/brasilnoticias.org\/site\/#\/schema\/logo\/image\/","url":"https:\/\/brasilnoticias.org\/site\/wp-content\/uploads\/2022\/05\/cropped-brasilnoticias-mini.jpg","contentUrl":"https:\/\/brasilnoticias.org\/site\/wp-content\/uploads\/2022\/05\/cropped-brasilnoticias-mini.jpg","width":314,"height":86,"caption":"Brasil not\u00edcias"},"image":{"@id":"https:\/\/brasilnoticias.org\/site\/#\/schema\/logo\/image\/"}},{"@type":"Person","@id":"https:\/\/brasilnoticias.org\/site\/#\/schema\/person\/a0e05b973ec4d15c658d51911e53507b","name":"Reda\u00e7\u00e3o","image":{"@type":"ImageObject","inLanguage":"pt-PT","@id":"https:\/\/brasilnoticias.org\/site\/#\/schema\/person\/image\/","url":"https:\/\/secure.gravatar.com\/avatar\/75d8b050df2de108b08ae78dfb8e374892df24a383c67db9c46a9c604f6aee9c?s=96&d=mm&r=g","contentUrl":"https:\/\/secure.gravatar.com\/avatar\/75d8b050df2de108b08ae78dfb8e374892df24a383c67db9c46a9c604f6aee9c?s=96&d=mm&r=g","caption":"Reda\u00e7\u00e3o"},"sameAs":["https:\/\/brasilnoticias.org\/site"],"url":"https:\/\/brasilnoticias.org\/site\/author\/fernandozsngmail-com\/"}]}},"_links":{"self":[{"href":"https:\/\/brasilnoticias.org\/site\/wp-json\/wp\/v2\/posts\/1535","targetHints":{"allow":["GET"]}}],"collection":[{"href":"https:\/\/brasilnoticias.org\/site\/wp-json\/wp\/v2\/posts"}],"about":[{"href":"https:\/\/brasilnoticias.org\/site\/wp-json\/wp\/v2\/types\/post"}],"author":[{"embeddable":true,"href":"https:\/\/brasilnoticias.org\/site\/wp-json\/wp\/v2\/users\/1"}],"replies":[{"embeddable":true,"href":"https:\/\/brasilnoticias.org\/site\/wp-json\/wp\/v2\/comments?post=1535"}],"version-history":[{"count":1,"href":"https:\/\/brasilnoticias.org\/site\/wp-json\/wp\/v2\/posts\/1535\/revisions"}],"predecessor-version":[{"id":1537,"href":"https:\/\/brasilnoticias.org\/site\/wp-json\/wp\/v2\/posts\/1535\/revisions\/1537"}],"wp:featuredmedia":[{"embeddable":true,"href":"https:\/\/brasilnoticias.org\/site\/wp-json\/wp\/v2\/media\/1536"}],"wp:attachment":[{"href":"https:\/\/brasilnoticias.org\/site\/wp-json\/wp\/v2\/media?parent=1535"}],"wp:term":[{"taxonomy":"category","embeddable":true,"href":"https:\/\/brasilnoticias.org\/site\/wp-json\/wp\/v2\/categories?post=1535"},{"taxonomy":"post_tag","embeddable":true,"href":"https:\/\/brasilnoticias.org\/site\/wp-json\/wp\/v2\/tags?post=1535"}],"curies":[{"name":"wp","href":"https:\/\/api.w.org\/{rel}","templated":true}]}}