{"id":15357,"date":"2024-08-05T15:49:47","date_gmt":"2024-08-05T18:49:47","guid":{"rendered":"https:\/\/brasilnoticias.org\/site\/?p=15357"},"modified":"2024-08-05T15:49:47","modified_gmt":"2024-08-05T18:49:47","slug":"ivan-cordeiro-volta-a-cobrar-instalacao-de-sac-na-zona-oeste-de-vitoria-da-conquista","status":"publish","type":"post","link":"https:\/\/brasilnoticias.org\/site\/ivan-cordeiro-volta-a-cobrar-instalacao-de-sac-na-zona-oeste-de-vitoria-da-conquista\/","title":{"rendered":"Ivan Cordeiro volta a cobrar instala\u00e7\u00e3o de SAC na Zona Oeste de Vit\u00f3ria da Conquista"},"content":{"rendered":"<p>Usando as redes sociais, o vereador Ivan Cordeiro (PL) voltou a criticar a falta de um Servi\u00e7o de Atendimento ao Cidad\u00e3o (SAC) na zona oeste da cidade de Vit\u00f3ria da Conquista. A manifesta\u00e7\u00e3o do edil surgiu ap\u00f3s o an\u00fancio de que sete novas unidades do SAC em Salvador e regi\u00e3o metropolitana passaram a emitir nova carteira de identidade nesta semana. <\/p>\n<p>\u201cEnquanto isso, a zona oeste de Conquista continua sem um SAC para chamar de seu. Uma grande parcela da popula\u00e7\u00e3o continua tendo que pagar caro para conseguir atendimento do outro lado da cidade\u201d, disse Ivan, em sua conta no X. <\/p>\n<p>Ivan ainda salientou que 70% da popula\u00e7\u00e3o de Vit\u00f3ria da Conquista est\u00e1 na zona oeste \u201ce sofre com a falta de investimentos\u201d por parte do governo estadual. <\/p>\n<p>\u201c\u00c9 inaceit\u00e1vel que os bairros da zona oeste, que contribuem significativamente para a economia do munic\u00edpio, tenham sempre proteladas ou enfrentadas com paliativos as suas demandas. \u00c9 preciso corrigir isso, n\u00e3o cabe mais essa disparidade no tratamento\u201d, pontuou o vereador, que que j\u00e1 protocolou of\u00edcios ao Governo do Estado solicitando a constru\u00e7\u00e3o de um equipamento na regi\u00e3o.<\/p>\n","protected":false},"excerpt":{"rendered":"<p>Usando as redes sociais, o vereador Ivan Cordeiro (PL) voltou a criticar a falta de um Servi\u00e7o de Atendimento ao<\/p>\n","protected":false},"author":4,"featured_media":15358,"comment_status":"open","ping_status":"open","sticky":false,"template":"","format":"standard","meta":{"colormag_page_container_layout":"default_layout","colormag_page_sidebar_layout":"default_layout","_FSMCFIC_featured_image_caption":"","_FSMCFIC_featured_image_nocaption":"","_FSMCFIC_featured_image_hide":"","footnotes":""},"categories":[2,1],"tags":[],"class_list":["post-15357","post","type-post","status-publish","format-standard","has-post-thumbnail","hentry","category-noticias","category-ultimas"],"yoast_head":"<!-- This site is optimized with the Yoast SEO plugin v27.1.1 - https:\/\/yoast.com\/product\/yoast-seo-wordpress\/ -->\n<title>Ivan Cordeiro volta a cobrar instala\u00e7\u00e3o de SAC na Zona Oeste de Vit\u00f3ria da Conquista - Brasil not\u00edcias<\/title>\n<meta name=\"robots\" content=\"index, follow, max-snippet:-1, max-image-preview:large, max-video-preview:-1\" \/>\n<link rel=\"canonical\" href=\"https:\/\/brasilnoticias.org\/site\/ivan-cordeiro-volta-a-cobrar-instalacao-de-sac-na-zona-oeste-de-vitoria-da-conquista\/\" \/>\n<meta property=\"og:locale\" content=\"pt_PT\" \/>\n<meta property=\"og:type\" content=\"article\" \/>\n<meta property=\"og:title\" content=\"Ivan Cordeiro volta a cobrar instala\u00e7\u00e3o de SAC na Zona Oeste de Vit\u00f3ria da Conquista - Brasil not\u00edcias\" \/>\n<meta property=\"og:description\" content=\"Usando as redes sociais, o vereador Ivan Cordeiro (PL) voltou a criticar a falta de um Servi\u00e7o de Atendimento ao\" \/>\n<meta property=\"og:url\" content=\"https:\/\/brasilnoticias.org\/site\/ivan-cordeiro-volta-a-cobrar-instalacao-de-sac-na-zona-oeste-de-vitoria-da-conquista\/\" \/>\n<meta property=\"og:site_name\" content=\"Brasil not\u00edcias\" \/>\n<meta property=\"article:published_time\" content=\"2024-08-05T18:49:47+00:00\" \/>\n<meta property=\"og:image\" content=\"https:\/\/brasilnoticias.org\/site\/wp-content\/uploads\/2024\/08\/IMAGEM_NOTICIA_0-2.jpg\" \/>\n\t<meta property=\"og:image:width\" content=\"850\" \/>\n\t<meta property=\"og:image:height\" content=\"400\" \/>\n\t<meta property=\"og:image:type\" content=\"image\/jpeg\" \/>\n<meta name=\"author\" content=\"Reda\u00e7\u00e3o\" \/>\n<meta name=\"twitter:card\" content=\"summary_large_image\" \/>\n<meta name=\"twitter:label1\" content=\"Escrito por\" \/>\n\t<meta name=\"twitter:data1\" content=\"Reda\u00e7\u00e3o\" \/>\n\t<meta name=\"twitter:label2\" content=\"Tempo estimado de leitura\" \/>\n\t<meta name=\"twitter:data2\" content=\"1 minuto\" \/>\n<script type=\"application\/ld+json\" class=\"yoast-schema-graph\">{\"@context\":\"https:\/\/schema.org\",\"@graph\":[{\"@type\":\"Article\",\"@id\":\"https:\/\/brasilnoticias.org\/site\/ivan-cordeiro-volta-a-cobrar-instalacao-de-sac-na-zona-oeste-de-vitoria-da-conquista\/#article\",\"isPartOf\":{\"@id\":\"https:\/\/brasilnoticias.org\/site\/ivan-cordeiro-volta-a-cobrar-instalacao-de-sac-na-zona-oeste-de-vitoria-da-conquista\/\"},\"author\":{\"name\":\"Reda\u00e7\u00e3o\",\"@id\":\"https:\/\/brasilnoticias.org\/site\/#\/schema\/person\/03bbbfe6c7634ad18c26444ea39049fa\"},\"headline\":\"Ivan Cordeiro volta a cobrar instala\u00e7\u00e3o de SAC na Zona Oeste de Vit\u00f3ria da Conquista\",\"datePublished\":\"2024-08-05T18:49:47+00:00\",\"mainEntityOfPage\":{\"@id\":\"https:\/\/brasilnoticias.org\/site\/ivan-cordeiro-volta-a-cobrar-instalacao-de-sac-na-zona-oeste-de-vitoria-da-conquista\/\"},\"wordCount\":214,\"commentCount\":0,\"publisher\":{\"@id\":\"https:\/\/brasilnoticias.org\/site\/#organization\"},\"image\":{\"@id\":\"https:\/\/brasilnoticias.org\/site\/ivan-cordeiro-volta-a-cobrar-instalacao-de-sac-na-zona-oeste-de-vitoria-da-conquista\/#primaryimage\"},\"thumbnailUrl\":\"https:\/\/brasilnoticias.org\/site\/wp-content\/uploads\/2024\/08\/IMAGEM_NOTICIA_0-2.jpg\",\"articleSection\":[\"Not\u00edcias\",\"\u00daltimas\"],\"inLanguage\":\"pt-PT\",\"potentialAction\":[{\"@type\":\"CommentAction\",\"name\":\"Comment\",\"target\":[\"https:\/\/brasilnoticias.org\/site\/ivan-cordeiro-volta-a-cobrar-instalacao-de-sac-na-zona-oeste-de-vitoria-da-conquista\/#respond\"]}]},{\"@type\":\"WebPage\",\"@id\":\"https:\/\/brasilnoticias.org\/site\/ivan-cordeiro-volta-a-cobrar-instalacao-de-sac-na-zona-oeste-de-vitoria-da-conquista\/\",\"url\":\"https:\/\/brasilnoticias.org\/site\/ivan-cordeiro-volta-a-cobrar-instalacao-de-sac-na-zona-oeste-de-vitoria-da-conquista\/\",\"name\":\"Ivan Cordeiro volta a cobrar instala\u00e7\u00e3o de SAC na Zona Oeste de Vit\u00f3ria da Conquista - Brasil not\u00edcias\",\"isPartOf\":{\"@id\":\"https:\/\/brasilnoticias.org\/site\/#website\"},\"primaryImageOfPage\":{\"@id\":\"https:\/\/brasilnoticias.org\/site\/ivan-cordeiro-volta-a-cobrar-instalacao-de-sac-na-zona-oeste-de-vitoria-da-conquista\/#primaryimage\"},\"image\":{\"@id\":\"https:\/\/brasilnoticias.org\/site\/ivan-cordeiro-volta-a-cobrar-instalacao-de-sac-na-zona-oeste-de-vitoria-da-conquista\/#primaryimage\"},\"thumbnailUrl\":\"https:\/\/brasilnoticias.org\/site\/wp-content\/uploads\/2024\/08\/IMAGEM_NOTICIA_0-2.jpg\",\"datePublished\":\"2024-08-05T18:49:47+00:00\",\"breadcrumb\":{\"@id\":\"https:\/\/brasilnoticias.org\/site\/ivan-cordeiro-volta-a-cobrar-instalacao-de-sac-na-zona-oeste-de-vitoria-da-conquista\/#breadcrumb\"},\"inLanguage\":\"pt-PT\",\"potentialAction\":[{\"@type\":\"ReadAction\",\"target\":[\"https:\/\/brasilnoticias.org\/site\/ivan-cordeiro-volta-a-cobrar-instalacao-de-sac-na-zona-oeste-de-vitoria-da-conquista\/\"]}]},{\"@type\":\"ImageObject\",\"inLanguage\":\"pt-PT\",\"@id\":\"https:\/\/brasilnoticias.org\/site\/ivan-cordeiro-volta-a-cobrar-instalacao-de-sac-na-zona-oeste-de-vitoria-da-conquista\/#primaryimage\",\"url\":\"https:\/\/brasilnoticias.org\/site\/wp-content\/uploads\/2024\/08\/IMAGEM_NOTICIA_0-2.jpg\",\"contentUrl\":\"https:\/\/brasilnoticias.org\/site\/wp-content\/uploads\/2024\/08\/IMAGEM_NOTICIA_0-2.jpg\",\"width\":850,\"height\":400},{\"@type\":\"BreadcrumbList\",\"@id\":\"https:\/\/brasilnoticias.org\/site\/ivan-cordeiro-volta-a-cobrar-instalacao-de-sac-na-zona-oeste-de-vitoria-da-conquista\/#breadcrumb\",\"itemListElement\":[{\"@type\":\"ListItem\",\"position\":1,\"name\":\"In\u00edcio\",\"item\":\"https:\/\/brasilnoticias.org\/site\/\"},{\"@type\":\"ListItem\",\"position\":2,\"name\":\"Ivan Cordeiro volta a cobrar instala\u00e7\u00e3o de SAC na Zona Oeste de Vit\u00f3ria da Conquista\"}]},{\"@type\":\"WebSite\",\"@id\":\"https:\/\/brasilnoticias.org\/site\/#website\",\"url\":\"https:\/\/brasilnoticias.org\/site\/\",\"name\":\"Brasil not\u00edcias\",\"description\":\"Brasil not\u00edcias\",\"publisher\":{\"@id\":\"https:\/\/brasilnoticias.org\/site\/#organization\"},\"potentialAction\":[{\"@type\":\"SearchAction\",\"target\":{\"@type\":\"EntryPoint\",\"urlTemplate\":\"https:\/\/brasilnoticias.org\/site\/?s={search_term_string}\"},\"query-input\":{\"@type\":\"PropertyValueSpecification\",\"valueRequired\":true,\"valueName\":\"search_term_string\"}}],\"inLanguage\":\"pt-PT\"},{\"@type\":\"Organization\",\"@id\":\"https:\/\/brasilnoticias.org\/site\/#organization\",\"name\":\"Brasil not\u00edcias\",\"url\":\"https:\/\/brasilnoticias.org\/site\/\",\"logo\":{\"@type\":\"ImageObject\",\"inLanguage\":\"pt-PT\",\"@id\":\"https:\/\/brasilnoticias.org\/site\/#\/schema\/logo\/image\/\",\"url\":\"https:\/\/brasilnoticias.org\/site\/wp-content\/uploads\/2022\/05\/cropped-brasilnoticias-mini.jpg\",\"contentUrl\":\"https:\/\/brasilnoticias.org\/site\/wp-content\/uploads\/2022\/05\/cropped-brasilnoticias-mini.jpg\",\"width\":314,\"height\":86,\"caption\":\"Brasil not\u00edcias\"},\"image\":{\"@id\":\"https:\/\/brasilnoticias.org\/site\/#\/schema\/logo\/image\/\"}},{\"@type\":\"Person\",\"@id\":\"https:\/\/brasilnoticias.org\/site\/#\/schema\/person\/03bbbfe6c7634ad18c26444ea39049fa\",\"name\":\"Reda\u00e7\u00e3o\",\"image\":{\"@type\":\"ImageObject\",\"inLanguage\":\"pt-PT\",\"@id\":\"https:\/\/brasilnoticias.org\/site\/#\/schema\/person\/image\/\",\"url\":\"https:\/\/secure.gravatar.com\/avatar\/9ecaf7327a696cb23ad926fedded5f1f04d7049de9e445375d55b48c001a6e42?s=96&d=mm&r=g\",\"contentUrl\":\"https:\/\/secure.gravatar.com\/avatar\/9ecaf7327a696cb23ad926fedded5f1f04d7049de9e445375d55b48c001a6e42?s=96&d=mm&r=g\",\"caption\":\"Reda\u00e7\u00e3o\"},\"url\":\"https:\/\/brasilnoticias.org\/site\/author\/henrique\/\"}]}<\/script>\n<!-- \/ Yoast SEO plugin. -->","yoast_head_json":{"title":"Ivan Cordeiro volta a cobrar instala\u00e7\u00e3o de SAC na Zona Oeste de Vit\u00f3ria da Conquista - Brasil not\u00edcias","robots":{"index":"index","follow":"follow","max-snippet":"max-snippet:-1","max-image-preview":"max-image-preview:large","max-video-preview":"max-video-preview:-1"},"canonical":"https:\/\/brasilnoticias.org\/site\/ivan-cordeiro-volta-a-cobrar-instalacao-de-sac-na-zona-oeste-de-vitoria-da-conquista\/","og_locale":"pt_PT","og_type":"article","og_title":"Ivan Cordeiro volta a cobrar instala\u00e7\u00e3o de SAC na Zona Oeste de Vit\u00f3ria da Conquista - Brasil not\u00edcias","og_description":"Usando as redes sociais, o vereador Ivan Cordeiro (PL) voltou a criticar a falta de um Servi\u00e7o de Atendimento ao","og_url":"https:\/\/brasilnoticias.org\/site\/ivan-cordeiro-volta-a-cobrar-instalacao-de-sac-na-zona-oeste-de-vitoria-da-conquista\/","og_site_name":"Brasil not\u00edcias","article_published_time":"2024-08-05T18:49:47+00:00","og_image":[{"width":850,"height":400,"url":"https:\/\/brasilnoticias.org\/site\/wp-content\/uploads\/2024\/08\/IMAGEM_NOTICIA_0-2.jpg","type":"image\/jpeg"}],"author":"Reda\u00e7\u00e3o","twitter_card":"summary_large_image","twitter_misc":{"Escrito por":"Reda\u00e7\u00e3o","Tempo estimado de leitura":"1 minuto"},"schema":{"@context":"https:\/\/schema.org","@graph":[{"@type":"Article","@id":"https:\/\/brasilnoticias.org\/site\/ivan-cordeiro-volta-a-cobrar-instalacao-de-sac-na-zona-oeste-de-vitoria-da-conquista\/#article","isPartOf":{"@id":"https:\/\/brasilnoticias.org\/site\/ivan-cordeiro-volta-a-cobrar-instalacao-de-sac-na-zona-oeste-de-vitoria-da-conquista\/"},"author":{"name":"Reda\u00e7\u00e3o","@id":"https:\/\/brasilnoticias.org\/site\/#\/schema\/person\/03bbbfe6c7634ad18c26444ea39049fa"},"headline":"Ivan Cordeiro volta a cobrar instala\u00e7\u00e3o de SAC na Zona Oeste de Vit\u00f3ria da Conquista","datePublished":"2024-08-05T18:49:47+00:00","mainEntityOfPage":{"@id":"https:\/\/brasilnoticias.org\/site\/ivan-cordeiro-volta-a-cobrar-instalacao-de-sac-na-zona-oeste-de-vitoria-da-conquista\/"},"wordCount":214,"commentCount":0,"publisher":{"@id":"https:\/\/brasilnoticias.org\/site\/#organization"},"image":{"@id":"https:\/\/brasilnoticias.org\/site\/ivan-cordeiro-volta-a-cobrar-instalacao-de-sac-na-zona-oeste-de-vitoria-da-conquista\/#primaryimage"},"thumbnailUrl":"https:\/\/brasilnoticias.org\/site\/wp-content\/uploads\/2024\/08\/IMAGEM_NOTICIA_0-2.jpg","articleSection":["Not\u00edcias","\u00daltimas"],"inLanguage":"pt-PT","potentialAction":[{"@type":"CommentAction","name":"Comment","target":["https:\/\/brasilnoticias.org\/site\/ivan-cordeiro-volta-a-cobrar-instalacao-de-sac-na-zona-oeste-de-vitoria-da-conquista\/#respond"]}]},{"@type":"WebPage","@id":"https:\/\/brasilnoticias.org\/site\/ivan-cordeiro-volta-a-cobrar-instalacao-de-sac-na-zona-oeste-de-vitoria-da-conquista\/","url":"https:\/\/brasilnoticias.org\/site\/ivan-cordeiro-volta-a-cobrar-instalacao-de-sac-na-zona-oeste-de-vitoria-da-conquista\/","name":"Ivan Cordeiro volta a cobrar instala\u00e7\u00e3o de SAC na Zona Oeste de Vit\u00f3ria da Conquista - Brasil not\u00edcias","isPartOf":{"@id":"https:\/\/brasilnoticias.org\/site\/#website"},"primaryImageOfPage":{"@id":"https:\/\/brasilnoticias.org\/site\/ivan-cordeiro-volta-a-cobrar-instalacao-de-sac-na-zona-oeste-de-vitoria-da-conquista\/#primaryimage"},"image":{"@id":"https:\/\/brasilnoticias.org\/site\/ivan-cordeiro-volta-a-cobrar-instalacao-de-sac-na-zona-oeste-de-vitoria-da-conquista\/#primaryimage"},"thumbnailUrl":"https:\/\/brasilnoticias.org\/site\/wp-content\/uploads\/2024\/08\/IMAGEM_NOTICIA_0-2.jpg","datePublished":"2024-08-05T18:49:47+00:00","breadcrumb":{"@id":"https:\/\/brasilnoticias.org\/site\/ivan-cordeiro-volta-a-cobrar-instalacao-de-sac-na-zona-oeste-de-vitoria-da-conquista\/#breadcrumb"},"inLanguage":"pt-PT","potentialAction":[{"@type":"ReadAction","target":["https:\/\/brasilnoticias.org\/site\/ivan-cordeiro-volta-a-cobrar-instalacao-de-sac-na-zona-oeste-de-vitoria-da-conquista\/"]}]},{"@type":"ImageObject","inLanguage":"pt-PT","@id":"https:\/\/brasilnoticias.org\/site\/ivan-cordeiro-volta-a-cobrar-instalacao-de-sac-na-zona-oeste-de-vitoria-da-conquista\/#primaryimage","url":"https:\/\/brasilnoticias.org\/site\/wp-content\/uploads\/2024\/08\/IMAGEM_NOTICIA_0-2.jpg","contentUrl":"https:\/\/brasilnoticias.org\/site\/wp-content\/uploads\/2024\/08\/IMAGEM_NOTICIA_0-2.jpg","width":850,"height":400},{"@type":"BreadcrumbList","@id":"https:\/\/brasilnoticias.org\/site\/ivan-cordeiro-volta-a-cobrar-instalacao-de-sac-na-zona-oeste-de-vitoria-da-conquista\/#breadcrumb","itemListElement":[{"@type":"ListItem","position":1,"name":"In\u00edcio","item":"https:\/\/brasilnoticias.org\/site\/"},{"@type":"ListItem","position":2,"name":"Ivan Cordeiro volta a cobrar instala\u00e7\u00e3o de SAC na Zona Oeste de Vit\u00f3ria da Conquista"}]},{"@type":"WebSite","@id":"https:\/\/brasilnoticias.org\/site\/#website","url":"https:\/\/brasilnoticias.org\/site\/","name":"Brasil not\u00edcias","description":"Brasil not\u00edcias","publisher":{"@id":"https:\/\/brasilnoticias.org\/site\/#organization"},"potentialAction":[{"@type":"SearchAction","target":{"@type":"EntryPoint","urlTemplate":"https:\/\/brasilnoticias.org\/site\/?s={search_term_string}"},"query-input":{"@type":"PropertyValueSpecification","valueRequired":true,"valueName":"search_term_string"}}],"inLanguage":"pt-PT"},{"@type":"Organization","@id":"https:\/\/brasilnoticias.org\/site\/#organization","name":"Brasil not\u00edcias","url":"https:\/\/brasilnoticias.org\/site\/","logo":{"@type":"ImageObject","inLanguage":"pt-PT","@id":"https:\/\/brasilnoticias.org\/site\/#\/schema\/logo\/image\/","url":"https:\/\/brasilnoticias.org\/site\/wp-content\/uploads\/2022\/05\/cropped-brasilnoticias-mini.jpg","contentUrl":"https:\/\/brasilnoticias.org\/site\/wp-content\/uploads\/2022\/05\/cropped-brasilnoticias-mini.jpg","width":314,"height":86,"caption":"Brasil not\u00edcias"},"image":{"@id":"https:\/\/brasilnoticias.org\/site\/#\/schema\/logo\/image\/"}},{"@type":"Person","@id":"https:\/\/brasilnoticias.org\/site\/#\/schema\/person\/03bbbfe6c7634ad18c26444ea39049fa","name":"Reda\u00e7\u00e3o","image":{"@type":"ImageObject","inLanguage":"pt-PT","@id":"https:\/\/brasilnoticias.org\/site\/#\/schema\/person\/image\/","url":"https:\/\/secure.gravatar.com\/avatar\/9ecaf7327a696cb23ad926fedded5f1f04d7049de9e445375d55b48c001a6e42?s=96&d=mm&r=g","contentUrl":"https:\/\/secure.gravatar.com\/avatar\/9ecaf7327a696cb23ad926fedded5f1f04d7049de9e445375d55b48c001a6e42?s=96&d=mm&r=g","caption":"Reda\u00e7\u00e3o"},"url":"https:\/\/brasilnoticias.org\/site\/author\/henrique\/"}]}},"_links":{"self":[{"href":"https:\/\/brasilnoticias.org\/site\/wp-json\/wp\/v2\/posts\/15357","targetHints":{"allow":["GET"]}}],"collection":[{"href":"https:\/\/brasilnoticias.org\/site\/wp-json\/wp\/v2\/posts"}],"about":[{"href":"https:\/\/brasilnoticias.org\/site\/wp-json\/wp\/v2\/types\/post"}],"author":[{"embeddable":true,"href":"https:\/\/brasilnoticias.org\/site\/wp-json\/wp\/v2\/users\/4"}],"replies":[{"embeddable":true,"href":"https:\/\/brasilnoticias.org\/site\/wp-json\/wp\/v2\/comments?post=15357"}],"version-history":[{"count":1,"href":"https:\/\/brasilnoticias.org\/site\/wp-json\/wp\/v2\/posts\/15357\/revisions"}],"predecessor-version":[{"id":15359,"href":"https:\/\/brasilnoticias.org\/site\/wp-json\/wp\/v2\/posts\/15357\/revisions\/15359"}],"wp:featuredmedia":[{"embeddable":true,"href":"https:\/\/brasilnoticias.org\/site\/wp-json\/wp\/v2\/media\/15358"}],"wp:attachment":[{"href":"https:\/\/brasilnoticias.org\/site\/wp-json\/wp\/v2\/media?parent=15357"}],"wp:term":[{"taxonomy":"category","embeddable":true,"href":"https:\/\/brasilnoticias.org\/site\/wp-json\/wp\/v2\/categories?post=15357"},{"taxonomy":"post_tag","embeddable":true,"href":"https:\/\/brasilnoticias.org\/site\/wp-json\/wp\/v2\/tags?post=15357"}],"curies":[{"name":"wp","href":"https:\/\/api.w.org\/{rel}","templated":true}]}}