{"id":15360,"date":"2024-08-05T15:50:44","date_gmt":"2024-08-05T18:50:44","guid":{"rendered":"https:\/\/brasilnoticias.org\/site\/?p=15360"},"modified":"2024-08-05T15:50:44","modified_gmt":"2024-08-05T18:50:44","slug":"bruno-reis-destaca-avancos-na-saude-de-salvador-nos-ultimos-anos-seguirei-trabalhando-por-mais-conquistas","status":"publish","type":"post","link":"https:\/\/brasilnoticias.org\/site\/bruno-reis-destaca-avancos-na-saude-de-salvador-nos-ultimos-anos-seguirei-trabalhando-por-mais-conquistas\/","title":{"rendered":"Bruno Reis destaca avan\u00e7os na sa\u00fade de Salvador nos \u00faltimos anos: \u201cSeguirei trabalhando por mais conquistas\u201d"},"content":{"rendered":"<p>O prefeito de Salvador e candidato \u00e0 reelei\u00e7\u00e3o, Bruno Reis (Uni\u00e3o Brasil), aproveitou o Dia Nacional da Sa\u00fade, comemorado nesta segunda-feira (5), para destacar avan\u00e7os feitos na capital baiana durante a sua gest\u00e3o. Entre eles, a marca hist\u00f3rica atingida pela Prefeitura de 70% de cobertura na Aten\u00e7\u00e3o B\u00e1sica, o que, segundo o par\u00e2metro do pr\u00f3prio Minist\u00e9rio da Sa\u00fade, indica que o munic\u00edpio alcan\u00e7ou a universaliza\u00e7\u00e3o do seu atendimento p\u00fablico.<\/p>\n<p>Em publica\u00e7\u00e3o nas suas redes sociais, Bruno citou equipamentos criados para ampliar o atendimento especializado \u00e0 popula\u00e7\u00e3o, como a UPA Pedi\u00e1trica, inaugurada em junho, com capacidade para atender 150 crian\u00e7as por dia e funcionamento 24 horas. Tamb\u00e9m a unidade de Pronto Atendimento Psiqui\u00e1trico, especializada em urg\u00eancias e emerg\u00eancias da \u00e1rea, instalada no 5\u00ba Centro de Sa\u00fade, na Av. Centen\u00e1rio.<\/p>\n<p>O candidato \u00e0 reelei\u00e7\u00e3o lembrou tamb\u00e9m que, sob sua gest\u00e3o, a Prefeitura avan\u00e7ou de um hospital para quatro, com diferentes especialidades: o Hospital Municipal do Homem (HMH), em Monte Serrat, inaugurado em julho; o Hospital Maternidade e da Crian\u00e7a (HMC), a primeira de Salvador, que est\u00e1 em obras avan\u00e7adas na Federa\u00e7\u00e3o; e o Hospital Veterin\u00e1rio, em Canabrava, sonho antigo dos tutores de pets na cidade. Eles se juntam ao Hospital Municipal de Salvador (HMS), em Boca da Mata, inaugurado em 2018.<\/p>\n<p>\u201cEstamos orgulhosos dos avan\u00e7os e investimentos que t\u00eam transformado a sa\u00fade p\u00fablica de Salvador. Nosso compromisso \u00e9 com uma cidade com mais sa\u00fade e qualidade de vida para todos. Seguirei trabalhando por mais conquistas como essas todos os dias\u201d, disse Bruno Reis na publica\u00e7\u00e3o em alus\u00e3o ao Dia Nacional da Sa\u00fade.<\/p>\n<p>O prefeito citou ainda o programa Sa\u00fade nos Bairros, que levou uma ampla gama de servi\u00e7os, como exames e consultas, a diferentes localidades da capital baiana e j\u00e1 realizou mais de 1,5 milh\u00e3o de atendimentos. Ele tamb\u00e9m destacou a preocupa\u00e7\u00e3o com a sa\u00fade bucal, com a requalifica\u00e7\u00e3o das estruturas dos Centros de Especialidades Odontol\u00f3gicas, e a cria\u00e7\u00e3o de novos Multicentros para expandir o atendimento multidisciplinar aos cidad\u00e3os.<\/p>\n","protected":false},"excerpt":{"rendered":"<p>O prefeito de Salvador e candidato \u00e0 reelei\u00e7\u00e3o, Bruno Reis (Uni\u00e3o Brasil), aproveitou o Dia Nacional da Sa\u00fade, comemorado nesta<\/p>\n","protected":false},"author":4,"featured_media":15361,"comment_status":"open","ping_status":"open","sticky":false,"template":"","format":"standard","meta":{"colormag_page_container_layout":"default_layout","colormag_page_sidebar_layout":"default_layout","_FSMCFIC_featured_image_caption":"","_FSMCFIC_featured_image_nocaption":"","_FSMCFIC_featured_image_hide":"","footnotes":""},"categories":[5,1],"tags":[],"class_list":["post-15360","post","type-post","status-publish","format-standard","has-post-thumbnail","hentry","category-politica","category-ultimas"],"yoast_head":"<!-- This site is optimized with the Yoast SEO plugin v27.1.1 - https:\/\/yoast.com\/product\/yoast-seo-wordpress\/ -->\n<title>Bruno Reis destaca avan\u00e7os na sa\u00fade de Salvador nos \u00faltimos anos: \u201cSeguirei trabalhando por mais conquistas\u201d - Brasil not\u00edcias<\/title>\n<meta name=\"robots\" content=\"index, follow, max-snippet:-1, max-image-preview:large, max-video-preview:-1\" \/>\n<link rel=\"canonical\" href=\"https:\/\/brasilnoticias.org\/site\/bruno-reis-destaca-avancos-na-saude-de-salvador-nos-ultimos-anos-seguirei-trabalhando-por-mais-conquistas\/\" \/>\n<meta property=\"og:locale\" content=\"pt_PT\" \/>\n<meta property=\"og:type\" content=\"article\" \/>\n<meta property=\"og:title\" content=\"Bruno Reis destaca avan\u00e7os na sa\u00fade de Salvador nos \u00faltimos anos: \u201cSeguirei trabalhando por mais conquistas\u201d - Brasil not\u00edcias\" \/>\n<meta property=\"og:description\" content=\"O prefeito de Salvador e candidato \u00e0 reelei\u00e7\u00e3o, Bruno Reis (Uni\u00e3o Brasil), aproveitou o Dia Nacional da Sa\u00fade, comemorado nesta\" \/>\n<meta property=\"og:url\" content=\"https:\/\/brasilnoticias.org\/site\/bruno-reis-destaca-avancos-na-saude-de-salvador-nos-ultimos-anos-seguirei-trabalhando-por-mais-conquistas\/\" \/>\n<meta property=\"og:site_name\" content=\"Brasil not\u00edcias\" \/>\n<meta property=\"article:published_time\" content=\"2024-08-05T18:50:44+00:00\" \/>\n<meta property=\"og:image\" content=\"https:\/\/brasilnoticias.org\/site\/wp-content\/uploads\/2024\/08\/IMAGEM_NOTICIA_0-3.jpg\" \/>\n\t<meta property=\"og:image:width\" content=\"850\" \/>\n\t<meta property=\"og:image:height\" content=\"400\" \/>\n\t<meta property=\"og:image:type\" content=\"image\/jpeg\" \/>\n<meta name=\"author\" content=\"Reda\u00e7\u00e3o\" \/>\n<meta name=\"twitter:card\" content=\"summary_large_image\" \/>\n<meta name=\"twitter:label1\" content=\"Escrito por\" \/>\n\t<meta name=\"twitter:data1\" content=\"Reda\u00e7\u00e3o\" \/>\n\t<meta name=\"twitter:label2\" content=\"Tempo estimado de leitura\" \/>\n\t<meta name=\"twitter:data2\" content=\"1 minuto\" \/>\n<script type=\"application\/ld+json\" class=\"yoast-schema-graph\">{\"@context\":\"https:\/\/schema.org\",\"@graph\":[{\"@type\":\"Article\",\"@id\":\"https:\/\/brasilnoticias.org\/site\/bruno-reis-destaca-avancos-na-saude-de-salvador-nos-ultimos-anos-seguirei-trabalhando-por-mais-conquistas\/#article\",\"isPartOf\":{\"@id\":\"https:\/\/brasilnoticias.org\/site\/bruno-reis-destaca-avancos-na-saude-de-salvador-nos-ultimos-anos-seguirei-trabalhando-por-mais-conquistas\/\"},\"author\":{\"name\":\"Reda\u00e7\u00e3o\",\"@id\":\"https:\/\/brasilnoticias.org\/site\/#\/schema\/person\/03bbbfe6c7634ad18c26444ea39049fa\"},\"headline\":\"Bruno Reis destaca avan\u00e7os na sa\u00fade de Salvador nos \u00faltimos anos: \u201cSeguirei trabalhando por mais conquistas\u201d\",\"datePublished\":\"2024-08-05T18:50:44+00:00\",\"mainEntityOfPage\":{\"@id\":\"https:\/\/brasilnoticias.org\/site\/bruno-reis-destaca-avancos-na-saude-de-salvador-nos-ultimos-anos-seguirei-trabalhando-por-mais-conquistas\/\"},\"wordCount\":386,\"commentCount\":0,\"publisher\":{\"@id\":\"https:\/\/brasilnoticias.org\/site\/#organization\"},\"image\":{\"@id\":\"https:\/\/brasilnoticias.org\/site\/bruno-reis-destaca-avancos-na-saude-de-salvador-nos-ultimos-anos-seguirei-trabalhando-por-mais-conquistas\/#primaryimage\"},\"thumbnailUrl\":\"https:\/\/brasilnoticias.org\/site\/wp-content\/uploads\/2024\/08\/IMAGEM_NOTICIA_0-3.jpg\",\"articleSection\":[\"Pol\u00edtica\",\"\u00daltimas\"],\"inLanguage\":\"pt-PT\",\"potentialAction\":[{\"@type\":\"CommentAction\",\"name\":\"Comment\",\"target\":[\"https:\/\/brasilnoticias.org\/site\/bruno-reis-destaca-avancos-na-saude-de-salvador-nos-ultimos-anos-seguirei-trabalhando-por-mais-conquistas\/#respond\"]}]},{\"@type\":\"WebPage\",\"@id\":\"https:\/\/brasilnoticias.org\/site\/bruno-reis-destaca-avancos-na-saude-de-salvador-nos-ultimos-anos-seguirei-trabalhando-por-mais-conquistas\/\",\"url\":\"https:\/\/brasilnoticias.org\/site\/bruno-reis-destaca-avancos-na-saude-de-salvador-nos-ultimos-anos-seguirei-trabalhando-por-mais-conquistas\/\",\"name\":\"Bruno Reis destaca avan\u00e7os na sa\u00fade de Salvador nos \u00faltimos anos: \u201cSeguirei trabalhando por mais conquistas\u201d - Brasil not\u00edcias\",\"isPartOf\":{\"@id\":\"https:\/\/brasilnoticias.org\/site\/#website\"},\"primaryImageOfPage\":{\"@id\":\"https:\/\/brasilnoticias.org\/site\/bruno-reis-destaca-avancos-na-saude-de-salvador-nos-ultimos-anos-seguirei-trabalhando-por-mais-conquistas\/#primaryimage\"},\"image\":{\"@id\":\"https:\/\/brasilnoticias.org\/site\/bruno-reis-destaca-avancos-na-saude-de-salvador-nos-ultimos-anos-seguirei-trabalhando-por-mais-conquistas\/#primaryimage\"},\"thumbnailUrl\":\"https:\/\/brasilnoticias.org\/site\/wp-content\/uploads\/2024\/08\/IMAGEM_NOTICIA_0-3.jpg\",\"datePublished\":\"2024-08-05T18:50:44+00:00\",\"breadcrumb\":{\"@id\":\"https:\/\/brasilnoticias.org\/site\/bruno-reis-destaca-avancos-na-saude-de-salvador-nos-ultimos-anos-seguirei-trabalhando-por-mais-conquistas\/#breadcrumb\"},\"inLanguage\":\"pt-PT\",\"potentialAction\":[{\"@type\":\"ReadAction\",\"target\":[\"https:\/\/brasilnoticias.org\/site\/bruno-reis-destaca-avancos-na-saude-de-salvador-nos-ultimos-anos-seguirei-trabalhando-por-mais-conquistas\/\"]}]},{\"@type\":\"ImageObject\",\"inLanguage\":\"pt-PT\",\"@id\":\"https:\/\/brasilnoticias.org\/site\/bruno-reis-destaca-avancos-na-saude-de-salvador-nos-ultimos-anos-seguirei-trabalhando-por-mais-conquistas\/#primaryimage\",\"url\":\"https:\/\/brasilnoticias.org\/site\/wp-content\/uploads\/2024\/08\/IMAGEM_NOTICIA_0-3.jpg\",\"contentUrl\":\"https:\/\/brasilnoticias.org\/site\/wp-content\/uploads\/2024\/08\/IMAGEM_NOTICIA_0-3.jpg\",\"width\":850,\"height\":400},{\"@type\":\"BreadcrumbList\",\"@id\":\"https:\/\/brasilnoticias.org\/site\/bruno-reis-destaca-avancos-na-saude-de-salvador-nos-ultimos-anos-seguirei-trabalhando-por-mais-conquistas\/#breadcrumb\",\"itemListElement\":[{\"@type\":\"ListItem\",\"position\":1,\"name\":\"In\u00edcio\",\"item\":\"https:\/\/brasilnoticias.org\/site\/\"},{\"@type\":\"ListItem\",\"position\":2,\"name\":\"Bruno Reis destaca avan\u00e7os na sa\u00fade de Salvador nos \u00faltimos anos: \u201cSeguirei trabalhando por mais conquistas\u201d\"}]},{\"@type\":\"WebSite\",\"@id\":\"https:\/\/brasilnoticias.org\/site\/#website\",\"url\":\"https:\/\/brasilnoticias.org\/site\/\",\"name\":\"Brasil not\u00edcias\",\"description\":\"Brasil not\u00edcias\",\"publisher\":{\"@id\":\"https:\/\/brasilnoticias.org\/site\/#organization\"},\"potentialAction\":[{\"@type\":\"SearchAction\",\"target\":{\"@type\":\"EntryPoint\",\"urlTemplate\":\"https:\/\/brasilnoticias.org\/site\/?s={search_term_string}\"},\"query-input\":{\"@type\":\"PropertyValueSpecification\",\"valueRequired\":true,\"valueName\":\"search_term_string\"}}],\"inLanguage\":\"pt-PT\"},{\"@type\":\"Organization\",\"@id\":\"https:\/\/brasilnoticias.org\/site\/#organization\",\"name\":\"Brasil not\u00edcias\",\"url\":\"https:\/\/brasilnoticias.org\/site\/\",\"logo\":{\"@type\":\"ImageObject\",\"inLanguage\":\"pt-PT\",\"@id\":\"https:\/\/brasilnoticias.org\/site\/#\/schema\/logo\/image\/\",\"url\":\"https:\/\/brasilnoticias.org\/site\/wp-content\/uploads\/2022\/05\/cropped-brasilnoticias-mini.jpg\",\"contentUrl\":\"https:\/\/brasilnoticias.org\/site\/wp-content\/uploads\/2022\/05\/cropped-brasilnoticias-mini.jpg\",\"width\":314,\"height\":86,\"caption\":\"Brasil not\u00edcias\"},\"image\":{\"@id\":\"https:\/\/brasilnoticias.org\/site\/#\/schema\/logo\/image\/\"}},{\"@type\":\"Person\",\"@id\":\"https:\/\/brasilnoticias.org\/site\/#\/schema\/person\/03bbbfe6c7634ad18c26444ea39049fa\",\"name\":\"Reda\u00e7\u00e3o\",\"image\":{\"@type\":\"ImageObject\",\"inLanguage\":\"pt-PT\",\"@id\":\"https:\/\/brasilnoticias.org\/site\/#\/schema\/person\/image\/\",\"url\":\"https:\/\/secure.gravatar.com\/avatar\/9ecaf7327a696cb23ad926fedded5f1f04d7049de9e445375d55b48c001a6e42?s=96&d=mm&r=g\",\"contentUrl\":\"https:\/\/secure.gravatar.com\/avatar\/9ecaf7327a696cb23ad926fedded5f1f04d7049de9e445375d55b48c001a6e42?s=96&d=mm&r=g\",\"caption\":\"Reda\u00e7\u00e3o\"},\"url\":\"https:\/\/brasilnoticias.org\/site\/author\/henrique\/\"}]}<\/script>\n<!-- \/ Yoast SEO plugin. -->","yoast_head_json":{"title":"Bruno Reis destaca avan\u00e7os na sa\u00fade de Salvador nos \u00faltimos anos: \u201cSeguirei trabalhando por mais conquistas\u201d - Brasil not\u00edcias","robots":{"index":"index","follow":"follow","max-snippet":"max-snippet:-1","max-image-preview":"max-image-preview:large","max-video-preview":"max-video-preview:-1"},"canonical":"https:\/\/brasilnoticias.org\/site\/bruno-reis-destaca-avancos-na-saude-de-salvador-nos-ultimos-anos-seguirei-trabalhando-por-mais-conquistas\/","og_locale":"pt_PT","og_type":"article","og_title":"Bruno Reis destaca avan\u00e7os na sa\u00fade de Salvador nos \u00faltimos anos: \u201cSeguirei trabalhando por mais conquistas\u201d - Brasil not\u00edcias","og_description":"O prefeito de Salvador e candidato \u00e0 reelei\u00e7\u00e3o, Bruno Reis (Uni\u00e3o Brasil), aproveitou o Dia Nacional da Sa\u00fade, comemorado nesta","og_url":"https:\/\/brasilnoticias.org\/site\/bruno-reis-destaca-avancos-na-saude-de-salvador-nos-ultimos-anos-seguirei-trabalhando-por-mais-conquistas\/","og_site_name":"Brasil not\u00edcias","article_published_time":"2024-08-05T18:50:44+00:00","og_image":[{"width":850,"height":400,"url":"https:\/\/brasilnoticias.org\/site\/wp-content\/uploads\/2024\/08\/IMAGEM_NOTICIA_0-3.jpg","type":"image\/jpeg"}],"author":"Reda\u00e7\u00e3o","twitter_card":"summary_large_image","twitter_misc":{"Escrito por":"Reda\u00e7\u00e3o","Tempo estimado de leitura":"1 minuto"},"schema":{"@context":"https:\/\/schema.org","@graph":[{"@type":"Article","@id":"https:\/\/brasilnoticias.org\/site\/bruno-reis-destaca-avancos-na-saude-de-salvador-nos-ultimos-anos-seguirei-trabalhando-por-mais-conquistas\/#article","isPartOf":{"@id":"https:\/\/brasilnoticias.org\/site\/bruno-reis-destaca-avancos-na-saude-de-salvador-nos-ultimos-anos-seguirei-trabalhando-por-mais-conquistas\/"},"author":{"name":"Reda\u00e7\u00e3o","@id":"https:\/\/brasilnoticias.org\/site\/#\/schema\/person\/03bbbfe6c7634ad18c26444ea39049fa"},"headline":"Bruno Reis destaca avan\u00e7os na sa\u00fade de Salvador nos \u00faltimos anos: \u201cSeguirei trabalhando por mais conquistas\u201d","datePublished":"2024-08-05T18:50:44+00:00","mainEntityOfPage":{"@id":"https:\/\/brasilnoticias.org\/site\/bruno-reis-destaca-avancos-na-saude-de-salvador-nos-ultimos-anos-seguirei-trabalhando-por-mais-conquistas\/"},"wordCount":386,"commentCount":0,"publisher":{"@id":"https:\/\/brasilnoticias.org\/site\/#organization"},"image":{"@id":"https:\/\/brasilnoticias.org\/site\/bruno-reis-destaca-avancos-na-saude-de-salvador-nos-ultimos-anos-seguirei-trabalhando-por-mais-conquistas\/#primaryimage"},"thumbnailUrl":"https:\/\/brasilnoticias.org\/site\/wp-content\/uploads\/2024\/08\/IMAGEM_NOTICIA_0-3.jpg","articleSection":["Pol\u00edtica","\u00daltimas"],"inLanguage":"pt-PT","potentialAction":[{"@type":"CommentAction","name":"Comment","target":["https:\/\/brasilnoticias.org\/site\/bruno-reis-destaca-avancos-na-saude-de-salvador-nos-ultimos-anos-seguirei-trabalhando-por-mais-conquistas\/#respond"]}]},{"@type":"WebPage","@id":"https:\/\/brasilnoticias.org\/site\/bruno-reis-destaca-avancos-na-saude-de-salvador-nos-ultimos-anos-seguirei-trabalhando-por-mais-conquistas\/","url":"https:\/\/brasilnoticias.org\/site\/bruno-reis-destaca-avancos-na-saude-de-salvador-nos-ultimos-anos-seguirei-trabalhando-por-mais-conquistas\/","name":"Bruno Reis destaca avan\u00e7os na sa\u00fade de Salvador nos \u00faltimos anos: \u201cSeguirei trabalhando por mais conquistas\u201d - Brasil not\u00edcias","isPartOf":{"@id":"https:\/\/brasilnoticias.org\/site\/#website"},"primaryImageOfPage":{"@id":"https:\/\/brasilnoticias.org\/site\/bruno-reis-destaca-avancos-na-saude-de-salvador-nos-ultimos-anos-seguirei-trabalhando-por-mais-conquistas\/#primaryimage"},"image":{"@id":"https:\/\/brasilnoticias.org\/site\/bruno-reis-destaca-avancos-na-saude-de-salvador-nos-ultimos-anos-seguirei-trabalhando-por-mais-conquistas\/#primaryimage"},"thumbnailUrl":"https:\/\/brasilnoticias.org\/site\/wp-content\/uploads\/2024\/08\/IMAGEM_NOTICIA_0-3.jpg","datePublished":"2024-08-05T18:50:44+00:00","breadcrumb":{"@id":"https:\/\/brasilnoticias.org\/site\/bruno-reis-destaca-avancos-na-saude-de-salvador-nos-ultimos-anos-seguirei-trabalhando-por-mais-conquistas\/#breadcrumb"},"inLanguage":"pt-PT","potentialAction":[{"@type":"ReadAction","target":["https:\/\/brasilnoticias.org\/site\/bruno-reis-destaca-avancos-na-saude-de-salvador-nos-ultimos-anos-seguirei-trabalhando-por-mais-conquistas\/"]}]},{"@type":"ImageObject","inLanguage":"pt-PT","@id":"https:\/\/brasilnoticias.org\/site\/bruno-reis-destaca-avancos-na-saude-de-salvador-nos-ultimos-anos-seguirei-trabalhando-por-mais-conquistas\/#primaryimage","url":"https:\/\/brasilnoticias.org\/site\/wp-content\/uploads\/2024\/08\/IMAGEM_NOTICIA_0-3.jpg","contentUrl":"https:\/\/brasilnoticias.org\/site\/wp-content\/uploads\/2024\/08\/IMAGEM_NOTICIA_0-3.jpg","width":850,"height":400},{"@type":"BreadcrumbList","@id":"https:\/\/brasilnoticias.org\/site\/bruno-reis-destaca-avancos-na-saude-de-salvador-nos-ultimos-anos-seguirei-trabalhando-por-mais-conquistas\/#breadcrumb","itemListElement":[{"@type":"ListItem","position":1,"name":"In\u00edcio","item":"https:\/\/brasilnoticias.org\/site\/"},{"@type":"ListItem","position":2,"name":"Bruno Reis destaca avan\u00e7os na sa\u00fade de Salvador nos \u00faltimos anos: \u201cSeguirei trabalhando por mais conquistas\u201d"}]},{"@type":"WebSite","@id":"https:\/\/brasilnoticias.org\/site\/#website","url":"https:\/\/brasilnoticias.org\/site\/","name":"Brasil not\u00edcias","description":"Brasil not\u00edcias","publisher":{"@id":"https:\/\/brasilnoticias.org\/site\/#organization"},"potentialAction":[{"@type":"SearchAction","target":{"@type":"EntryPoint","urlTemplate":"https:\/\/brasilnoticias.org\/site\/?s={search_term_string}"},"query-input":{"@type":"PropertyValueSpecification","valueRequired":true,"valueName":"search_term_string"}}],"inLanguage":"pt-PT"},{"@type":"Organization","@id":"https:\/\/brasilnoticias.org\/site\/#organization","name":"Brasil not\u00edcias","url":"https:\/\/brasilnoticias.org\/site\/","logo":{"@type":"ImageObject","inLanguage":"pt-PT","@id":"https:\/\/brasilnoticias.org\/site\/#\/schema\/logo\/image\/","url":"https:\/\/brasilnoticias.org\/site\/wp-content\/uploads\/2022\/05\/cropped-brasilnoticias-mini.jpg","contentUrl":"https:\/\/brasilnoticias.org\/site\/wp-content\/uploads\/2022\/05\/cropped-brasilnoticias-mini.jpg","width":314,"height":86,"caption":"Brasil not\u00edcias"},"image":{"@id":"https:\/\/brasilnoticias.org\/site\/#\/schema\/logo\/image\/"}},{"@type":"Person","@id":"https:\/\/brasilnoticias.org\/site\/#\/schema\/person\/03bbbfe6c7634ad18c26444ea39049fa","name":"Reda\u00e7\u00e3o","image":{"@type":"ImageObject","inLanguage":"pt-PT","@id":"https:\/\/brasilnoticias.org\/site\/#\/schema\/person\/image\/","url":"https:\/\/secure.gravatar.com\/avatar\/9ecaf7327a696cb23ad926fedded5f1f04d7049de9e445375d55b48c001a6e42?s=96&d=mm&r=g","contentUrl":"https:\/\/secure.gravatar.com\/avatar\/9ecaf7327a696cb23ad926fedded5f1f04d7049de9e445375d55b48c001a6e42?s=96&d=mm&r=g","caption":"Reda\u00e7\u00e3o"},"url":"https:\/\/brasilnoticias.org\/site\/author\/henrique\/"}]}},"_links":{"self":[{"href":"https:\/\/brasilnoticias.org\/site\/wp-json\/wp\/v2\/posts\/15360","targetHints":{"allow":["GET"]}}],"collection":[{"href":"https:\/\/brasilnoticias.org\/site\/wp-json\/wp\/v2\/posts"}],"about":[{"href":"https:\/\/brasilnoticias.org\/site\/wp-json\/wp\/v2\/types\/post"}],"author":[{"embeddable":true,"href":"https:\/\/brasilnoticias.org\/site\/wp-json\/wp\/v2\/users\/4"}],"replies":[{"embeddable":true,"href":"https:\/\/brasilnoticias.org\/site\/wp-json\/wp\/v2\/comments?post=15360"}],"version-history":[{"count":1,"href":"https:\/\/brasilnoticias.org\/site\/wp-json\/wp\/v2\/posts\/15360\/revisions"}],"predecessor-version":[{"id":15362,"href":"https:\/\/brasilnoticias.org\/site\/wp-json\/wp\/v2\/posts\/15360\/revisions\/15362"}],"wp:featuredmedia":[{"embeddable":true,"href":"https:\/\/brasilnoticias.org\/site\/wp-json\/wp\/v2\/media\/15361"}],"wp:attachment":[{"href":"https:\/\/brasilnoticias.org\/site\/wp-json\/wp\/v2\/media?parent=15360"}],"wp:term":[{"taxonomy":"category","embeddable":true,"href":"https:\/\/brasilnoticias.org\/site\/wp-json\/wp\/v2\/categories?post=15360"},{"taxonomy":"post_tag","embeddable":true,"href":"https:\/\/brasilnoticias.org\/site\/wp-json\/wp\/v2\/tags?post=15360"}],"curies":[{"name":"wp","href":"https:\/\/api.w.org\/{rel}","templated":true}]}}