{"id":15387,"date":"2024-08-07T12:49:14","date_gmt":"2024-08-07T15:49:14","guid":{"rendered":"https:\/\/brasilnoticias.org\/site\/?p=15387"},"modified":"2024-08-07T12:49:14","modified_gmt":"2024-08-07T15:49:14","slug":"suica-destaca-atuacao-de-mulheres-negras-nas-olimpiadas-de-2024-marco-historico","status":"publish","type":"post","link":"https:\/\/brasilnoticias.org\/site\/suica-destaca-atuacao-de-mulheres-negras-nas-olimpiadas-de-2024-marco-historico\/","title":{"rendered":"Su\u00edca destaca atua\u00e7\u00e3o de mulheres negras nas Olimp\u00edadas de 2024; \u201cMarco hist\u00f3rico\u201d"},"content":{"rendered":"<p>O vereador de Salvador pelo Partido dos Trabalhadores (PT), Luiz Carlos Su\u00edca, comemorou a impressionante atua\u00e7\u00e3o das mulheres nas Olimp\u00edadas de 2024, em Paris, com um destaque especial para as conquistas das atletas negras. \u201cMarco hist\u00f3rico! Essas mulheres s\u00e3o um s\u00edmbolo de resist\u00eancia e supera\u00e7\u00e3o. Elas mostram que, apesar das barreiras, \u00e9 poss\u00edvel alcan\u00e7ar o sucesso e inspirar futuras gera\u00e7\u00f5es\u201d, afirma o edil petista.<\/p>\n<p>O parlamentar enfatizou a import\u00e2ncia da representatividade nos esportes, destacando como as vit\u00f3rias das atletas negras nos p\u00f3dios ol\u00edmpicos t\u00eam um impacto profundo na sociedade. \u201cCada medalha conquistada por essas guerreiras \u00e9 uma mensagem poderosa contra o racismo e a desigualdade. Elas nos enchem de orgulho e refor\u00e7am a import\u00e2ncia de pol\u00edticas p\u00fablicas que promovam a inclus\u00e3o e o apoio ao esporte feminino\u201d, declara.<\/p>\n<p>Su\u00edca tamb\u00e9m ressaltou a necessidade de continuar investindo em programas que incentivem a participa\u00e7\u00e3o de mulheres negras no esporte. Ele cita o Grupo Alerta Pernambu\u00e9s (GAP) como um desses projetos. \u201cPrecisamos garantir que essas hist\u00f3rias de sucesso n\u00e3o sejam exce\u00e7\u00f5es, mas a regra. A for\u00e7a e a determina\u00e7\u00e3o dessas atletas s\u00e3o um exemplo para todos n\u00f3s\u201d, conclui.<\/p>\n<p>Foto: Toninho Barreto<\/p>\n","protected":false},"excerpt":{"rendered":"<p>O vereador de Salvador pelo Partido dos Trabalhadores (PT), Luiz Carlos Su\u00edca, comemorou a impressionante atua\u00e7\u00e3o das mulheres nas Olimp\u00edadas<\/p>\n","protected":false},"author":4,"featured_media":15388,"comment_status":"open","ping_status":"open","sticky":false,"template":"","format":"standard","meta":{"colormag_page_container_layout":"default_layout","colormag_page_sidebar_layout":"default_layout","_FSMCFIC_featured_image_caption":"","_FSMCFIC_featured_image_nocaption":"","_FSMCFIC_featured_image_hide":"","footnotes":""},"categories":[2,1],"tags":[],"class_list":["post-15387","post","type-post","status-publish","format-standard","has-post-thumbnail","hentry","category-noticias","category-ultimas"],"yoast_head":"<!-- This site is optimized with the Yoast SEO plugin v27.1.1 - https:\/\/yoast.com\/product\/yoast-seo-wordpress\/ -->\n<title>Su\u00edca destaca atua\u00e7\u00e3o de mulheres negras nas Olimp\u00edadas de 2024; \u201cMarco hist\u00f3rico\u201d - Brasil not\u00edcias<\/title>\n<meta name=\"robots\" content=\"index, follow, max-snippet:-1, max-image-preview:large, max-video-preview:-1\" \/>\n<link rel=\"canonical\" href=\"https:\/\/brasilnoticias.org\/site\/suica-destaca-atuacao-de-mulheres-negras-nas-olimpiadas-de-2024-marco-historico\/\" \/>\n<meta property=\"og:locale\" content=\"pt_PT\" \/>\n<meta property=\"og:type\" content=\"article\" \/>\n<meta property=\"og:title\" content=\"Su\u00edca destaca atua\u00e7\u00e3o de mulheres negras nas Olimp\u00edadas de 2024; \u201cMarco hist\u00f3rico\u201d - Brasil not\u00edcias\" \/>\n<meta property=\"og:description\" content=\"O vereador de Salvador pelo Partido dos Trabalhadores (PT), Luiz Carlos Su\u00edca, comemorou a impressionante atua\u00e7\u00e3o das mulheres nas Olimp\u00edadas\" \/>\n<meta property=\"og:url\" content=\"https:\/\/brasilnoticias.org\/site\/suica-destaca-atuacao-de-mulheres-negras-nas-olimpiadas-de-2024-marco-historico\/\" \/>\n<meta property=\"og:site_name\" content=\"Brasil not\u00edcias\" \/>\n<meta property=\"article:published_time\" content=\"2024-08-07T15:49:14+00:00\" \/>\n<meta property=\"og:image\" content=\"https:\/\/brasilnoticias.org\/site\/wp-content\/uploads\/2024\/08\/IMAGEM_NOTICIA_0-6.jpg\" \/>\n\t<meta property=\"og:image:width\" content=\"850\" \/>\n\t<meta property=\"og:image:height\" content=\"400\" \/>\n\t<meta property=\"og:image:type\" content=\"image\/jpeg\" \/>\n<meta name=\"author\" content=\"Reda\u00e7\u00e3o\" \/>\n<meta name=\"twitter:card\" content=\"summary_large_image\" \/>\n<meta name=\"twitter:label1\" content=\"Escrito por\" \/>\n\t<meta name=\"twitter:data1\" content=\"Reda\u00e7\u00e3o\" \/>\n<script type=\"application\/ld+json\" class=\"yoast-schema-graph\">{\"@context\":\"https:\/\/schema.org\",\"@graph\":[{\"@type\":\"Article\",\"@id\":\"https:\/\/brasilnoticias.org\/site\/suica-destaca-atuacao-de-mulheres-negras-nas-olimpiadas-de-2024-marco-historico\/#article\",\"isPartOf\":{\"@id\":\"https:\/\/brasilnoticias.org\/site\/suica-destaca-atuacao-de-mulheres-negras-nas-olimpiadas-de-2024-marco-historico\/\"},\"author\":{\"name\":\"Reda\u00e7\u00e3o\",\"@id\":\"https:\/\/brasilnoticias.org\/site\/#\/schema\/person\/03bbbfe6c7634ad18c26444ea39049fa\"},\"headline\":\"Su\u00edca destaca atua\u00e7\u00e3o de mulheres negras nas Olimp\u00edadas de 2024; \u201cMarco hist\u00f3rico\u201d\",\"datePublished\":\"2024-08-07T15:49:14+00:00\",\"mainEntityOfPage\":{\"@id\":\"https:\/\/brasilnoticias.org\/site\/suica-destaca-atuacao-de-mulheres-negras-nas-olimpiadas-de-2024-marco-historico\/\"},\"wordCount\":232,\"commentCount\":0,\"publisher\":{\"@id\":\"https:\/\/brasilnoticias.org\/site\/#organization\"},\"image\":{\"@id\":\"https:\/\/brasilnoticias.org\/site\/suica-destaca-atuacao-de-mulheres-negras-nas-olimpiadas-de-2024-marco-historico\/#primaryimage\"},\"thumbnailUrl\":\"https:\/\/brasilnoticias.org\/site\/wp-content\/uploads\/2024\/08\/IMAGEM_NOTICIA_0-6.jpg\",\"articleSection\":[\"Not\u00edcias\",\"\u00daltimas\"],\"inLanguage\":\"pt-PT\",\"potentialAction\":[{\"@type\":\"CommentAction\",\"name\":\"Comment\",\"target\":[\"https:\/\/brasilnoticias.org\/site\/suica-destaca-atuacao-de-mulheres-negras-nas-olimpiadas-de-2024-marco-historico\/#respond\"]}]},{\"@type\":\"WebPage\",\"@id\":\"https:\/\/brasilnoticias.org\/site\/suica-destaca-atuacao-de-mulheres-negras-nas-olimpiadas-de-2024-marco-historico\/\",\"url\":\"https:\/\/brasilnoticias.org\/site\/suica-destaca-atuacao-de-mulheres-negras-nas-olimpiadas-de-2024-marco-historico\/\",\"name\":\"Su\u00edca destaca atua\u00e7\u00e3o de mulheres negras nas Olimp\u00edadas de 2024; \u201cMarco hist\u00f3rico\u201d - Brasil not\u00edcias\",\"isPartOf\":{\"@id\":\"https:\/\/brasilnoticias.org\/site\/#website\"},\"primaryImageOfPage\":{\"@id\":\"https:\/\/brasilnoticias.org\/site\/suica-destaca-atuacao-de-mulheres-negras-nas-olimpiadas-de-2024-marco-historico\/#primaryimage\"},\"image\":{\"@id\":\"https:\/\/brasilnoticias.org\/site\/suica-destaca-atuacao-de-mulheres-negras-nas-olimpiadas-de-2024-marco-historico\/#primaryimage\"},\"thumbnailUrl\":\"https:\/\/brasilnoticias.org\/site\/wp-content\/uploads\/2024\/08\/IMAGEM_NOTICIA_0-6.jpg\",\"datePublished\":\"2024-08-07T15:49:14+00:00\",\"breadcrumb\":{\"@id\":\"https:\/\/brasilnoticias.org\/site\/suica-destaca-atuacao-de-mulheres-negras-nas-olimpiadas-de-2024-marco-historico\/#breadcrumb\"},\"inLanguage\":\"pt-PT\",\"potentialAction\":[{\"@type\":\"ReadAction\",\"target\":[\"https:\/\/brasilnoticias.org\/site\/suica-destaca-atuacao-de-mulheres-negras-nas-olimpiadas-de-2024-marco-historico\/\"]}]},{\"@type\":\"ImageObject\",\"inLanguage\":\"pt-PT\",\"@id\":\"https:\/\/brasilnoticias.org\/site\/suica-destaca-atuacao-de-mulheres-negras-nas-olimpiadas-de-2024-marco-historico\/#primaryimage\",\"url\":\"https:\/\/brasilnoticias.org\/site\/wp-content\/uploads\/2024\/08\/IMAGEM_NOTICIA_0-6.jpg\",\"contentUrl\":\"https:\/\/brasilnoticias.org\/site\/wp-content\/uploads\/2024\/08\/IMAGEM_NOTICIA_0-6.jpg\",\"width\":850,\"height\":400},{\"@type\":\"BreadcrumbList\",\"@id\":\"https:\/\/brasilnoticias.org\/site\/suica-destaca-atuacao-de-mulheres-negras-nas-olimpiadas-de-2024-marco-historico\/#breadcrumb\",\"itemListElement\":[{\"@type\":\"ListItem\",\"position\":1,\"name\":\"In\u00edcio\",\"item\":\"https:\/\/brasilnoticias.org\/site\/\"},{\"@type\":\"ListItem\",\"position\":2,\"name\":\"Su\u00edca destaca atua\u00e7\u00e3o de mulheres negras nas Olimp\u00edadas de 2024; \u201cMarco hist\u00f3rico\u201d\"}]},{\"@type\":\"WebSite\",\"@id\":\"https:\/\/brasilnoticias.org\/site\/#website\",\"url\":\"https:\/\/brasilnoticias.org\/site\/\",\"name\":\"Brasil not\u00edcias\",\"description\":\"Brasil not\u00edcias\",\"publisher\":{\"@id\":\"https:\/\/brasilnoticias.org\/site\/#organization\"},\"potentialAction\":[{\"@type\":\"SearchAction\",\"target\":{\"@type\":\"EntryPoint\",\"urlTemplate\":\"https:\/\/brasilnoticias.org\/site\/?s={search_term_string}\"},\"query-input\":{\"@type\":\"PropertyValueSpecification\",\"valueRequired\":true,\"valueName\":\"search_term_string\"}}],\"inLanguage\":\"pt-PT\"},{\"@type\":\"Organization\",\"@id\":\"https:\/\/brasilnoticias.org\/site\/#organization\",\"name\":\"Brasil not\u00edcias\",\"url\":\"https:\/\/brasilnoticias.org\/site\/\",\"logo\":{\"@type\":\"ImageObject\",\"inLanguage\":\"pt-PT\",\"@id\":\"https:\/\/brasilnoticias.org\/site\/#\/schema\/logo\/image\/\",\"url\":\"https:\/\/brasilnoticias.org\/site\/wp-content\/uploads\/2022\/05\/cropped-brasilnoticias-mini.jpg\",\"contentUrl\":\"https:\/\/brasilnoticias.org\/site\/wp-content\/uploads\/2022\/05\/cropped-brasilnoticias-mini.jpg\",\"width\":314,\"height\":86,\"caption\":\"Brasil not\u00edcias\"},\"image\":{\"@id\":\"https:\/\/brasilnoticias.org\/site\/#\/schema\/logo\/image\/\"}},{\"@type\":\"Person\",\"@id\":\"https:\/\/brasilnoticias.org\/site\/#\/schema\/person\/03bbbfe6c7634ad18c26444ea39049fa\",\"name\":\"Reda\u00e7\u00e3o\",\"image\":{\"@type\":\"ImageObject\",\"inLanguage\":\"pt-PT\",\"@id\":\"https:\/\/brasilnoticias.org\/site\/#\/schema\/person\/image\/\",\"url\":\"https:\/\/secure.gravatar.com\/avatar\/9ecaf7327a696cb23ad926fedded5f1f04d7049de9e445375d55b48c001a6e42?s=96&d=mm&r=g\",\"contentUrl\":\"https:\/\/secure.gravatar.com\/avatar\/9ecaf7327a696cb23ad926fedded5f1f04d7049de9e445375d55b48c001a6e42?s=96&d=mm&r=g\",\"caption\":\"Reda\u00e7\u00e3o\"},\"url\":\"https:\/\/brasilnoticias.org\/site\/author\/henrique\/\"}]}<\/script>\n<!-- \/ Yoast SEO plugin. -->","yoast_head_json":{"title":"Su\u00edca destaca atua\u00e7\u00e3o de mulheres negras nas Olimp\u00edadas de 2024; \u201cMarco hist\u00f3rico\u201d - Brasil not\u00edcias","robots":{"index":"index","follow":"follow","max-snippet":"max-snippet:-1","max-image-preview":"max-image-preview:large","max-video-preview":"max-video-preview:-1"},"canonical":"https:\/\/brasilnoticias.org\/site\/suica-destaca-atuacao-de-mulheres-negras-nas-olimpiadas-de-2024-marco-historico\/","og_locale":"pt_PT","og_type":"article","og_title":"Su\u00edca destaca atua\u00e7\u00e3o de mulheres negras nas Olimp\u00edadas de 2024; \u201cMarco hist\u00f3rico\u201d - Brasil not\u00edcias","og_description":"O vereador de Salvador pelo Partido dos Trabalhadores (PT), Luiz Carlos Su\u00edca, comemorou a impressionante atua\u00e7\u00e3o das mulheres nas Olimp\u00edadas","og_url":"https:\/\/brasilnoticias.org\/site\/suica-destaca-atuacao-de-mulheres-negras-nas-olimpiadas-de-2024-marco-historico\/","og_site_name":"Brasil not\u00edcias","article_published_time":"2024-08-07T15:49:14+00:00","og_image":[{"width":850,"height":400,"url":"https:\/\/brasilnoticias.org\/site\/wp-content\/uploads\/2024\/08\/IMAGEM_NOTICIA_0-6.jpg","type":"image\/jpeg"}],"author":"Reda\u00e7\u00e3o","twitter_card":"summary_large_image","twitter_misc":{"Escrito por":"Reda\u00e7\u00e3o"},"schema":{"@context":"https:\/\/schema.org","@graph":[{"@type":"Article","@id":"https:\/\/brasilnoticias.org\/site\/suica-destaca-atuacao-de-mulheres-negras-nas-olimpiadas-de-2024-marco-historico\/#article","isPartOf":{"@id":"https:\/\/brasilnoticias.org\/site\/suica-destaca-atuacao-de-mulheres-negras-nas-olimpiadas-de-2024-marco-historico\/"},"author":{"name":"Reda\u00e7\u00e3o","@id":"https:\/\/brasilnoticias.org\/site\/#\/schema\/person\/03bbbfe6c7634ad18c26444ea39049fa"},"headline":"Su\u00edca destaca atua\u00e7\u00e3o de mulheres negras nas Olimp\u00edadas de 2024; \u201cMarco hist\u00f3rico\u201d","datePublished":"2024-08-07T15:49:14+00:00","mainEntityOfPage":{"@id":"https:\/\/brasilnoticias.org\/site\/suica-destaca-atuacao-de-mulheres-negras-nas-olimpiadas-de-2024-marco-historico\/"},"wordCount":232,"commentCount":0,"publisher":{"@id":"https:\/\/brasilnoticias.org\/site\/#organization"},"image":{"@id":"https:\/\/brasilnoticias.org\/site\/suica-destaca-atuacao-de-mulheres-negras-nas-olimpiadas-de-2024-marco-historico\/#primaryimage"},"thumbnailUrl":"https:\/\/brasilnoticias.org\/site\/wp-content\/uploads\/2024\/08\/IMAGEM_NOTICIA_0-6.jpg","articleSection":["Not\u00edcias","\u00daltimas"],"inLanguage":"pt-PT","potentialAction":[{"@type":"CommentAction","name":"Comment","target":["https:\/\/brasilnoticias.org\/site\/suica-destaca-atuacao-de-mulheres-negras-nas-olimpiadas-de-2024-marco-historico\/#respond"]}]},{"@type":"WebPage","@id":"https:\/\/brasilnoticias.org\/site\/suica-destaca-atuacao-de-mulheres-negras-nas-olimpiadas-de-2024-marco-historico\/","url":"https:\/\/brasilnoticias.org\/site\/suica-destaca-atuacao-de-mulheres-negras-nas-olimpiadas-de-2024-marco-historico\/","name":"Su\u00edca destaca atua\u00e7\u00e3o de mulheres negras nas Olimp\u00edadas de 2024; \u201cMarco hist\u00f3rico\u201d - Brasil not\u00edcias","isPartOf":{"@id":"https:\/\/brasilnoticias.org\/site\/#website"},"primaryImageOfPage":{"@id":"https:\/\/brasilnoticias.org\/site\/suica-destaca-atuacao-de-mulheres-negras-nas-olimpiadas-de-2024-marco-historico\/#primaryimage"},"image":{"@id":"https:\/\/brasilnoticias.org\/site\/suica-destaca-atuacao-de-mulheres-negras-nas-olimpiadas-de-2024-marco-historico\/#primaryimage"},"thumbnailUrl":"https:\/\/brasilnoticias.org\/site\/wp-content\/uploads\/2024\/08\/IMAGEM_NOTICIA_0-6.jpg","datePublished":"2024-08-07T15:49:14+00:00","breadcrumb":{"@id":"https:\/\/brasilnoticias.org\/site\/suica-destaca-atuacao-de-mulheres-negras-nas-olimpiadas-de-2024-marco-historico\/#breadcrumb"},"inLanguage":"pt-PT","potentialAction":[{"@type":"ReadAction","target":["https:\/\/brasilnoticias.org\/site\/suica-destaca-atuacao-de-mulheres-negras-nas-olimpiadas-de-2024-marco-historico\/"]}]},{"@type":"ImageObject","inLanguage":"pt-PT","@id":"https:\/\/brasilnoticias.org\/site\/suica-destaca-atuacao-de-mulheres-negras-nas-olimpiadas-de-2024-marco-historico\/#primaryimage","url":"https:\/\/brasilnoticias.org\/site\/wp-content\/uploads\/2024\/08\/IMAGEM_NOTICIA_0-6.jpg","contentUrl":"https:\/\/brasilnoticias.org\/site\/wp-content\/uploads\/2024\/08\/IMAGEM_NOTICIA_0-6.jpg","width":850,"height":400},{"@type":"BreadcrumbList","@id":"https:\/\/brasilnoticias.org\/site\/suica-destaca-atuacao-de-mulheres-negras-nas-olimpiadas-de-2024-marco-historico\/#breadcrumb","itemListElement":[{"@type":"ListItem","position":1,"name":"In\u00edcio","item":"https:\/\/brasilnoticias.org\/site\/"},{"@type":"ListItem","position":2,"name":"Su\u00edca destaca atua\u00e7\u00e3o de mulheres negras nas Olimp\u00edadas de 2024; \u201cMarco hist\u00f3rico\u201d"}]},{"@type":"WebSite","@id":"https:\/\/brasilnoticias.org\/site\/#website","url":"https:\/\/brasilnoticias.org\/site\/","name":"Brasil not\u00edcias","description":"Brasil not\u00edcias","publisher":{"@id":"https:\/\/brasilnoticias.org\/site\/#organization"},"potentialAction":[{"@type":"SearchAction","target":{"@type":"EntryPoint","urlTemplate":"https:\/\/brasilnoticias.org\/site\/?s={search_term_string}"},"query-input":{"@type":"PropertyValueSpecification","valueRequired":true,"valueName":"search_term_string"}}],"inLanguage":"pt-PT"},{"@type":"Organization","@id":"https:\/\/brasilnoticias.org\/site\/#organization","name":"Brasil not\u00edcias","url":"https:\/\/brasilnoticias.org\/site\/","logo":{"@type":"ImageObject","inLanguage":"pt-PT","@id":"https:\/\/brasilnoticias.org\/site\/#\/schema\/logo\/image\/","url":"https:\/\/brasilnoticias.org\/site\/wp-content\/uploads\/2022\/05\/cropped-brasilnoticias-mini.jpg","contentUrl":"https:\/\/brasilnoticias.org\/site\/wp-content\/uploads\/2022\/05\/cropped-brasilnoticias-mini.jpg","width":314,"height":86,"caption":"Brasil not\u00edcias"},"image":{"@id":"https:\/\/brasilnoticias.org\/site\/#\/schema\/logo\/image\/"}},{"@type":"Person","@id":"https:\/\/brasilnoticias.org\/site\/#\/schema\/person\/03bbbfe6c7634ad18c26444ea39049fa","name":"Reda\u00e7\u00e3o","image":{"@type":"ImageObject","inLanguage":"pt-PT","@id":"https:\/\/brasilnoticias.org\/site\/#\/schema\/person\/image\/","url":"https:\/\/secure.gravatar.com\/avatar\/9ecaf7327a696cb23ad926fedded5f1f04d7049de9e445375d55b48c001a6e42?s=96&d=mm&r=g","contentUrl":"https:\/\/secure.gravatar.com\/avatar\/9ecaf7327a696cb23ad926fedded5f1f04d7049de9e445375d55b48c001a6e42?s=96&d=mm&r=g","caption":"Reda\u00e7\u00e3o"},"url":"https:\/\/brasilnoticias.org\/site\/author\/henrique\/"}]}},"_links":{"self":[{"href":"https:\/\/brasilnoticias.org\/site\/wp-json\/wp\/v2\/posts\/15387","targetHints":{"allow":["GET"]}}],"collection":[{"href":"https:\/\/brasilnoticias.org\/site\/wp-json\/wp\/v2\/posts"}],"about":[{"href":"https:\/\/brasilnoticias.org\/site\/wp-json\/wp\/v2\/types\/post"}],"author":[{"embeddable":true,"href":"https:\/\/brasilnoticias.org\/site\/wp-json\/wp\/v2\/users\/4"}],"replies":[{"embeddable":true,"href":"https:\/\/brasilnoticias.org\/site\/wp-json\/wp\/v2\/comments?post=15387"}],"version-history":[{"count":1,"href":"https:\/\/brasilnoticias.org\/site\/wp-json\/wp\/v2\/posts\/15387\/revisions"}],"predecessor-version":[{"id":15389,"href":"https:\/\/brasilnoticias.org\/site\/wp-json\/wp\/v2\/posts\/15387\/revisions\/15389"}],"wp:featuredmedia":[{"embeddable":true,"href":"https:\/\/brasilnoticias.org\/site\/wp-json\/wp\/v2\/media\/15388"}],"wp:attachment":[{"href":"https:\/\/brasilnoticias.org\/site\/wp-json\/wp\/v2\/media?parent=15387"}],"wp:term":[{"taxonomy":"category","embeddable":true,"href":"https:\/\/brasilnoticias.org\/site\/wp-json\/wp\/v2\/categories?post=15387"},{"taxonomy":"post_tag","embeddable":true,"href":"https:\/\/brasilnoticias.org\/site\/wp-json\/wp\/v2\/tags?post=15387"}],"curies":[{"name":"wp","href":"https:\/\/api.w.org\/{rel}","templated":true}]}}