{"id":15390,"date":"2024-08-07T12:50:08","date_gmt":"2024-08-07T15:50:08","guid":{"rendered":"https:\/\/brasilnoticias.org\/site\/?p=15390"},"modified":"2024-08-07T12:50:08","modified_gmt":"2024-08-07T15:50:08","slug":"em-encontro-com-trade-turistico-bruno-reis-destaca-programa-para-implantar-400-unidades-habitacionais-no-centro-historico","status":"publish","type":"post","link":"https:\/\/brasilnoticias.org\/site\/em-encontro-com-trade-turistico-bruno-reis-destaca-programa-para-implantar-400-unidades-habitacionais-no-centro-historico\/","title":{"rendered":"Em encontro com trade tur\u00edstico, Bruno Reis destaca programa para implantar 400 unidades habitacionais no Centro Hist\u00f3rico"},"content":{"rendered":"<p>O prefeito de Salvador e candidato \u00e0 reelei\u00e7\u00e3o Bruno Reis (Uni\u00e3o Brasil) apresentou na noite desta ter\u00e7a-feira (6) a empres\u00e1rios do trade tur\u00edstico o Prodetur 2, segunda etapa do Programa de Desenvolvimento do Turismo, que pretende p\u00f4r em pr\u00e1tica num segundo mandato, caso seja reeleito. Entre as propostas, est\u00e1 a revitaliza\u00e7\u00e3o de casar\u00f5es no Com\u00e9rcio para que ganhem um novo uso residencial e comercial. Segundo ele, ser\u00e1 a maior interven\u00e7\u00e3o urbana no Centro Hist\u00f3rico desde a ocorrida na d\u00e9cada de 1990.<\/p>\n<p>De acordo com o prefeito, a ideia \u00e9 fazer o retrofit de pelo menos 25 casar\u00f5es na Rua do Corpo Santo, pr\u00f3xima ao Elevador Lacerda e ao Mercado Modelo. Preservando as estruturas hist\u00f3ricas \u2013 tal qual ocorreu na Casa das Hist\u00f3rias e na Cidade da M\u00fasica \u2013, os pr\u00e9dios podem receber 400 unidades habitacionais nos andares mais altos e espa\u00e7os comerciais no t\u00e9rreo. A a\u00e7\u00e3o se juntar\u00e1 a outras visando a revitaliza\u00e7\u00e3o de todo o Com\u00e9rcio, dando uma nova guinada na ocupa\u00e7\u00e3o do bairro por parte da popula\u00e7\u00e3o.<\/p>\n<p>\u201cO nosso grande desafio \u00e9 ocupar o Centro Hist\u00f3rico. Nos \u00faltimos anos, investimos mais de R$1 bilh\u00e3o na regi\u00e3o em diversas iniciativas. Recupera\u00e7\u00e3o de monumentos ou implanta\u00e7\u00e3o de novos; revitaliza\u00e7\u00e3o de todas as pra\u00e7as, do Elevador Lacerda e do Elevador do Tabo\u00e3o; cria\u00e7\u00e3o de equipamentos como a Casa das Hist\u00f3rias, o Polo de Economia Criativa e a Galeria Mercado; e ainda levamos todas as secretarias municipais para a regi\u00e3o. S\u00f3 que a gente precisa continuar levando as pessoas para l\u00e1\u201d, afirmou Bruno Reis.<\/p>\n<p>Outra ideia do Prodetur 2 \u00e9 a cria\u00e7\u00e3o de um Centro de Conven\u00e7\u00f5es no Pelourinho, numa \u00e1rea abaixo da Pra\u00e7a Municipal, rodeada pelo Elevador Lacerda e pelo Pal\u00e1cio Rio Branco, cujas arcadas est\u00e3o voltadas para a Ba\u00eda de Todos-os-Santos. Segundo Bruno Reis, dentro da estrat\u00e9gia de revitalizar o Centro Hist\u00f3rico, \u00e9 fundamental implantar um equipamento que atraia grandes eventos.<\/p>\n<p>\u201cCom esse Centro de Conven\u00e7\u00f5es, estima-se que teremos definitivamente a reden\u00e7\u00e3o do Centro Hist\u00f3rico. A expectativa \u00e9 ter capacidade de 4 mil pessoas e receber 80 eventos por ano. Com isso, a gente lotaria todos os hot\u00e9is no entorno, seja os que j\u00e1 existem, seja os que vir\u00e3o por a\u00ed. Vamos atrair feiras, congressos, eventos corporativos, movimentando a economia local e gerando emprego e renda, trazendo cada vez mais pessoas para aquela regi\u00e3o\u201d, disse o prefeito.<\/p>\n<p>O Encontro com o Trade Tur\u00edstico de Salvador ocorreu no Fiesta Bahia Hotel, promovido pelo Conselho Baiano de Turismo (CBTur), composto por 19 entidades ligadas a este setor econ\u00f4mico na capital baiana. Bruno Reis recebeu de Pedro Manoel da Costa, presidente do conselho, um documento com reivindica\u00e7\u00f5es e sugest\u00f5es da categoria para serem inclu\u00eddas em seu plano de governo.<\/p>\n<p>Recursos \u2013 O Prodetur 2 ter\u00e1 recursos do Banco Interamericano de Desenvolvimento (BID) e est\u00e1 em fase final de negocia\u00e7\u00f5es. O projeto ser\u00e1 centrado no programa Salvador Capital Afro, com uma gama de a\u00e7\u00f5es de fomento \u00e0 cultura afro-brasileira e a empreendedores negros. Uma das iniciativas neste sentido \u00e9 a amplia\u00e7\u00e3o do Museu Nacional da Cultura Afro-Brasileira (Muncab), que voltou a funcionar em 2023, gra\u00e7as ao apoio da Prefeitura, ap\u00f3s anos fechado.<\/p>\n<p>\u201cO Salvador Capital Afro se confirmou como uma estrat\u00e9gia de desenvolvimento de turismo muito acertada. A cultura da nossa cidade \u00e9 essencialmente negra, ent\u00e3o nada mais justo do que a popula\u00e7\u00e3o negra ter resultados econ\u00f4micos, de ganho de renda e de gera\u00e7\u00e3o de emprego, a partir do afroturismo. Em todos os eventos, Salvador tem se divulgado como uma cidade negra, com \u00eanfase nesse aspecto do nosso patrim\u00f4nio cultural que nos torna \u00fanicos. Temos belezas naturais, patrim\u00f4nio hist\u00f3rico e arquitet\u00f4nico, mas o nosso maior ativo \u00e9 a negritude dessa cidade\u201d, afirmou Bruno Reis.<\/p>\n","protected":false},"excerpt":{"rendered":"<p>O prefeito de Salvador e candidato \u00e0 reelei\u00e7\u00e3o Bruno Reis (Uni\u00e3o Brasil) apresentou na noite desta ter\u00e7a-feira (6) a empres\u00e1rios<\/p>\n","protected":false},"author":4,"featured_media":15391,"comment_status":"open","ping_status":"open","sticky":false,"template":"","format":"standard","meta":{"colormag_page_container_layout":"default_layout","colormag_page_sidebar_layout":"default_layout","_FSMCFIC_featured_image_caption":"","_FSMCFIC_featured_image_nocaption":"","_FSMCFIC_featured_image_hide":"","footnotes":""},"categories":[5,1],"tags":[],"class_list":["post-15390","post","type-post","status-publish","format-standard","has-post-thumbnail","hentry","category-politica","category-ultimas"],"yoast_head":"<!-- This site is optimized with the Yoast SEO plugin v27.1.1 - https:\/\/yoast.com\/product\/yoast-seo-wordpress\/ -->\n<title>Em encontro com trade tur\u00edstico, Bruno Reis destaca programa para implantar 400 unidades habitacionais no Centro Hist\u00f3rico - Brasil not\u00edcias<\/title>\n<meta name=\"robots\" content=\"index, follow, max-snippet:-1, max-image-preview:large, max-video-preview:-1\" \/>\n<link rel=\"canonical\" href=\"https:\/\/brasilnoticias.org\/site\/em-encontro-com-trade-turistico-bruno-reis-destaca-programa-para-implantar-400-unidades-habitacionais-no-centro-historico\/\" \/>\n<meta property=\"og:locale\" content=\"pt_PT\" \/>\n<meta property=\"og:type\" content=\"article\" \/>\n<meta property=\"og:title\" content=\"Em encontro com trade tur\u00edstico, Bruno Reis destaca programa para implantar 400 unidades habitacionais no Centro Hist\u00f3rico - Brasil not\u00edcias\" \/>\n<meta property=\"og:description\" content=\"O prefeito de Salvador e candidato \u00e0 reelei\u00e7\u00e3o Bruno Reis (Uni\u00e3o Brasil) apresentou na noite desta ter\u00e7a-feira (6) a empres\u00e1rios\" \/>\n<meta property=\"og:url\" content=\"https:\/\/brasilnoticias.org\/site\/em-encontro-com-trade-turistico-bruno-reis-destaca-programa-para-implantar-400-unidades-habitacionais-no-centro-historico\/\" \/>\n<meta property=\"og:site_name\" content=\"Brasil not\u00edcias\" \/>\n<meta property=\"article:published_time\" content=\"2024-08-07T15:50:08+00:00\" \/>\n<meta property=\"og:image\" content=\"https:\/\/brasilnoticias.org\/site\/wp-content\/uploads\/2024\/08\/IMAGEM_NOTICIA_0-7.jpg\" \/>\n\t<meta property=\"og:image:width\" content=\"850\" \/>\n\t<meta property=\"og:image:height\" content=\"400\" \/>\n\t<meta property=\"og:image:type\" content=\"image\/jpeg\" \/>\n<meta name=\"author\" content=\"Reda\u00e7\u00e3o\" \/>\n<meta name=\"twitter:card\" content=\"summary_large_image\" \/>\n<meta name=\"twitter:label1\" content=\"Escrito por\" \/>\n\t<meta name=\"twitter:data1\" content=\"Reda\u00e7\u00e3o\" \/>\n\t<meta name=\"twitter:label2\" content=\"Tempo estimado de leitura\" \/>\n\t<meta name=\"twitter:data2\" content=\"1 minuto\" \/>\n<script type=\"application\/ld+json\" class=\"yoast-schema-graph\">{\"@context\":\"https:\/\/schema.org\",\"@graph\":[{\"@type\":\"Article\",\"@id\":\"https:\/\/brasilnoticias.org\/site\/em-encontro-com-trade-turistico-bruno-reis-destaca-programa-para-implantar-400-unidades-habitacionais-no-centro-historico\/#article\",\"isPartOf\":{\"@id\":\"https:\/\/brasilnoticias.org\/site\/em-encontro-com-trade-turistico-bruno-reis-destaca-programa-para-implantar-400-unidades-habitacionais-no-centro-historico\/\"},\"author\":{\"name\":\"Reda\u00e7\u00e3o\",\"@id\":\"https:\/\/brasilnoticias.org\/site\/#\/schema\/person\/03bbbfe6c7634ad18c26444ea39049fa\"},\"headline\":\"Em encontro com trade tur\u00edstico, Bruno Reis destaca programa para implantar 400 unidades habitacionais no Centro Hist\u00f3rico\",\"datePublished\":\"2024-08-07T15:50:08+00:00\",\"mainEntityOfPage\":{\"@id\":\"https:\/\/brasilnoticias.org\/site\/em-encontro-com-trade-turistico-bruno-reis-destaca-programa-para-implantar-400-unidades-habitacionais-no-centro-historico\/\"},\"wordCount\":674,\"commentCount\":0,\"publisher\":{\"@id\":\"https:\/\/brasilnoticias.org\/site\/#organization\"},\"image\":{\"@id\":\"https:\/\/brasilnoticias.org\/site\/em-encontro-com-trade-turistico-bruno-reis-destaca-programa-para-implantar-400-unidades-habitacionais-no-centro-historico\/#primaryimage\"},\"thumbnailUrl\":\"https:\/\/brasilnoticias.org\/site\/wp-content\/uploads\/2024\/08\/IMAGEM_NOTICIA_0-7.jpg\",\"articleSection\":[\"Pol\u00edtica\",\"\u00daltimas\"],\"inLanguage\":\"pt-PT\",\"potentialAction\":[{\"@type\":\"CommentAction\",\"name\":\"Comment\",\"target\":[\"https:\/\/brasilnoticias.org\/site\/em-encontro-com-trade-turistico-bruno-reis-destaca-programa-para-implantar-400-unidades-habitacionais-no-centro-historico\/#respond\"]}]},{\"@type\":\"WebPage\",\"@id\":\"https:\/\/brasilnoticias.org\/site\/em-encontro-com-trade-turistico-bruno-reis-destaca-programa-para-implantar-400-unidades-habitacionais-no-centro-historico\/\",\"url\":\"https:\/\/brasilnoticias.org\/site\/em-encontro-com-trade-turistico-bruno-reis-destaca-programa-para-implantar-400-unidades-habitacionais-no-centro-historico\/\",\"name\":\"Em encontro com trade tur\u00edstico, Bruno Reis destaca programa para implantar 400 unidades habitacionais no Centro Hist\u00f3rico - Brasil not\u00edcias\",\"isPartOf\":{\"@id\":\"https:\/\/brasilnoticias.org\/site\/#website\"},\"primaryImageOfPage\":{\"@id\":\"https:\/\/brasilnoticias.org\/site\/em-encontro-com-trade-turistico-bruno-reis-destaca-programa-para-implantar-400-unidades-habitacionais-no-centro-historico\/#primaryimage\"},\"image\":{\"@id\":\"https:\/\/brasilnoticias.org\/site\/em-encontro-com-trade-turistico-bruno-reis-destaca-programa-para-implantar-400-unidades-habitacionais-no-centro-historico\/#primaryimage\"},\"thumbnailUrl\":\"https:\/\/brasilnoticias.org\/site\/wp-content\/uploads\/2024\/08\/IMAGEM_NOTICIA_0-7.jpg\",\"datePublished\":\"2024-08-07T15:50:08+00:00\",\"breadcrumb\":{\"@id\":\"https:\/\/brasilnoticias.org\/site\/em-encontro-com-trade-turistico-bruno-reis-destaca-programa-para-implantar-400-unidades-habitacionais-no-centro-historico\/#breadcrumb\"},\"inLanguage\":\"pt-PT\",\"potentialAction\":[{\"@type\":\"ReadAction\",\"target\":[\"https:\/\/brasilnoticias.org\/site\/em-encontro-com-trade-turistico-bruno-reis-destaca-programa-para-implantar-400-unidades-habitacionais-no-centro-historico\/\"]}]},{\"@type\":\"ImageObject\",\"inLanguage\":\"pt-PT\",\"@id\":\"https:\/\/brasilnoticias.org\/site\/em-encontro-com-trade-turistico-bruno-reis-destaca-programa-para-implantar-400-unidades-habitacionais-no-centro-historico\/#primaryimage\",\"url\":\"https:\/\/brasilnoticias.org\/site\/wp-content\/uploads\/2024\/08\/IMAGEM_NOTICIA_0-7.jpg\",\"contentUrl\":\"https:\/\/brasilnoticias.org\/site\/wp-content\/uploads\/2024\/08\/IMAGEM_NOTICIA_0-7.jpg\",\"width\":850,\"height\":400},{\"@type\":\"BreadcrumbList\",\"@id\":\"https:\/\/brasilnoticias.org\/site\/em-encontro-com-trade-turistico-bruno-reis-destaca-programa-para-implantar-400-unidades-habitacionais-no-centro-historico\/#breadcrumb\",\"itemListElement\":[{\"@type\":\"ListItem\",\"position\":1,\"name\":\"In\u00edcio\",\"item\":\"https:\/\/brasilnoticias.org\/site\/\"},{\"@type\":\"ListItem\",\"position\":2,\"name\":\"Em encontro com trade tur\u00edstico, Bruno Reis destaca programa para implantar 400 unidades habitacionais no Centro Hist\u00f3rico\"}]},{\"@type\":\"WebSite\",\"@id\":\"https:\/\/brasilnoticias.org\/site\/#website\",\"url\":\"https:\/\/brasilnoticias.org\/site\/\",\"name\":\"Brasil not\u00edcias\",\"description\":\"Brasil not\u00edcias\",\"publisher\":{\"@id\":\"https:\/\/brasilnoticias.org\/site\/#organization\"},\"potentialAction\":[{\"@type\":\"SearchAction\",\"target\":{\"@type\":\"EntryPoint\",\"urlTemplate\":\"https:\/\/brasilnoticias.org\/site\/?s={search_term_string}\"},\"query-input\":{\"@type\":\"PropertyValueSpecification\",\"valueRequired\":true,\"valueName\":\"search_term_string\"}}],\"inLanguage\":\"pt-PT\"},{\"@type\":\"Organization\",\"@id\":\"https:\/\/brasilnoticias.org\/site\/#organization\",\"name\":\"Brasil not\u00edcias\",\"url\":\"https:\/\/brasilnoticias.org\/site\/\",\"logo\":{\"@type\":\"ImageObject\",\"inLanguage\":\"pt-PT\",\"@id\":\"https:\/\/brasilnoticias.org\/site\/#\/schema\/logo\/image\/\",\"url\":\"https:\/\/brasilnoticias.org\/site\/wp-content\/uploads\/2022\/05\/cropped-brasilnoticias-mini.jpg\",\"contentUrl\":\"https:\/\/brasilnoticias.org\/site\/wp-content\/uploads\/2022\/05\/cropped-brasilnoticias-mini.jpg\",\"width\":314,\"height\":86,\"caption\":\"Brasil not\u00edcias\"},\"image\":{\"@id\":\"https:\/\/brasilnoticias.org\/site\/#\/schema\/logo\/image\/\"}},{\"@type\":\"Person\",\"@id\":\"https:\/\/brasilnoticias.org\/site\/#\/schema\/person\/03bbbfe6c7634ad18c26444ea39049fa\",\"name\":\"Reda\u00e7\u00e3o\",\"image\":{\"@type\":\"ImageObject\",\"inLanguage\":\"pt-PT\",\"@id\":\"https:\/\/brasilnoticias.org\/site\/#\/schema\/person\/image\/\",\"url\":\"https:\/\/secure.gravatar.com\/avatar\/9ecaf7327a696cb23ad926fedded5f1f04d7049de9e445375d55b48c001a6e42?s=96&d=mm&r=g\",\"contentUrl\":\"https:\/\/secure.gravatar.com\/avatar\/9ecaf7327a696cb23ad926fedded5f1f04d7049de9e445375d55b48c001a6e42?s=96&d=mm&r=g\",\"caption\":\"Reda\u00e7\u00e3o\"},\"url\":\"https:\/\/brasilnoticias.org\/site\/author\/henrique\/\"}]}<\/script>\n<!-- \/ Yoast SEO plugin. -->","yoast_head_json":{"title":"Em encontro com trade tur\u00edstico, Bruno Reis destaca programa para implantar 400 unidades habitacionais no Centro Hist\u00f3rico - Brasil not\u00edcias","robots":{"index":"index","follow":"follow","max-snippet":"max-snippet:-1","max-image-preview":"max-image-preview:large","max-video-preview":"max-video-preview:-1"},"canonical":"https:\/\/brasilnoticias.org\/site\/em-encontro-com-trade-turistico-bruno-reis-destaca-programa-para-implantar-400-unidades-habitacionais-no-centro-historico\/","og_locale":"pt_PT","og_type":"article","og_title":"Em encontro com trade tur\u00edstico, Bruno Reis destaca programa para implantar 400 unidades habitacionais no Centro Hist\u00f3rico - Brasil not\u00edcias","og_description":"O prefeito de Salvador e candidato \u00e0 reelei\u00e7\u00e3o Bruno Reis (Uni\u00e3o Brasil) apresentou na noite desta ter\u00e7a-feira (6) a empres\u00e1rios","og_url":"https:\/\/brasilnoticias.org\/site\/em-encontro-com-trade-turistico-bruno-reis-destaca-programa-para-implantar-400-unidades-habitacionais-no-centro-historico\/","og_site_name":"Brasil not\u00edcias","article_published_time":"2024-08-07T15:50:08+00:00","og_image":[{"width":850,"height":400,"url":"https:\/\/brasilnoticias.org\/site\/wp-content\/uploads\/2024\/08\/IMAGEM_NOTICIA_0-7.jpg","type":"image\/jpeg"}],"author":"Reda\u00e7\u00e3o","twitter_card":"summary_large_image","twitter_misc":{"Escrito por":"Reda\u00e7\u00e3o","Tempo estimado de leitura":"1 minuto"},"schema":{"@context":"https:\/\/schema.org","@graph":[{"@type":"Article","@id":"https:\/\/brasilnoticias.org\/site\/em-encontro-com-trade-turistico-bruno-reis-destaca-programa-para-implantar-400-unidades-habitacionais-no-centro-historico\/#article","isPartOf":{"@id":"https:\/\/brasilnoticias.org\/site\/em-encontro-com-trade-turistico-bruno-reis-destaca-programa-para-implantar-400-unidades-habitacionais-no-centro-historico\/"},"author":{"name":"Reda\u00e7\u00e3o","@id":"https:\/\/brasilnoticias.org\/site\/#\/schema\/person\/03bbbfe6c7634ad18c26444ea39049fa"},"headline":"Em encontro com trade tur\u00edstico, Bruno Reis destaca programa para implantar 400 unidades habitacionais no Centro Hist\u00f3rico","datePublished":"2024-08-07T15:50:08+00:00","mainEntityOfPage":{"@id":"https:\/\/brasilnoticias.org\/site\/em-encontro-com-trade-turistico-bruno-reis-destaca-programa-para-implantar-400-unidades-habitacionais-no-centro-historico\/"},"wordCount":674,"commentCount":0,"publisher":{"@id":"https:\/\/brasilnoticias.org\/site\/#organization"},"image":{"@id":"https:\/\/brasilnoticias.org\/site\/em-encontro-com-trade-turistico-bruno-reis-destaca-programa-para-implantar-400-unidades-habitacionais-no-centro-historico\/#primaryimage"},"thumbnailUrl":"https:\/\/brasilnoticias.org\/site\/wp-content\/uploads\/2024\/08\/IMAGEM_NOTICIA_0-7.jpg","articleSection":["Pol\u00edtica","\u00daltimas"],"inLanguage":"pt-PT","potentialAction":[{"@type":"CommentAction","name":"Comment","target":["https:\/\/brasilnoticias.org\/site\/em-encontro-com-trade-turistico-bruno-reis-destaca-programa-para-implantar-400-unidades-habitacionais-no-centro-historico\/#respond"]}]},{"@type":"WebPage","@id":"https:\/\/brasilnoticias.org\/site\/em-encontro-com-trade-turistico-bruno-reis-destaca-programa-para-implantar-400-unidades-habitacionais-no-centro-historico\/","url":"https:\/\/brasilnoticias.org\/site\/em-encontro-com-trade-turistico-bruno-reis-destaca-programa-para-implantar-400-unidades-habitacionais-no-centro-historico\/","name":"Em encontro com trade tur\u00edstico, Bruno Reis destaca programa para implantar 400 unidades habitacionais no Centro Hist\u00f3rico - Brasil not\u00edcias","isPartOf":{"@id":"https:\/\/brasilnoticias.org\/site\/#website"},"primaryImageOfPage":{"@id":"https:\/\/brasilnoticias.org\/site\/em-encontro-com-trade-turistico-bruno-reis-destaca-programa-para-implantar-400-unidades-habitacionais-no-centro-historico\/#primaryimage"},"image":{"@id":"https:\/\/brasilnoticias.org\/site\/em-encontro-com-trade-turistico-bruno-reis-destaca-programa-para-implantar-400-unidades-habitacionais-no-centro-historico\/#primaryimage"},"thumbnailUrl":"https:\/\/brasilnoticias.org\/site\/wp-content\/uploads\/2024\/08\/IMAGEM_NOTICIA_0-7.jpg","datePublished":"2024-08-07T15:50:08+00:00","breadcrumb":{"@id":"https:\/\/brasilnoticias.org\/site\/em-encontro-com-trade-turistico-bruno-reis-destaca-programa-para-implantar-400-unidades-habitacionais-no-centro-historico\/#breadcrumb"},"inLanguage":"pt-PT","potentialAction":[{"@type":"ReadAction","target":["https:\/\/brasilnoticias.org\/site\/em-encontro-com-trade-turistico-bruno-reis-destaca-programa-para-implantar-400-unidades-habitacionais-no-centro-historico\/"]}]},{"@type":"ImageObject","inLanguage":"pt-PT","@id":"https:\/\/brasilnoticias.org\/site\/em-encontro-com-trade-turistico-bruno-reis-destaca-programa-para-implantar-400-unidades-habitacionais-no-centro-historico\/#primaryimage","url":"https:\/\/brasilnoticias.org\/site\/wp-content\/uploads\/2024\/08\/IMAGEM_NOTICIA_0-7.jpg","contentUrl":"https:\/\/brasilnoticias.org\/site\/wp-content\/uploads\/2024\/08\/IMAGEM_NOTICIA_0-7.jpg","width":850,"height":400},{"@type":"BreadcrumbList","@id":"https:\/\/brasilnoticias.org\/site\/em-encontro-com-trade-turistico-bruno-reis-destaca-programa-para-implantar-400-unidades-habitacionais-no-centro-historico\/#breadcrumb","itemListElement":[{"@type":"ListItem","position":1,"name":"In\u00edcio","item":"https:\/\/brasilnoticias.org\/site\/"},{"@type":"ListItem","position":2,"name":"Em encontro com trade tur\u00edstico, Bruno Reis destaca programa para implantar 400 unidades habitacionais no Centro Hist\u00f3rico"}]},{"@type":"WebSite","@id":"https:\/\/brasilnoticias.org\/site\/#website","url":"https:\/\/brasilnoticias.org\/site\/","name":"Brasil not\u00edcias","description":"Brasil not\u00edcias","publisher":{"@id":"https:\/\/brasilnoticias.org\/site\/#organization"},"potentialAction":[{"@type":"SearchAction","target":{"@type":"EntryPoint","urlTemplate":"https:\/\/brasilnoticias.org\/site\/?s={search_term_string}"},"query-input":{"@type":"PropertyValueSpecification","valueRequired":true,"valueName":"search_term_string"}}],"inLanguage":"pt-PT"},{"@type":"Organization","@id":"https:\/\/brasilnoticias.org\/site\/#organization","name":"Brasil not\u00edcias","url":"https:\/\/brasilnoticias.org\/site\/","logo":{"@type":"ImageObject","inLanguage":"pt-PT","@id":"https:\/\/brasilnoticias.org\/site\/#\/schema\/logo\/image\/","url":"https:\/\/brasilnoticias.org\/site\/wp-content\/uploads\/2022\/05\/cropped-brasilnoticias-mini.jpg","contentUrl":"https:\/\/brasilnoticias.org\/site\/wp-content\/uploads\/2022\/05\/cropped-brasilnoticias-mini.jpg","width":314,"height":86,"caption":"Brasil not\u00edcias"},"image":{"@id":"https:\/\/brasilnoticias.org\/site\/#\/schema\/logo\/image\/"}},{"@type":"Person","@id":"https:\/\/brasilnoticias.org\/site\/#\/schema\/person\/03bbbfe6c7634ad18c26444ea39049fa","name":"Reda\u00e7\u00e3o","image":{"@type":"ImageObject","inLanguage":"pt-PT","@id":"https:\/\/brasilnoticias.org\/site\/#\/schema\/person\/image\/","url":"https:\/\/secure.gravatar.com\/avatar\/9ecaf7327a696cb23ad926fedded5f1f04d7049de9e445375d55b48c001a6e42?s=96&d=mm&r=g","contentUrl":"https:\/\/secure.gravatar.com\/avatar\/9ecaf7327a696cb23ad926fedded5f1f04d7049de9e445375d55b48c001a6e42?s=96&d=mm&r=g","caption":"Reda\u00e7\u00e3o"},"url":"https:\/\/brasilnoticias.org\/site\/author\/henrique\/"}]}},"_links":{"self":[{"href":"https:\/\/brasilnoticias.org\/site\/wp-json\/wp\/v2\/posts\/15390","targetHints":{"allow":["GET"]}}],"collection":[{"href":"https:\/\/brasilnoticias.org\/site\/wp-json\/wp\/v2\/posts"}],"about":[{"href":"https:\/\/brasilnoticias.org\/site\/wp-json\/wp\/v2\/types\/post"}],"author":[{"embeddable":true,"href":"https:\/\/brasilnoticias.org\/site\/wp-json\/wp\/v2\/users\/4"}],"replies":[{"embeddable":true,"href":"https:\/\/brasilnoticias.org\/site\/wp-json\/wp\/v2\/comments?post=15390"}],"version-history":[{"count":1,"href":"https:\/\/brasilnoticias.org\/site\/wp-json\/wp\/v2\/posts\/15390\/revisions"}],"predecessor-version":[{"id":15392,"href":"https:\/\/brasilnoticias.org\/site\/wp-json\/wp\/v2\/posts\/15390\/revisions\/15392"}],"wp:featuredmedia":[{"embeddable":true,"href":"https:\/\/brasilnoticias.org\/site\/wp-json\/wp\/v2\/media\/15391"}],"wp:attachment":[{"href":"https:\/\/brasilnoticias.org\/site\/wp-json\/wp\/v2\/media?parent=15390"}],"wp:term":[{"taxonomy":"category","embeddable":true,"href":"https:\/\/brasilnoticias.org\/site\/wp-json\/wp\/v2\/categories?post=15390"},{"taxonomy":"post_tag","embeddable":true,"href":"https:\/\/brasilnoticias.org\/site\/wp-json\/wp\/v2\/tags?post=15390"}],"curies":[{"name":"wp","href":"https:\/\/api.w.org\/{rel}","templated":true}]}}