{"id":15396,"date":"2024-08-07T12:52:38","date_gmt":"2024-08-07T15:52:38","guid":{"rendered":"https:\/\/brasilnoticias.org\/site\/?p=15396"},"modified":"2024-08-07T12:52:38","modified_gmt":"2024-08-07T15:52:38","slug":"ha-30-anos-raudinei-entrava-para-a-historia-do-bavi-com-gol-no-ultimo-minuto","status":"publish","type":"post","link":"https:\/\/brasilnoticias.org\/site\/ha-30-anos-raudinei-entrava-para-a-historia-do-bavi-com-gol-no-ultimo-minuto\/","title":{"rendered":"H\u00e1 30 anos, Raudinei entrava para a hist\u00f3ria do BaVi com gol no \u00faltimo minuto"},"content":{"rendered":"<p>O atacante decidiu a final do Baian\u00e3o 94 diante de mais de 100 mil torcedores na velha Fonte Nova<\/p>\n<p>N\u00e3o \u00e9 spoiler, pois todo mundo j\u00e1 sabe o final dessa hist\u00f3ria cl\u00e1ssica: o cara faz o gol no \u00faltimo minuto e d\u00e1 o t\u00edtulo ao seu time e \u00e0 sua torcida apaixonada. O nome do mocinho \u00e9 Raudinei Anversa Freire, ou simplesmente Raudinei, aquele que, desde o dia 7 de agosto de 1994, virou sin\u00f4nimo de tento marcado no apagar das luzes. \u201cPois \u00e9, l\u00e1 se v\u00e3o 30 anos\u2026 eu estava no est\u00e1dio, sa\u00ed louco, vibrando, parecia mesmo um filme. Minha m\u00e3e \u00e9 Vit\u00f3ria e, na sa\u00edda, apesar de tamb\u00e9m estar revoltada, aproveitou e pegou uma camisa oficial, novinha, que um cara jogou fora em nossa frente\u201d, conta Jailson Jos\u00e9 Gomes, hoje com 44 anos.<\/p>\n<p>O est\u00e1dio citado \u00e9 a velha Fonte Nova, que foi palco, naquele domingo, da final do Campeonato Baiano. O Bahia disputava o bi, o Vit\u00f3ria era o atual vice-campe\u00e3o brasileiro e tinha nomes como Ramon Menezes no elenco. Uma batalha \u00e9pica assistida por 97.200 pagantes \u2014 o publico total ultrapassando as 100 mil pessoas. Tempo em que, muito ao contr\u00e1rio da mesquinharia da \u201ctorcida \u00fanica\u201d atual, havia a torcida mista, com camisas tricolores e rubro-negras dividindo o mesmo espa\u00e7o. \u201cEu assisti na mista. Fui com meu tio e meu primo. Os dois Bahia. Eu sou Vit\u00f3ria, fiquei put*, \u00e9 claro, mas hoje agrade\u00e7o por ter vivido aquele momento de nosso futebol\u201d, diz o gerente comercial Oscar Santos.<\/p>\n<p>S\u00f3 para se ter uma ideia da dimens\u00e3o da coisa, poucos dias antes o Brasil conquistava o tetra, na Copa do Mundo dos Estados Unidos. E no Rose Bowl, onde nossa sele\u00e7\u00e3o enfrentou a It\u00e1lia, o p\u00fablico bateu 94.194, isto \u00e9, tinha mais gente na Fonte Nova para assistir o BaVi. \u201cEra outro mundo mesmo, o d\u00f3lar valia 90 centavos, t\u00e1 lembrado?\u201d, destaca Oscar.<\/p>\n<p>Foi nesse cen\u00e1rio e nesse clima que o jogo acabou o primeiro tempo com o Vit\u00f3ria metendo 1 a 0, gol de D\u00e3o. O Bahia, sob comando de Joel Santana, jogava pelo empate, pois tinha vencido os dois turnos finais. Naquele mesmo campeonato, por\u00e9m, o le\u00e3o j\u00e1 tinha goleado o tricolor com dois 4&#215;0. E \u00e9 a\u00ed que entra o p\u00e9 quente do predestinado. \u201cEu me lembro que Souza tocou a bola para mim, entre dois zagueiros, e eu tive a inten\u00e7\u00e3o de dar um toquinho para dominar antes de chutar, mas a bola caiu na minha perna boa, a esquerda, e eu bati de primeira\u201d, conta o pr\u00f3prio Raudinei, em depoimento para o livro de Luiz Antonio Gomes, \u201cRaudinei aos 46\u201d, publicado em 2007.<\/p>\n<p>O lance inteiro merece men\u00e7\u00e3o. J\u00e1 estava no fim da partida e o Vit\u00f3ria vinha se sagrando campe\u00e3o. Uma confus\u00e3o interrompe o jogo por alguns minutos. E, na volta, o Bahia sai jogando: o goleiro Jean tocou para Missinho, Missinho lan\u00e7ou para o companheiro de zaga Adivaldo, este deu de cabe\u00e7a ao volante Souza que, tamb\u00e9m de cabe\u00e7a, passou a Raudinei, bem de frente para o gol da ladeira. Ap\u00f3s um leve trope\u00e7o, o atacante ainda tem a bola quicando na mira de seu p\u00e9 esquerdo e estufa a rede do goleiro Roger. Da\u00ed em diante \u00e9 hist\u00f3ria.<\/p>\n<p>Em comemora\u00e7\u00e3o ao tento que refor\u00e7ou a m\u00edstica do time, o Esporte Clube Bahia lan\u00e7a, nesta quarta-feira (7), uma camisa especial, baseada naquela usada no jogo de 1994. A nova camisa j\u00e1 est\u00e1 \u00e0 venda no site Loja Esquadr\u00e3o e custa R$ 249,99, com pr\u00e9-venda exclusiva para s\u00f3cios. O pr\u00f3prio Raudinei, que \u00e9 natural de Mar\u00edlia, no interior de S\u00e3o Paulo, estar\u00e1 presente no Museu do Bahia, onde entregar\u00e1 o uniforme a 94 s\u00f3cios sortudos.<\/p>\n<p>A s\u00e9rie de depoimentos a respeito do Gol de Raudinei, assim mesmo, com mai\u00fascula, \u00e9 infind\u00e1vel. J\u00e1 rendeu, al\u00e9m do citado livro, comunidades no extinto Orkut e f\u00f3runs em outras redes sociais. \u201cEu estava na Pov\u00e3o, como sempre, e j\u00e1 estava um tanto desanimado vendo o tempo passar e o placar n\u00e3o mudar. Mas, no fundo, alguma me dizia que n\u00e3o era para ir embora\u2026 esperei e fui recompensado, nunca vou esquecer aquele jogo! Raudinei, meu filho, que cagada maravilhosa voc\u00ea deu!!!\u201d, brinca o torcedor Edvan Maric\u00e1.<\/p>\n<p>Foto: Reprodu\u00e7\u00e3o<br \/>\nPor: James Martins<\/p>\n","protected":false},"excerpt":{"rendered":"<p>O atacante decidiu a final do Baian\u00e3o 94 diante de mais de 100 mil torcedores na velha Fonte Nova N\u00e3o<\/p>\n","protected":false},"author":4,"featured_media":15397,"comment_status":"open","ping_status":"open","sticky":false,"template":"","format":"standard","meta":{"colormag_page_container_layout":"default_layout","colormag_page_sidebar_layout":"default_layout","_FSMCFIC_featured_image_caption":"","_FSMCFIC_featured_image_nocaption":"","_FSMCFIC_featured_image_hide":"","footnotes":""},"categories":[4,1],"tags":[],"class_list":["post-15396","post","type-post","status-publish","format-standard","has-post-thumbnail","hentry","category-esporte","category-ultimas"],"yoast_head":"<!-- This site is optimized with the Yoast SEO plugin v27.1.1 - https:\/\/yoast.com\/product\/yoast-seo-wordpress\/ -->\n<title>H\u00e1 30 anos, Raudinei entrava para a hist\u00f3ria do BaVi com gol no \u00faltimo minuto - Brasil not\u00edcias<\/title>\n<meta name=\"robots\" content=\"index, follow, max-snippet:-1, max-image-preview:large, max-video-preview:-1\" \/>\n<link rel=\"canonical\" href=\"https:\/\/brasilnoticias.org\/site\/ha-30-anos-raudinei-entrava-para-a-historia-do-bavi-com-gol-no-ultimo-minuto\/\" \/>\n<meta property=\"og:locale\" content=\"pt_PT\" \/>\n<meta property=\"og:type\" content=\"article\" \/>\n<meta property=\"og:title\" content=\"H\u00e1 30 anos, Raudinei entrava para a hist\u00f3ria do BaVi com gol no \u00faltimo minuto - Brasil not\u00edcias\" \/>\n<meta property=\"og:description\" content=\"O atacante decidiu a final do Baian\u00e3o 94 diante de mais de 100 mil torcedores na velha Fonte Nova N\u00e3o\" \/>\n<meta property=\"og:url\" content=\"https:\/\/brasilnoticias.org\/site\/ha-30-anos-raudinei-entrava-para-a-historia-do-bavi-com-gol-no-ultimo-minuto\/\" \/>\n<meta property=\"og:site_name\" content=\"Brasil not\u00edcias\" \/>\n<meta property=\"article:published_time\" content=\"2024-08-07T15:52:38+00:00\" \/>\n<meta property=\"og:image\" content=\"https:\/\/brasilnoticias.org\/site\/wp-content\/uploads\/2024\/08\/153748ha-30-anos-raudinei-entrava-para-a-historia-do-bavi-com-gol-no-ultimo-minuto-3.jpg\" \/>\n\t<meta property=\"og:image:width\" content=\"1600\" \/>\n\t<meta property=\"og:image:height\" content=\"752\" \/>\n\t<meta property=\"og:image:type\" content=\"image\/jpeg\" \/>\n<meta name=\"author\" content=\"Reda\u00e7\u00e3o\" \/>\n<meta name=\"twitter:card\" content=\"summary_large_image\" \/>\n<meta name=\"twitter:label1\" content=\"Escrito por\" \/>\n\t<meta name=\"twitter:data1\" content=\"Reda\u00e7\u00e3o\" \/>\n\t<meta name=\"twitter:label2\" content=\"Tempo estimado de leitura\" \/>\n\t<meta name=\"twitter:data2\" content=\"1 minuto\" \/>\n<script type=\"application\/ld+json\" class=\"yoast-schema-graph\">{\"@context\":\"https:\/\/schema.org\",\"@graph\":[{\"@type\":\"Article\",\"@id\":\"https:\/\/brasilnoticias.org\/site\/ha-30-anos-raudinei-entrava-para-a-historia-do-bavi-com-gol-no-ultimo-minuto\/#article\",\"isPartOf\":{\"@id\":\"https:\/\/brasilnoticias.org\/site\/ha-30-anos-raudinei-entrava-para-a-historia-do-bavi-com-gol-no-ultimo-minuto\/\"},\"author\":{\"name\":\"Reda\u00e7\u00e3o\",\"@id\":\"https:\/\/brasilnoticias.org\/site\/#\/schema\/person\/03bbbfe6c7634ad18c26444ea39049fa\"},\"headline\":\"H\u00e1 30 anos, Raudinei entrava para a hist\u00f3ria do BaVi com gol no \u00faltimo minuto\",\"datePublished\":\"2024-08-07T15:52:38+00:00\",\"mainEntityOfPage\":{\"@id\":\"https:\/\/brasilnoticias.org\/site\/ha-30-anos-raudinei-entrava-para-a-historia-do-bavi-com-gol-no-ultimo-minuto\/\"},\"wordCount\":751,\"commentCount\":0,\"publisher\":{\"@id\":\"https:\/\/brasilnoticias.org\/site\/#organization\"},\"image\":{\"@id\":\"https:\/\/brasilnoticias.org\/site\/ha-30-anos-raudinei-entrava-para-a-historia-do-bavi-com-gol-no-ultimo-minuto\/#primaryimage\"},\"thumbnailUrl\":\"https:\/\/brasilnoticias.org\/site\/wp-content\/uploads\/2024\/08\/153748ha-30-anos-raudinei-entrava-para-a-historia-do-bavi-com-gol-no-ultimo-minuto-3.jpg\",\"articleSection\":[\"Esporte\",\"\u00daltimas\"],\"inLanguage\":\"pt-PT\",\"potentialAction\":[{\"@type\":\"CommentAction\",\"name\":\"Comment\",\"target\":[\"https:\/\/brasilnoticias.org\/site\/ha-30-anos-raudinei-entrava-para-a-historia-do-bavi-com-gol-no-ultimo-minuto\/#respond\"]}]},{\"@type\":\"WebPage\",\"@id\":\"https:\/\/brasilnoticias.org\/site\/ha-30-anos-raudinei-entrava-para-a-historia-do-bavi-com-gol-no-ultimo-minuto\/\",\"url\":\"https:\/\/brasilnoticias.org\/site\/ha-30-anos-raudinei-entrava-para-a-historia-do-bavi-com-gol-no-ultimo-minuto\/\",\"name\":\"H\u00e1 30 anos, Raudinei entrava para a hist\u00f3ria do BaVi com gol no \u00faltimo minuto - Brasil not\u00edcias\",\"isPartOf\":{\"@id\":\"https:\/\/brasilnoticias.org\/site\/#website\"},\"primaryImageOfPage\":{\"@id\":\"https:\/\/brasilnoticias.org\/site\/ha-30-anos-raudinei-entrava-para-a-historia-do-bavi-com-gol-no-ultimo-minuto\/#primaryimage\"},\"image\":{\"@id\":\"https:\/\/brasilnoticias.org\/site\/ha-30-anos-raudinei-entrava-para-a-historia-do-bavi-com-gol-no-ultimo-minuto\/#primaryimage\"},\"thumbnailUrl\":\"https:\/\/brasilnoticias.org\/site\/wp-content\/uploads\/2024\/08\/153748ha-30-anos-raudinei-entrava-para-a-historia-do-bavi-com-gol-no-ultimo-minuto-3.jpg\",\"datePublished\":\"2024-08-07T15:52:38+00:00\",\"breadcrumb\":{\"@id\":\"https:\/\/brasilnoticias.org\/site\/ha-30-anos-raudinei-entrava-para-a-historia-do-bavi-com-gol-no-ultimo-minuto\/#breadcrumb\"},\"inLanguage\":\"pt-PT\",\"potentialAction\":[{\"@type\":\"ReadAction\",\"target\":[\"https:\/\/brasilnoticias.org\/site\/ha-30-anos-raudinei-entrava-para-a-historia-do-bavi-com-gol-no-ultimo-minuto\/\"]}]},{\"@type\":\"ImageObject\",\"inLanguage\":\"pt-PT\",\"@id\":\"https:\/\/brasilnoticias.org\/site\/ha-30-anos-raudinei-entrava-para-a-historia-do-bavi-com-gol-no-ultimo-minuto\/#primaryimage\",\"url\":\"https:\/\/brasilnoticias.org\/site\/wp-content\/uploads\/2024\/08\/153748ha-30-anos-raudinei-entrava-para-a-historia-do-bavi-com-gol-no-ultimo-minuto-3.jpg\",\"contentUrl\":\"https:\/\/brasilnoticias.org\/site\/wp-content\/uploads\/2024\/08\/153748ha-30-anos-raudinei-entrava-para-a-historia-do-bavi-com-gol-no-ultimo-minuto-3.jpg\",\"width\":1600,\"height\":752},{\"@type\":\"BreadcrumbList\",\"@id\":\"https:\/\/brasilnoticias.org\/site\/ha-30-anos-raudinei-entrava-para-a-historia-do-bavi-com-gol-no-ultimo-minuto\/#breadcrumb\",\"itemListElement\":[{\"@type\":\"ListItem\",\"position\":1,\"name\":\"In\u00edcio\",\"item\":\"https:\/\/brasilnoticias.org\/site\/\"},{\"@type\":\"ListItem\",\"position\":2,\"name\":\"H\u00e1 30 anos, Raudinei entrava para a hist\u00f3ria do BaVi com gol no \u00faltimo minuto\"}]},{\"@type\":\"WebSite\",\"@id\":\"https:\/\/brasilnoticias.org\/site\/#website\",\"url\":\"https:\/\/brasilnoticias.org\/site\/\",\"name\":\"Brasil not\u00edcias\",\"description\":\"Brasil not\u00edcias\",\"publisher\":{\"@id\":\"https:\/\/brasilnoticias.org\/site\/#organization\"},\"potentialAction\":[{\"@type\":\"SearchAction\",\"target\":{\"@type\":\"EntryPoint\",\"urlTemplate\":\"https:\/\/brasilnoticias.org\/site\/?s={search_term_string}\"},\"query-input\":{\"@type\":\"PropertyValueSpecification\",\"valueRequired\":true,\"valueName\":\"search_term_string\"}}],\"inLanguage\":\"pt-PT\"},{\"@type\":\"Organization\",\"@id\":\"https:\/\/brasilnoticias.org\/site\/#organization\",\"name\":\"Brasil not\u00edcias\",\"url\":\"https:\/\/brasilnoticias.org\/site\/\",\"logo\":{\"@type\":\"ImageObject\",\"inLanguage\":\"pt-PT\",\"@id\":\"https:\/\/brasilnoticias.org\/site\/#\/schema\/logo\/image\/\",\"url\":\"https:\/\/brasilnoticias.org\/site\/wp-content\/uploads\/2022\/05\/cropped-brasilnoticias-mini.jpg\",\"contentUrl\":\"https:\/\/brasilnoticias.org\/site\/wp-content\/uploads\/2022\/05\/cropped-brasilnoticias-mini.jpg\",\"width\":314,\"height\":86,\"caption\":\"Brasil not\u00edcias\"},\"image\":{\"@id\":\"https:\/\/brasilnoticias.org\/site\/#\/schema\/logo\/image\/\"}},{\"@type\":\"Person\",\"@id\":\"https:\/\/brasilnoticias.org\/site\/#\/schema\/person\/03bbbfe6c7634ad18c26444ea39049fa\",\"name\":\"Reda\u00e7\u00e3o\",\"image\":{\"@type\":\"ImageObject\",\"inLanguage\":\"pt-PT\",\"@id\":\"https:\/\/brasilnoticias.org\/site\/#\/schema\/person\/image\/\",\"url\":\"https:\/\/secure.gravatar.com\/avatar\/9ecaf7327a696cb23ad926fedded5f1f04d7049de9e445375d55b48c001a6e42?s=96&d=mm&r=g\",\"contentUrl\":\"https:\/\/secure.gravatar.com\/avatar\/9ecaf7327a696cb23ad926fedded5f1f04d7049de9e445375d55b48c001a6e42?s=96&d=mm&r=g\",\"caption\":\"Reda\u00e7\u00e3o\"},\"url\":\"https:\/\/brasilnoticias.org\/site\/author\/henrique\/\"}]}<\/script>\n<!-- \/ Yoast SEO plugin. -->","yoast_head_json":{"title":"H\u00e1 30 anos, Raudinei entrava para a hist\u00f3ria do BaVi com gol no \u00faltimo minuto - Brasil not\u00edcias","robots":{"index":"index","follow":"follow","max-snippet":"max-snippet:-1","max-image-preview":"max-image-preview:large","max-video-preview":"max-video-preview:-1"},"canonical":"https:\/\/brasilnoticias.org\/site\/ha-30-anos-raudinei-entrava-para-a-historia-do-bavi-com-gol-no-ultimo-minuto\/","og_locale":"pt_PT","og_type":"article","og_title":"H\u00e1 30 anos, Raudinei entrava para a hist\u00f3ria do BaVi com gol no \u00faltimo minuto - Brasil not\u00edcias","og_description":"O atacante decidiu a final do Baian\u00e3o 94 diante de mais de 100 mil torcedores na velha Fonte Nova N\u00e3o","og_url":"https:\/\/brasilnoticias.org\/site\/ha-30-anos-raudinei-entrava-para-a-historia-do-bavi-com-gol-no-ultimo-minuto\/","og_site_name":"Brasil not\u00edcias","article_published_time":"2024-08-07T15:52:38+00:00","og_image":[{"width":1600,"height":752,"url":"https:\/\/brasilnoticias.org\/site\/wp-content\/uploads\/2024\/08\/153748ha-30-anos-raudinei-entrava-para-a-historia-do-bavi-com-gol-no-ultimo-minuto-3.jpg","type":"image\/jpeg"}],"author":"Reda\u00e7\u00e3o","twitter_card":"summary_large_image","twitter_misc":{"Escrito por":"Reda\u00e7\u00e3o","Tempo estimado de leitura":"1 minuto"},"schema":{"@context":"https:\/\/schema.org","@graph":[{"@type":"Article","@id":"https:\/\/brasilnoticias.org\/site\/ha-30-anos-raudinei-entrava-para-a-historia-do-bavi-com-gol-no-ultimo-minuto\/#article","isPartOf":{"@id":"https:\/\/brasilnoticias.org\/site\/ha-30-anos-raudinei-entrava-para-a-historia-do-bavi-com-gol-no-ultimo-minuto\/"},"author":{"name":"Reda\u00e7\u00e3o","@id":"https:\/\/brasilnoticias.org\/site\/#\/schema\/person\/03bbbfe6c7634ad18c26444ea39049fa"},"headline":"H\u00e1 30 anos, Raudinei entrava para a hist\u00f3ria do BaVi com gol no \u00faltimo minuto","datePublished":"2024-08-07T15:52:38+00:00","mainEntityOfPage":{"@id":"https:\/\/brasilnoticias.org\/site\/ha-30-anos-raudinei-entrava-para-a-historia-do-bavi-com-gol-no-ultimo-minuto\/"},"wordCount":751,"commentCount":0,"publisher":{"@id":"https:\/\/brasilnoticias.org\/site\/#organization"},"image":{"@id":"https:\/\/brasilnoticias.org\/site\/ha-30-anos-raudinei-entrava-para-a-historia-do-bavi-com-gol-no-ultimo-minuto\/#primaryimage"},"thumbnailUrl":"https:\/\/brasilnoticias.org\/site\/wp-content\/uploads\/2024\/08\/153748ha-30-anos-raudinei-entrava-para-a-historia-do-bavi-com-gol-no-ultimo-minuto-3.jpg","articleSection":["Esporte","\u00daltimas"],"inLanguage":"pt-PT","potentialAction":[{"@type":"CommentAction","name":"Comment","target":["https:\/\/brasilnoticias.org\/site\/ha-30-anos-raudinei-entrava-para-a-historia-do-bavi-com-gol-no-ultimo-minuto\/#respond"]}]},{"@type":"WebPage","@id":"https:\/\/brasilnoticias.org\/site\/ha-30-anos-raudinei-entrava-para-a-historia-do-bavi-com-gol-no-ultimo-minuto\/","url":"https:\/\/brasilnoticias.org\/site\/ha-30-anos-raudinei-entrava-para-a-historia-do-bavi-com-gol-no-ultimo-minuto\/","name":"H\u00e1 30 anos, Raudinei entrava para a hist\u00f3ria do BaVi com gol no \u00faltimo minuto - Brasil not\u00edcias","isPartOf":{"@id":"https:\/\/brasilnoticias.org\/site\/#website"},"primaryImageOfPage":{"@id":"https:\/\/brasilnoticias.org\/site\/ha-30-anos-raudinei-entrava-para-a-historia-do-bavi-com-gol-no-ultimo-minuto\/#primaryimage"},"image":{"@id":"https:\/\/brasilnoticias.org\/site\/ha-30-anos-raudinei-entrava-para-a-historia-do-bavi-com-gol-no-ultimo-minuto\/#primaryimage"},"thumbnailUrl":"https:\/\/brasilnoticias.org\/site\/wp-content\/uploads\/2024\/08\/153748ha-30-anos-raudinei-entrava-para-a-historia-do-bavi-com-gol-no-ultimo-minuto-3.jpg","datePublished":"2024-08-07T15:52:38+00:00","breadcrumb":{"@id":"https:\/\/brasilnoticias.org\/site\/ha-30-anos-raudinei-entrava-para-a-historia-do-bavi-com-gol-no-ultimo-minuto\/#breadcrumb"},"inLanguage":"pt-PT","potentialAction":[{"@type":"ReadAction","target":["https:\/\/brasilnoticias.org\/site\/ha-30-anos-raudinei-entrava-para-a-historia-do-bavi-com-gol-no-ultimo-minuto\/"]}]},{"@type":"ImageObject","inLanguage":"pt-PT","@id":"https:\/\/brasilnoticias.org\/site\/ha-30-anos-raudinei-entrava-para-a-historia-do-bavi-com-gol-no-ultimo-minuto\/#primaryimage","url":"https:\/\/brasilnoticias.org\/site\/wp-content\/uploads\/2024\/08\/153748ha-30-anos-raudinei-entrava-para-a-historia-do-bavi-com-gol-no-ultimo-minuto-3.jpg","contentUrl":"https:\/\/brasilnoticias.org\/site\/wp-content\/uploads\/2024\/08\/153748ha-30-anos-raudinei-entrava-para-a-historia-do-bavi-com-gol-no-ultimo-minuto-3.jpg","width":1600,"height":752},{"@type":"BreadcrumbList","@id":"https:\/\/brasilnoticias.org\/site\/ha-30-anos-raudinei-entrava-para-a-historia-do-bavi-com-gol-no-ultimo-minuto\/#breadcrumb","itemListElement":[{"@type":"ListItem","position":1,"name":"In\u00edcio","item":"https:\/\/brasilnoticias.org\/site\/"},{"@type":"ListItem","position":2,"name":"H\u00e1 30 anos, Raudinei entrava para a hist\u00f3ria do BaVi com gol no \u00faltimo minuto"}]},{"@type":"WebSite","@id":"https:\/\/brasilnoticias.org\/site\/#website","url":"https:\/\/brasilnoticias.org\/site\/","name":"Brasil not\u00edcias","description":"Brasil not\u00edcias","publisher":{"@id":"https:\/\/brasilnoticias.org\/site\/#organization"},"potentialAction":[{"@type":"SearchAction","target":{"@type":"EntryPoint","urlTemplate":"https:\/\/brasilnoticias.org\/site\/?s={search_term_string}"},"query-input":{"@type":"PropertyValueSpecification","valueRequired":true,"valueName":"search_term_string"}}],"inLanguage":"pt-PT"},{"@type":"Organization","@id":"https:\/\/brasilnoticias.org\/site\/#organization","name":"Brasil not\u00edcias","url":"https:\/\/brasilnoticias.org\/site\/","logo":{"@type":"ImageObject","inLanguage":"pt-PT","@id":"https:\/\/brasilnoticias.org\/site\/#\/schema\/logo\/image\/","url":"https:\/\/brasilnoticias.org\/site\/wp-content\/uploads\/2022\/05\/cropped-brasilnoticias-mini.jpg","contentUrl":"https:\/\/brasilnoticias.org\/site\/wp-content\/uploads\/2022\/05\/cropped-brasilnoticias-mini.jpg","width":314,"height":86,"caption":"Brasil not\u00edcias"},"image":{"@id":"https:\/\/brasilnoticias.org\/site\/#\/schema\/logo\/image\/"}},{"@type":"Person","@id":"https:\/\/brasilnoticias.org\/site\/#\/schema\/person\/03bbbfe6c7634ad18c26444ea39049fa","name":"Reda\u00e7\u00e3o","image":{"@type":"ImageObject","inLanguage":"pt-PT","@id":"https:\/\/brasilnoticias.org\/site\/#\/schema\/person\/image\/","url":"https:\/\/secure.gravatar.com\/avatar\/9ecaf7327a696cb23ad926fedded5f1f04d7049de9e445375d55b48c001a6e42?s=96&d=mm&r=g","contentUrl":"https:\/\/secure.gravatar.com\/avatar\/9ecaf7327a696cb23ad926fedded5f1f04d7049de9e445375d55b48c001a6e42?s=96&d=mm&r=g","caption":"Reda\u00e7\u00e3o"},"url":"https:\/\/brasilnoticias.org\/site\/author\/henrique\/"}]}},"_links":{"self":[{"href":"https:\/\/brasilnoticias.org\/site\/wp-json\/wp\/v2\/posts\/15396","targetHints":{"allow":["GET"]}}],"collection":[{"href":"https:\/\/brasilnoticias.org\/site\/wp-json\/wp\/v2\/posts"}],"about":[{"href":"https:\/\/brasilnoticias.org\/site\/wp-json\/wp\/v2\/types\/post"}],"author":[{"embeddable":true,"href":"https:\/\/brasilnoticias.org\/site\/wp-json\/wp\/v2\/users\/4"}],"replies":[{"embeddable":true,"href":"https:\/\/brasilnoticias.org\/site\/wp-json\/wp\/v2\/comments?post=15396"}],"version-history":[{"count":1,"href":"https:\/\/brasilnoticias.org\/site\/wp-json\/wp\/v2\/posts\/15396\/revisions"}],"predecessor-version":[{"id":15398,"href":"https:\/\/brasilnoticias.org\/site\/wp-json\/wp\/v2\/posts\/15396\/revisions\/15398"}],"wp:featuredmedia":[{"embeddable":true,"href":"https:\/\/brasilnoticias.org\/site\/wp-json\/wp\/v2\/media\/15397"}],"wp:attachment":[{"href":"https:\/\/brasilnoticias.org\/site\/wp-json\/wp\/v2\/media?parent=15396"}],"wp:term":[{"taxonomy":"category","embeddable":true,"href":"https:\/\/brasilnoticias.org\/site\/wp-json\/wp\/v2\/categories?post=15396"},{"taxonomy":"post_tag","embeddable":true,"href":"https:\/\/brasilnoticias.org\/site\/wp-json\/wp\/v2\/tags?post=15396"}],"curies":[{"name":"wp","href":"https:\/\/api.w.org\/{rel}","templated":true}]}}