{"id":15409,"date":"2024-08-08T17:23:53","date_gmt":"2024-08-08T20:23:53","guid":{"rendered":"https:\/\/brasilnoticias.org\/site\/?p=15409"},"modified":"2024-08-08T17:23:53","modified_gmt":"2024-08-08T20:23:53","slug":"presidente-licenciado-da-ugt-ba-participa-de-encontro-com-ministro-luiz-marinho-e-centrais-sindicais","status":"publish","type":"post","link":"https:\/\/brasilnoticias.org\/site\/presidente-licenciado-da-ugt-ba-participa-de-encontro-com-ministro-luiz-marinho-e-centrais-sindicais\/","title":{"rendered":"Presidente licenciado da UGT-BA participa de encontro com ministro Luiz Marinho e centrais sindicais"},"content":{"rendered":"<p>O presidente licenciado da UGT-BA, Marcelo Carvalho, participou na quarta-feira (7), no Clube 2004, em Arma\u00e7\u00e3o, de um almo\u00e7o com o ministro do Trabalho e Emprego, Luiz Marinho, e dirigentes das principais centrais sindicais do Estado. O evento contou com a presen\u00e7a do secret\u00e1rio de Qualifica\u00e7\u00e3o e Fomento \u00e0 Gera\u00e7\u00e3o de Emprego e Renda do Minist\u00e9rio do Trabalho e Emprego, Magno Lavigne.<\/p>\n<p>Segundo Marcelo Carvalho, o encontro discutiu temas atuais como pol\u00edticas p\u00fablicas para os trabalhadores, elei\u00e7\u00f5es 2024 e conjuntura nacional, gera\u00e7\u00e3o e oportunidades de emprego, trabalho decente e qualifica\u00e7\u00e3o profissional.   <\/p>\n<p>Durante o almo\u00e7o, em que tamb\u00e9m estiveram presentes a deputada federal Alice Portugal (PCdoB) e o secret\u00e1rio estadual Davidson Magalh\u00e3es, Marcelo disse que &#8220;a Bahia \u00e9 um exemplo de unidade das centrais sindicais&#8221;, diferente de outros estados, onde a disputa por quest\u00f5es pequenas e internas impera, e falou sobre a import\u00e2ncia do movimento sindical para a pol\u00edtica.<\/p>\n<p>&#8220;Na Bahia, o movimento sindical deu a vit\u00f3ria a Jaques Wagner, Rui Costa e Jer\u00f4nimo Rodrigues e tamb\u00e9m vai dar a vit\u00f3ria a Geraldo J\u00fanior. Porque n\u00f3s temos um caminho a seguir aqui, que \u00e9 a defesa de um governo progressista; temos um lado, o lado dos trabalhadores. Vamos lutar para afastar de vez o carlismo, lutar para que o pr\u00f3ximo governo de Salvador tenha algu\u00e9m que se identifique com o nosso povo, assim como lutar para eleger uma bancada de vereadores que possa representar os trabalhadores&#8221;.<\/p>\n","protected":false},"excerpt":{"rendered":"<p>O presidente licenciado da UGT-BA, Marcelo Carvalho, participou na quarta-feira (7), no Clube 2004, em Arma\u00e7\u00e3o, de um almo\u00e7o com<\/p>\n","protected":false},"author":4,"featured_media":15410,"comment_status":"open","ping_status":"open","sticky":false,"template":"","format":"standard","meta":{"colormag_page_container_layout":"default_layout","colormag_page_sidebar_layout":"default_layout","_FSMCFIC_featured_image_caption":"","_FSMCFIC_featured_image_nocaption":"","_FSMCFIC_featured_image_hide":"","footnotes":""},"categories":[5,1],"tags":[],"class_list":["post-15409","post","type-post","status-publish","format-standard","has-post-thumbnail","hentry","category-politica","category-ultimas"],"yoast_head":"<!-- This site is optimized with the Yoast SEO plugin v27.1.1 - https:\/\/yoast.com\/product\/yoast-seo-wordpress\/ -->\n<title>Presidente licenciado da UGT-BA participa de encontro com ministro Luiz Marinho e centrais sindicais - Brasil not\u00edcias<\/title>\n<meta name=\"robots\" content=\"index, follow, max-snippet:-1, max-image-preview:large, max-video-preview:-1\" \/>\n<link rel=\"canonical\" href=\"https:\/\/brasilnoticias.org\/site\/presidente-licenciado-da-ugt-ba-participa-de-encontro-com-ministro-luiz-marinho-e-centrais-sindicais\/\" \/>\n<meta property=\"og:locale\" content=\"pt_PT\" \/>\n<meta property=\"og:type\" content=\"article\" \/>\n<meta property=\"og:title\" content=\"Presidente licenciado da UGT-BA participa de encontro com ministro Luiz Marinho e centrais sindicais - Brasil not\u00edcias\" \/>\n<meta property=\"og:description\" content=\"O presidente licenciado da UGT-BA, Marcelo Carvalho, participou na quarta-feira (7), no Clube 2004, em Arma\u00e7\u00e3o, de um almo\u00e7o com\" \/>\n<meta property=\"og:url\" content=\"https:\/\/brasilnoticias.org\/site\/presidente-licenciado-da-ugt-ba-participa-de-encontro-com-ministro-luiz-marinho-e-centrais-sindicais\/\" \/>\n<meta property=\"og:site_name\" content=\"Brasil not\u00edcias\" \/>\n<meta property=\"article:published_time\" content=\"2024-08-08T20:23:53+00:00\" \/>\n<meta property=\"og:image\" content=\"https:\/\/brasilnoticias.org\/site\/wp-content\/uploads\/2024\/08\/IMAGEM_NOTICIA_0-9.jpg\" \/>\n\t<meta property=\"og:image:width\" content=\"850\" \/>\n\t<meta property=\"og:image:height\" content=\"400\" \/>\n\t<meta property=\"og:image:type\" content=\"image\/jpeg\" \/>\n<meta name=\"author\" content=\"Reda\u00e7\u00e3o\" \/>\n<meta name=\"twitter:card\" content=\"summary_large_image\" \/>\n<meta name=\"twitter:label1\" content=\"Escrito por\" \/>\n\t<meta name=\"twitter:data1\" content=\"Reda\u00e7\u00e3o\" \/>\n\t<meta name=\"twitter:label2\" content=\"Tempo estimado de leitura\" \/>\n\t<meta name=\"twitter:data2\" content=\"1 minuto\" \/>\n<script type=\"application\/ld+json\" class=\"yoast-schema-graph\">{\"@context\":\"https:\/\/schema.org\",\"@graph\":[{\"@type\":\"Article\",\"@id\":\"https:\/\/brasilnoticias.org\/site\/presidente-licenciado-da-ugt-ba-participa-de-encontro-com-ministro-luiz-marinho-e-centrais-sindicais\/#article\",\"isPartOf\":{\"@id\":\"https:\/\/brasilnoticias.org\/site\/presidente-licenciado-da-ugt-ba-participa-de-encontro-com-ministro-luiz-marinho-e-centrais-sindicais\/\"},\"author\":{\"name\":\"Reda\u00e7\u00e3o\",\"@id\":\"https:\/\/brasilnoticias.org\/site\/#\/schema\/person\/03bbbfe6c7634ad18c26444ea39049fa\"},\"headline\":\"Presidente licenciado da UGT-BA participa de encontro com ministro Luiz Marinho e centrais sindicais\",\"datePublished\":\"2024-08-08T20:23:53+00:00\",\"mainEntityOfPage\":{\"@id\":\"https:\/\/brasilnoticias.org\/site\/presidente-licenciado-da-ugt-ba-participa-de-encontro-com-ministro-luiz-marinho-e-centrais-sindicais\/\"},\"wordCount\":270,\"commentCount\":0,\"publisher\":{\"@id\":\"https:\/\/brasilnoticias.org\/site\/#organization\"},\"image\":{\"@id\":\"https:\/\/brasilnoticias.org\/site\/presidente-licenciado-da-ugt-ba-participa-de-encontro-com-ministro-luiz-marinho-e-centrais-sindicais\/#primaryimage\"},\"thumbnailUrl\":\"https:\/\/brasilnoticias.org\/site\/wp-content\/uploads\/2024\/08\/IMAGEM_NOTICIA_0-9.jpg\",\"articleSection\":[\"Pol\u00edtica\",\"\u00daltimas\"],\"inLanguage\":\"pt-PT\",\"potentialAction\":[{\"@type\":\"CommentAction\",\"name\":\"Comment\",\"target\":[\"https:\/\/brasilnoticias.org\/site\/presidente-licenciado-da-ugt-ba-participa-de-encontro-com-ministro-luiz-marinho-e-centrais-sindicais\/#respond\"]}]},{\"@type\":\"WebPage\",\"@id\":\"https:\/\/brasilnoticias.org\/site\/presidente-licenciado-da-ugt-ba-participa-de-encontro-com-ministro-luiz-marinho-e-centrais-sindicais\/\",\"url\":\"https:\/\/brasilnoticias.org\/site\/presidente-licenciado-da-ugt-ba-participa-de-encontro-com-ministro-luiz-marinho-e-centrais-sindicais\/\",\"name\":\"Presidente licenciado da UGT-BA participa de encontro com ministro Luiz Marinho e centrais sindicais - Brasil not\u00edcias\",\"isPartOf\":{\"@id\":\"https:\/\/brasilnoticias.org\/site\/#website\"},\"primaryImageOfPage\":{\"@id\":\"https:\/\/brasilnoticias.org\/site\/presidente-licenciado-da-ugt-ba-participa-de-encontro-com-ministro-luiz-marinho-e-centrais-sindicais\/#primaryimage\"},\"image\":{\"@id\":\"https:\/\/brasilnoticias.org\/site\/presidente-licenciado-da-ugt-ba-participa-de-encontro-com-ministro-luiz-marinho-e-centrais-sindicais\/#primaryimage\"},\"thumbnailUrl\":\"https:\/\/brasilnoticias.org\/site\/wp-content\/uploads\/2024\/08\/IMAGEM_NOTICIA_0-9.jpg\",\"datePublished\":\"2024-08-08T20:23:53+00:00\",\"breadcrumb\":{\"@id\":\"https:\/\/brasilnoticias.org\/site\/presidente-licenciado-da-ugt-ba-participa-de-encontro-com-ministro-luiz-marinho-e-centrais-sindicais\/#breadcrumb\"},\"inLanguage\":\"pt-PT\",\"potentialAction\":[{\"@type\":\"ReadAction\",\"target\":[\"https:\/\/brasilnoticias.org\/site\/presidente-licenciado-da-ugt-ba-participa-de-encontro-com-ministro-luiz-marinho-e-centrais-sindicais\/\"]}]},{\"@type\":\"ImageObject\",\"inLanguage\":\"pt-PT\",\"@id\":\"https:\/\/brasilnoticias.org\/site\/presidente-licenciado-da-ugt-ba-participa-de-encontro-com-ministro-luiz-marinho-e-centrais-sindicais\/#primaryimage\",\"url\":\"https:\/\/brasilnoticias.org\/site\/wp-content\/uploads\/2024\/08\/IMAGEM_NOTICIA_0-9.jpg\",\"contentUrl\":\"https:\/\/brasilnoticias.org\/site\/wp-content\/uploads\/2024\/08\/IMAGEM_NOTICIA_0-9.jpg\",\"width\":850,\"height\":400},{\"@type\":\"BreadcrumbList\",\"@id\":\"https:\/\/brasilnoticias.org\/site\/presidente-licenciado-da-ugt-ba-participa-de-encontro-com-ministro-luiz-marinho-e-centrais-sindicais\/#breadcrumb\",\"itemListElement\":[{\"@type\":\"ListItem\",\"position\":1,\"name\":\"In\u00edcio\",\"item\":\"https:\/\/brasilnoticias.org\/site\/\"},{\"@type\":\"ListItem\",\"position\":2,\"name\":\"Presidente licenciado da UGT-BA participa de encontro com ministro Luiz Marinho e centrais sindicais\"}]},{\"@type\":\"WebSite\",\"@id\":\"https:\/\/brasilnoticias.org\/site\/#website\",\"url\":\"https:\/\/brasilnoticias.org\/site\/\",\"name\":\"Brasil not\u00edcias\",\"description\":\"Brasil not\u00edcias\",\"publisher\":{\"@id\":\"https:\/\/brasilnoticias.org\/site\/#organization\"},\"potentialAction\":[{\"@type\":\"SearchAction\",\"target\":{\"@type\":\"EntryPoint\",\"urlTemplate\":\"https:\/\/brasilnoticias.org\/site\/?s={search_term_string}\"},\"query-input\":{\"@type\":\"PropertyValueSpecification\",\"valueRequired\":true,\"valueName\":\"search_term_string\"}}],\"inLanguage\":\"pt-PT\"},{\"@type\":\"Organization\",\"@id\":\"https:\/\/brasilnoticias.org\/site\/#organization\",\"name\":\"Brasil not\u00edcias\",\"url\":\"https:\/\/brasilnoticias.org\/site\/\",\"logo\":{\"@type\":\"ImageObject\",\"inLanguage\":\"pt-PT\",\"@id\":\"https:\/\/brasilnoticias.org\/site\/#\/schema\/logo\/image\/\",\"url\":\"https:\/\/brasilnoticias.org\/site\/wp-content\/uploads\/2022\/05\/cropped-brasilnoticias-mini.jpg\",\"contentUrl\":\"https:\/\/brasilnoticias.org\/site\/wp-content\/uploads\/2022\/05\/cropped-brasilnoticias-mini.jpg\",\"width\":314,\"height\":86,\"caption\":\"Brasil not\u00edcias\"},\"image\":{\"@id\":\"https:\/\/brasilnoticias.org\/site\/#\/schema\/logo\/image\/\"}},{\"@type\":\"Person\",\"@id\":\"https:\/\/brasilnoticias.org\/site\/#\/schema\/person\/03bbbfe6c7634ad18c26444ea39049fa\",\"name\":\"Reda\u00e7\u00e3o\",\"image\":{\"@type\":\"ImageObject\",\"inLanguage\":\"pt-PT\",\"@id\":\"https:\/\/brasilnoticias.org\/site\/#\/schema\/person\/image\/\",\"url\":\"https:\/\/secure.gravatar.com\/avatar\/9ecaf7327a696cb23ad926fedded5f1f04d7049de9e445375d55b48c001a6e42?s=96&d=mm&r=g\",\"contentUrl\":\"https:\/\/secure.gravatar.com\/avatar\/9ecaf7327a696cb23ad926fedded5f1f04d7049de9e445375d55b48c001a6e42?s=96&d=mm&r=g\",\"caption\":\"Reda\u00e7\u00e3o\"},\"url\":\"https:\/\/brasilnoticias.org\/site\/author\/henrique\/\"}]}<\/script>\n<!-- \/ Yoast SEO plugin. -->","yoast_head_json":{"title":"Presidente licenciado da UGT-BA participa de encontro com ministro Luiz Marinho e centrais sindicais - Brasil not\u00edcias","robots":{"index":"index","follow":"follow","max-snippet":"max-snippet:-1","max-image-preview":"max-image-preview:large","max-video-preview":"max-video-preview:-1"},"canonical":"https:\/\/brasilnoticias.org\/site\/presidente-licenciado-da-ugt-ba-participa-de-encontro-com-ministro-luiz-marinho-e-centrais-sindicais\/","og_locale":"pt_PT","og_type":"article","og_title":"Presidente licenciado da UGT-BA participa de encontro com ministro Luiz Marinho e centrais sindicais - Brasil not\u00edcias","og_description":"O presidente licenciado da UGT-BA, Marcelo Carvalho, participou na quarta-feira (7), no Clube 2004, em Arma\u00e7\u00e3o, de um almo\u00e7o com","og_url":"https:\/\/brasilnoticias.org\/site\/presidente-licenciado-da-ugt-ba-participa-de-encontro-com-ministro-luiz-marinho-e-centrais-sindicais\/","og_site_name":"Brasil not\u00edcias","article_published_time":"2024-08-08T20:23:53+00:00","og_image":[{"width":850,"height":400,"url":"https:\/\/brasilnoticias.org\/site\/wp-content\/uploads\/2024\/08\/IMAGEM_NOTICIA_0-9.jpg","type":"image\/jpeg"}],"author":"Reda\u00e7\u00e3o","twitter_card":"summary_large_image","twitter_misc":{"Escrito por":"Reda\u00e7\u00e3o","Tempo estimado de leitura":"1 minuto"},"schema":{"@context":"https:\/\/schema.org","@graph":[{"@type":"Article","@id":"https:\/\/brasilnoticias.org\/site\/presidente-licenciado-da-ugt-ba-participa-de-encontro-com-ministro-luiz-marinho-e-centrais-sindicais\/#article","isPartOf":{"@id":"https:\/\/brasilnoticias.org\/site\/presidente-licenciado-da-ugt-ba-participa-de-encontro-com-ministro-luiz-marinho-e-centrais-sindicais\/"},"author":{"name":"Reda\u00e7\u00e3o","@id":"https:\/\/brasilnoticias.org\/site\/#\/schema\/person\/03bbbfe6c7634ad18c26444ea39049fa"},"headline":"Presidente licenciado da UGT-BA participa de encontro com ministro Luiz Marinho e centrais sindicais","datePublished":"2024-08-08T20:23:53+00:00","mainEntityOfPage":{"@id":"https:\/\/brasilnoticias.org\/site\/presidente-licenciado-da-ugt-ba-participa-de-encontro-com-ministro-luiz-marinho-e-centrais-sindicais\/"},"wordCount":270,"commentCount":0,"publisher":{"@id":"https:\/\/brasilnoticias.org\/site\/#organization"},"image":{"@id":"https:\/\/brasilnoticias.org\/site\/presidente-licenciado-da-ugt-ba-participa-de-encontro-com-ministro-luiz-marinho-e-centrais-sindicais\/#primaryimage"},"thumbnailUrl":"https:\/\/brasilnoticias.org\/site\/wp-content\/uploads\/2024\/08\/IMAGEM_NOTICIA_0-9.jpg","articleSection":["Pol\u00edtica","\u00daltimas"],"inLanguage":"pt-PT","potentialAction":[{"@type":"CommentAction","name":"Comment","target":["https:\/\/brasilnoticias.org\/site\/presidente-licenciado-da-ugt-ba-participa-de-encontro-com-ministro-luiz-marinho-e-centrais-sindicais\/#respond"]}]},{"@type":"WebPage","@id":"https:\/\/brasilnoticias.org\/site\/presidente-licenciado-da-ugt-ba-participa-de-encontro-com-ministro-luiz-marinho-e-centrais-sindicais\/","url":"https:\/\/brasilnoticias.org\/site\/presidente-licenciado-da-ugt-ba-participa-de-encontro-com-ministro-luiz-marinho-e-centrais-sindicais\/","name":"Presidente licenciado da UGT-BA participa de encontro com ministro Luiz Marinho e centrais sindicais - Brasil not\u00edcias","isPartOf":{"@id":"https:\/\/brasilnoticias.org\/site\/#website"},"primaryImageOfPage":{"@id":"https:\/\/brasilnoticias.org\/site\/presidente-licenciado-da-ugt-ba-participa-de-encontro-com-ministro-luiz-marinho-e-centrais-sindicais\/#primaryimage"},"image":{"@id":"https:\/\/brasilnoticias.org\/site\/presidente-licenciado-da-ugt-ba-participa-de-encontro-com-ministro-luiz-marinho-e-centrais-sindicais\/#primaryimage"},"thumbnailUrl":"https:\/\/brasilnoticias.org\/site\/wp-content\/uploads\/2024\/08\/IMAGEM_NOTICIA_0-9.jpg","datePublished":"2024-08-08T20:23:53+00:00","breadcrumb":{"@id":"https:\/\/brasilnoticias.org\/site\/presidente-licenciado-da-ugt-ba-participa-de-encontro-com-ministro-luiz-marinho-e-centrais-sindicais\/#breadcrumb"},"inLanguage":"pt-PT","potentialAction":[{"@type":"ReadAction","target":["https:\/\/brasilnoticias.org\/site\/presidente-licenciado-da-ugt-ba-participa-de-encontro-com-ministro-luiz-marinho-e-centrais-sindicais\/"]}]},{"@type":"ImageObject","inLanguage":"pt-PT","@id":"https:\/\/brasilnoticias.org\/site\/presidente-licenciado-da-ugt-ba-participa-de-encontro-com-ministro-luiz-marinho-e-centrais-sindicais\/#primaryimage","url":"https:\/\/brasilnoticias.org\/site\/wp-content\/uploads\/2024\/08\/IMAGEM_NOTICIA_0-9.jpg","contentUrl":"https:\/\/brasilnoticias.org\/site\/wp-content\/uploads\/2024\/08\/IMAGEM_NOTICIA_0-9.jpg","width":850,"height":400},{"@type":"BreadcrumbList","@id":"https:\/\/brasilnoticias.org\/site\/presidente-licenciado-da-ugt-ba-participa-de-encontro-com-ministro-luiz-marinho-e-centrais-sindicais\/#breadcrumb","itemListElement":[{"@type":"ListItem","position":1,"name":"In\u00edcio","item":"https:\/\/brasilnoticias.org\/site\/"},{"@type":"ListItem","position":2,"name":"Presidente licenciado da UGT-BA participa de encontro com ministro Luiz Marinho e centrais sindicais"}]},{"@type":"WebSite","@id":"https:\/\/brasilnoticias.org\/site\/#website","url":"https:\/\/brasilnoticias.org\/site\/","name":"Brasil not\u00edcias","description":"Brasil not\u00edcias","publisher":{"@id":"https:\/\/brasilnoticias.org\/site\/#organization"},"potentialAction":[{"@type":"SearchAction","target":{"@type":"EntryPoint","urlTemplate":"https:\/\/brasilnoticias.org\/site\/?s={search_term_string}"},"query-input":{"@type":"PropertyValueSpecification","valueRequired":true,"valueName":"search_term_string"}}],"inLanguage":"pt-PT"},{"@type":"Organization","@id":"https:\/\/brasilnoticias.org\/site\/#organization","name":"Brasil not\u00edcias","url":"https:\/\/brasilnoticias.org\/site\/","logo":{"@type":"ImageObject","inLanguage":"pt-PT","@id":"https:\/\/brasilnoticias.org\/site\/#\/schema\/logo\/image\/","url":"https:\/\/brasilnoticias.org\/site\/wp-content\/uploads\/2022\/05\/cropped-brasilnoticias-mini.jpg","contentUrl":"https:\/\/brasilnoticias.org\/site\/wp-content\/uploads\/2022\/05\/cropped-brasilnoticias-mini.jpg","width":314,"height":86,"caption":"Brasil not\u00edcias"},"image":{"@id":"https:\/\/brasilnoticias.org\/site\/#\/schema\/logo\/image\/"}},{"@type":"Person","@id":"https:\/\/brasilnoticias.org\/site\/#\/schema\/person\/03bbbfe6c7634ad18c26444ea39049fa","name":"Reda\u00e7\u00e3o","image":{"@type":"ImageObject","inLanguage":"pt-PT","@id":"https:\/\/brasilnoticias.org\/site\/#\/schema\/person\/image\/","url":"https:\/\/secure.gravatar.com\/avatar\/9ecaf7327a696cb23ad926fedded5f1f04d7049de9e445375d55b48c001a6e42?s=96&d=mm&r=g","contentUrl":"https:\/\/secure.gravatar.com\/avatar\/9ecaf7327a696cb23ad926fedded5f1f04d7049de9e445375d55b48c001a6e42?s=96&d=mm&r=g","caption":"Reda\u00e7\u00e3o"},"url":"https:\/\/brasilnoticias.org\/site\/author\/henrique\/"}]}},"_links":{"self":[{"href":"https:\/\/brasilnoticias.org\/site\/wp-json\/wp\/v2\/posts\/15409","targetHints":{"allow":["GET"]}}],"collection":[{"href":"https:\/\/brasilnoticias.org\/site\/wp-json\/wp\/v2\/posts"}],"about":[{"href":"https:\/\/brasilnoticias.org\/site\/wp-json\/wp\/v2\/types\/post"}],"author":[{"embeddable":true,"href":"https:\/\/brasilnoticias.org\/site\/wp-json\/wp\/v2\/users\/4"}],"replies":[{"embeddable":true,"href":"https:\/\/brasilnoticias.org\/site\/wp-json\/wp\/v2\/comments?post=15409"}],"version-history":[{"count":1,"href":"https:\/\/brasilnoticias.org\/site\/wp-json\/wp\/v2\/posts\/15409\/revisions"}],"predecessor-version":[{"id":15411,"href":"https:\/\/brasilnoticias.org\/site\/wp-json\/wp\/v2\/posts\/15409\/revisions\/15411"}],"wp:featuredmedia":[{"embeddable":true,"href":"https:\/\/brasilnoticias.org\/site\/wp-json\/wp\/v2\/media\/15410"}],"wp:attachment":[{"href":"https:\/\/brasilnoticias.org\/site\/wp-json\/wp\/v2\/media?parent=15409"}],"wp:term":[{"taxonomy":"category","embeddable":true,"href":"https:\/\/brasilnoticias.org\/site\/wp-json\/wp\/v2\/categories?post=15409"},{"taxonomy":"post_tag","embeddable":true,"href":"https:\/\/brasilnoticias.org\/site\/wp-json\/wp\/v2\/tags?post=15409"}],"curies":[{"name":"wp","href":"https:\/\/api.w.org\/{rel}","templated":true}]}}