{"id":15455,"date":"2024-08-12T12:52:54","date_gmt":"2024-08-12T15:52:54","guid":{"rendered":"https:\/\/brasilnoticias.org\/site\/?p=15455"},"modified":"2024-08-12T12:52:54","modified_gmt":"2024-08-12T15:52:54","slug":"pelo-brasileirao-bahia-bate-o-vitoria-na-fonte-nova-no-ultimo-classico-ba-vi-do-ano","status":"publish","type":"post","link":"https:\/\/brasilnoticias.org\/site\/pelo-brasileirao-bahia-bate-o-vitoria-na-fonte-nova-no-ultimo-classico-ba-vi-do-ano\/","title":{"rendered":"Pelo Brasileir\u00e3o, Bahia bate o Vit\u00f3ria na Fonte Nova no \u00faltimo cl\u00e1ssico Ba-Vi do ano"},"content":{"rendered":"<p>Nos seis Ba-Vis em 2024, Tricolor e Le\u00e3o venceram duas vezes cada um e empataram os outros dois<\/p>\n<p>O Bahia venceu o \u00faltimo cl\u00e1ssico Ba-Vi da temporada de 2024. Na tarde deste domingo de Dia dos Pais (11), o Tricolor bateu o arquirrival Vit\u00f3ria por 2 a 0, na Arena Fonte Nova, pela 22\u00aa rodada do Brasileir\u00e3o. Os gols que definiram a partida foram marcados por Everton Ribeiro, no primeiro tempo, e por Juba, nos acr\u00e9scimos da etapa final.<\/p>\n<p>Com o resultado, o Esquadr\u00e3o de A\u00e7o encerrou o jejum de cinco jogos na liga nacional e segue no s\u00e9timo lugar com 35 pontos na tabela de classifica\u00e7\u00e3o, um a menos do que o Cruzeiro que \u00e9 o sexto. Fora da zona de rebaixamento, o Le\u00e3o \u00e9 o 15\u00ba com 21, mesma pontua\u00e7\u00e3o do Corinthians que abre o calabou\u00e7o da S\u00e9rie B em 17\u00ba, por causa do n\u00famero de vit\u00f3rias.<\/p>\n<p>O Bahia volta ao gramado no pr\u00f3ximo s\u00e1bado (17), \u00e0s 18h30, para enfrentar o Gr\u00eamio, no Alfredo Jaconi, pela 23\u00aa rodada. Enquanto o Vit\u00f3ria joga na segunda-feira (19), \u00e0s 20h, contra o Cruzeiro, no Barrad\u00e3o.<\/p>\n<p>Primeiro tempo<\/p>\n<p>O jogo come\u00e7ou com as duas equipes se estudando, mas o Tricolor impondo o seu estilo de jogo dominando mais a bola e trocando muitos passes. No entanto, a primeira iniciativa foi do Le\u00e3o no chute fraco de Alerrandro com um minuto de bola rolando.<\/p>\n<p>Everton Ribeiro abre o placar para o Tricolor<br \/>\nO Bahia abriu o placar com Everton Ribeiro aos 14 minutos. Jogada pelo meio, Thaciano tocou para o camisa 10 na entrada da \u00e1rea que bateu com o p\u00e9 esquerdo para o gol, a bola desviou em Wagner Leonardo e encobriu Lucas Arcanjo. Bahia 1&#215;0 Vit\u00f3ria<\/p>\n<p>Logo ap\u00f3s o gol, o Bahia acionou o protocolo de concuss\u00e3o e trocou Everton Ribeiro por Biel. Com isso, a substitui\u00e7\u00e3o n\u00e3o foi contabilizada e o t\u00e9cnico Rog\u00e9rio Ceni ainda poder\u00e1 fazer cinco modifica\u00e7\u00f5es no time ao longo da partida. Aos oito minutos, o camisa 10 havia levado a pior numa dividida com Ricardo Ryller e na queda acabou batendo a cabe\u00e7a no joelho de um outro jogador do Le\u00e3o. Apesar de ter seguido em campo, ele se sentiu bem e j\u00e1 com um incha\u00e7o no local da pancada. O jogo seguiu com o Tricolor tendo mais dom\u00ednio e o controle das principais a\u00e7\u00f5es, mas sem conseguir finalizar com perigo por n\u00e3o passar da marca\u00e7\u00e3o do Le\u00e3o no \u00faltimo passe.<\/p>\n<p>Segundo tempo<\/p>\n<p>Apesar de ter a vantagem no placar, o Bahia voltou dos vesti\u00e1rios com uma modifica\u00e7\u00e3o. Thaciano deu lugar ao meia De Pena. Enquanto o Vit\u00f3ria manteve a forma\u00e7\u00e3o da etapa inicial. O Tricolor criou logo uma grande chance na boa jogada de Cauly, que passou por Wagner Leonardo, mas finalizou para fora. Aos sete minutos, Thiago Carpini foi expulso logo ap\u00f3s receber o amarelo por reclama\u00e7\u00e3o de um suposto toque na m\u00e3o de Arias.<\/p>\n<p>A partir da\u00ed, o Le\u00e3o passou a tomar conta do jogo e quase empatou em tr\u00eas oportunidades. A primeiro foi aos nove no chute de Janderson que obrigou Marcos Felipe faz grande defesa. A segundo foi aos 20 na finaliza\u00e7\u00e3o de Carlos Eduardo para outra boa interven\u00e7\u00e3o do arqueiro do Tricolor. A terceira, Z\u00e9 Hugo parou na trave ao tocar na sa\u00edda de Marcos Felipe. Aos 34 minutos, Ryller sentiu uma les\u00e3o e o Vit\u00f3ria ganhou uma substitui\u00e7\u00e3o a mais por conta da altera\u00e7\u00e3o de Everton Ribeiro como compensa\u00e7\u00e3o, colocando Jean Mota em campo. O Bahia teve uma boa chance aos 41 num contra-ataque r\u00e1pido em que Cauly disparou e tocou com Lucho Rodr\u00edguez. Marcado por dois, o uruguaio ia entrando na \u00e1rea, mas recebeu a falta de Willian de Oliveira. Na cobran\u00e7a, Juba bateu colocado e a bola passou perto do \u00e2ngulo esquerdo de Lucas Arcanjo.<\/p>\n<p>Juba marca o segundo do Tricolor<br \/>\nO Bahia chegou ao segundo gol com Luciano Juba aos 51 minutos. Bela jogada de Rafael Rat\u00e3o pela direita que cruzou e o lateral estufou as redes. Bahia 2&#215;0 Vit\u00f3ria<\/p>\n<p>FICHA T\u00c9CNICA<br \/>\nBahia 2&#215;0 Vit\u00f3ria<br \/>\nCampeonato Brasileiro &#8211; 22\u00aa rodada<br \/>\nLocal: Arena Fonte Nova, em Salvador (BA)<br \/>\nData: 11\/08\/2024 (domingo)<br \/>\nHor\u00e1rio: 16h<br \/>\n\u00c1rbitro: Br\u00e1ulio da Silva Machado (SC)<br \/>\nAssistentes: Alex Ang Ribeiro (SP) e Thiaggo Americano Labes (SC)<br \/>\nVAR: Igor Junio Benevenuto (MG)<br \/>\nCart\u00e3o amarelo: Kanu, Caio Alexandre, Yago Felipe (Bahia) \/ Lucas Esteves, Alerrandro, Thiago Carpini, Pablo, Willian Oliveira (Vit\u00f3ria)<\/p>\n<p>Cart\u00e3o vermelho: Thiago Carpini (Vit\u00f3ria)<\/p>\n<p>Gols: Everton Ribeiro, Juba (Bahia)<\/p>\n<p>Bahia: Marcos Felipe; Santi Arias, Gabriel Xavier, Kanu e Juba; Caio Alexandre (Iago Borduchi), Jean Lucas, Everton Ribeiro (Biel) (Yago Felipe) e Cauly (Rafael Rat\u00e3o); Thaciano (De Pena) e Everaldo (Lucho Rodr\u00edguez). T\u00e9cnico: Rog\u00e9rio Ceni.<\/p>\n<p>Vit\u00f3ria: Lucas Arcanjo; Willean Lepo, Neris, Wagner Leonardo e Lucas Esteves; Luan Santos (Willian Oliveira), Ricardo Ryller (Jean Mota) e Machado (Pablo); Osvaldo (Z\u00e9 Hugo), Janderson (Carlos Eduardo) e Alerrandro (Lawan). T\u00e9cnico: Thiago Carpini.<\/p>\n<p><strong>Foto: Foto: Let\u00edcia Martins \/ EC Bahia<br \/>\nPor: Leandro Arag\u00e3o<\/strong><\/p>\n","protected":false},"excerpt":{"rendered":"<p>Nos seis Ba-Vis em 2024, Tricolor e Le\u00e3o venceram duas vezes cada um e empataram os outros dois O Bahia<\/p>\n","protected":false},"author":4,"featured_media":15456,"comment_status":"open","ping_status":"open","sticky":false,"template":"","format":"standard","meta":{"colormag_page_container_layout":"default_layout","colormag_page_sidebar_layout":"default_layout","_FSMCFIC_featured_image_caption":"","_FSMCFIC_featured_image_nocaption":"","_FSMCFIC_featured_image_hide":"","footnotes":""},"categories":[4,1],"tags":[],"class_list":["post-15455","post","type-post","status-publish","format-standard","has-post-thumbnail","hentry","category-esporte","category-ultimas"],"yoast_head":"<!-- This site is optimized with the Yoast SEO plugin v27.1.1 - https:\/\/yoast.com\/product\/yoast-seo-wordpress\/ -->\n<title>Pelo Brasileir\u00e3o, Bahia bate o Vit\u00f3ria na Fonte Nova no \u00faltimo cl\u00e1ssico Ba-Vi do ano - Brasil not\u00edcias<\/title>\n<meta name=\"robots\" content=\"index, follow, max-snippet:-1, max-image-preview:large, max-video-preview:-1\" \/>\n<link rel=\"canonical\" href=\"https:\/\/brasilnoticias.org\/site\/pelo-brasileirao-bahia-bate-o-vitoria-na-fonte-nova-no-ultimo-classico-ba-vi-do-ano\/\" \/>\n<meta property=\"og:locale\" content=\"pt_PT\" \/>\n<meta property=\"og:type\" content=\"article\" \/>\n<meta property=\"og:title\" content=\"Pelo Brasileir\u00e3o, Bahia bate o Vit\u00f3ria na Fonte Nova no \u00faltimo cl\u00e1ssico Ba-Vi do ano - Brasil not\u00edcias\" \/>\n<meta property=\"og:description\" content=\"Nos seis Ba-Vis em 2024, Tricolor e Le\u00e3o venceram duas vezes cada um e empataram os outros dois O Bahia\" \/>\n<meta property=\"og:url\" content=\"https:\/\/brasilnoticias.org\/site\/pelo-brasileirao-bahia-bate-o-vitoria-na-fonte-nova-no-ultimo-classico-ba-vi-do-ano\/\" \/>\n<meta property=\"og:site_name\" content=\"Brasil not\u00edcias\" \/>\n<meta property=\"article:published_time\" content=\"2024-08-12T15:52:54+00:00\" \/>\n<meta property=\"og:image\" content=\"https:\/\/brasilnoticias.org\/site\/wp-content\/uploads\/2024\/08\/153935pelo-brasileirao-bahia-bate-o-vitoria-na-fonte-nova-no-ultimo-classico-ba-vi-do-ano-3.jpg\" \/>\n\t<meta property=\"og:image:width\" content=\"1600\" \/>\n\t<meta property=\"og:image:height\" content=\"752\" \/>\n\t<meta property=\"og:image:type\" content=\"image\/jpeg\" \/>\n<meta name=\"author\" content=\"Reda\u00e7\u00e3o\" \/>\n<meta name=\"twitter:card\" content=\"summary_large_image\" \/>\n<meta name=\"twitter:label1\" content=\"Escrito por\" \/>\n\t<meta name=\"twitter:data1\" content=\"Reda\u00e7\u00e3o\" \/>\n<script type=\"application\/ld+json\" class=\"yoast-schema-graph\">{\"@context\":\"https:\/\/schema.org\",\"@graph\":[{\"@type\":\"Article\",\"@id\":\"https:\/\/brasilnoticias.org\/site\/pelo-brasileirao-bahia-bate-o-vitoria-na-fonte-nova-no-ultimo-classico-ba-vi-do-ano\/#article\",\"isPartOf\":{\"@id\":\"https:\/\/brasilnoticias.org\/site\/pelo-brasileirao-bahia-bate-o-vitoria-na-fonte-nova-no-ultimo-classico-ba-vi-do-ano\/\"},\"author\":{\"name\":\"Reda\u00e7\u00e3o\",\"@id\":\"https:\/\/brasilnoticias.org\/site\/#\/schema\/person\/03bbbfe6c7634ad18c26444ea39049fa\"},\"headline\":\"Pelo Brasileir\u00e3o, Bahia bate o Vit\u00f3ria na Fonte Nova no \u00faltimo cl\u00e1ssico Ba-Vi do ano\",\"datePublished\":\"2024-08-12T15:52:54+00:00\",\"mainEntityOfPage\":{\"@id\":\"https:\/\/brasilnoticias.org\/site\/pelo-brasileirao-bahia-bate-o-vitoria-na-fonte-nova-no-ultimo-classico-ba-vi-do-ano\/\"},\"wordCount\":882,\"commentCount\":0,\"publisher\":{\"@id\":\"https:\/\/brasilnoticias.org\/site\/#organization\"},\"image\":{\"@id\":\"https:\/\/brasilnoticias.org\/site\/pelo-brasileirao-bahia-bate-o-vitoria-na-fonte-nova-no-ultimo-classico-ba-vi-do-ano\/#primaryimage\"},\"thumbnailUrl\":\"https:\/\/brasilnoticias.org\/site\/wp-content\/uploads\/2024\/08\/153935pelo-brasileirao-bahia-bate-o-vitoria-na-fonte-nova-no-ultimo-classico-ba-vi-do-ano-3.jpg\",\"articleSection\":[\"Esporte\",\"\u00daltimas\"],\"inLanguage\":\"pt-PT\",\"potentialAction\":[{\"@type\":\"CommentAction\",\"name\":\"Comment\",\"target\":[\"https:\/\/brasilnoticias.org\/site\/pelo-brasileirao-bahia-bate-o-vitoria-na-fonte-nova-no-ultimo-classico-ba-vi-do-ano\/#respond\"]}]},{\"@type\":\"WebPage\",\"@id\":\"https:\/\/brasilnoticias.org\/site\/pelo-brasileirao-bahia-bate-o-vitoria-na-fonte-nova-no-ultimo-classico-ba-vi-do-ano\/\",\"url\":\"https:\/\/brasilnoticias.org\/site\/pelo-brasileirao-bahia-bate-o-vitoria-na-fonte-nova-no-ultimo-classico-ba-vi-do-ano\/\",\"name\":\"Pelo Brasileir\u00e3o, Bahia bate o Vit\u00f3ria na Fonte Nova no \u00faltimo cl\u00e1ssico Ba-Vi do ano - Brasil not\u00edcias\",\"isPartOf\":{\"@id\":\"https:\/\/brasilnoticias.org\/site\/#website\"},\"primaryImageOfPage\":{\"@id\":\"https:\/\/brasilnoticias.org\/site\/pelo-brasileirao-bahia-bate-o-vitoria-na-fonte-nova-no-ultimo-classico-ba-vi-do-ano\/#primaryimage\"},\"image\":{\"@id\":\"https:\/\/brasilnoticias.org\/site\/pelo-brasileirao-bahia-bate-o-vitoria-na-fonte-nova-no-ultimo-classico-ba-vi-do-ano\/#primaryimage\"},\"thumbnailUrl\":\"https:\/\/brasilnoticias.org\/site\/wp-content\/uploads\/2024\/08\/153935pelo-brasileirao-bahia-bate-o-vitoria-na-fonte-nova-no-ultimo-classico-ba-vi-do-ano-3.jpg\",\"datePublished\":\"2024-08-12T15:52:54+00:00\",\"breadcrumb\":{\"@id\":\"https:\/\/brasilnoticias.org\/site\/pelo-brasileirao-bahia-bate-o-vitoria-na-fonte-nova-no-ultimo-classico-ba-vi-do-ano\/#breadcrumb\"},\"inLanguage\":\"pt-PT\",\"potentialAction\":[{\"@type\":\"ReadAction\",\"target\":[\"https:\/\/brasilnoticias.org\/site\/pelo-brasileirao-bahia-bate-o-vitoria-na-fonte-nova-no-ultimo-classico-ba-vi-do-ano\/\"]}]},{\"@type\":\"ImageObject\",\"inLanguage\":\"pt-PT\",\"@id\":\"https:\/\/brasilnoticias.org\/site\/pelo-brasileirao-bahia-bate-o-vitoria-na-fonte-nova-no-ultimo-classico-ba-vi-do-ano\/#primaryimage\",\"url\":\"https:\/\/brasilnoticias.org\/site\/wp-content\/uploads\/2024\/08\/153935pelo-brasileirao-bahia-bate-o-vitoria-na-fonte-nova-no-ultimo-classico-ba-vi-do-ano-3.jpg\",\"contentUrl\":\"https:\/\/brasilnoticias.org\/site\/wp-content\/uploads\/2024\/08\/153935pelo-brasileirao-bahia-bate-o-vitoria-na-fonte-nova-no-ultimo-classico-ba-vi-do-ano-3.jpg\",\"width\":1600,\"height\":752},{\"@type\":\"BreadcrumbList\",\"@id\":\"https:\/\/brasilnoticias.org\/site\/pelo-brasileirao-bahia-bate-o-vitoria-na-fonte-nova-no-ultimo-classico-ba-vi-do-ano\/#breadcrumb\",\"itemListElement\":[{\"@type\":\"ListItem\",\"position\":1,\"name\":\"In\u00edcio\",\"item\":\"https:\/\/brasilnoticias.org\/site\/\"},{\"@type\":\"ListItem\",\"position\":2,\"name\":\"Pelo Brasileir\u00e3o, Bahia bate o Vit\u00f3ria na Fonte Nova no \u00faltimo cl\u00e1ssico Ba-Vi do ano\"}]},{\"@type\":\"WebSite\",\"@id\":\"https:\/\/brasilnoticias.org\/site\/#website\",\"url\":\"https:\/\/brasilnoticias.org\/site\/\",\"name\":\"Brasil not\u00edcias\",\"description\":\"Brasil not\u00edcias\",\"publisher\":{\"@id\":\"https:\/\/brasilnoticias.org\/site\/#organization\"},\"potentialAction\":[{\"@type\":\"SearchAction\",\"target\":{\"@type\":\"EntryPoint\",\"urlTemplate\":\"https:\/\/brasilnoticias.org\/site\/?s={search_term_string}\"},\"query-input\":{\"@type\":\"PropertyValueSpecification\",\"valueRequired\":true,\"valueName\":\"search_term_string\"}}],\"inLanguage\":\"pt-PT\"},{\"@type\":\"Organization\",\"@id\":\"https:\/\/brasilnoticias.org\/site\/#organization\",\"name\":\"Brasil not\u00edcias\",\"url\":\"https:\/\/brasilnoticias.org\/site\/\",\"logo\":{\"@type\":\"ImageObject\",\"inLanguage\":\"pt-PT\",\"@id\":\"https:\/\/brasilnoticias.org\/site\/#\/schema\/logo\/image\/\",\"url\":\"https:\/\/brasilnoticias.org\/site\/wp-content\/uploads\/2022\/05\/cropped-brasilnoticias-mini.jpg\",\"contentUrl\":\"https:\/\/brasilnoticias.org\/site\/wp-content\/uploads\/2022\/05\/cropped-brasilnoticias-mini.jpg\",\"width\":314,\"height\":86,\"caption\":\"Brasil not\u00edcias\"},\"image\":{\"@id\":\"https:\/\/brasilnoticias.org\/site\/#\/schema\/logo\/image\/\"}},{\"@type\":\"Person\",\"@id\":\"https:\/\/brasilnoticias.org\/site\/#\/schema\/person\/03bbbfe6c7634ad18c26444ea39049fa\",\"name\":\"Reda\u00e7\u00e3o\",\"image\":{\"@type\":\"ImageObject\",\"inLanguage\":\"pt-PT\",\"@id\":\"https:\/\/brasilnoticias.org\/site\/#\/schema\/person\/image\/\",\"url\":\"https:\/\/secure.gravatar.com\/avatar\/9ecaf7327a696cb23ad926fedded5f1f04d7049de9e445375d55b48c001a6e42?s=96&d=mm&r=g\",\"contentUrl\":\"https:\/\/secure.gravatar.com\/avatar\/9ecaf7327a696cb23ad926fedded5f1f04d7049de9e445375d55b48c001a6e42?s=96&d=mm&r=g\",\"caption\":\"Reda\u00e7\u00e3o\"},\"url\":\"https:\/\/brasilnoticias.org\/site\/author\/henrique\/\"}]}<\/script>\n<!-- \/ Yoast SEO plugin. -->","yoast_head_json":{"title":"Pelo Brasileir\u00e3o, Bahia bate o Vit\u00f3ria na Fonte Nova no \u00faltimo cl\u00e1ssico Ba-Vi do ano - Brasil not\u00edcias","robots":{"index":"index","follow":"follow","max-snippet":"max-snippet:-1","max-image-preview":"max-image-preview:large","max-video-preview":"max-video-preview:-1"},"canonical":"https:\/\/brasilnoticias.org\/site\/pelo-brasileirao-bahia-bate-o-vitoria-na-fonte-nova-no-ultimo-classico-ba-vi-do-ano\/","og_locale":"pt_PT","og_type":"article","og_title":"Pelo Brasileir\u00e3o, Bahia bate o Vit\u00f3ria na Fonte Nova no \u00faltimo cl\u00e1ssico Ba-Vi do ano - Brasil not\u00edcias","og_description":"Nos seis Ba-Vis em 2024, Tricolor e Le\u00e3o venceram duas vezes cada um e empataram os outros dois O Bahia","og_url":"https:\/\/brasilnoticias.org\/site\/pelo-brasileirao-bahia-bate-o-vitoria-na-fonte-nova-no-ultimo-classico-ba-vi-do-ano\/","og_site_name":"Brasil not\u00edcias","article_published_time":"2024-08-12T15:52:54+00:00","og_image":[{"width":1600,"height":752,"url":"https:\/\/brasilnoticias.org\/site\/wp-content\/uploads\/2024\/08\/153935pelo-brasileirao-bahia-bate-o-vitoria-na-fonte-nova-no-ultimo-classico-ba-vi-do-ano-3.jpg","type":"image\/jpeg"}],"author":"Reda\u00e7\u00e3o","twitter_card":"summary_large_image","twitter_misc":{"Escrito por":"Reda\u00e7\u00e3o"},"schema":{"@context":"https:\/\/schema.org","@graph":[{"@type":"Article","@id":"https:\/\/brasilnoticias.org\/site\/pelo-brasileirao-bahia-bate-o-vitoria-na-fonte-nova-no-ultimo-classico-ba-vi-do-ano\/#article","isPartOf":{"@id":"https:\/\/brasilnoticias.org\/site\/pelo-brasileirao-bahia-bate-o-vitoria-na-fonte-nova-no-ultimo-classico-ba-vi-do-ano\/"},"author":{"name":"Reda\u00e7\u00e3o","@id":"https:\/\/brasilnoticias.org\/site\/#\/schema\/person\/03bbbfe6c7634ad18c26444ea39049fa"},"headline":"Pelo Brasileir\u00e3o, Bahia bate o Vit\u00f3ria na Fonte Nova no \u00faltimo cl\u00e1ssico Ba-Vi do ano","datePublished":"2024-08-12T15:52:54+00:00","mainEntityOfPage":{"@id":"https:\/\/brasilnoticias.org\/site\/pelo-brasileirao-bahia-bate-o-vitoria-na-fonte-nova-no-ultimo-classico-ba-vi-do-ano\/"},"wordCount":882,"commentCount":0,"publisher":{"@id":"https:\/\/brasilnoticias.org\/site\/#organization"},"image":{"@id":"https:\/\/brasilnoticias.org\/site\/pelo-brasileirao-bahia-bate-o-vitoria-na-fonte-nova-no-ultimo-classico-ba-vi-do-ano\/#primaryimage"},"thumbnailUrl":"https:\/\/brasilnoticias.org\/site\/wp-content\/uploads\/2024\/08\/153935pelo-brasileirao-bahia-bate-o-vitoria-na-fonte-nova-no-ultimo-classico-ba-vi-do-ano-3.jpg","articleSection":["Esporte","\u00daltimas"],"inLanguage":"pt-PT","potentialAction":[{"@type":"CommentAction","name":"Comment","target":["https:\/\/brasilnoticias.org\/site\/pelo-brasileirao-bahia-bate-o-vitoria-na-fonte-nova-no-ultimo-classico-ba-vi-do-ano\/#respond"]}]},{"@type":"WebPage","@id":"https:\/\/brasilnoticias.org\/site\/pelo-brasileirao-bahia-bate-o-vitoria-na-fonte-nova-no-ultimo-classico-ba-vi-do-ano\/","url":"https:\/\/brasilnoticias.org\/site\/pelo-brasileirao-bahia-bate-o-vitoria-na-fonte-nova-no-ultimo-classico-ba-vi-do-ano\/","name":"Pelo Brasileir\u00e3o, Bahia bate o Vit\u00f3ria na Fonte Nova no \u00faltimo cl\u00e1ssico Ba-Vi do ano - Brasil not\u00edcias","isPartOf":{"@id":"https:\/\/brasilnoticias.org\/site\/#website"},"primaryImageOfPage":{"@id":"https:\/\/brasilnoticias.org\/site\/pelo-brasileirao-bahia-bate-o-vitoria-na-fonte-nova-no-ultimo-classico-ba-vi-do-ano\/#primaryimage"},"image":{"@id":"https:\/\/brasilnoticias.org\/site\/pelo-brasileirao-bahia-bate-o-vitoria-na-fonte-nova-no-ultimo-classico-ba-vi-do-ano\/#primaryimage"},"thumbnailUrl":"https:\/\/brasilnoticias.org\/site\/wp-content\/uploads\/2024\/08\/153935pelo-brasileirao-bahia-bate-o-vitoria-na-fonte-nova-no-ultimo-classico-ba-vi-do-ano-3.jpg","datePublished":"2024-08-12T15:52:54+00:00","breadcrumb":{"@id":"https:\/\/brasilnoticias.org\/site\/pelo-brasileirao-bahia-bate-o-vitoria-na-fonte-nova-no-ultimo-classico-ba-vi-do-ano\/#breadcrumb"},"inLanguage":"pt-PT","potentialAction":[{"@type":"ReadAction","target":["https:\/\/brasilnoticias.org\/site\/pelo-brasileirao-bahia-bate-o-vitoria-na-fonte-nova-no-ultimo-classico-ba-vi-do-ano\/"]}]},{"@type":"ImageObject","inLanguage":"pt-PT","@id":"https:\/\/brasilnoticias.org\/site\/pelo-brasileirao-bahia-bate-o-vitoria-na-fonte-nova-no-ultimo-classico-ba-vi-do-ano\/#primaryimage","url":"https:\/\/brasilnoticias.org\/site\/wp-content\/uploads\/2024\/08\/153935pelo-brasileirao-bahia-bate-o-vitoria-na-fonte-nova-no-ultimo-classico-ba-vi-do-ano-3.jpg","contentUrl":"https:\/\/brasilnoticias.org\/site\/wp-content\/uploads\/2024\/08\/153935pelo-brasileirao-bahia-bate-o-vitoria-na-fonte-nova-no-ultimo-classico-ba-vi-do-ano-3.jpg","width":1600,"height":752},{"@type":"BreadcrumbList","@id":"https:\/\/brasilnoticias.org\/site\/pelo-brasileirao-bahia-bate-o-vitoria-na-fonte-nova-no-ultimo-classico-ba-vi-do-ano\/#breadcrumb","itemListElement":[{"@type":"ListItem","position":1,"name":"In\u00edcio","item":"https:\/\/brasilnoticias.org\/site\/"},{"@type":"ListItem","position":2,"name":"Pelo Brasileir\u00e3o, Bahia bate o Vit\u00f3ria na Fonte Nova no \u00faltimo cl\u00e1ssico Ba-Vi do ano"}]},{"@type":"WebSite","@id":"https:\/\/brasilnoticias.org\/site\/#website","url":"https:\/\/brasilnoticias.org\/site\/","name":"Brasil not\u00edcias","description":"Brasil not\u00edcias","publisher":{"@id":"https:\/\/brasilnoticias.org\/site\/#organization"},"potentialAction":[{"@type":"SearchAction","target":{"@type":"EntryPoint","urlTemplate":"https:\/\/brasilnoticias.org\/site\/?s={search_term_string}"},"query-input":{"@type":"PropertyValueSpecification","valueRequired":true,"valueName":"search_term_string"}}],"inLanguage":"pt-PT"},{"@type":"Organization","@id":"https:\/\/brasilnoticias.org\/site\/#organization","name":"Brasil not\u00edcias","url":"https:\/\/brasilnoticias.org\/site\/","logo":{"@type":"ImageObject","inLanguage":"pt-PT","@id":"https:\/\/brasilnoticias.org\/site\/#\/schema\/logo\/image\/","url":"https:\/\/brasilnoticias.org\/site\/wp-content\/uploads\/2022\/05\/cropped-brasilnoticias-mini.jpg","contentUrl":"https:\/\/brasilnoticias.org\/site\/wp-content\/uploads\/2022\/05\/cropped-brasilnoticias-mini.jpg","width":314,"height":86,"caption":"Brasil not\u00edcias"},"image":{"@id":"https:\/\/brasilnoticias.org\/site\/#\/schema\/logo\/image\/"}},{"@type":"Person","@id":"https:\/\/brasilnoticias.org\/site\/#\/schema\/person\/03bbbfe6c7634ad18c26444ea39049fa","name":"Reda\u00e7\u00e3o","image":{"@type":"ImageObject","inLanguage":"pt-PT","@id":"https:\/\/brasilnoticias.org\/site\/#\/schema\/person\/image\/","url":"https:\/\/secure.gravatar.com\/avatar\/9ecaf7327a696cb23ad926fedded5f1f04d7049de9e445375d55b48c001a6e42?s=96&d=mm&r=g","contentUrl":"https:\/\/secure.gravatar.com\/avatar\/9ecaf7327a696cb23ad926fedded5f1f04d7049de9e445375d55b48c001a6e42?s=96&d=mm&r=g","caption":"Reda\u00e7\u00e3o"},"url":"https:\/\/brasilnoticias.org\/site\/author\/henrique\/"}]}},"_links":{"self":[{"href":"https:\/\/brasilnoticias.org\/site\/wp-json\/wp\/v2\/posts\/15455","targetHints":{"allow":["GET"]}}],"collection":[{"href":"https:\/\/brasilnoticias.org\/site\/wp-json\/wp\/v2\/posts"}],"about":[{"href":"https:\/\/brasilnoticias.org\/site\/wp-json\/wp\/v2\/types\/post"}],"author":[{"embeddable":true,"href":"https:\/\/brasilnoticias.org\/site\/wp-json\/wp\/v2\/users\/4"}],"replies":[{"embeddable":true,"href":"https:\/\/brasilnoticias.org\/site\/wp-json\/wp\/v2\/comments?post=15455"}],"version-history":[{"count":1,"href":"https:\/\/brasilnoticias.org\/site\/wp-json\/wp\/v2\/posts\/15455\/revisions"}],"predecessor-version":[{"id":15457,"href":"https:\/\/brasilnoticias.org\/site\/wp-json\/wp\/v2\/posts\/15455\/revisions\/15457"}],"wp:featuredmedia":[{"embeddable":true,"href":"https:\/\/brasilnoticias.org\/site\/wp-json\/wp\/v2\/media\/15456"}],"wp:attachment":[{"href":"https:\/\/brasilnoticias.org\/site\/wp-json\/wp\/v2\/media?parent=15455"}],"wp:term":[{"taxonomy":"category","embeddable":true,"href":"https:\/\/brasilnoticias.org\/site\/wp-json\/wp\/v2\/categories?post=15455"},{"taxonomy":"post_tag","embeddable":true,"href":"https:\/\/brasilnoticias.org\/site\/wp-json\/wp\/v2\/tags?post=15455"}],"curies":[{"name":"wp","href":"https:\/\/api.w.org\/{rel}","templated":true}]}}