{"id":15477,"date":"2024-08-13T12:18:30","date_gmt":"2024-08-13T15:18:30","guid":{"rendered":"https:\/\/brasilnoticias.org\/site\/?p=15477"},"modified":"2024-08-13T12:18:30","modified_gmt":"2024-08-13T15:18:30","slug":"vamos-garantir-lugar-no-segundo-turno-diz-kleber-rosa-sobre-eleicoes","status":"publish","type":"post","link":"https:\/\/brasilnoticias.org\/site\/vamos-garantir-lugar-no-segundo-turno-diz-kleber-rosa-sobre-eleicoes\/","title":{"rendered":"&#8220;Vamos garantir lugar no segundo turno&#8221;, diz Kl\u00e9ber Rosa sobre elei\u00e7\u00f5es"},"content":{"rendered":"<p>O candidato a prefeito de Salvador,  Kl\u00e9ber Rosa (Psol), foi sabatinado, nesta ter\u00e7a-feira (13), na r\u00e1dio CBN Salvador, e criticou a postura de Geraldo J\u00fanior no in\u00edcio de campanha. &#8220;Ele tenta colar num legado, que n\u00e3o pertence a ele&#8221;, se referindo ao candidato ter um hist\u00f3rico de alian\u00e7a com o grupo do atual prefeito Bruno Reis e do ex-prefeito ACM Neto, ambos do Uni\u00e3o Brasil.<\/p>\n<p>Kl\u00e9ber est\u00e1 confiante que pode ultrapassar o advers\u00e1rio emedebista na disputa municipal. &#8220;Eu vou passar, vamos garantir lugar no segundo turno&#8221;, afirmou. Ele negou que v\u00e1 procurar o apoio de Geraldo num poss\u00edvel segundo turno sem o candidato apoiado pelo PT.<\/p>\n<p>&#8220;Vamos buscar alian\u00e7a, com quem temos identidade pol\u00edtica, program\u00e1tica e ideol\u00f3gica&#8221;, ressaltou. E completou: &#8220;Custo a acreditar que Jer\u00f4nimo n\u00e3o me dar\u00e1 apoio&#8221;. Ainda sobre Geraldo, o psolista frisou. &#8220;Eu n\u00e3o vou pedir apoio, se ele votar em mim, eu agrade\u00e7o&#8221;, concluiu o racioc\u00ednio.<\/p>\n<p>Na sabatina, o candidato tamb\u00e9m explicou o motivo pelo qual deseja ser prefeito da capital baiana. &#8220;N\u00e3o estou nesse processo por carreira. Minha vida toda \u00e9 de luta pela amplia\u00e7\u00e3o de direitos&#8221;, disse. O psolista defendeu que quer fazer de Salvador &#8220;uma cidade menos desigual , onde os interesses p\u00fablicos se sobreponham aos interesses privados&#8221;, disse.<\/p>\n<p> Kl\u00e9ber defendeu um &#8220;choque de gest\u00e3o&#8221; na capital baiana. &#8220;Vamos fazer uma reforma tribut\u00e1ria pra gente ter um IPTU justo&#8221;, prometeu. O professor da rede estadual defendeu que investimentos em sa\u00fade e educa\u00e7\u00e3o, por exemplo, podem ser ampliados como resultado de uma nova pol\u00edtica tribut\u00e1ria que &#8220;aumente a arrecada\u00e7\u00e3o&#8221;. <\/p>\n<p>Questionado sobre como conseguir\u00e1 o apoio para a aprova\u00e7\u00e3o dos projetos, ele defendeu uma &#8220;pol\u00edtica de convencimento e de di\u00e1logo&#8221;. &#8220;N\u00e3o pretendemos governar sozinho&#8221;, afirmou. Em resposta a uma pergunta do editor de pol\u00edtica do Bnews, Henrique Brinco, o psolista defendeu a amplia\u00e7\u00e3o das vagas para a educa\u00e7\u00e3o de jovens e adultos e criticou a atua\u00e7\u00e3o na educa\u00e7\u00e3o da gest\u00e3o do prefeito Bruno Reis. &#8221; O prefeito fechou 40 escolas. Vamos reabrir&#8221;, garantiu.<\/p>\n<p><iframe loading=\"lazy\" title=\"RADAR BNEWS #446 - MORTE DE DELEGADA EM SAJ + CEN\u00c1RIO NA POL\u00cdTICA BAIANA\" width=\"800\" height=\"450\" src=\"https:\/\/www.youtube.com\/embed\/CiZP1ZVXX8Y?feature=oembed\" frameborder=\"0\" allow=\"accelerometer; autoplay; clipboard-write; encrypted-media; gyroscope; picture-in-picture; web-share\" referrerpolicy=\"strict-origin-when-cross-origin\" allowfullscreen><\/iframe><\/p>\n<p>Foto: Divulga\u00e7\u00e3o<br \/>\nBNews<\/p>\n","protected":false},"excerpt":{"rendered":"<p>O candidato a prefeito de Salvador, Kl\u00e9ber Rosa (Psol), foi sabatinado, nesta ter\u00e7a-feira (13), na r\u00e1dio CBN Salvador, e criticou<\/p>\n","protected":false},"author":4,"featured_media":15478,"comment_status":"open","ping_status":"open","sticky":false,"template":"","format":"standard","meta":{"colormag_page_container_layout":"default_layout","colormag_page_sidebar_layout":"default_layout","_FSMCFIC_featured_image_caption":"","_FSMCFIC_featured_image_nocaption":"","_FSMCFIC_featured_image_hide":"","footnotes":""},"categories":[2,1],"tags":[],"class_list":["post-15477","post","type-post","status-publish","format-standard","has-post-thumbnail","hentry","category-noticias","category-ultimas"],"yoast_head":"<!-- This site is optimized with the Yoast SEO plugin v27.1.1 - https:\/\/yoast.com\/product\/yoast-seo-wordpress\/ -->\n<title>&quot;Vamos garantir lugar no segundo turno&quot;, diz Kl\u00e9ber Rosa sobre elei\u00e7\u00f5es - Brasil not\u00edcias<\/title>\n<meta name=\"robots\" content=\"index, follow, max-snippet:-1, max-image-preview:large, max-video-preview:-1\" \/>\n<link rel=\"canonical\" href=\"https:\/\/brasilnoticias.org\/site\/vamos-garantir-lugar-no-segundo-turno-diz-kleber-rosa-sobre-eleicoes\/\" \/>\n<meta property=\"og:locale\" content=\"pt_PT\" \/>\n<meta property=\"og:type\" content=\"article\" \/>\n<meta property=\"og:title\" content=\"&quot;Vamos garantir lugar no segundo turno&quot;, diz Kl\u00e9ber Rosa sobre elei\u00e7\u00f5es - Brasil not\u00edcias\" \/>\n<meta property=\"og:description\" content=\"O candidato a prefeito de Salvador, Kl\u00e9ber Rosa (Psol), foi sabatinado, nesta ter\u00e7a-feira (13), na r\u00e1dio CBN Salvador, e criticou\" \/>\n<meta property=\"og:url\" content=\"https:\/\/brasilnoticias.org\/site\/vamos-garantir-lugar-no-segundo-turno-diz-kleber-rosa-sobre-eleicoes\/\" \/>\n<meta property=\"og:site_name\" content=\"Brasil not\u00edcias\" \/>\n<meta property=\"article:published_time\" content=\"2024-08-13T15:18:30+00:00\" \/>\n<meta property=\"og:image\" content=\"https:\/\/brasilnoticias.org\/site\/wp-content\/uploads\/2024\/08\/800x450_16_widelg.jpg\" \/>\n\t<meta property=\"og:image:width\" content=\"800\" \/>\n\t<meta property=\"og:image:height\" content=\"450\" \/>\n\t<meta property=\"og:image:type\" content=\"image\/jpeg\" \/>\n<meta name=\"author\" content=\"Reda\u00e7\u00e3o\" \/>\n<meta name=\"twitter:card\" content=\"summary_large_image\" \/>\n<meta name=\"twitter:label1\" content=\"Escrito por\" \/>\n\t<meta name=\"twitter:data1\" content=\"Reda\u00e7\u00e3o\" \/>\n\t<meta name=\"twitter:label2\" content=\"Tempo estimado de leitura\" \/>\n\t<meta name=\"twitter:data2\" content=\"1 minuto\" \/>\n<script type=\"application\/ld+json\" class=\"yoast-schema-graph\">{\"@context\":\"https:\/\/schema.org\",\"@graph\":[{\"@type\":\"Article\",\"@id\":\"https:\/\/brasilnoticias.org\/site\/vamos-garantir-lugar-no-segundo-turno-diz-kleber-rosa-sobre-eleicoes\/#article\",\"isPartOf\":{\"@id\":\"https:\/\/brasilnoticias.org\/site\/vamos-garantir-lugar-no-segundo-turno-diz-kleber-rosa-sobre-eleicoes\/\"},\"author\":{\"name\":\"Reda\u00e7\u00e3o\",\"@id\":\"https:\/\/brasilnoticias.org\/site\/#\/schema\/person\/03bbbfe6c7634ad18c26444ea39049fa\"},\"headline\":\"&#8220;Vamos garantir lugar no segundo turno&#8221;, diz Kl\u00e9ber Rosa sobre elei\u00e7\u00f5es\",\"datePublished\":\"2024-08-13T15:18:30+00:00\",\"mainEntityOfPage\":{\"@id\":\"https:\/\/brasilnoticias.org\/site\/vamos-garantir-lugar-no-segundo-turno-diz-kleber-rosa-sobre-eleicoes\/\"},\"wordCount\":389,\"commentCount\":0,\"publisher\":{\"@id\":\"https:\/\/brasilnoticias.org\/site\/#organization\"},\"image\":{\"@id\":\"https:\/\/brasilnoticias.org\/site\/vamos-garantir-lugar-no-segundo-turno-diz-kleber-rosa-sobre-eleicoes\/#primaryimage\"},\"thumbnailUrl\":\"https:\/\/brasilnoticias.org\/site\/wp-content\/uploads\/2024\/08\/800x450_16_widelg.jpg\",\"articleSection\":[\"Not\u00edcias\",\"\u00daltimas\"],\"inLanguage\":\"pt-PT\",\"potentialAction\":[{\"@type\":\"CommentAction\",\"name\":\"Comment\",\"target\":[\"https:\/\/brasilnoticias.org\/site\/vamos-garantir-lugar-no-segundo-turno-diz-kleber-rosa-sobre-eleicoes\/#respond\"]}]},{\"@type\":\"WebPage\",\"@id\":\"https:\/\/brasilnoticias.org\/site\/vamos-garantir-lugar-no-segundo-turno-diz-kleber-rosa-sobre-eleicoes\/\",\"url\":\"https:\/\/brasilnoticias.org\/site\/vamos-garantir-lugar-no-segundo-turno-diz-kleber-rosa-sobre-eleicoes\/\",\"name\":\"\\\"Vamos garantir lugar no segundo turno\\\", diz Kl\u00e9ber Rosa sobre elei\u00e7\u00f5es - Brasil not\u00edcias\",\"isPartOf\":{\"@id\":\"https:\/\/brasilnoticias.org\/site\/#website\"},\"primaryImageOfPage\":{\"@id\":\"https:\/\/brasilnoticias.org\/site\/vamos-garantir-lugar-no-segundo-turno-diz-kleber-rosa-sobre-eleicoes\/#primaryimage\"},\"image\":{\"@id\":\"https:\/\/brasilnoticias.org\/site\/vamos-garantir-lugar-no-segundo-turno-diz-kleber-rosa-sobre-eleicoes\/#primaryimage\"},\"thumbnailUrl\":\"https:\/\/brasilnoticias.org\/site\/wp-content\/uploads\/2024\/08\/800x450_16_widelg.jpg\",\"datePublished\":\"2024-08-13T15:18:30+00:00\",\"breadcrumb\":{\"@id\":\"https:\/\/brasilnoticias.org\/site\/vamos-garantir-lugar-no-segundo-turno-diz-kleber-rosa-sobre-eleicoes\/#breadcrumb\"},\"inLanguage\":\"pt-PT\",\"potentialAction\":[{\"@type\":\"ReadAction\",\"target\":[\"https:\/\/brasilnoticias.org\/site\/vamos-garantir-lugar-no-segundo-turno-diz-kleber-rosa-sobre-eleicoes\/\"]}]},{\"@type\":\"ImageObject\",\"inLanguage\":\"pt-PT\",\"@id\":\"https:\/\/brasilnoticias.org\/site\/vamos-garantir-lugar-no-segundo-turno-diz-kleber-rosa-sobre-eleicoes\/#primaryimage\",\"url\":\"https:\/\/brasilnoticias.org\/site\/wp-content\/uploads\/2024\/08\/800x450_16_widelg.jpg\",\"contentUrl\":\"https:\/\/brasilnoticias.org\/site\/wp-content\/uploads\/2024\/08\/800x450_16_widelg.jpg\",\"width\":800,\"height\":450},{\"@type\":\"BreadcrumbList\",\"@id\":\"https:\/\/brasilnoticias.org\/site\/vamos-garantir-lugar-no-segundo-turno-diz-kleber-rosa-sobre-eleicoes\/#breadcrumb\",\"itemListElement\":[{\"@type\":\"ListItem\",\"position\":1,\"name\":\"In\u00edcio\",\"item\":\"https:\/\/brasilnoticias.org\/site\/\"},{\"@type\":\"ListItem\",\"position\":2,\"name\":\"&#8220;Vamos garantir lugar no segundo turno&#8221;, diz Kl\u00e9ber Rosa sobre elei\u00e7\u00f5es\"}]},{\"@type\":\"WebSite\",\"@id\":\"https:\/\/brasilnoticias.org\/site\/#website\",\"url\":\"https:\/\/brasilnoticias.org\/site\/\",\"name\":\"Brasil not\u00edcias\",\"description\":\"Brasil not\u00edcias\",\"publisher\":{\"@id\":\"https:\/\/brasilnoticias.org\/site\/#organization\"},\"potentialAction\":[{\"@type\":\"SearchAction\",\"target\":{\"@type\":\"EntryPoint\",\"urlTemplate\":\"https:\/\/brasilnoticias.org\/site\/?s={search_term_string}\"},\"query-input\":{\"@type\":\"PropertyValueSpecification\",\"valueRequired\":true,\"valueName\":\"search_term_string\"}}],\"inLanguage\":\"pt-PT\"},{\"@type\":\"Organization\",\"@id\":\"https:\/\/brasilnoticias.org\/site\/#organization\",\"name\":\"Brasil not\u00edcias\",\"url\":\"https:\/\/brasilnoticias.org\/site\/\",\"logo\":{\"@type\":\"ImageObject\",\"inLanguage\":\"pt-PT\",\"@id\":\"https:\/\/brasilnoticias.org\/site\/#\/schema\/logo\/image\/\",\"url\":\"https:\/\/brasilnoticias.org\/site\/wp-content\/uploads\/2022\/05\/cropped-brasilnoticias-mini.jpg\",\"contentUrl\":\"https:\/\/brasilnoticias.org\/site\/wp-content\/uploads\/2022\/05\/cropped-brasilnoticias-mini.jpg\",\"width\":314,\"height\":86,\"caption\":\"Brasil not\u00edcias\"},\"image\":{\"@id\":\"https:\/\/brasilnoticias.org\/site\/#\/schema\/logo\/image\/\"}},{\"@type\":\"Person\",\"@id\":\"https:\/\/brasilnoticias.org\/site\/#\/schema\/person\/03bbbfe6c7634ad18c26444ea39049fa\",\"name\":\"Reda\u00e7\u00e3o\",\"image\":{\"@type\":\"ImageObject\",\"inLanguage\":\"pt-PT\",\"@id\":\"https:\/\/brasilnoticias.org\/site\/#\/schema\/person\/image\/\",\"url\":\"https:\/\/secure.gravatar.com\/avatar\/9ecaf7327a696cb23ad926fedded5f1f04d7049de9e445375d55b48c001a6e42?s=96&d=mm&r=g\",\"contentUrl\":\"https:\/\/secure.gravatar.com\/avatar\/9ecaf7327a696cb23ad926fedded5f1f04d7049de9e445375d55b48c001a6e42?s=96&d=mm&r=g\",\"caption\":\"Reda\u00e7\u00e3o\"},\"url\":\"https:\/\/brasilnoticias.org\/site\/author\/henrique\/\"}]}<\/script>\n<!-- \/ Yoast SEO plugin. -->","yoast_head_json":{"title":"\"Vamos garantir lugar no segundo turno\", diz Kl\u00e9ber Rosa sobre elei\u00e7\u00f5es - Brasil not\u00edcias","robots":{"index":"index","follow":"follow","max-snippet":"max-snippet:-1","max-image-preview":"max-image-preview:large","max-video-preview":"max-video-preview:-1"},"canonical":"https:\/\/brasilnoticias.org\/site\/vamos-garantir-lugar-no-segundo-turno-diz-kleber-rosa-sobre-eleicoes\/","og_locale":"pt_PT","og_type":"article","og_title":"\"Vamos garantir lugar no segundo turno\", diz Kl\u00e9ber Rosa sobre elei\u00e7\u00f5es - Brasil not\u00edcias","og_description":"O candidato a prefeito de Salvador, Kl\u00e9ber Rosa (Psol), foi sabatinado, nesta ter\u00e7a-feira (13), na r\u00e1dio CBN Salvador, e criticou","og_url":"https:\/\/brasilnoticias.org\/site\/vamos-garantir-lugar-no-segundo-turno-diz-kleber-rosa-sobre-eleicoes\/","og_site_name":"Brasil not\u00edcias","article_published_time":"2024-08-13T15:18:30+00:00","og_image":[{"width":800,"height":450,"url":"https:\/\/brasilnoticias.org\/site\/wp-content\/uploads\/2024\/08\/800x450_16_widelg.jpg","type":"image\/jpeg"}],"author":"Reda\u00e7\u00e3o","twitter_card":"summary_large_image","twitter_misc":{"Escrito por":"Reda\u00e7\u00e3o","Tempo estimado de leitura":"1 minuto"},"schema":{"@context":"https:\/\/schema.org","@graph":[{"@type":"Article","@id":"https:\/\/brasilnoticias.org\/site\/vamos-garantir-lugar-no-segundo-turno-diz-kleber-rosa-sobre-eleicoes\/#article","isPartOf":{"@id":"https:\/\/brasilnoticias.org\/site\/vamos-garantir-lugar-no-segundo-turno-diz-kleber-rosa-sobre-eleicoes\/"},"author":{"name":"Reda\u00e7\u00e3o","@id":"https:\/\/brasilnoticias.org\/site\/#\/schema\/person\/03bbbfe6c7634ad18c26444ea39049fa"},"headline":"&#8220;Vamos garantir lugar no segundo turno&#8221;, diz Kl\u00e9ber Rosa sobre elei\u00e7\u00f5es","datePublished":"2024-08-13T15:18:30+00:00","mainEntityOfPage":{"@id":"https:\/\/brasilnoticias.org\/site\/vamos-garantir-lugar-no-segundo-turno-diz-kleber-rosa-sobre-eleicoes\/"},"wordCount":389,"commentCount":0,"publisher":{"@id":"https:\/\/brasilnoticias.org\/site\/#organization"},"image":{"@id":"https:\/\/brasilnoticias.org\/site\/vamos-garantir-lugar-no-segundo-turno-diz-kleber-rosa-sobre-eleicoes\/#primaryimage"},"thumbnailUrl":"https:\/\/brasilnoticias.org\/site\/wp-content\/uploads\/2024\/08\/800x450_16_widelg.jpg","articleSection":["Not\u00edcias","\u00daltimas"],"inLanguage":"pt-PT","potentialAction":[{"@type":"CommentAction","name":"Comment","target":["https:\/\/brasilnoticias.org\/site\/vamos-garantir-lugar-no-segundo-turno-diz-kleber-rosa-sobre-eleicoes\/#respond"]}]},{"@type":"WebPage","@id":"https:\/\/brasilnoticias.org\/site\/vamos-garantir-lugar-no-segundo-turno-diz-kleber-rosa-sobre-eleicoes\/","url":"https:\/\/brasilnoticias.org\/site\/vamos-garantir-lugar-no-segundo-turno-diz-kleber-rosa-sobre-eleicoes\/","name":"\"Vamos garantir lugar no segundo turno\", diz Kl\u00e9ber Rosa sobre elei\u00e7\u00f5es - Brasil not\u00edcias","isPartOf":{"@id":"https:\/\/brasilnoticias.org\/site\/#website"},"primaryImageOfPage":{"@id":"https:\/\/brasilnoticias.org\/site\/vamos-garantir-lugar-no-segundo-turno-diz-kleber-rosa-sobre-eleicoes\/#primaryimage"},"image":{"@id":"https:\/\/brasilnoticias.org\/site\/vamos-garantir-lugar-no-segundo-turno-diz-kleber-rosa-sobre-eleicoes\/#primaryimage"},"thumbnailUrl":"https:\/\/brasilnoticias.org\/site\/wp-content\/uploads\/2024\/08\/800x450_16_widelg.jpg","datePublished":"2024-08-13T15:18:30+00:00","breadcrumb":{"@id":"https:\/\/brasilnoticias.org\/site\/vamos-garantir-lugar-no-segundo-turno-diz-kleber-rosa-sobre-eleicoes\/#breadcrumb"},"inLanguage":"pt-PT","potentialAction":[{"@type":"ReadAction","target":["https:\/\/brasilnoticias.org\/site\/vamos-garantir-lugar-no-segundo-turno-diz-kleber-rosa-sobre-eleicoes\/"]}]},{"@type":"ImageObject","inLanguage":"pt-PT","@id":"https:\/\/brasilnoticias.org\/site\/vamos-garantir-lugar-no-segundo-turno-diz-kleber-rosa-sobre-eleicoes\/#primaryimage","url":"https:\/\/brasilnoticias.org\/site\/wp-content\/uploads\/2024\/08\/800x450_16_widelg.jpg","contentUrl":"https:\/\/brasilnoticias.org\/site\/wp-content\/uploads\/2024\/08\/800x450_16_widelg.jpg","width":800,"height":450},{"@type":"BreadcrumbList","@id":"https:\/\/brasilnoticias.org\/site\/vamos-garantir-lugar-no-segundo-turno-diz-kleber-rosa-sobre-eleicoes\/#breadcrumb","itemListElement":[{"@type":"ListItem","position":1,"name":"In\u00edcio","item":"https:\/\/brasilnoticias.org\/site\/"},{"@type":"ListItem","position":2,"name":"&#8220;Vamos garantir lugar no segundo turno&#8221;, diz Kl\u00e9ber Rosa sobre elei\u00e7\u00f5es"}]},{"@type":"WebSite","@id":"https:\/\/brasilnoticias.org\/site\/#website","url":"https:\/\/brasilnoticias.org\/site\/","name":"Brasil not\u00edcias","description":"Brasil not\u00edcias","publisher":{"@id":"https:\/\/brasilnoticias.org\/site\/#organization"},"potentialAction":[{"@type":"SearchAction","target":{"@type":"EntryPoint","urlTemplate":"https:\/\/brasilnoticias.org\/site\/?s={search_term_string}"},"query-input":{"@type":"PropertyValueSpecification","valueRequired":true,"valueName":"search_term_string"}}],"inLanguage":"pt-PT"},{"@type":"Organization","@id":"https:\/\/brasilnoticias.org\/site\/#organization","name":"Brasil not\u00edcias","url":"https:\/\/brasilnoticias.org\/site\/","logo":{"@type":"ImageObject","inLanguage":"pt-PT","@id":"https:\/\/brasilnoticias.org\/site\/#\/schema\/logo\/image\/","url":"https:\/\/brasilnoticias.org\/site\/wp-content\/uploads\/2022\/05\/cropped-brasilnoticias-mini.jpg","contentUrl":"https:\/\/brasilnoticias.org\/site\/wp-content\/uploads\/2022\/05\/cropped-brasilnoticias-mini.jpg","width":314,"height":86,"caption":"Brasil not\u00edcias"},"image":{"@id":"https:\/\/brasilnoticias.org\/site\/#\/schema\/logo\/image\/"}},{"@type":"Person","@id":"https:\/\/brasilnoticias.org\/site\/#\/schema\/person\/03bbbfe6c7634ad18c26444ea39049fa","name":"Reda\u00e7\u00e3o","image":{"@type":"ImageObject","inLanguage":"pt-PT","@id":"https:\/\/brasilnoticias.org\/site\/#\/schema\/person\/image\/","url":"https:\/\/secure.gravatar.com\/avatar\/9ecaf7327a696cb23ad926fedded5f1f04d7049de9e445375d55b48c001a6e42?s=96&d=mm&r=g","contentUrl":"https:\/\/secure.gravatar.com\/avatar\/9ecaf7327a696cb23ad926fedded5f1f04d7049de9e445375d55b48c001a6e42?s=96&d=mm&r=g","caption":"Reda\u00e7\u00e3o"},"url":"https:\/\/brasilnoticias.org\/site\/author\/henrique\/"}]}},"_links":{"self":[{"href":"https:\/\/brasilnoticias.org\/site\/wp-json\/wp\/v2\/posts\/15477","targetHints":{"allow":["GET"]}}],"collection":[{"href":"https:\/\/brasilnoticias.org\/site\/wp-json\/wp\/v2\/posts"}],"about":[{"href":"https:\/\/brasilnoticias.org\/site\/wp-json\/wp\/v2\/types\/post"}],"author":[{"embeddable":true,"href":"https:\/\/brasilnoticias.org\/site\/wp-json\/wp\/v2\/users\/4"}],"replies":[{"embeddable":true,"href":"https:\/\/brasilnoticias.org\/site\/wp-json\/wp\/v2\/comments?post=15477"}],"version-history":[{"count":1,"href":"https:\/\/brasilnoticias.org\/site\/wp-json\/wp\/v2\/posts\/15477\/revisions"}],"predecessor-version":[{"id":15479,"href":"https:\/\/brasilnoticias.org\/site\/wp-json\/wp\/v2\/posts\/15477\/revisions\/15479"}],"wp:featuredmedia":[{"embeddable":true,"href":"https:\/\/brasilnoticias.org\/site\/wp-json\/wp\/v2\/media\/15478"}],"wp:attachment":[{"href":"https:\/\/brasilnoticias.org\/site\/wp-json\/wp\/v2\/media?parent=15477"}],"wp:term":[{"taxonomy":"category","embeddable":true,"href":"https:\/\/brasilnoticias.org\/site\/wp-json\/wp\/v2\/categories?post=15477"},{"taxonomy":"post_tag","embeddable":true,"href":"https:\/\/brasilnoticias.org\/site\/wp-json\/wp\/v2\/tags?post=15477"}],"curies":[{"name":"wp","href":"https:\/\/api.w.org\/{rel}","templated":true}]}}